{"id":43343,"date":"2022-12-31T07:03:30","date_gmt":"2022-12-31T12:03:30","guid":{"rendered":"https:\/\/luchonoticias.com\/?p=43343"},"modified":"2022-12-31T07:03:31","modified_gmt":"2022-12-31T12:03:31","slug":"segunda-marquetalia-nombra-a-sus-tres-primeros-negociadores-para-dialogos-de-paz","status":"publish","type":"post","link":"https:\/\/luchonoticias.com\/editor\/segunda-marquetalia-nombra-a-sus-tres-primeros-negociadores-para-dialogos-de-paz\/","title":{"rendered":"Segunda Marquetalia nombra a sus tres primeros negociadores para di\u00e1logos de paz"},"content":{"rendered":"\n<p>Este viernes, por medio de un comunicado, las disidencias de las FARC conocidas como la Segunda Marquetalia, anunciaron que se encuentran listos para unos eventuales di\u00e1logos de paz.<\/p>\n\n\n\n<p>El grupo insurgente fue m\u00e1s all\u00e1 y anunci\u00f3 los nombres de los primeros tres guerrilleros que se sentar\u00edan en la mesa de negociaci\u00f3n: Walter Mendoza, Iv\u00e1n Al\u00ed y Yurleni Guerrero.<\/p>\n\n\n\n<p>\u201cEstamos de acuerdo con el silenciamiento de los fusiles porque sin su estruendo y sobresalto podemos escoger el mejor camino hacia la paz. Pensemos que si nos unimos hacia los territorios de la paz podremos frenar los asesinatos de l\u00edderes y lideresas sociales, tenemos que descubrir qui\u00e9nes est\u00e1n detr\u00e1s de esta horrible matanza\u201d, afirmaron los voceros del grupo armado ilegal, afirman en la misiva.<\/p>\n","protected":false},"excerpt":{"rendered":"<p>Este viernes, por medio de un comunicado, las disidencias de las FARC conocidas como la Segunda Marquetalia, anunciaron que se encuentran listos para unos eventuales di\u00e1logos de paz. El grupo insurgente fue m\u00e1s all\u00e1 y anunci\u00f3 los nombres de los primeros tres guerrilleros que se sentar\u00edan en la mesa de negociaci\u00f3n: Walter Mendoza, Iv\u00e1n Al\u00ed [&hellip;]<\/p>\n","protected":false},"author":1,"featured_media":0,"comment_status":"open","ping_status":"open","sticky":false,"template":"","format":"standard","meta":{"footnotes":""},"categories":[36,32],"tags":[],"class_list":["post-43343","post","type-post","status-publish","format-standard","hentry","category-destacado","category-nacional"],"yoast_head":"<!-- This site is optimized with the Yoast SEO plugin v26.6 - https:\/\/yoast.com\/wordpress\/plugins\/seo\/ -->\n<title>Segunda Marquetalia nombra a sus tres primeros negociadores para di\u00e1logos de paz -<\/title>\n<meta name=\"robots\" content=\"index, follow, max-snippet:-1, max-image-preview:large, max-video-preview:-1\" \/>\n<link rel=\"canonical\" href=\"https:\/\/luchonoticias.com\/editor\/segunda-marquetalia-nombra-a-sus-tres-primeros-negociadores-para-dialogos-de-paz\/\" \/>\n<meta property=\"og:locale\" content=\"es_ES\" \/>\n<meta property=\"og:type\" content=\"article\" \/>\n<meta property=\"og:title\" content=\"Segunda Marquetalia nombra a sus tres primeros negociadores para di\u00e1logos de paz -\" \/>\n<meta property=\"og:url\" content=\"https:\/\/luchonoticias.com\/editor\/segunda-marquetalia-nombra-a-sus-tres-primeros-negociadores-para-dialogos-de-paz\/\" \/>\n<meta property=\"article:publisher\" content=\"https:\/\/www.facebook.com\/luchonoticiasneiva\" \/>\n<meta property=\"article:author\" content=\"https:\/\/www.facebook.com\/luchonoticiasneiva\" \/>\n<meta property=\"article:published_time\" content=\"2022-12-31T12:03:30+00:00\" \/>\n<meta property=\"article:modified_time\" content=\"2022-12-31T12:03:31+00:00\" \/>\n<meta name=\"author\" content=\"admin\" \/>\n<meta name=\"twitter:card\" content=\"summary_large_image\" \/>\n<meta name=\"twitter:label1\" content=\"Escrito por\" \/>\n\t<meta name=\"twitter:data1\" content=\"admin\" \/>\n\t<meta name=\"twitter:label2\" content=\"Tiempo de lectura\" \/>\n\t<meta name=\"twitter:data2\" content=\"1 minuto\" \/>\n<script type=\"application\/ld+json\" class=\"yoast-schema-graph\">{\"@context\":\"https:\/\/schema.org\",\"@graph\":[{\"@type\":\"Article\",\"@id\":\"https:\/\/luchonoticias.com\/editor\/segunda-marquetalia-nombra-a-sus-tres-primeros-negociadores-para-dialogos-de-paz\/#article\",\"isPartOf\":{\"@id\":\"https:\/\/luchonoticias.com\/editor\/segunda-marquetalia-nombra-a-sus-tres-primeros-negociadores-para-dialogos-de-paz\/\"},\"author\":{\"name\":\"admin\",\"@id\":\"https:\/\/luchonoticias.com\/editor\/#\/schema\/person\/7a7fd911f58561fd056dbac7b55af9cd\"},\"headline\":\"Segunda Marquetalia nombra a sus tres primeros negociadores para di\u00e1logos de paz\",\"datePublished\":\"2022-12-31T12:03:30+00:00\",\"dateModified\":\"2022-12-31T12:03:31+00:00\",\"mainEntityOfPage\":{\"@id\":\"https:\/\/luchonoticias.com\/editor\/segunda-marquetalia-nombra-a-sus-tres-primeros-negociadores-para-dialogos-de-paz\/\"},\"wordCount\":144,\"commentCount\":0,\"publisher\":{\"@id\":\"https:\/\/luchonoticias.com\/editor\/#\/schema\/person\/7a7fd911f58561fd056dbac7b55af9cd\"},\"articleSection\":[\"Destacado\",\"Nacional\"],\"inLanguage\":\"es\",\"potentialAction\":[{\"@type\":\"CommentAction\",\"name\":\"Comment\",\"target\":[\"https:\/\/luchonoticias.com\/editor\/segunda-marquetalia-nombra-a-sus-tres-primeros-negociadores-para-dialogos-de-paz\/#respond\"]}]},{\"@type\":\"WebPage\",\"@id\":\"https:\/\/luchonoticias.com\/editor\/segunda-marquetalia-nombra-a-sus-tres-primeros-negociadores-para-dialogos-de-paz\/\",\"url\":\"https:\/\/luchonoticias.com\/editor\/segunda-marquetalia-nombra-a-sus-tres-primeros-negociadores-para-dialogos-de-paz\/\",\"name\":\"Segunda Marquetalia nombra a sus tres primeros negociadores para di\u00e1logos de paz -\",\"isPartOf\":{\"@id\":\"https:\/\/luchonoticias.com\/editor\/#website\"},\"datePublished\":\"2022-12-31T12:03:30+00:00\",\"dateModified\":\"2022-12-31T12:03:31+00:00\",\"breadcrumb\":{\"@id\":\"https:\/\/luchonoticias.com\/editor\/segunda-marquetalia-nombra-a-sus-tres-primeros-negociadores-para-dialogos-de-paz\/#breadcrumb\"},\"inLanguage\":\"es\",\"potentialAction\":[{\"@type\":\"ReadAction\",\"target\":[\"https:\/\/luchonoticias.com\/editor\/segunda-marquetalia-nombra-a-sus-tres-primeros-negociadores-para-dialogos-de-paz\/\"]}]},{\"@type\":\"BreadcrumbList\",\"@id\":\"https:\/\/luchonoticias.com\/editor\/segunda-marquetalia-nombra-a-sus-tres-primeros-negociadores-para-dialogos-de-paz\/#breadcrumb\",\"itemListElement\":[{\"@type\":\"ListItem\",\"position\":1,\"name\":\"Portada\",\"item\":\"https:\/\/luchonoticias.com\/editor\/\"},{\"@type\":\"ListItem\",\"position\":2,\"name\":\"Segunda Marquetalia nombra a sus tres primeros negociadores para di\u00e1logos de paz\"}]},{\"@type\":\"WebSite\",\"@id\":\"https:\/\/luchonoticias.com\/editor\/#website\",\"url\":\"https:\/\/luchonoticias.com\/editor\/\",\"name\":\"\",\"description\":\"\",\"publisher\":{\"@id\":\"https:\/\/luchonoticias.com\/editor\/#\/schema\/person\/7a7fd911f58561fd056dbac7b55af9cd\"},\"potentialAction\":[{\"@type\":\"SearchAction\",\"target\":{\"@type\":\"EntryPoint\",\"urlTemplate\":\"https:\/\/luchonoticias.com\/editor\/?s={search_term_string}\"},\"query-input\":{\"@type\":\"PropertyValueSpecification\",\"valueRequired\":true,\"valueName\":\"search_term_string\"}}],\"inLanguage\":\"es\"},{\"@type\":[\"Person\",\"Organization\"],\"@id\":\"https:\/\/luchonoticias.com\/editor\/#\/schema\/person\/7a7fd911f58561fd056dbac7b55af9cd\",\"name\":\"admin\",\"image\":{\"@type\":\"ImageObject\",\"inLanguage\":\"es\",\"@id\":\"https:\/\/luchonoticias.com\/editor\/#\/schema\/person\/image\/\",\"url\":\"https:\/\/luchonoticias.com\/editor\/wp-content\/uploads\/2024\/02\/cropped-cropped-logolu.webp\",\"contentUrl\":\"https:\/\/luchonoticias.com\/editor\/wp-content\/uploads\/2024\/02\/cropped-cropped-logolu.webp\",\"width\":382,\"height\":170,\"caption\":\"admin\"},\"logo\":{\"@id\":\"https:\/\/luchonoticias.com\/editor\/#\/schema\/person\/image\/\"},\"sameAs\":[\"https:\/\/www.facebook.com\/luchonoticiasneiva\"],\"url\":\"https:\/\/luchonoticias.com\/editor\/author\/admin\/\"}]}<\/script>\n<!-- \/ Yoast SEO plugin. -->","yoast_head_json":{"title":"Segunda Marquetalia nombra a sus tres primeros negociadores para di\u00e1logos de paz -","robots":{"index":"index","follow":"follow","max-snippet":"max-snippet:-1","max-image-preview":"max-image-preview:large","max-video-preview":"max-video-preview:-1"},"canonical":"https:\/\/luchonoticias.com\/editor\/segunda-marquetalia-nombra-a-sus-tres-primeros-negociadores-para-dialogos-de-paz\/","og_locale":"es_ES","og_type":"article","og_title":"Segunda Marquetalia nombra a sus tres primeros negociadores para di\u00e1logos de paz -","og_url":"https:\/\/luchonoticias.com\/editor\/segunda-marquetalia-nombra-a-sus-tres-primeros-negociadores-para-dialogos-de-paz\/","article_publisher":"https:\/\/www.facebook.com\/luchonoticiasneiva","article_author":"https:\/\/www.facebook.com\/luchonoticiasneiva","article_published_time":"2022-12-31T12:03:30+00:00","article_modified_time":"2022-12-31T12:03:31+00:00","author":"admin","twitter_card":"summary_large_image","twitter_misc":{"Escrito por":"admin","Tiempo de lectura":"1 minuto"},"schema":{"@context":"https:\/\/schema.org","@graph":[{"@type":"Article","@id":"https:\/\/luchonoticias.com\/editor\/segunda-marquetalia-nombra-a-sus-tres-primeros-negociadores-para-dialogos-de-paz\/#article","isPartOf":{"@id":"https:\/\/luchonoticias.com\/editor\/segunda-marquetalia-nombra-a-sus-tres-primeros-negociadores-para-dialogos-de-paz\/"},"author":{"name":"admin","@id":"https:\/\/luchonoticias.com\/editor\/#\/schema\/person\/7a7fd911f58561fd056dbac7b55af9cd"},"headline":"Segunda Marquetalia nombra a sus tres primeros negociadores para di\u00e1logos de paz","datePublished":"2022-12-31T12:03:30+00:00","dateModified":"2022-12-31T12:03:31+00:00","mainEntityOfPage":{"@id":"https:\/\/luchonoticias.com\/editor\/segunda-marquetalia-nombra-a-sus-tres-primeros-negociadores-para-dialogos-de-paz\/"},"wordCount":144,"commentCount":0,"publisher":{"@id":"https:\/\/luchonoticias.com\/editor\/#\/schema\/person\/7a7fd911f58561fd056dbac7b55af9cd"},"articleSection":["Destacado","Nacional"],"inLanguage":"es","potentialAction":[{"@type":"CommentAction","name":"Comment","target":["https:\/\/luchonoticias.com\/editor\/segunda-marquetalia-nombra-a-sus-tres-primeros-negociadores-para-dialogos-de-paz\/#respond"]}]},{"@type":"WebPage","@id":"https:\/\/luchonoticias.com\/editor\/segunda-marquetalia-nombra-a-sus-tres-primeros-negociadores-para-dialogos-de-paz\/","url":"https:\/\/luchonoticias.com\/editor\/segunda-marquetalia-nombra-a-sus-tres-primeros-negociadores-para-dialogos-de-paz\/","name":"Segunda Marquetalia nombra a sus tres primeros negociadores para di\u00e1logos de paz -","isPartOf":{"@id":"https:\/\/luchonoticias.com\/editor\/#website"},"datePublished":"2022-12-31T12:03:30+00:00","dateModified":"2022-12-31T12:03:31+00:00","breadcrumb":{"@id":"https:\/\/luchonoticias.com\/editor\/segunda-marquetalia-nombra-a-sus-tres-primeros-negociadores-para-dialogos-de-paz\/#breadcrumb"},"inLanguage":"es","potentialAction":[{"@type":"ReadAction","target":["https:\/\/luchonoticias.com\/editor\/segunda-marquetalia-nombra-a-sus-tres-primeros-negociadores-para-dialogos-de-paz\/"]}]},{"@type":"BreadcrumbList","@id":"https:\/\/luchonoticias.com\/editor\/segunda-marquetalia-nombra-a-sus-tres-primeros-negociadores-para-dialogos-de-paz\/#breadcrumb","itemListElement":[{"@type":"ListItem","position":1,"name":"Portada","item":"https:\/\/luchonoticias.com\/editor\/"},{"@type":"ListItem","position":2,"name":"Segunda Marquetalia nombra a sus tres primeros negociadores para di\u00e1logos de paz"}]},{"@type":"WebSite","@id":"https:\/\/luchonoticias.com\/editor\/#website","url":"https:\/\/luchonoticias.com\/editor\/","name":"","description":"","publisher":{"@id":"https:\/\/luchonoticias.com\/editor\/#\/schema\/person\/7a7fd911f58561fd056dbac7b55af9cd"},"potentialAction":[{"@type":"SearchAction","target":{"@type":"EntryPoint","urlTemplate":"https:\/\/luchonoticias.com\/editor\/?s={search_term_string}"},"query-input":{"@type":"PropertyValueSpecification","valueRequired":true,"valueName":"search_term_string"}}],"inLanguage":"es"},{"@type":["Person","Organization"],"@id":"https:\/\/luchonoticias.com\/editor\/#\/schema\/person\/7a7fd911f58561fd056dbac7b55af9cd","name":"admin","image":{"@type":"ImageObject","inLanguage":"es","@id":"https:\/\/luchonoticias.com\/editor\/#\/schema\/person\/image\/","url":"https:\/\/luchonoticias.com\/editor\/wp-content\/uploads\/2024\/02\/cropped-cropped-logolu.webp","contentUrl":"https:\/\/luchonoticias.com\/editor\/wp-content\/uploads\/2024\/02\/cropped-cropped-logolu.webp","width":382,"height":170,"caption":"admin"},"logo":{"@id":"https:\/\/luchonoticias.com\/editor\/#\/schema\/person\/image\/"},"sameAs":["https:\/\/www.facebook.com\/luchonoticiasneiva"],"url":"https:\/\/luchonoticias.com\/editor\/author\/admin\/"}]}},"_links":{"self":[{"href":"https:\/\/luchonoticias.com\/editor\/wp-json\/wp\/v2\/posts\/43343","targetHints":{"allow":["GET"]}}],"collection":[{"href":"https:\/\/luchonoticias.com\/editor\/wp-json\/wp\/v2\/posts"}],"about":[{"href":"https:\/\/luchonoticias.com\/editor\/wp-json\/wp\/v2\/types\/post"}],"author":[{"embeddable":true,"href":"https:\/\/luchonoticias.com\/editor\/wp-json\/wp\/v2\/users\/1"}],"replies":[{"embeddable":true,"href":"https:\/\/luchonoticias.com\/editor\/wp-json\/wp\/v2\/comments?post=43343"}],"version-history":[{"count":0,"href":"https:\/\/luchonoticias.com\/editor\/wp-json\/wp\/v2\/posts\/43343\/revisions"}],"wp:attachment":[{"href":"https:\/\/luchonoticias.com\/editor\/wp-json\/wp\/v2\/media?parent=43343"}],"wp:term":[{"taxonomy":"category","embeddable":true,"href":"https:\/\/luchonoticias.com\/editor\/wp-json\/wp\/v2\/categories?post=43343"},{"taxonomy":"post_tag","embeddable":true,"href":"https:\/\/luchonoticias.com\/editor\/wp-json\/wp\/v2\/tags?post=43343"}],"curies":[{"name":"wp","href":"https:\/\/api.w.org\/{rel}","templated":true}]}}