{"id":43513,"date":"2023-01-04T09:00:21","date_gmt":"2023-01-04T14:00:21","guid":{"rendered":"https:\/\/luchonoticias.com\/?p=43513"},"modified":"2023-01-04T09:00:22","modified_gmt":"2023-01-04T14:00:22","slug":"una-motocicleta-y-un-campero-fueron-recuperados-en-el-sur-del-huila","status":"publish","type":"post","link":"https:\/\/luchonoticias.com\/editor\/una-motocicleta-y-un-campero-fueron-recuperados-en-el-sur-del-huila\/","title":{"rendered":"Una motocicleta y un campero fueron recuperados en el sur del Huila"},"content":{"rendered":"\n<p>En las \u00faltimas horas, las autoridades huilenses dieron a conocer que gracias a los constantes planes de solicitud de antecedentes que viene adelantando la Seccional de Investigaci\u00f3n Criminal a veh\u00edculos y motocicletas, fueron recuperadas una motocicleta y un autom\u00f3vil tipo campero que hab\u00eda sido hurtadas durante las fiestas decembrinas.<\/p>\n\n\n\n<p>\u201cSe ha recuperado un campero Chevrolet de placas BAR-943 en el municipio de Timan\u00e1, avaluado en 30 millones de pesos. Es de anotar que este veh\u00edculo hab\u00eda sido hurtado el pasado 15 de diciembre del 2022 en la vereda el Carmen del municipio de Acevedo. Igualmente, en el barrio San Antonio de Pitalito, fue recuperada una motocicleta marca Victory, modelo 2018 de placa PWN-28E, la cual tiene un requerimiento de la Fiscal\u00eda 44 de Neiva por el delito de hurto\u201d, indicaron las autoridades en un comunicado.<\/p>\n\n\n\n<figure class=\"wp-block-gallery has-nested-images columns-default is-cropped wp-block-gallery-1 is-layout-flex wp-block-gallery-is-layout-flex\">\n<figure class=\"wp-block-image size-large\"><img decoding=\"async\" data-id=\"43516\" src=\"https:\/\/luchonoticias.com\/wp-content\/uploads\/2023\/01\/WhatsApp-Image-2023-01-03-at-3.22.47-PM-1-1024x982.jpeg\" alt=\"\" class=\"wp-image-43516\"\/><\/figure>\n\n\n\n<figure class=\"wp-block-image size-large\"><img decoding=\"async\" data-id=\"43515\" src=\"https:\/\/luchonoticias.com\/wp-content\/uploads\/2023\/01\/WhatsApp-Image-2023-01-03-at-3.22.47-PM.jpeg\" alt=\"\" class=\"wp-image-43515\"\/><\/figure>\n<\/figure>\n\n\n\n<p>Finalmente, las fuentes oficiales revelaron que durante este 2023 el Departamento de Policia Huila enfrentara de manera contundente los actores criminales y bandas organizadas dedicadas al hurto de automores, poniendolos a disposici\u00f3n de las autoridades competentes.<\/p>\n","protected":false},"excerpt":{"rendered":"<p>En las \u00faltimas horas, las autoridades huilenses dieron a conocer que gracias a los constantes planes de solicitud de antecedentes que viene adelantando la Seccional de Investigaci\u00f3n Criminal a veh\u00edculos y motocicletas, fueron recuperadas una motocicleta y un autom\u00f3vil tipo campero que hab\u00eda sido hurtadas durante las fiestas decembrinas. \u201cSe ha recuperado un campero Chevrolet [&hellip;]<\/p>\n","protected":false},"author":1,"featured_media":0,"comment_status":"open","ping_status":"open","sticky":false,"template":"","format":"standard","meta":{"footnotes":""},"categories":[36,29],"tags":[],"class_list":["post-43513","post","type-post","status-publish","format-standard","hentry","category-destacado","category-judicial"],"yoast_head":"<!-- This site is optimized with the Yoast SEO plugin v26.6 - https:\/\/yoast.com\/wordpress\/plugins\/seo\/ -->\n<title>Una motocicleta y un campero fueron recuperados en el sur del Huila -<\/title>\n<meta name=\"robots\" content=\"index, follow, max-snippet:-1, max-image-preview:large, max-video-preview:-1\" \/>\n<link rel=\"canonical\" href=\"https:\/\/luchonoticias.com\/editor\/una-motocicleta-y-un-campero-fueron-recuperados-en-el-sur-del-huila\/\" \/>\n<meta property=\"og:locale\" content=\"es_ES\" \/>\n<meta property=\"og:type\" content=\"article\" \/>\n<meta property=\"og:title\" content=\"Una motocicleta y un campero fueron recuperados en el sur del Huila -\" \/>\n<meta property=\"og:url\" content=\"https:\/\/luchonoticias.com\/editor\/una-motocicleta-y-un-campero-fueron-recuperados-en-el-sur-del-huila\/\" \/>\n<meta property=\"article:publisher\" content=\"https:\/\/www.facebook.com\/luchonoticiasneiva\" \/>\n<meta property=\"article:author\" content=\"https:\/\/www.facebook.com\/luchonoticiasneiva\" \/>\n<meta property=\"article:published_time\" content=\"2023-01-04T14:00:21+00:00\" \/>\n<meta property=\"article:modified_time\" content=\"2023-01-04T14:00:22+00:00\" \/>\n<meta property=\"og:image\" content=\"https:\/\/luchonoticias.com\/wp-content\/uploads\/2023\/01\/WhatsApp-Image-2023-01-03-at-3.22.47-PM-1-1024x982.jpeg\" \/>\n<meta name=\"author\" content=\"admin\" \/>\n<meta name=\"twitter:card\" content=\"summary_large_image\" \/>\n<meta name=\"twitter:label1\" content=\"Escrito por\" \/>\n\t<meta name=\"twitter:data1\" content=\"admin\" \/>\n\t<meta name=\"twitter:label2\" content=\"Tiempo de lectura\" \/>\n\t<meta name=\"twitter:data2\" content=\"1 minuto\" \/>\n<script type=\"application\/ld+json\" class=\"yoast-schema-graph\">{\"@context\":\"https:\/\/schema.org\",\"@graph\":[{\"@type\":\"Article\",\"@id\":\"https:\/\/luchonoticias.com\/editor\/una-motocicleta-y-un-campero-fueron-recuperados-en-el-sur-del-huila\/#article\",\"isPartOf\":{\"@id\":\"https:\/\/luchonoticias.com\/editor\/una-motocicleta-y-un-campero-fueron-recuperados-en-el-sur-del-huila\/\"},\"author\":{\"name\":\"admin\",\"@id\":\"https:\/\/luchonoticias.com\/editor\/#\/schema\/person\/7a7fd911f58561fd056dbac7b55af9cd\"},\"headline\":\"Una motocicleta y un campero fueron recuperados en el sur del Huila\",\"datePublished\":\"2023-01-04T14:00:21+00:00\",\"dateModified\":\"2023-01-04T14:00:22+00:00\",\"mainEntityOfPage\":{\"@id\":\"https:\/\/luchonoticias.com\/editor\/una-motocicleta-y-un-campero-fueron-recuperados-en-el-sur-del-huila\/\"},\"wordCount\":186,\"commentCount\":0,\"publisher\":{\"@id\":\"https:\/\/luchonoticias.com\/editor\/#\/schema\/person\/7a7fd911f58561fd056dbac7b55af9cd\"},\"image\":{\"@id\":\"https:\/\/luchonoticias.com\/editor\/una-motocicleta-y-un-campero-fueron-recuperados-en-el-sur-del-huila\/#primaryimage\"},\"thumbnailUrl\":\"https:\/\/luchonoticias.com\/wp-content\/uploads\/2023\/01\/WhatsApp-Image-2023-01-03-at-3.22.47-PM-1-1024x982.jpeg\",\"articleSection\":[\"Destacado\",\"Judicial\"],\"inLanguage\":\"es\",\"potentialAction\":[{\"@type\":\"CommentAction\",\"name\":\"Comment\",\"target\":[\"https:\/\/luchonoticias.com\/editor\/una-motocicleta-y-un-campero-fueron-recuperados-en-el-sur-del-huila\/#respond\"]}]},{\"@type\":\"WebPage\",\"@id\":\"https:\/\/luchonoticias.com\/editor\/una-motocicleta-y-un-campero-fueron-recuperados-en-el-sur-del-huila\/\",\"url\":\"https:\/\/luchonoticias.com\/editor\/una-motocicleta-y-un-campero-fueron-recuperados-en-el-sur-del-huila\/\",\"name\":\"Una motocicleta y un campero fueron recuperados en el sur del Huila -\",\"isPartOf\":{\"@id\":\"https:\/\/luchonoticias.com\/editor\/#website\"},\"primaryImageOfPage\":{\"@id\":\"https:\/\/luchonoticias.com\/editor\/una-motocicleta-y-un-campero-fueron-recuperados-en-el-sur-del-huila\/#primaryimage\"},\"image\":{\"@id\":\"https:\/\/luchonoticias.com\/editor\/una-motocicleta-y-un-campero-fueron-recuperados-en-el-sur-del-huila\/#primaryimage\"},\"thumbnailUrl\":\"https:\/\/luchonoticias.com\/wp-content\/uploads\/2023\/01\/WhatsApp-Image-2023-01-03-at-3.22.47-PM-1-1024x982.jpeg\",\"datePublished\":\"2023-01-04T14:00:21+00:00\",\"dateModified\":\"2023-01-04T14:00:22+00:00\",\"breadcrumb\":{\"@id\":\"https:\/\/luchonoticias.com\/editor\/una-motocicleta-y-un-campero-fueron-recuperados-en-el-sur-del-huila\/#breadcrumb\"},\"inLanguage\":\"es\",\"potentialAction\":[{\"@type\":\"ReadAction\",\"target\":[\"https:\/\/luchonoticias.com\/editor\/una-motocicleta-y-un-campero-fueron-recuperados-en-el-sur-del-huila\/\"]}]},{\"@type\":\"ImageObject\",\"inLanguage\":\"es\",\"@id\":\"https:\/\/luchonoticias.com\/editor\/una-motocicleta-y-un-campero-fueron-recuperados-en-el-sur-del-huila\/#primaryimage\",\"url\":\"https:\/\/luchonoticias.com\/wp-content\/uploads\/2023\/01\/WhatsApp-Image-2023-01-03-at-3.22.47-PM-1-1024x982.jpeg\",\"contentUrl\":\"https:\/\/luchonoticias.com\/wp-content\/uploads\/2023\/01\/WhatsApp-Image-2023-01-03-at-3.22.47-PM-1-1024x982.jpeg\"},{\"@type\":\"BreadcrumbList\",\"@id\":\"https:\/\/luchonoticias.com\/editor\/una-motocicleta-y-un-campero-fueron-recuperados-en-el-sur-del-huila\/#breadcrumb\",\"itemListElement\":[{\"@type\":\"ListItem\",\"position\":1,\"name\":\"Portada\",\"item\":\"https:\/\/luchonoticias.com\/editor\/\"},{\"@type\":\"ListItem\",\"position\":2,\"name\":\"Una motocicleta y un campero fueron recuperados en el sur del Huila\"}]},{\"@type\":\"WebSite\",\"@id\":\"https:\/\/luchonoticias.com\/editor\/#website\",\"url\":\"https:\/\/luchonoticias.com\/editor\/\",\"name\":\"\",\"description\":\"\",\"publisher\":{\"@id\":\"https:\/\/luchonoticias.com\/editor\/#\/schema\/person\/7a7fd911f58561fd056dbac7b55af9cd\"},\"potentialAction\":[{\"@type\":\"SearchAction\",\"target\":{\"@type\":\"EntryPoint\",\"urlTemplate\":\"https:\/\/luchonoticias.com\/editor\/?s={search_term_string}\"},\"query-input\":{\"@type\":\"PropertyValueSpecification\",\"valueRequired\":true,\"valueName\":\"search_term_string\"}}],\"inLanguage\":\"es\"},{\"@type\":[\"Person\",\"Organization\"],\"@id\":\"https:\/\/luchonoticias.com\/editor\/#\/schema\/person\/7a7fd911f58561fd056dbac7b55af9cd\",\"name\":\"admin\",\"image\":{\"@type\":\"ImageObject\",\"inLanguage\":\"es\",\"@id\":\"https:\/\/luchonoticias.com\/editor\/#\/schema\/person\/image\/\",\"url\":\"https:\/\/luchonoticias.com\/editor\/wp-content\/uploads\/2024\/02\/cropped-cropped-logolu.webp\",\"contentUrl\":\"https:\/\/luchonoticias.com\/editor\/wp-content\/uploads\/2024\/02\/cropped-cropped-logolu.webp\",\"width\":382,\"height\":170,\"caption\":\"admin\"},\"logo\":{\"@id\":\"https:\/\/luchonoticias.com\/editor\/#\/schema\/person\/image\/\"},\"sameAs\":[\"https:\/\/www.facebook.com\/luchonoticiasneiva\"],\"url\":\"https:\/\/luchonoticias.com\/editor\/author\/admin\/\"}]}<\/script>\n<!-- \/ Yoast SEO plugin. -->","yoast_head_json":{"title":"Una motocicleta y un campero fueron recuperados en el sur del Huila -","robots":{"index":"index","follow":"follow","max-snippet":"max-snippet:-1","max-image-preview":"max-image-preview:large","max-video-preview":"max-video-preview:-1"},"canonical":"https:\/\/luchonoticias.com\/editor\/una-motocicleta-y-un-campero-fueron-recuperados-en-el-sur-del-huila\/","og_locale":"es_ES","og_type":"article","og_title":"Una motocicleta y un campero fueron recuperados en el sur del Huila -","og_url":"https:\/\/luchonoticias.com\/editor\/una-motocicleta-y-un-campero-fueron-recuperados-en-el-sur-del-huila\/","article_publisher":"https:\/\/www.facebook.com\/luchonoticiasneiva","article_author":"https:\/\/www.facebook.com\/luchonoticiasneiva","article_published_time":"2023-01-04T14:00:21+00:00","article_modified_time":"2023-01-04T14:00:22+00:00","og_image":[{"url":"https:\/\/luchonoticias.com\/wp-content\/uploads\/2023\/01\/WhatsApp-Image-2023-01-03-at-3.22.47-PM-1-1024x982.jpeg","type":"","width":"","height":""}],"author":"admin","twitter_card":"summary_large_image","twitter_misc":{"Escrito por":"admin","Tiempo de lectura":"1 minuto"},"schema":{"@context":"https:\/\/schema.org","@graph":[{"@type":"Article","@id":"https:\/\/luchonoticias.com\/editor\/una-motocicleta-y-un-campero-fueron-recuperados-en-el-sur-del-huila\/#article","isPartOf":{"@id":"https:\/\/luchonoticias.com\/editor\/una-motocicleta-y-un-campero-fueron-recuperados-en-el-sur-del-huila\/"},"author":{"name":"admin","@id":"https:\/\/luchonoticias.com\/editor\/#\/schema\/person\/7a7fd911f58561fd056dbac7b55af9cd"},"headline":"Una motocicleta y un campero fueron recuperados en el sur del Huila","datePublished":"2023-01-04T14:00:21+00:00","dateModified":"2023-01-04T14:00:22+00:00","mainEntityOfPage":{"@id":"https:\/\/luchonoticias.com\/editor\/una-motocicleta-y-un-campero-fueron-recuperados-en-el-sur-del-huila\/"},"wordCount":186,"commentCount":0,"publisher":{"@id":"https:\/\/luchonoticias.com\/editor\/#\/schema\/person\/7a7fd911f58561fd056dbac7b55af9cd"},"image":{"@id":"https:\/\/luchonoticias.com\/editor\/una-motocicleta-y-un-campero-fueron-recuperados-en-el-sur-del-huila\/#primaryimage"},"thumbnailUrl":"https:\/\/luchonoticias.com\/wp-content\/uploads\/2023\/01\/WhatsApp-Image-2023-01-03-at-3.22.47-PM-1-1024x982.jpeg","articleSection":["Destacado","Judicial"],"inLanguage":"es","potentialAction":[{"@type":"CommentAction","name":"Comment","target":["https:\/\/luchonoticias.com\/editor\/una-motocicleta-y-un-campero-fueron-recuperados-en-el-sur-del-huila\/#respond"]}]},{"@type":"WebPage","@id":"https:\/\/luchonoticias.com\/editor\/una-motocicleta-y-un-campero-fueron-recuperados-en-el-sur-del-huila\/","url":"https:\/\/luchonoticias.com\/editor\/una-motocicleta-y-un-campero-fueron-recuperados-en-el-sur-del-huila\/","name":"Una motocicleta y un campero fueron recuperados en el sur del Huila -","isPartOf":{"@id":"https:\/\/luchonoticias.com\/editor\/#website"},"primaryImageOfPage":{"@id":"https:\/\/luchonoticias.com\/editor\/una-motocicleta-y-un-campero-fueron-recuperados-en-el-sur-del-huila\/#primaryimage"},"image":{"@id":"https:\/\/luchonoticias.com\/editor\/una-motocicleta-y-un-campero-fueron-recuperados-en-el-sur-del-huila\/#primaryimage"},"thumbnailUrl":"https:\/\/luchonoticias.com\/wp-content\/uploads\/2023\/01\/WhatsApp-Image-2023-01-03-at-3.22.47-PM-1-1024x982.jpeg","datePublished":"2023-01-04T14:00:21+00:00","dateModified":"2023-01-04T14:00:22+00:00","breadcrumb":{"@id":"https:\/\/luchonoticias.com\/editor\/una-motocicleta-y-un-campero-fueron-recuperados-en-el-sur-del-huila\/#breadcrumb"},"inLanguage":"es","potentialAction":[{"@type":"ReadAction","target":["https:\/\/luchonoticias.com\/editor\/una-motocicleta-y-un-campero-fueron-recuperados-en-el-sur-del-huila\/"]}]},{"@type":"ImageObject","inLanguage":"es","@id":"https:\/\/luchonoticias.com\/editor\/una-motocicleta-y-un-campero-fueron-recuperados-en-el-sur-del-huila\/#primaryimage","url":"https:\/\/luchonoticias.com\/wp-content\/uploads\/2023\/01\/WhatsApp-Image-2023-01-03-at-3.22.47-PM-1-1024x982.jpeg","contentUrl":"https:\/\/luchonoticias.com\/wp-content\/uploads\/2023\/01\/WhatsApp-Image-2023-01-03-at-3.22.47-PM-1-1024x982.jpeg"},{"@type":"BreadcrumbList","@id":"https:\/\/luchonoticias.com\/editor\/una-motocicleta-y-un-campero-fueron-recuperados-en-el-sur-del-huila\/#breadcrumb","itemListElement":[{"@type":"ListItem","position":1,"name":"Portada","item":"https:\/\/luchonoticias.com\/editor\/"},{"@type":"ListItem","position":2,"name":"Una motocicleta y un campero fueron recuperados en el sur del Huila"}]},{"@type":"WebSite","@id":"https:\/\/luchonoticias.com\/editor\/#website","url":"https:\/\/luchonoticias.com\/editor\/","name":"","description":"","publisher":{"@id":"https:\/\/luchonoticias.com\/editor\/#\/schema\/person\/7a7fd911f58561fd056dbac7b55af9cd"},"potentialAction":[{"@type":"SearchAction","target":{"@type":"EntryPoint","urlTemplate":"https:\/\/luchonoticias.com\/editor\/?s={search_term_string}"},"query-input":{"@type":"PropertyValueSpecification","valueRequired":true,"valueName":"search_term_string"}}],"inLanguage":"es"},{"@type":["Person","Organization"],"@id":"https:\/\/luchonoticias.com\/editor\/#\/schema\/person\/7a7fd911f58561fd056dbac7b55af9cd","name":"admin","image":{"@type":"ImageObject","inLanguage":"es","@id":"https:\/\/luchonoticias.com\/editor\/#\/schema\/person\/image\/","url":"https:\/\/luchonoticias.com\/editor\/wp-content\/uploads\/2024\/02\/cropped-cropped-logolu.webp","contentUrl":"https:\/\/luchonoticias.com\/editor\/wp-content\/uploads\/2024\/02\/cropped-cropped-logolu.webp","width":382,"height":170,"caption":"admin"},"logo":{"@id":"https:\/\/luchonoticias.com\/editor\/#\/schema\/person\/image\/"},"sameAs":["https:\/\/www.facebook.com\/luchonoticiasneiva"],"url":"https:\/\/luchonoticias.com\/editor\/author\/admin\/"}]}},"_links":{"self":[{"href":"https:\/\/luchonoticias.com\/editor\/wp-json\/wp\/v2\/posts\/43513","targetHints":{"allow":["GET"]}}],"collection":[{"href":"https:\/\/luchonoticias.com\/editor\/wp-json\/wp\/v2\/posts"}],"about":[{"href":"https:\/\/luchonoticias.com\/editor\/wp-json\/wp\/v2\/types\/post"}],"author":[{"embeddable":true,"href":"https:\/\/luchonoticias.com\/editor\/wp-json\/wp\/v2\/users\/1"}],"replies":[{"embeddable":true,"href":"https:\/\/luchonoticias.com\/editor\/wp-json\/wp\/v2\/comments?post=43513"}],"version-history":[{"count":0,"href":"https:\/\/luchonoticias.com\/editor\/wp-json\/wp\/v2\/posts\/43513\/revisions"}],"wp:attachment":[{"href":"https:\/\/luchonoticias.com\/editor\/wp-json\/wp\/v2\/media?parent=43513"}],"wp:term":[{"taxonomy":"category","embeddable":true,"href":"https:\/\/luchonoticias.com\/editor\/wp-json\/wp\/v2\/categories?post=43513"},{"taxonomy":"post_tag","embeddable":true,"href":"https:\/\/luchonoticias.com\/editor\/wp-json\/wp\/v2\/tags?post=43513"}],"curies":[{"name":"wp","href":"https:\/\/api.w.org\/{rel}","templated":true}]}}