{"id":43519,"date":"2023-01-04T09:03:48","date_gmt":"2023-01-04T14:03:48","guid":{"rendered":"https:\/\/luchonoticias.com\/?p=43519"},"modified":"2023-01-04T09:03:49","modified_gmt":"2023-01-04T14:03:49","slug":"sujeto-capturado-en-flagrancia-por-porte-ilegal-de-armas-de-fuego","status":"publish","type":"post","link":"https:\/\/luchonoticias.com\/editor\/sujeto-capturado-en-flagrancia-por-porte-ilegal-de-armas-de-fuego\/","title":{"rendered":"Sujeto capturado en flagrancia por porte ilegal de armas de fuego"},"content":{"rendered":"\n<p>La Polic\u00eda Nacional en desarrollo del Plan Choque \u00abConstruyendo Seguridad\u00bb en las \u00faltimas horas logr\u00f3 la captura en flagrancia de una persona por el delito fabricaci\u00f3n, tr\u00e1fico o porte de armas de fuego.<\/p>\n\n\n\n<p>De esta forma los uniformados adscritos al CAI Granjas, en momentos en los cuales realizaba labores de patrullaje por la calle 50 con carrera 24 del barrio Los Pinos, observaron a un sujeto, quien al notar la presencia policial emprende la huida, lanzando a zona boscosa, un arma de fuego tipo pistola.<\/p>\n\n\n\n<figure class=\"wp-block-gallery has-nested-images columns-default is-cropped wp-block-gallery-1 is-layout-flex wp-block-gallery-is-layout-flex\">\n<figure class=\"wp-block-image size-large\"><img decoding=\"async\" data-id=\"43523\" src=\"https:\/\/luchonoticias.com\/wp-content\/uploads\/2023\/01\/WhatsApp-Image-2023-01-03-at-1.23.21-PM-1-1024x577.jpeg\" alt=\"\" class=\"wp-image-43523\"\/><\/figure>\n\n\n\n<figure class=\"wp-block-image size-large\"><img decoding=\"async\" data-id=\"43524\" src=\"https:\/\/luchonoticias.com\/wp-content\/uploads\/2023\/01\/WhatsApp-Image-2023-01-03-at-1.23.42-PM-1024x577.jpeg\" alt=\"\" class=\"wp-image-43524\"\/><\/figure>\n<\/figure>\n\n\n\n<p>Es as\u00ed como gracias a la efectiva y oportuna&nbsp; reacci\u00f3n del personal del cuadrante, metros m\u00e1s adelante logran dar captura a este individuo, siendo identificado como Rafael El\u00edas Rodr\u00edguez Rivas de 23 a\u00f1os de edad, residente en el barrio Los Pinos de esta ciudad, quien registra anotaci\u00f3n como indiciado por el delito de Porte Ilegal de armas.<\/p>\n\n\n\n<p>El arma incautada, de la cual se hizo menci\u00f3n anteriormente, se trata de un arma de fuego tipo pistola,&nbsp; tipo traum\u00e1tica modificada, con 02 cartuchos para la misma.<\/p>\n\n\n\n<p>La persona capturada y arma incautada, fueron dejadas a disposici\u00f3n de autoridad competente por el delito de Fabricaci\u00f3n, tr\u00e1fico o porte de armas de fuego o municiones, donde un juez de control de garant\u00edas decidi\u00f3 cobijarlos con medida de aseguramiento en su lugar de residencia.<\/p>\n","protected":false},"excerpt":{"rendered":"<p>La Polic\u00eda Nacional en desarrollo del Plan Choque \u00abConstruyendo Seguridad\u00bb en las \u00faltimas horas logr\u00f3 la captura en flagrancia de una persona por el delito fabricaci\u00f3n, tr\u00e1fico o porte de armas de fuego. De esta forma los uniformados adscritos al CAI Granjas, en momentos en los cuales realizaba labores de patrullaje por la calle 50 [&hellip;]<\/p>\n","protected":false},"author":1,"featured_media":0,"comment_status":"open","ping_status":"open","sticky":false,"template":"","format":"standard","meta":{"footnotes":""},"categories":[36,29],"tags":[],"class_list":["post-43519","post","type-post","status-publish","format-standard","hentry","category-destacado","category-judicial"],"yoast_head":"<!-- This site is optimized with the Yoast SEO plugin v26.6 - https:\/\/yoast.com\/wordpress\/plugins\/seo\/ -->\n<title>Sujeto capturado en flagrancia por porte ilegal de armas de fuego -<\/title>\n<meta name=\"robots\" content=\"index, follow, max-snippet:-1, max-image-preview:large, max-video-preview:-1\" \/>\n<link rel=\"canonical\" href=\"https:\/\/luchonoticias.com\/editor\/sujeto-capturado-en-flagrancia-por-porte-ilegal-de-armas-de-fuego\/\" \/>\n<meta property=\"og:locale\" content=\"es_ES\" \/>\n<meta property=\"og:type\" content=\"article\" \/>\n<meta property=\"og:title\" content=\"Sujeto capturado en flagrancia por porte ilegal de armas de fuego -\" \/>\n<meta property=\"og:url\" content=\"https:\/\/luchonoticias.com\/editor\/sujeto-capturado-en-flagrancia-por-porte-ilegal-de-armas-de-fuego\/\" \/>\n<meta property=\"article:publisher\" content=\"https:\/\/www.facebook.com\/luchonoticiasneiva\" \/>\n<meta property=\"article:author\" content=\"https:\/\/www.facebook.com\/luchonoticiasneiva\" \/>\n<meta property=\"article:published_time\" content=\"2023-01-04T14:03:48+00:00\" \/>\n<meta property=\"article:modified_time\" content=\"2023-01-04T14:03:49+00:00\" \/>\n<meta property=\"og:image\" content=\"https:\/\/luchonoticias.com\/wp-content\/uploads\/2023\/01\/WhatsApp-Image-2023-01-03-at-1.23.21-PM-1-1024x577.jpeg\" \/>\n<meta name=\"author\" content=\"admin\" \/>\n<meta name=\"twitter:card\" content=\"summary_large_image\" \/>\n<meta name=\"twitter:label1\" content=\"Escrito por\" \/>\n\t<meta name=\"twitter:data1\" content=\"admin\" \/>\n\t<meta name=\"twitter:label2\" content=\"Tiempo de lectura\" \/>\n\t<meta name=\"twitter:data2\" content=\"1 minuto\" \/>\n<script type=\"application\/ld+json\" class=\"yoast-schema-graph\">{\"@context\":\"https:\/\/schema.org\",\"@graph\":[{\"@type\":\"Article\",\"@id\":\"https:\/\/luchonoticias.com\/editor\/sujeto-capturado-en-flagrancia-por-porte-ilegal-de-armas-de-fuego\/#article\",\"isPartOf\":{\"@id\":\"https:\/\/luchonoticias.com\/editor\/sujeto-capturado-en-flagrancia-por-porte-ilegal-de-armas-de-fuego\/\"},\"author\":{\"name\":\"admin\",\"@id\":\"https:\/\/luchonoticias.com\/editor\/#\/schema\/person\/7a7fd911f58561fd056dbac7b55af9cd\"},\"headline\":\"Sujeto capturado en flagrancia por porte ilegal de armas de fuego\",\"datePublished\":\"2023-01-04T14:03:48+00:00\",\"dateModified\":\"2023-01-04T14:03:49+00:00\",\"mainEntityOfPage\":{\"@id\":\"https:\/\/luchonoticias.com\/editor\/sujeto-capturado-en-flagrancia-por-porte-ilegal-de-armas-de-fuego\/\"},\"wordCount\":239,\"commentCount\":0,\"publisher\":{\"@id\":\"https:\/\/luchonoticias.com\/editor\/#\/schema\/person\/7a7fd911f58561fd056dbac7b55af9cd\"},\"image\":{\"@id\":\"https:\/\/luchonoticias.com\/editor\/sujeto-capturado-en-flagrancia-por-porte-ilegal-de-armas-de-fuego\/#primaryimage\"},\"thumbnailUrl\":\"https:\/\/luchonoticias.com\/wp-content\/uploads\/2023\/01\/WhatsApp-Image-2023-01-03-at-1.23.21-PM-1-1024x577.jpeg\",\"articleSection\":[\"Destacado\",\"Judicial\"],\"inLanguage\":\"es\",\"potentialAction\":[{\"@type\":\"CommentAction\",\"name\":\"Comment\",\"target\":[\"https:\/\/luchonoticias.com\/editor\/sujeto-capturado-en-flagrancia-por-porte-ilegal-de-armas-de-fuego\/#respond\"]}]},{\"@type\":\"WebPage\",\"@id\":\"https:\/\/luchonoticias.com\/editor\/sujeto-capturado-en-flagrancia-por-porte-ilegal-de-armas-de-fuego\/\",\"url\":\"https:\/\/luchonoticias.com\/editor\/sujeto-capturado-en-flagrancia-por-porte-ilegal-de-armas-de-fuego\/\",\"name\":\"Sujeto capturado en flagrancia por porte ilegal de armas de fuego -\",\"isPartOf\":{\"@id\":\"https:\/\/luchonoticias.com\/editor\/#website\"},\"primaryImageOfPage\":{\"@id\":\"https:\/\/luchonoticias.com\/editor\/sujeto-capturado-en-flagrancia-por-porte-ilegal-de-armas-de-fuego\/#primaryimage\"},\"image\":{\"@id\":\"https:\/\/luchonoticias.com\/editor\/sujeto-capturado-en-flagrancia-por-porte-ilegal-de-armas-de-fuego\/#primaryimage\"},\"thumbnailUrl\":\"https:\/\/luchonoticias.com\/wp-content\/uploads\/2023\/01\/WhatsApp-Image-2023-01-03-at-1.23.21-PM-1-1024x577.jpeg\",\"datePublished\":\"2023-01-04T14:03:48+00:00\",\"dateModified\":\"2023-01-04T14:03:49+00:00\",\"breadcrumb\":{\"@id\":\"https:\/\/luchonoticias.com\/editor\/sujeto-capturado-en-flagrancia-por-porte-ilegal-de-armas-de-fuego\/#breadcrumb\"},\"inLanguage\":\"es\",\"potentialAction\":[{\"@type\":\"ReadAction\",\"target\":[\"https:\/\/luchonoticias.com\/editor\/sujeto-capturado-en-flagrancia-por-porte-ilegal-de-armas-de-fuego\/\"]}]},{\"@type\":\"ImageObject\",\"inLanguage\":\"es\",\"@id\":\"https:\/\/luchonoticias.com\/editor\/sujeto-capturado-en-flagrancia-por-porte-ilegal-de-armas-de-fuego\/#primaryimage\",\"url\":\"https:\/\/luchonoticias.com\/wp-content\/uploads\/2023\/01\/WhatsApp-Image-2023-01-03-at-1.23.21-PM-1-1024x577.jpeg\",\"contentUrl\":\"https:\/\/luchonoticias.com\/wp-content\/uploads\/2023\/01\/WhatsApp-Image-2023-01-03-at-1.23.21-PM-1-1024x577.jpeg\"},{\"@type\":\"BreadcrumbList\",\"@id\":\"https:\/\/luchonoticias.com\/editor\/sujeto-capturado-en-flagrancia-por-porte-ilegal-de-armas-de-fuego\/#breadcrumb\",\"itemListElement\":[{\"@type\":\"ListItem\",\"position\":1,\"name\":\"Portada\",\"item\":\"https:\/\/luchonoticias.com\/editor\/\"},{\"@type\":\"ListItem\",\"position\":2,\"name\":\"Sujeto capturado en flagrancia por porte ilegal de armas de fuego\"}]},{\"@type\":\"WebSite\",\"@id\":\"https:\/\/luchonoticias.com\/editor\/#website\",\"url\":\"https:\/\/luchonoticias.com\/editor\/\",\"name\":\"\",\"description\":\"\",\"publisher\":{\"@id\":\"https:\/\/luchonoticias.com\/editor\/#\/schema\/person\/7a7fd911f58561fd056dbac7b55af9cd\"},\"potentialAction\":[{\"@type\":\"SearchAction\",\"target\":{\"@type\":\"EntryPoint\",\"urlTemplate\":\"https:\/\/luchonoticias.com\/editor\/?s={search_term_string}\"},\"query-input\":{\"@type\":\"PropertyValueSpecification\",\"valueRequired\":true,\"valueName\":\"search_term_string\"}}],\"inLanguage\":\"es\"},{\"@type\":[\"Person\",\"Organization\"],\"@id\":\"https:\/\/luchonoticias.com\/editor\/#\/schema\/person\/7a7fd911f58561fd056dbac7b55af9cd\",\"name\":\"admin\",\"image\":{\"@type\":\"ImageObject\",\"inLanguage\":\"es\",\"@id\":\"https:\/\/luchonoticias.com\/editor\/#\/schema\/person\/image\/\",\"url\":\"https:\/\/luchonoticias.com\/editor\/wp-content\/uploads\/2024\/02\/cropped-cropped-logolu.webp\",\"contentUrl\":\"https:\/\/luchonoticias.com\/editor\/wp-content\/uploads\/2024\/02\/cropped-cropped-logolu.webp\",\"width\":382,\"height\":170,\"caption\":\"admin\"},\"logo\":{\"@id\":\"https:\/\/luchonoticias.com\/editor\/#\/schema\/person\/image\/\"},\"sameAs\":[\"https:\/\/www.facebook.com\/luchonoticiasneiva\"],\"url\":\"https:\/\/luchonoticias.com\/editor\/author\/admin\/\"}]}<\/script>\n<!-- \/ Yoast SEO plugin. -->","yoast_head_json":{"title":"Sujeto capturado en flagrancia por porte ilegal de armas de fuego -","robots":{"index":"index","follow":"follow","max-snippet":"max-snippet:-1","max-image-preview":"max-image-preview:large","max-video-preview":"max-video-preview:-1"},"canonical":"https:\/\/luchonoticias.com\/editor\/sujeto-capturado-en-flagrancia-por-porte-ilegal-de-armas-de-fuego\/","og_locale":"es_ES","og_type":"article","og_title":"Sujeto capturado en flagrancia por porte ilegal de armas de fuego -","og_url":"https:\/\/luchonoticias.com\/editor\/sujeto-capturado-en-flagrancia-por-porte-ilegal-de-armas-de-fuego\/","article_publisher":"https:\/\/www.facebook.com\/luchonoticiasneiva","article_author":"https:\/\/www.facebook.com\/luchonoticiasneiva","article_published_time":"2023-01-04T14:03:48+00:00","article_modified_time":"2023-01-04T14:03:49+00:00","og_image":[{"url":"https:\/\/luchonoticias.com\/wp-content\/uploads\/2023\/01\/WhatsApp-Image-2023-01-03-at-1.23.21-PM-1-1024x577.jpeg","type":"","width":"","height":""}],"author":"admin","twitter_card":"summary_large_image","twitter_misc":{"Escrito por":"admin","Tiempo de lectura":"1 minuto"},"schema":{"@context":"https:\/\/schema.org","@graph":[{"@type":"Article","@id":"https:\/\/luchonoticias.com\/editor\/sujeto-capturado-en-flagrancia-por-porte-ilegal-de-armas-de-fuego\/#article","isPartOf":{"@id":"https:\/\/luchonoticias.com\/editor\/sujeto-capturado-en-flagrancia-por-porte-ilegal-de-armas-de-fuego\/"},"author":{"name":"admin","@id":"https:\/\/luchonoticias.com\/editor\/#\/schema\/person\/7a7fd911f58561fd056dbac7b55af9cd"},"headline":"Sujeto capturado en flagrancia por porte ilegal de armas de fuego","datePublished":"2023-01-04T14:03:48+00:00","dateModified":"2023-01-04T14:03:49+00:00","mainEntityOfPage":{"@id":"https:\/\/luchonoticias.com\/editor\/sujeto-capturado-en-flagrancia-por-porte-ilegal-de-armas-de-fuego\/"},"wordCount":239,"commentCount":0,"publisher":{"@id":"https:\/\/luchonoticias.com\/editor\/#\/schema\/person\/7a7fd911f58561fd056dbac7b55af9cd"},"image":{"@id":"https:\/\/luchonoticias.com\/editor\/sujeto-capturado-en-flagrancia-por-porte-ilegal-de-armas-de-fuego\/#primaryimage"},"thumbnailUrl":"https:\/\/luchonoticias.com\/wp-content\/uploads\/2023\/01\/WhatsApp-Image-2023-01-03-at-1.23.21-PM-1-1024x577.jpeg","articleSection":["Destacado","Judicial"],"inLanguage":"es","potentialAction":[{"@type":"CommentAction","name":"Comment","target":["https:\/\/luchonoticias.com\/editor\/sujeto-capturado-en-flagrancia-por-porte-ilegal-de-armas-de-fuego\/#respond"]}]},{"@type":"WebPage","@id":"https:\/\/luchonoticias.com\/editor\/sujeto-capturado-en-flagrancia-por-porte-ilegal-de-armas-de-fuego\/","url":"https:\/\/luchonoticias.com\/editor\/sujeto-capturado-en-flagrancia-por-porte-ilegal-de-armas-de-fuego\/","name":"Sujeto capturado en flagrancia por porte ilegal de armas de fuego -","isPartOf":{"@id":"https:\/\/luchonoticias.com\/editor\/#website"},"primaryImageOfPage":{"@id":"https:\/\/luchonoticias.com\/editor\/sujeto-capturado-en-flagrancia-por-porte-ilegal-de-armas-de-fuego\/#primaryimage"},"image":{"@id":"https:\/\/luchonoticias.com\/editor\/sujeto-capturado-en-flagrancia-por-porte-ilegal-de-armas-de-fuego\/#primaryimage"},"thumbnailUrl":"https:\/\/luchonoticias.com\/wp-content\/uploads\/2023\/01\/WhatsApp-Image-2023-01-03-at-1.23.21-PM-1-1024x577.jpeg","datePublished":"2023-01-04T14:03:48+00:00","dateModified":"2023-01-04T14:03:49+00:00","breadcrumb":{"@id":"https:\/\/luchonoticias.com\/editor\/sujeto-capturado-en-flagrancia-por-porte-ilegal-de-armas-de-fuego\/#breadcrumb"},"inLanguage":"es","potentialAction":[{"@type":"ReadAction","target":["https:\/\/luchonoticias.com\/editor\/sujeto-capturado-en-flagrancia-por-porte-ilegal-de-armas-de-fuego\/"]}]},{"@type":"ImageObject","inLanguage":"es","@id":"https:\/\/luchonoticias.com\/editor\/sujeto-capturado-en-flagrancia-por-porte-ilegal-de-armas-de-fuego\/#primaryimage","url":"https:\/\/luchonoticias.com\/wp-content\/uploads\/2023\/01\/WhatsApp-Image-2023-01-03-at-1.23.21-PM-1-1024x577.jpeg","contentUrl":"https:\/\/luchonoticias.com\/wp-content\/uploads\/2023\/01\/WhatsApp-Image-2023-01-03-at-1.23.21-PM-1-1024x577.jpeg"},{"@type":"BreadcrumbList","@id":"https:\/\/luchonoticias.com\/editor\/sujeto-capturado-en-flagrancia-por-porte-ilegal-de-armas-de-fuego\/#breadcrumb","itemListElement":[{"@type":"ListItem","position":1,"name":"Portada","item":"https:\/\/luchonoticias.com\/editor\/"},{"@type":"ListItem","position":2,"name":"Sujeto capturado en flagrancia por porte ilegal de armas de fuego"}]},{"@type":"WebSite","@id":"https:\/\/luchonoticias.com\/editor\/#website","url":"https:\/\/luchonoticias.com\/editor\/","name":"","description":"","publisher":{"@id":"https:\/\/luchonoticias.com\/editor\/#\/schema\/person\/7a7fd911f58561fd056dbac7b55af9cd"},"potentialAction":[{"@type":"SearchAction","target":{"@type":"EntryPoint","urlTemplate":"https:\/\/luchonoticias.com\/editor\/?s={search_term_string}"},"query-input":{"@type":"PropertyValueSpecification","valueRequired":true,"valueName":"search_term_string"}}],"inLanguage":"es"},{"@type":["Person","Organization"],"@id":"https:\/\/luchonoticias.com\/editor\/#\/schema\/person\/7a7fd911f58561fd056dbac7b55af9cd","name":"admin","image":{"@type":"ImageObject","inLanguage":"es","@id":"https:\/\/luchonoticias.com\/editor\/#\/schema\/person\/image\/","url":"https:\/\/luchonoticias.com\/editor\/wp-content\/uploads\/2024\/02\/cropped-cropped-logolu.webp","contentUrl":"https:\/\/luchonoticias.com\/editor\/wp-content\/uploads\/2024\/02\/cropped-cropped-logolu.webp","width":382,"height":170,"caption":"admin"},"logo":{"@id":"https:\/\/luchonoticias.com\/editor\/#\/schema\/person\/image\/"},"sameAs":["https:\/\/www.facebook.com\/luchonoticiasneiva"],"url":"https:\/\/luchonoticias.com\/editor\/author\/admin\/"}]}},"_links":{"self":[{"href":"https:\/\/luchonoticias.com\/editor\/wp-json\/wp\/v2\/posts\/43519","targetHints":{"allow":["GET"]}}],"collection":[{"href":"https:\/\/luchonoticias.com\/editor\/wp-json\/wp\/v2\/posts"}],"about":[{"href":"https:\/\/luchonoticias.com\/editor\/wp-json\/wp\/v2\/types\/post"}],"author":[{"embeddable":true,"href":"https:\/\/luchonoticias.com\/editor\/wp-json\/wp\/v2\/users\/1"}],"replies":[{"embeddable":true,"href":"https:\/\/luchonoticias.com\/editor\/wp-json\/wp\/v2\/comments?post=43519"}],"version-history":[{"count":0,"href":"https:\/\/luchonoticias.com\/editor\/wp-json\/wp\/v2\/posts\/43519\/revisions"}],"wp:attachment":[{"href":"https:\/\/luchonoticias.com\/editor\/wp-json\/wp\/v2\/media?parent=43519"}],"wp:term":[{"taxonomy":"category","embeddable":true,"href":"https:\/\/luchonoticias.com\/editor\/wp-json\/wp\/v2\/categories?post=43519"},{"taxonomy":"post_tag","embeddable":true,"href":"https:\/\/luchonoticias.com\/editor\/wp-json\/wp\/v2\/tags?post=43519"}],"curies":[{"name":"wp","href":"https:\/\/api.w.org\/{rel}","templated":true}]}}