{"id":43521,"date":"2023-01-04T09:04:38","date_gmt":"2023-01-04T14:04:38","guid":{"rendered":"https:\/\/luchonoticias.com\/?p=43521"},"modified":"2023-01-04T09:04:39","modified_gmt":"2023-01-04T14:04:39","slug":"arancel-del-35-por-ciento-al-calzado-extranjero-se-mantiene","status":"publish","type":"post","link":"https:\/\/luchonoticias.com\/editor\/arancel-del-35-por-ciento-al-calzado-extranjero-se-mantiene\/","title":{"rendered":"Arancel del 35 por ciento al calzado extranjero se mantiene"},"content":{"rendered":"\n<p>Impulsar el&nbsp;<strong>proceso de industrializaci\u00f3n del sector calzado<\/strong>&nbsp;y as\u00ed&nbsp;<strong>promover la productividad y la creaci\u00f3n de puestos de trabajo<\/strong>, son los objetivos que llevan al Gobierno del presidente Gustavo Petro a&nbsp;<strong>extender por tres a\u00f1os m\u00e1s el arancel del 35 % a la importaci\u00f3n de calzado<\/strong>, cuando se declaren por debajo o el mismo umbral establecido.<\/p>\n\n\n\n<p>De esta manera, a trav\u00e9s del&nbsp;<strong>Decreto 2632 del 30 de diciembre de 2022<\/strong>, se extienden hasta el 31 de diciembre del 2025 las medidas establecidas en el&nbsp;<strong>Decreto 2279 del 2019<\/strong>.<\/p>\n\n\n\n<p>As\u00ed, el par de zapatos que se sigan importando por un valor FOB inferior o igual a los umbrales establecidos entre 6 y 10 d\u00f3lares (dependiendo del tipo de calzado o de la subpartida arancelaria), pagar\u00e1n el arancel del 35 %.<\/p>\n\n\n\n<p>En el caso de las importaciones de la capellada (parte superior visible del calzado), se les aplicar\u00e1 el arancel establecido en el Decreto cuando el precio FOB declarado sea inferior o igual a 5 d\u00f3lares por kilo bruto.<\/p>\n\n\n\n<p>A las mercanc\u00edas que salgan hacia el territorio nacional desde una Zona de R\u00e9gimen Aduanero Especial, de una Zona Franca o de un Centro de Distribuci\u00f3n Log\u00edstica Internacional, se les aplicar\u00e1 el arancel en menci\u00f3n en el momento en que vayan a ser introducidas al resto del territorio aduanero nacional.<\/p>\n\n\n\n<p>El calzado que ingrese al territorio nacional procedente de los pa\u00edses con los que Colombia tiene acuerdos comerciales vigentes, est\u00e1 exento de esta medida.<\/p>\n\n\n\n<p>El&nbsp;<strong>ministro de Comercio, Industria y Turismo, Germ\u00e1n Uma\u00f1a<\/strong>, se\u00f1al\u00f3 que con esta medida tambi\u00e9n se busca impulsar los encadenamientos productivos que estimulen la producci\u00f3n nacional.<\/p>\n\n\n\n<p>\u201cSe trata de un sector que en su gran mayor\u00eda, m\u00e1s del 90 %, est\u00e1 compuesto por micro, peque\u00f1as y medianas empresas. Adem\u00e1s, es un gran generador de puestos de trabajo para el pa\u00eds, razones por las cuales se requiere mejorar las condiciones de mercado\u201d, dijo.<\/p>\n\n\n\n<p>La extensi\u00f3n de esta medida, que estuvo vigente hasta este 31 de diciembre del 2022, fue recomendada por el Comit\u00e9 de Asuntos Aduaneros, Arancelarios y de Comercio Exterior (Triple A).<\/p>\n","protected":false},"excerpt":{"rendered":"<p>Impulsar el&nbsp;proceso de industrializaci\u00f3n del sector calzado&nbsp;y as\u00ed&nbsp;promover la productividad y la creaci\u00f3n de puestos de trabajo, son los objetivos que llevan al Gobierno del presidente Gustavo Petro a&nbsp;extender por tres a\u00f1os m\u00e1s el arancel del 35 % a la importaci\u00f3n de calzado, cuando se declaren por debajo o el mismo umbral establecido. De esta [&hellip;]<\/p>\n","protected":false},"author":1,"featured_media":0,"comment_status":"open","ping_status":"open","sticky":false,"template":"","format":"standard","meta":{"footnotes":""},"categories":[28],"tags":[],"class_list":["post-43521","post","type-post","status-publish","format-standard","hentry","category-actualidad"],"yoast_head":"<!-- This site is optimized with the Yoast SEO plugin v26.6 - https:\/\/yoast.com\/wordpress\/plugins\/seo\/ -->\n<title>Arancel del 35 por ciento al calzado extranjero se mantiene -<\/title>\n<meta name=\"robots\" content=\"index, follow, max-snippet:-1, max-image-preview:large, max-video-preview:-1\" \/>\n<link rel=\"canonical\" href=\"https:\/\/luchonoticias.com\/editor\/arancel-del-35-por-ciento-al-calzado-extranjero-se-mantiene\/\" \/>\n<meta property=\"og:locale\" content=\"es_ES\" \/>\n<meta property=\"og:type\" content=\"article\" \/>\n<meta property=\"og:title\" content=\"Arancel del 35 por ciento al calzado extranjero se mantiene -\" \/>\n<meta property=\"og:url\" content=\"https:\/\/luchonoticias.com\/editor\/arancel-del-35-por-ciento-al-calzado-extranjero-se-mantiene\/\" \/>\n<meta property=\"article:publisher\" content=\"https:\/\/www.facebook.com\/luchonoticiasneiva\" \/>\n<meta property=\"article:author\" content=\"https:\/\/www.facebook.com\/luchonoticiasneiva\" \/>\n<meta property=\"article:published_time\" content=\"2023-01-04T14:04:38+00:00\" \/>\n<meta property=\"article:modified_time\" content=\"2023-01-04T14:04:39+00:00\" \/>\n<meta name=\"author\" content=\"admin\" \/>\n<meta name=\"twitter:card\" content=\"summary_large_image\" \/>\n<meta name=\"twitter:label1\" content=\"Escrito por\" \/>\n\t<meta name=\"twitter:data1\" content=\"admin\" \/>\n\t<meta name=\"twitter:label2\" content=\"Tiempo de lectura\" \/>\n\t<meta name=\"twitter:data2\" content=\"2 minutos\" \/>\n<script type=\"application\/ld+json\" class=\"yoast-schema-graph\">{\"@context\":\"https:\/\/schema.org\",\"@graph\":[{\"@type\":\"Article\",\"@id\":\"https:\/\/luchonoticias.com\/editor\/arancel-del-35-por-ciento-al-calzado-extranjero-se-mantiene\/#article\",\"isPartOf\":{\"@id\":\"https:\/\/luchonoticias.com\/editor\/arancel-del-35-por-ciento-al-calzado-extranjero-se-mantiene\/\"},\"author\":{\"name\":\"admin\",\"@id\":\"https:\/\/luchonoticias.com\/editor\/#\/schema\/person\/7a7fd911f58561fd056dbac7b55af9cd\"},\"headline\":\"Arancel del 35 por ciento al calzado extranjero se mantiene\",\"datePublished\":\"2023-01-04T14:04:38+00:00\",\"dateModified\":\"2023-01-04T14:04:39+00:00\",\"mainEntityOfPage\":{\"@id\":\"https:\/\/luchonoticias.com\/editor\/arancel-del-35-por-ciento-al-calzado-extranjero-se-mantiene\/\"},\"wordCount\":368,\"commentCount\":0,\"publisher\":{\"@id\":\"https:\/\/luchonoticias.com\/editor\/#\/schema\/person\/7a7fd911f58561fd056dbac7b55af9cd\"},\"articleSection\":[\"Actualidad\"],\"inLanguage\":\"es\",\"potentialAction\":[{\"@type\":\"CommentAction\",\"name\":\"Comment\",\"target\":[\"https:\/\/luchonoticias.com\/editor\/arancel-del-35-por-ciento-al-calzado-extranjero-se-mantiene\/#respond\"]}]},{\"@type\":\"WebPage\",\"@id\":\"https:\/\/luchonoticias.com\/editor\/arancel-del-35-por-ciento-al-calzado-extranjero-se-mantiene\/\",\"url\":\"https:\/\/luchonoticias.com\/editor\/arancel-del-35-por-ciento-al-calzado-extranjero-se-mantiene\/\",\"name\":\"Arancel del 35 por ciento al calzado extranjero se mantiene -\",\"isPartOf\":{\"@id\":\"https:\/\/luchonoticias.com\/editor\/#website\"},\"datePublished\":\"2023-01-04T14:04:38+00:00\",\"dateModified\":\"2023-01-04T14:04:39+00:00\",\"breadcrumb\":{\"@id\":\"https:\/\/luchonoticias.com\/editor\/arancel-del-35-por-ciento-al-calzado-extranjero-se-mantiene\/#breadcrumb\"},\"inLanguage\":\"es\",\"potentialAction\":[{\"@type\":\"ReadAction\",\"target\":[\"https:\/\/luchonoticias.com\/editor\/arancel-del-35-por-ciento-al-calzado-extranjero-se-mantiene\/\"]}]},{\"@type\":\"BreadcrumbList\",\"@id\":\"https:\/\/luchonoticias.com\/editor\/arancel-del-35-por-ciento-al-calzado-extranjero-se-mantiene\/#breadcrumb\",\"itemListElement\":[{\"@type\":\"ListItem\",\"position\":1,\"name\":\"Portada\",\"item\":\"https:\/\/luchonoticias.com\/editor\/\"},{\"@type\":\"ListItem\",\"position\":2,\"name\":\"Arancel del 35 por ciento al calzado extranjero se mantiene\"}]},{\"@type\":\"WebSite\",\"@id\":\"https:\/\/luchonoticias.com\/editor\/#website\",\"url\":\"https:\/\/luchonoticias.com\/editor\/\",\"name\":\"\",\"description\":\"\",\"publisher\":{\"@id\":\"https:\/\/luchonoticias.com\/editor\/#\/schema\/person\/7a7fd911f58561fd056dbac7b55af9cd\"},\"potentialAction\":[{\"@type\":\"SearchAction\",\"target\":{\"@type\":\"EntryPoint\",\"urlTemplate\":\"https:\/\/luchonoticias.com\/editor\/?s={search_term_string}\"},\"query-input\":{\"@type\":\"PropertyValueSpecification\",\"valueRequired\":true,\"valueName\":\"search_term_string\"}}],\"inLanguage\":\"es\"},{\"@type\":[\"Person\",\"Organization\"],\"@id\":\"https:\/\/luchonoticias.com\/editor\/#\/schema\/person\/7a7fd911f58561fd056dbac7b55af9cd\",\"name\":\"admin\",\"image\":{\"@type\":\"ImageObject\",\"inLanguage\":\"es\",\"@id\":\"https:\/\/luchonoticias.com\/editor\/#\/schema\/person\/image\/\",\"url\":\"https:\/\/luchonoticias.com\/editor\/wp-content\/uploads\/2024\/02\/cropped-cropped-logolu.webp\",\"contentUrl\":\"https:\/\/luchonoticias.com\/editor\/wp-content\/uploads\/2024\/02\/cropped-cropped-logolu.webp\",\"width\":382,\"height\":170,\"caption\":\"admin\"},\"logo\":{\"@id\":\"https:\/\/luchonoticias.com\/editor\/#\/schema\/person\/image\/\"},\"sameAs\":[\"https:\/\/www.facebook.com\/luchonoticiasneiva\"],\"url\":\"https:\/\/luchonoticias.com\/editor\/author\/admin\/\"}]}<\/script>\n<!-- \/ Yoast SEO plugin. -->","yoast_head_json":{"title":"Arancel del 35 por ciento al calzado extranjero se mantiene -","robots":{"index":"index","follow":"follow","max-snippet":"max-snippet:-1","max-image-preview":"max-image-preview:large","max-video-preview":"max-video-preview:-1"},"canonical":"https:\/\/luchonoticias.com\/editor\/arancel-del-35-por-ciento-al-calzado-extranjero-se-mantiene\/","og_locale":"es_ES","og_type":"article","og_title":"Arancel del 35 por ciento al calzado extranjero se mantiene -","og_url":"https:\/\/luchonoticias.com\/editor\/arancel-del-35-por-ciento-al-calzado-extranjero-se-mantiene\/","article_publisher":"https:\/\/www.facebook.com\/luchonoticiasneiva","article_author":"https:\/\/www.facebook.com\/luchonoticiasneiva","article_published_time":"2023-01-04T14:04:38+00:00","article_modified_time":"2023-01-04T14:04:39+00:00","author":"admin","twitter_card":"summary_large_image","twitter_misc":{"Escrito por":"admin","Tiempo de lectura":"2 minutos"},"schema":{"@context":"https:\/\/schema.org","@graph":[{"@type":"Article","@id":"https:\/\/luchonoticias.com\/editor\/arancel-del-35-por-ciento-al-calzado-extranjero-se-mantiene\/#article","isPartOf":{"@id":"https:\/\/luchonoticias.com\/editor\/arancel-del-35-por-ciento-al-calzado-extranjero-se-mantiene\/"},"author":{"name":"admin","@id":"https:\/\/luchonoticias.com\/editor\/#\/schema\/person\/7a7fd911f58561fd056dbac7b55af9cd"},"headline":"Arancel del 35 por ciento al calzado extranjero se mantiene","datePublished":"2023-01-04T14:04:38+00:00","dateModified":"2023-01-04T14:04:39+00:00","mainEntityOfPage":{"@id":"https:\/\/luchonoticias.com\/editor\/arancel-del-35-por-ciento-al-calzado-extranjero-se-mantiene\/"},"wordCount":368,"commentCount":0,"publisher":{"@id":"https:\/\/luchonoticias.com\/editor\/#\/schema\/person\/7a7fd911f58561fd056dbac7b55af9cd"},"articleSection":["Actualidad"],"inLanguage":"es","potentialAction":[{"@type":"CommentAction","name":"Comment","target":["https:\/\/luchonoticias.com\/editor\/arancel-del-35-por-ciento-al-calzado-extranjero-se-mantiene\/#respond"]}]},{"@type":"WebPage","@id":"https:\/\/luchonoticias.com\/editor\/arancel-del-35-por-ciento-al-calzado-extranjero-se-mantiene\/","url":"https:\/\/luchonoticias.com\/editor\/arancel-del-35-por-ciento-al-calzado-extranjero-se-mantiene\/","name":"Arancel del 35 por ciento al calzado extranjero se mantiene -","isPartOf":{"@id":"https:\/\/luchonoticias.com\/editor\/#website"},"datePublished":"2023-01-04T14:04:38+00:00","dateModified":"2023-01-04T14:04:39+00:00","breadcrumb":{"@id":"https:\/\/luchonoticias.com\/editor\/arancel-del-35-por-ciento-al-calzado-extranjero-se-mantiene\/#breadcrumb"},"inLanguage":"es","potentialAction":[{"@type":"ReadAction","target":["https:\/\/luchonoticias.com\/editor\/arancel-del-35-por-ciento-al-calzado-extranjero-se-mantiene\/"]}]},{"@type":"BreadcrumbList","@id":"https:\/\/luchonoticias.com\/editor\/arancel-del-35-por-ciento-al-calzado-extranjero-se-mantiene\/#breadcrumb","itemListElement":[{"@type":"ListItem","position":1,"name":"Portada","item":"https:\/\/luchonoticias.com\/editor\/"},{"@type":"ListItem","position":2,"name":"Arancel del 35 por ciento al calzado extranjero se mantiene"}]},{"@type":"WebSite","@id":"https:\/\/luchonoticias.com\/editor\/#website","url":"https:\/\/luchonoticias.com\/editor\/","name":"","description":"","publisher":{"@id":"https:\/\/luchonoticias.com\/editor\/#\/schema\/person\/7a7fd911f58561fd056dbac7b55af9cd"},"potentialAction":[{"@type":"SearchAction","target":{"@type":"EntryPoint","urlTemplate":"https:\/\/luchonoticias.com\/editor\/?s={search_term_string}"},"query-input":{"@type":"PropertyValueSpecification","valueRequired":true,"valueName":"search_term_string"}}],"inLanguage":"es"},{"@type":["Person","Organization"],"@id":"https:\/\/luchonoticias.com\/editor\/#\/schema\/person\/7a7fd911f58561fd056dbac7b55af9cd","name":"admin","image":{"@type":"ImageObject","inLanguage":"es","@id":"https:\/\/luchonoticias.com\/editor\/#\/schema\/person\/image\/","url":"https:\/\/luchonoticias.com\/editor\/wp-content\/uploads\/2024\/02\/cropped-cropped-logolu.webp","contentUrl":"https:\/\/luchonoticias.com\/editor\/wp-content\/uploads\/2024\/02\/cropped-cropped-logolu.webp","width":382,"height":170,"caption":"admin"},"logo":{"@id":"https:\/\/luchonoticias.com\/editor\/#\/schema\/person\/image\/"},"sameAs":["https:\/\/www.facebook.com\/luchonoticiasneiva"],"url":"https:\/\/luchonoticias.com\/editor\/author\/admin\/"}]}},"_links":{"self":[{"href":"https:\/\/luchonoticias.com\/editor\/wp-json\/wp\/v2\/posts\/43521","targetHints":{"allow":["GET"]}}],"collection":[{"href":"https:\/\/luchonoticias.com\/editor\/wp-json\/wp\/v2\/posts"}],"about":[{"href":"https:\/\/luchonoticias.com\/editor\/wp-json\/wp\/v2\/types\/post"}],"author":[{"embeddable":true,"href":"https:\/\/luchonoticias.com\/editor\/wp-json\/wp\/v2\/users\/1"}],"replies":[{"embeddable":true,"href":"https:\/\/luchonoticias.com\/editor\/wp-json\/wp\/v2\/comments?post=43521"}],"version-history":[{"count":0,"href":"https:\/\/luchonoticias.com\/editor\/wp-json\/wp\/v2\/posts\/43521\/revisions"}],"wp:attachment":[{"href":"https:\/\/luchonoticias.com\/editor\/wp-json\/wp\/v2\/media?parent=43521"}],"wp:term":[{"taxonomy":"category","embeddable":true,"href":"https:\/\/luchonoticias.com\/editor\/wp-json\/wp\/v2\/categories?post=43521"},{"taxonomy":"post_tag","embeddable":true,"href":"https:\/\/luchonoticias.com\/editor\/wp-json\/wp\/v2\/tags?post=43521"}],"curies":[{"name":"wp","href":"https:\/\/api.w.org\/{rel}","templated":true}]}}