{"id":43533,"date":"2023-01-04T09:09:32","date_gmt":"2023-01-04T14:09:32","guid":{"rendered":"https:\/\/luchonoticias.com\/?p=43533"},"modified":"2023-01-04T09:09:33","modified_gmt":"2023-01-04T14:09:33","slug":"ins-reporta-un-total-de-1-023-quemados-por-polvora-en-colombia","status":"publish","type":"post","link":"https:\/\/luchonoticias.com\/editor\/ins-reporta-un-total-de-1-023-quemados-por-polvora-en-colombia\/","title":{"rendered":"INS reporta un total de 1.023 quemados por p\u00f3lvora en Colombia\u00a0"},"content":{"rendered":"\n<p>El Instituto Nacional de Salud este martes 3 de enero, entreg\u00f3 el conglomerado de cifras de afectados por la manipulaci\u00f3n de productos de p\u00f3lvora durante diciembre de 2022 y lo corrido de 2023.<\/p>\n\n\n\n<p>El INS manifest\u00f3 que en los primeros d\u00edas de enero hab\u00eda entregado un recuento preliminar del total de lesionados por p\u00f3lvora durante la noche del 31 de diciembre de 2022 y el 1 de enero de 2023. Las cifras m\u00e1s actuales demostraron que hubo 396 personas afectadas.<\/p>\n\n\n\n<p>En total, en 31 d\u00edas de diciembre y tres que han pasado de enero, el instituto ha registrado 1.063 lesionados por p\u00f3lvora, lo que representa una variaci\u00f3n del -5,85 %. Esa diferencia corresponde a la comparaci\u00f3n de los casos con el periodo de vigilancia de 2021-2022, en el que hab\u00edan reportado 1.129 casos de quemados y afectados por estos productos.<\/p>\n\n\n\n<figure class=\"wp-block-image size-large\"><img decoding=\"async\" src=\"https:\/\/luchonoticias.com\/wp-content\/uploads\/2023\/01\/EILZJDS5UJFXZASMUF5CL2LPAI-1024x277.jpg\" alt=\"\" class=\"wp-image-43535\"\/><\/figure>\n\n\n\n<p>De acuerdo con el informe de este martes, 334 de los lesionados eran menores de edad y 45 de ellos estaban en compa\u00f1\u00eda de un adulto bajo los efectos del alcohol. Las 729 personas restantes eran mayores de 18 a\u00f1os, de las cuales 332 estaban en estado de embriaguez.<\/p>\n\n\n\n<p>El INS detall\u00f3 que durante las celebraciones se present\u00f3 una v\u00edctima mortal debido al empleo inadecuado de la p\u00f3lvora y el 91,8 % de los casos son quemaduras. De estos, el 63,9 % son por laceraci\u00f3n, el 26,8 % por contusi\u00f3n, el 9,4 % por amputaci\u00f3n, el 2,4 % por da\u00f1o auditivo y el 6,1 % por da\u00f1o ocular.<\/p>\n","protected":false},"excerpt":{"rendered":"<p>El Instituto Nacional de Salud este martes 3 de enero, entreg\u00f3 el conglomerado de cifras de afectados por la manipulaci\u00f3n de productos de p\u00f3lvora durante diciembre de 2022 y lo corrido de 2023. El INS manifest\u00f3 que en los primeros d\u00edas de enero hab\u00eda entregado un recuento preliminar del total de lesionados por p\u00f3lvora durante [&hellip;]<\/p>\n","protected":false},"author":1,"featured_media":0,"comment_status":"open","ping_status":"open","sticky":false,"template":"","format":"standard","meta":{"footnotes":""},"categories":[36,32],"tags":[],"class_list":["post-43533","post","type-post","status-publish","format-standard","hentry","category-destacado","category-nacional"],"yoast_head":"<!-- This site is optimized with the Yoast SEO plugin v26.6 - https:\/\/yoast.com\/wordpress\/plugins\/seo\/ -->\n<title>INS reporta un total de 1.023 quemados por p\u00f3lvora en Colombia\u00a0 -<\/title>\n<meta name=\"robots\" content=\"index, follow, max-snippet:-1, max-image-preview:large, max-video-preview:-1\" \/>\n<link rel=\"canonical\" href=\"https:\/\/luchonoticias.com\/editor\/ins-reporta-un-total-de-1-023-quemados-por-polvora-en-colombia\/\" \/>\n<meta property=\"og:locale\" content=\"es_ES\" \/>\n<meta property=\"og:type\" content=\"article\" \/>\n<meta property=\"og:title\" content=\"INS reporta un total de 1.023 quemados por p\u00f3lvora en Colombia\u00a0 -\" \/>\n<meta property=\"og:url\" content=\"https:\/\/luchonoticias.com\/editor\/ins-reporta-un-total-de-1-023-quemados-por-polvora-en-colombia\/\" \/>\n<meta property=\"article:publisher\" content=\"https:\/\/www.facebook.com\/luchonoticiasneiva\" \/>\n<meta property=\"article:author\" content=\"https:\/\/www.facebook.com\/luchonoticiasneiva\" \/>\n<meta property=\"article:published_time\" content=\"2023-01-04T14:09:32+00:00\" \/>\n<meta property=\"article:modified_time\" content=\"2023-01-04T14:09:33+00:00\" \/>\n<meta property=\"og:image\" content=\"https:\/\/luchonoticias.com\/wp-content\/uploads\/2023\/01\/EILZJDS5UJFXZASMUF5CL2LPAI-1024x277.jpg\" \/>\n<meta name=\"author\" content=\"admin\" \/>\n<meta name=\"twitter:card\" content=\"summary_large_image\" \/>\n<meta name=\"twitter:label1\" content=\"Escrito por\" \/>\n\t<meta name=\"twitter:data1\" content=\"admin\" \/>\n\t<meta name=\"twitter:label2\" content=\"Tiempo de lectura\" \/>\n\t<meta name=\"twitter:data2\" content=\"1 minuto\" \/>\n<script type=\"application\/ld+json\" class=\"yoast-schema-graph\">{\"@context\":\"https:\/\/schema.org\",\"@graph\":[{\"@type\":\"Article\",\"@id\":\"https:\/\/luchonoticias.com\/editor\/ins-reporta-un-total-de-1-023-quemados-por-polvora-en-colombia\/#article\",\"isPartOf\":{\"@id\":\"https:\/\/luchonoticias.com\/editor\/ins-reporta-un-total-de-1-023-quemados-por-polvora-en-colombia\/\"},\"author\":{\"name\":\"admin\",\"@id\":\"https:\/\/luchonoticias.com\/editor\/#\/schema\/person\/7a7fd911f58561fd056dbac7b55af9cd\"},\"headline\":\"INS reporta un total de 1.023 quemados por p\u00f3lvora en Colombia\u00a0\",\"datePublished\":\"2023-01-04T14:09:32+00:00\",\"dateModified\":\"2023-01-04T14:09:33+00:00\",\"mainEntityOfPage\":{\"@id\":\"https:\/\/luchonoticias.com\/editor\/ins-reporta-un-total-de-1-023-quemados-por-polvora-en-colombia\/\"},\"wordCount\":250,\"commentCount\":0,\"publisher\":{\"@id\":\"https:\/\/luchonoticias.com\/editor\/#\/schema\/person\/7a7fd911f58561fd056dbac7b55af9cd\"},\"image\":{\"@id\":\"https:\/\/luchonoticias.com\/editor\/ins-reporta-un-total-de-1-023-quemados-por-polvora-en-colombia\/#primaryimage\"},\"thumbnailUrl\":\"https:\/\/luchonoticias.com\/wp-content\/uploads\/2023\/01\/EILZJDS5UJFXZASMUF5CL2LPAI-1024x277.jpg\",\"articleSection\":[\"Destacado\",\"Nacional\"],\"inLanguage\":\"es\",\"potentialAction\":[{\"@type\":\"CommentAction\",\"name\":\"Comment\",\"target\":[\"https:\/\/luchonoticias.com\/editor\/ins-reporta-un-total-de-1-023-quemados-por-polvora-en-colombia\/#respond\"]}]},{\"@type\":\"WebPage\",\"@id\":\"https:\/\/luchonoticias.com\/editor\/ins-reporta-un-total-de-1-023-quemados-por-polvora-en-colombia\/\",\"url\":\"https:\/\/luchonoticias.com\/editor\/ins-reporta-un-total-de-1-023-quemados-por-polvora-en-colombia\/\",\"name\":\"INS reporta un total de 1.023 quemados por p\u00f3lvora en Colombia\u00a0 -\",\"isPartOf\":{\"@id\":\"https:\/\/luchonoticias.com\/editor\/#website\"},\"primaryImageOfPage\":{\"@id\":\"https:\/\/luchonoticias.com\/editor\/ins-reporta-un-total-de-1-023-quemados-por-polvora-en-colombia\/#primaryimage\"},\"image\":{\"@id\":\"https:\/\/luchonoticias.com\/editor\/ins-reporta-un-total-de-1-023-quemados-por-polvora-en-colombia\/#primaryimage\"},\"thumbnailUrl\":\"https:\/\/luchonoticias.com\/wp-content\/uploads\/2023\/01\/EILZJDS5UJFXZASMUF5CL2LPAI-1024x277.jpg\",\"datePublished\":\"2023-01-04T14:09:32+00:00\",\"dateModified\":\"2023-01-04T14:09:33+00:00\",\"breadcrumb\":{\"@id\":\"https:\/\/luchonoticias.com\/editor\/ins-reporta-un-total-de-1-023-quemados-por-polvora-en-colombia\/#breadcrumb\"},\"inLanguage\":\"es\",\"potentialAction\":[{\"@type\":\"ReadAction\",\"target\":[\"https:\/\/luchonoticias.com\/editor\/ins-reporta-un-total-de-1-023-quemados-por-polvora-en-colombia\/\"]}]},{\"@type\":\"ImageObject\",\"inLanguage\":\"es\",\"@id\":\"https:\/\/luchonoticias.com\/editor\/ins-reporta-un-total-de-1-023-quemados-por-polvora-en-colombia\/#primaryimage\",\"url\":\"https:\/\/luchonoticias.com\/wp-content\/uploads\/2023\/01\/EILZJDS5UJFXZASMUF5CL2LPAI-1024x277.jpg\",\"contentUrl\":\"https:\/\/luchonoticias.com\/wp-content\/uploads\/2023\/01\/EILZJDS5UJFXZASMUF5CL2LPAI-1024x277.jpg\"},{\"@type\":\"BreadcrumbList\",\"@id\":\"https:\/\/luchonoticias.com\/editor\/ins-reporta-un-total-de-1-023-quemados-por-polvora-en-colombia\/#breadcrumb\",\"itemListElement\":[{\"@type\":\"ListItem\",\"position\":1,\"name\":\"Portada\",\"item\":\"https:\/\/luchonoticias.com\/editor\/\"},{\"@type\":\"ListItem\",\"position\":2,\"name\":\"INS reporta un total de 1.023 quemados por p\u00f3lvora en Colombia\u00a0\"}]},{\"@type\":\"WebSite\",\"@id\":\"https:\/\/luchonoticias.com\/editor\/#website\",\"url\":\"https:\/\/luchonoticias.com\/editor\/\",\"name\":\"\",\"description\":\"\",\"publisher\":{\"@id\":\"https:\/\/luchonoticias.com\/editor\/#\/schema\/person\/7a7fd911f58561fd056dbac7b55af9cd\"},\"potentialAction\":[{\"@type\":\"SearchAction\",\"target\":{\"@type\":\"EntryPoint\",\"urlTemplate\":\"https:\/\/luchonoticias.com\/editor\/?s={search_term_string}\"},\"query-input\":{\"@type\":\"PropertyValueSpecification\",\"valueRequired\":true,\"valueName\":\"search_term_string\"}}],\"inLanguage\":\"es\"},{\"@type\":[\"Person\",\"Organization\"],\"@id\":\"https:\/\/luchonoticias.com\/editor\/#\/schema\/person\/7a7fd911f58561fd056dbac7b55af9cd\",\"name\":\"admin\",\"image\":{\"@type\":\"ImageObject\",\"inLanguage\":\"es\",\"@id\":\"https:\/\/luchonoticias.com\/editor\/#\/schema\/person\/image\/\",\"url\":\"https:\/\/luchonoticias.com\/editor\/wp-content\/uploads\/2024\/02\/cropped-cropped-logolu.webp\",\"contentUrl\":\"https:\/\/luchonoticias.com\/editor\/wp-content\/uploads\/2024\/02\/cropped-cropped-logolu.webp\",\"width\":382,\"height\":170,\"caption\":\"admin\"},\"logo\":{\"@id\":\"https:\/\/luchonoticias.com\/editor\/#\/schema\/person\/image\/\"},\"sameAs\":[\"https:\/\/www.facebook.com\/luchonoticiasneiva\"],\"url\":\"https:\/\/luchonoticias.com\/editor\/author\/admin\/\"}]}<\/script>\n<!-- \/ Yoast SEO plugin. -->","yoast_head_json":{"title":"INS reporta un total de 1.023 quemados por p\u00f3lvora en Colombia\u00a0 -","robots":{"index":"index","follow":"follow","max-snippet":"max-snippet:-1","max-image-preview":"max-image-preview:large","max-video-preview":"max-video-preview:-1"},"canonical":"https:\/\/luchonoticias.com\/editor\/ins-reporta-un-total-de-1-023-quemados-por-polvora-en-colombia\/","og_locale":"es_ES","og_type":"article","og_title":"INS reporta un total de 1.023 quemados por p\u00f3lvora en Colombia\u00a0 -","og_url":"https:\/\/luchonoticias.com\/editor\/ins-reporta-un-total-de-1-023-quemados-por-polvora-en-colombia\/","article_publisher":"https:\/\/www.facebook.com\/luchonoticiasneiva","article_author":"https:\/\/www.facebook.com\/luchonoticiasneiva","article_published_time":"2023-01-04T14:09:32+00:00","article_modified_time":"2023-01-04T14:09:33+00:00","og_image":[{"url":"https:\/\/luchonoticias.com\/wp-content\/uploads\/2023\/01\/EILZJDS5UJFXZASMUF5CL2LPAI-1024x277.jpg","type":"","width":"","height":""}],"author":"admin","twitter_card":"summary_large_image","twitter_misc":{"Escrito por":"admin","Tiempo de lectura":"1 minuto"},"schema":{"@context":"https:\/\/schema.org","@graph":[{"@type":"Article","@id":"https:\/\/luchonoticias.com\/editor\/ins-reporta-un-total-de-1-023-quemados-por-polvora-en-colombia\/#article","isPartOf":{"@id":"https:\/\/luchonoticias.com\/editor\/ins-reporta-un-total-de-1-023-quemados-por-polvora-en-colombia\/"},"author":{"name":"admin","@id":"https:\/\/luchonoticias.com\/editor\/#\/schema\/person\/7a7fd911f58561fd056dbac7b55af9cd"},"headline":"INS reporta un total de 1.023 quemados por p\u00f3lvora en Colombia\u00a0","datePublished":"2023-01-04T14:09:32+00:00","dateModified":"2023-01-04T14:09:33+00:00","mainEntityOfPage":{"@id":"https:\/\/luchonoticias.com\/editor\/ins-reporta-un-total-de-1-023-quemados-por-polvora-en-colombia\/"},"wordCount":250,"commentCount":0,"publisher":{"@id":"https:\/\/luchonoticias.com\/editor\/#\/schema\/person\/7a7fd911f58561fd056dbac7b55af9cd"},"image":{"@id":"https:\/\/luchonoticias.com\/editor\/ins-reporta-un-total-de-1-023-quemados-por-polvora-en-colombia\/#primaryimage"},"thumbnailUrl":"https:\/\/luchonoticias.com\/wp-content\/uploads\/2023\/01\/EILZJDS5UJFXZASMUF5CL2LPAI-1024x277.jpg","articleSection":["Destacado","Nacional"],"inLanguage":"es","potentialAction":[{"@type":"CommentAction","name":"Comment","target":["https:\/\/luchonoticias.com\/editor\/ins-reporta-un-total-de-1-023-quemados-por-polvora-en-colombia\/#respond"]}]},{"@type":"WebPage","@id":"https:\/\/luchonoticias.com\/editor\/ins-reporta-un-total-de-1-023-quemados-por-polvora-en-colombia\/","url":"https:\/\/luchonoticias.com\/editor\/ins-reporta-un-total-de-1-023-quemados-por-polvora-en-colombia\/","name":"INS reporta un total de 1.023 quemados por p\u00f3lvora en Colombia\u00a0 -","isPartOf":{"@id":"https:\/\/luchonoticias.com\/editor\/#website"},"primaryImageOfPage":{"@id":"https:\/\/luchonoticias.com\/editor\/ins-reporta-un-total-de-1-023-quemados-por-polvora-en-colombia\/#primaryimage"},"image":{"@id":"https:\/\/luchonoticias.com\/editor\/ins-reporta-un-total-de-1-023-quemados-por-polvora-en-colombia\/#primaryimage"},"thumbnailUrl":"https:\/\/luchonoticias.com\/wp-content\/uploads\/2023\/01\/EILZJDS5UJFXZASMUF5CL2LPAI-1024x277.jpg","datePublished":"2023-01-04T14:09:32+00:00","dateModified":"2023-01-04T14:09:33+00:00","breadcrumb":{"@id":"https:\/\/luchonoticias.com\/editor\/ins-reporta-un-total-de-1-023-quemados-por-polvora-en-colombia\/#breadcrumb"},"inLanguage":"es","potentialAction":[{"@type":"ReadAction","target":["https:\/\/luchonoticias.com\/editor\/ins-reporta-un-total-de-1-023-quemados-por-polvora-en-colombia\/"]}]},{"@type":"ImageObject","inLanguage":"es","@id":"https:\/\/luchonoticias.com\/editor\/ins-reporta-un-total-de-1-023-quemados-por-polvora-en-colombia\/#primaryimage","url":"https:\/\/luchonoticias.com\/wp-content\/uploads\/2023\/01\/EILZJDS5UJFXZASMUF5CL2LPAI-1024x277.jpg","contentUrl":"https:\/\/luchonoticias.com\/wp-content\/uploads\/2023\/01\/EILZJDS5UJFXZASMUF5CL2LPAI-1024x277.jpg"},{"@type":"BreadcrumbList","@id":"https:\/\/luchonoticias.com\/editor\/ins-reporta-un-total-de-1-023-quemados-por-polvora-en-colombia\/#breadcrumb","itemListElement":[{"@type":"ListItem","position":1,"name":"Portada","item":"https:\/\/luchonoticias.com\/editor\/"},{"@type":"ListItem","position":2,"name":"INS reporta un total de 1.023 quemados por p\u00f3lvora en Colombia\u00a0"}]},{"@type":"WebSite","@id":"https:\/\/luchonoticias.com\/editor\/#website","url":"https:\/\/luchonoticias.com\/editor\/","name":"","description":"","publisher":{"@id":"https:\/\/luchonoticias.com\/editor\/#\/schema\/person\/7a7fd911f58561fd056dbac7b55af9cd"},"potentialAction":[{"@type":"SearchAction","target":{"@type":"EntryPoint","urlTemplate":"https:\/\/luchonoticias.com\/editor\/?s={search_term_string}"},"query-input":{"@type":"PropertyValueSpecification","valueRequired":true,"valueName":"search_term_string"}}],"inLanguage":"es"},{"@type":["Person","Organization"],"@id":"https:\/\/luchonoticias.com\/editor\/#\/schema\/person\/7a7fd911f58561fd056dbac7b55af9cd","name":"admin","image":{"@type":"ImageObject","inLanguage":"es","@id":"https:\/\/luchonoticias.com\/editor\/#\/schema\/person\/image\/","url":"https:\/\/luchonoticias.com\/editor\/wp-content\/uploads\/2024\/02\/cropped-cropped-logolu.webp","contentUrl":"https:\/\/luchonoticias.com\/editor\/wp-content\/uploads\/2024\/02\/cropped-cropped-logolu.webp","width":382,"height":170,"caption":"admin"},"logo":{"@id":"https:\/\/luchonoticias.com\/editor\/#\/schema\/person\/image\/"},"sameAs":["https:\/\/www.facebook.com\/luchonoticiasneiva"],"url":"https:\/\/luchonoticias.com\/editor\/author\/admin\/"}]}},"_links":{"self":[{"href":"https:\/\/luchonoticias.com\/editor\/wp-json\/wp\/v2\/posts\/43533","targetHints":{"allow":["GET"]}}],"collection":[{"href":"https:\/\/luchonoticias.com\/editor\/wp-json\/wp\/v2\/posts"}],"about":[{"href":"https:\/\/luchonoticias.com\/editor\/wp-json\/wp\/v2\/types\/post"}],"author":[{"embeddable":true,"href":"https:\/\/luchonoticias.com\/editor\/wp-json\/wp\/v2\/users\/1"}],"replies":[{"embeddable":true,"href":"https:\/\/luchonoticias.com\/editor\/wp-json\/wp\/v2\/comments?post=43533"}],"version-history":[{"count":0,"href":"https:\/\/luchonoticias.com\/editor\/wp-json\/wp\/v2\/posts\/43533\/revisions"}],"wp:attachment":[{"href":"https:\/\/luchonoticias.com\/editor\/wp-json\/wp\/v2\/media?parent=43533"}],"wp:term":[{"taxonomy":"category","embeddable":true,"href":"https:\/\/luchonoticias.com\/editor\/wp-json\/wp\/v2\/categories?post=43533"},{"taxonomy":"post_tag","embeddable":true,"href":"https:\/\/luchonoticias.com\/editor\/wp-json\/wp\/v2\/tags?post=43533"}],"curies":[{"name":"wp","href":"https:\/\/api.w.org\/{rel}","templated":true}]}}