{"id":43547,"date":"2023-01-04T13:00:42","date_gmt":"2023-01-04T18:00:42","guid":{"rendered":"https:\/\/luchonoticias.com\/?p=43547"},"modified":"2023-01-04T13:00:43","modified_gmt":"2023-01-04T18:00:43","slug":"desaparecidos-madre-y-sus-tres-hijos-en-rivera-huila","status":"publish","type":"post","link":"https:\/\/luchonoticias.com\/editor\/desaparecidos-madre-y-sus-tres-hijos-en-rivera-huila\/","title":{"rendered":"Desaparecidos madre y sus tres hijos en Rivera, Huila"},"content":{"rendered":"\n<p>En un misterio se ha convertido el paradero Yenny Hasleidy Saavedra Medina y sus tres hijos, menores de edad, seg\u00fan lo establecido la mujer fue vista por \u00faltima vez en su lugar de residencia, donde resid\u00eda desde hace varios a\u00f1os, es el municipio de Rivera, en el nororiente del departamento del Huila.<\/p>\n\n\n\n<p>Seg\u00fan las versiones entregadas por sus familiares, no se tienen noticia de ella y sus hijos desde la ma\u00f1ana del pasado dos de enero.<\/p>\n\n\n\n<p>Asimismo, se conoci\u00f3 que la mujer no ten\u00eda programado viaje o desplazamiento, por lo que se cree fueron raptados. Si alguien los ha visto o tiene noticias de su paradero, puede llamar a los tel\u00e9fonos 321 438 2777 \u2013 312 337 9465 o dar aviso a la Polic\u00eda Nacional.<\/p>\n","protected":false},"excerpt":{"rendered":"<p>En un misterio se ha convertido el paradero Yenny Hasleidy Saavedra Medina y sus tres hijos, menores de edad, seg\u00fan lo establecido la mujer fue vista por \u00faltima vez en su lugar de residencia, donde resid\u00eda desde hace varios a\u00f1os, es el municipio de Rivera, en el nororiente del departamento del Huila. Seg\u00fan las versiones [&hellip;]<\/p>\n","protected":false},"author":1,"featured_media":0,"comment_status":"open","ping_status":"open","sticky":false,"template":"","format":"standard","meta":{"footnotes":""},"categories":[36,29],"tags":[],"class_list":["post-43547","post","type-post","status-publish","format-standard","hentry","category-destacado","category-judicial"],"yoast_head":"<!-- This site is optimized with the Yoast SEO plugin v26.6 - https:\/\/yoast.com\/wordpress\/plugins\/seo\/ -->\n<title>Desaparecidos madre y sus tres hijos en Rivera, Huila -<\/title>\n<meta name=\"robots\" content=\"index, follow, max-snippet:-1, max-image-preview:large, max-video-preview:-1\" \/>\n<link rel=\"canonical\" href=\"https:\/\/luchonoticias.com\/editor\/desaparecidos-madre-y-sus-tres-hijos-en-rivera-huila\/\" \/>\n<meta property=\"og:locale\" content=\"es_ES\" \/>\n<meta property=\"og:type\" content=\"article\" \/>\n<meta property=\"og:title\" content=\"Desaparecidos madre y sus tres hijos en Rivera, Huila -\" \/>\n<meta property=\"og:url\" content=\"https:\/\/luchonoticias.com\/editor\/desaparecidos-madre-y-sus-tres-hijos-en-rivera-huila\/\" \/>\n<meta property=\"article:publisher\" content=\"https:\/\/www.facebook.com\/luchonoticiasneiva\" \/>\n<meta property=\"article:author\" content=\"https:\/\/www.facebook.com\/luchonoticiasneiva\" \/>\n<meta property=\"article:published_time\" content=\"2023-01-04T18:00:42+00:00\" \/>\n<meta property=\"article:modified_time\" content=\"2023-01-04T18:00:43+00:00\" \/>\n<meta name=\"author\" content=\"admin\" \/>\n<meta name=\"twitter:card\" content=\"summary_large_image\" \/>\n<meta name=\"twitter:label1\" content=\"Escrito por\" \/>\n\t<meta name=\"twitter:data1\" content=\"admin\" \/>\n\t<meta name=\"twitter:label2\" content=\"Tiempo de lectura\" \/>\n\t<meta name=\"twitter:data2\" content=\"1 minuto\" \/>\n<script type=\"application\/ld+json\" class=\"yoast-schema-graph\">{\"@context\":\"https:\/\/schema.org\",\"@graph\":[{\"@type\":\"Article\",\"@id\":\"https:\/\/luchonoticias.com\/editor\/desaparecidos-madre-y-sus-tres-hijos-en-rivera-huila\/#article\",\"isPartOf\":{\"@id\":\"https:\/\/luchonoticias.com\/editor\/desaparecidos-madre-y-sus-tres-hijos-en-rivera-huila\/\"},\"author\":{\"name\":\"admin\",\"@id\":\"https:\/\/luchonoticias.com\/editor\/#\/schema\/person\/7a7fd911f58561fd056dbac7b55af9cd\"},\"headline\":\"Desaparecidos madre y sus tres hijos en Rivera, Huila\",\"datePublished\":\"2023-01-04T18:00:42+00:00\",\"dateModified\":\"2023-01-04T18:00:43+00:00\",\"mainEntityOfPage\":{\"@id\":\"https:\/\/luchonoticias.com\/editor\/desaparecidos-madre-y-sus-tres-hijos-en-rivera-huila\/\"},\"wordCount\":135,\"commentCount\":0,\"publisher\":{\"@id\":\"https:\/\/luchonoticias.com\/editor\/#\/schema\/person\/7a7fd911f58561fd056dbac7b55af9cd\"},\"articleSection\":[\"Destacado\",\"Judicial\"],\"inLanguage\":\"es\",\"potentialAction\":[{\"@type\":\"CommentAction\",\"name\":\"Comment\",\"target\":[\"https:\/\/luchonoticias.com\/editor\/desaparecidos-madre-y-sus-tres-hijos-en-rivera-huila\/#respond\"]}]},{\"@type\":\"WebPage\",\"@id\":\"https:\/\/luchonoticias.com\/editor\/desaparecidos-madre-y-sus-tres-hijos-en-rivera-huila\/\",\"url\":\"https:\/\/luchonoticias.com\/editor\/desaparecidos-madre-y-sus-tres-hijos-en-rivera-huila\/\",\"name\":\"Desaparecidos madre y sus tres hijos en Rivera, Huila -\",\"isPartOf\":{\"@id\":\"https:\/\/luchonoticias.com\/editor\/#website\"},\"datePublished\":\"2023-01-04T18:00:42+00:00\",\"dateModified\":\"2023-01-04T18:00:43+00:00\",\"breadcrumb\":{\"@id\":\"https:\/\/luchonoticias.com\/editor\/desaparecidos-madre-y-sus-tres-hijos-en-rivera-huila\/#breadcrumb\"},\"inLanguage\":\"es\",\"potentialAction\":[{\"@type\":\"ReadAction\",\"target\":[\"https:\/\/luchonoticias.com\/editor\/desaparecidos-madre-y-sus-tres-hijos-en-rivera-huila\/\"]}]},{\"@type\":\"BreadcrumbList\",\"@id\":\"https:\/\/luchonoticias.com\/editor\/desaparecidos-madre-y-sus-tres-hijos-en-rivera-huila\/#breadcrumb\",\"itemListElement\":[{\"@type\":\"ListItem\",\"position\":1,\"name\":\"Portada\",\"item\":\"https:\/\/luchonoticias.com\/editor\/\"},{\"@type\":\"ListItem\",\"position\":2,\"name\":\"Desaparecidos madre y sus tres hijos en Rivera, Huila\"}]},{\"@type\":\"WebSite\",\"@id\":\"https:\/\/luchonoticias.com\/editor\/#website\",\"url\":\"https:\/\/luchonoticias.com\/editor\/\",\"name\":\"\",\"description\":\"\",\"publisher\":{\"@id\":\"https:\/\/luchonoticias.com\/editor\/#\/schema\/person\/7a7fd911f58561fd056dbac7b55af9cd\"},\"potentialAction\":[{\"@type\":\"SearchAction\",\"target\":{\"@type\":\"EntryPoint\",\"urlTemplate\":\"https:\/\/luchonoticias.com\/editor\/?s={search_term_string}\"},\"query-input\":{\"@type\":\"PropertyValueSpecification\",\"valueRequired\":true,\"valueName\":\"search_term_string\"}}],\"inLanguage\":\"es\"},{\"@type\":[\"Person\",\"Organization\"],\"@id\":\"https:\/\/luchonoticias.com\/editor\/#\/schema\/person\/7a7fd911f58561fd056dbac7b55af9cd\",\"name\":\"admin\",\"image\":{\"@type\":\"ImageObject\",\"inLanguage\":\"es\",\"@id\":\"https:\/\/luchonoticias.com\/editor\/#\/schema\/person\/image\/\",\"url\":\"https:\/\/luchonoticias.com\/editor\/wp-content\/uploads\/2024\/02\/cropped-cropped-logolu.webp\",\"contentUrl\":\"https:\/\/luchonoticias.com\/editor\/wp-content\/uploads\/2024\/02\/cropped-cropped-logolu.webp\",\"width\":382,\"height\":170,\"caption\":\"admin\"},\"logo\":{\"@id\":\"https:\/\/luchonoticias.com\/editor\/#\/schema\/person\/image\/\"},\"sameAs\":[\"https:\/\/www.facebook.com\/luchonoticiasneiva\"],\"url\":\"https:\/\/luchonoticias.com\/editor\/author\/admin\/\"}]}<\/script>\n<!-- \/ Yoast SEO plugin. -->","yoast_head_json":{"title":"Desaparecidos madre y sus tres hijos en Rivera, Huila -","robots":{"index":"index","follow":"follow","max-snippet":"max-snippet:-1","max-image-preview":"max-image-preview:large","max-video-preview":"max-video-preview:-1"},"canonical":"https:\/\/luchonoticias.com\/editor\/desaparecidos-madre-y-sus-tres-hijos-en-rivera-huila\/","og_locale":"es_ES","og_type":"article","og_title":"Desaparecidos madre y sus tres hijos en Rivera, Huila -","og_url":"https:\/\/luchonoticias.com\/editor\/desaparecidos-madre-y-sus-tres-hijos-en-rivera-huila\/","article_publisher":"https:\/\/www.facebook.com\/luchonoticiasneiva","article_author":"https:\/\/www.facebook.com\/luchonoticiasneiva","article_published_time":"2023-01-04T18:00:42+00:00","article_modified_time":"2023-01-04T18:00:43+00:00","author":"admin","twitter_card":"summary_large_image","twitter_misc":{"Escrito por":"admin","Tiempo de lectura":"1 minuto"},"schema":{"@context":"https:\/\/schema.org","@graph":[{"@type":"Article","@id":"https:\/\/luchonoticias.com\/editor\/desaparecidos-madre-y-sus-tres-hijos-en-rivera-huila\/#article","isPartOf":{"@id":"https:\/\/luchonoticias.com\/editor\/desaparecidos-madre-y-sus-tres-hijos-en-rivera-huila\/"},"author":{"name":"admin","@id":"https:\/\/luchonoticias.com\/editor\/#\/schema\/person\/7a7fd911f58561fd056dbac7b55af9cd"},"headline":"Desaparecidos madre y sus tres hijos en Rivera, Huila","datePublished":"2023-01-04T18:00:42+00:00","dateModified":"2023-01-04T18:00:43+00:00","mainEntityOfPage":{"@id":"https:\/\/luchonoticias.com\/editor\/desaparecidos-madre-y-sus-tres-hijos-en-rivera-huila\/"},"wordCount":135,"commentCount":0,"publisher":{"@id":"https:\/\/luchonoticias.com\/editor\/#\/schema\/person\/7a7fd911f58561fd056dbac7b55af9cd"},"articleSection":["Destacado","Judicial"],"inLanguage":"es","potentialAction":[{"@type":"CommentAction","name":"Comment","target":["https:\/\/luchonoticias.com\/editor\/desaparecidos-madre-y-sus-tres-hijos-en-rivera-huila\/#respond"]}]},{"@type":"WebPage","@id":"https:\/\/luchonoticias.com\/editor\/desaparecidos-madre-y-sus-tres-hijos-en-rivera-huila\/","url":"https:\/\/luchonoticias.com\/editor\/desaparecidos-madre-y-sus-tres-hijos-en-rivera-huila\/","name":"Desaparecidos madre y sus tres hijos en Rivera, Huila -","isPartOf":{"@id":"https:\/\/luchonoticias.com\/editor\/#website"},"datePublished":"2023-01-04T18:00:42+00:00","dateModified":"2023-01-04T18:00:43+00:00","breadcrumb":{"@id":"https:\/\/luchonoticias.com\/editor\/desaparecidos-madre-y-sus-tres-hijos-en-rivera-huila\/#breadcrumb"},"inLanguage":"es","potentialAction":[{"@type":"ReadAction","target":["https:\/\/luchonoticias.com\/editor\/desaparecidos-madre-y-sus-tres-hijos-en-rivera-huila\/"]}]},{"@type":"BreadcrumbList","@id":"https:\/\/luchonoticias.com\/editor\/desaparecidos-madre-y-sus-tres-hijos-en-rivera-huila\/#breadcrumb","itemListElement":[{"@type":"ListItem","position":1,"name":"Portada","item":"https:\/\/luchonoticias.com\/editor\/"},{"@type":"ListItem","position":2,"name":"Desaparecidos madre y sus tres hijos en Rivera, Huila"}]},{"@type":"WebSite","@id":"https:\/\/luchonoticias.com\/editor\/#website","url":"https:\/\/luchonoticias.com\/editor\/","name":"","description":"","publisher":{"@id":"https:\/\/luchonoticias.com\/editor\/#\/schema\/person\/7a7fd911f58561fd056dbac7b55af9cd"},"potentialAction":[{"@type":"SearchAction","target":{"@type":"EntryPoint","urlTemplate":"https:\/\/luchonoticias.com\/editor\/?s={search_term_string}"},"query-input":{"@type":"PropertyValueSpecification","valueRequired":true,"valueName":"search_term_string"}}],"inLanguage":"es"},{"@type":["Person","Organization"],"@id":"https:\/\/luchonoticias.com\/editor\/#\/schema\/person\/7a7fd911f58561fd056dbac7b55af9cd","name":"admin","image":{"@type":"ImageObject","inLanguage":"es","@id":"https:\/\/luchonoticias.com\/editor\/#\/schema\/person\/image\/","url":"https:\/\/luchonoticias.com\/editor\/wp-content\/uploads\/2024\/02\/cropped-cropped-logolu.webp","contentUrl":"https:\/\/luchonoticias.com\/editor\/wp-content\/uploads\/2024\/02\/cropped-cropped-logolu.webp","width":382,"height":170,"caption":"admin"},"logo":{"@id":"https:\/\/luchonoticias.com\/editor\/#\/schema\/person\/image\/"},"sameAs":["https:\/\/www.facebook.com\/luchonoticiasneiva"],"url":"https:\/\/luchonoticias.com\/editor\/author\/admin\/"}]}},"_links":{"self":[{"href":"https:\/\/luchonoticias.com\/editor\/wp-json\/wp\/v2\/posts\/43547","targetHints":{"allow":["GET"]}}],"collection":[{"href":"https:\/\/luchonoticias.com\/editor\/wp-json\/wp\/v2\/posts"}],"about":[{"href":"https:\/\/luchonoticias.com\/editor\/wp-json\/wp\/v2\/types\/post"}],"author":[{"embeddable":true,"href":"https:\/\/luchonoticias.com\/editor\/wp-json\/wp\/v2\/users\/1"}],"replies":[{"embeddable":true,"href":"https:\/\/luchonoticias.com\/editor\/wp-json\/wp\/v2\/comments?post=43547"}],"version-history":[{"count":0,"href":"https:\/\/luchonoticias.com\/editor\/wp-json\/wp\/v2\/posts\/43547\/revisions"}],"wp:attachment":[{"href":"https:\/\/luchonoticias.com\/editor\/wp-json\/wp\/v2\/media?parent=43547"}],"wp:term":[{"taxonomy":"category","embeddable":true,"href":"https:\/\/luchonoticias.com\/editor\/wp-json\/wp\/v2\/categories?post=43547"},{"taxonomy":"post_tag","embeddable":true,"href":"https:\/\/luchonoticias.com\/editor\/wp-json\/wp\/v2\/tags?post=43547"}],"curies":[{"name":"wp","href":"https:\/\/api.w.org\/{rel}","templated":true}]}}