{"id":43649,"date":"2023-01-06T05:46:26","date_gmt":"2023-01-06T10:46:26","guid":{"rendered":"https:\/\/luchonoticias.com\/?p=43649"},"modified":"2023-01-06T05:46:27","modified_gmt":"2023-01-06T10:46:27","slug":"capturados-dos-sujetos-por-porte-ilegal-de-armas-de-fuego-al-sur-de-neiva","status":"publish","type":"post","link":"https:\/\/luchonoticias.com\/editor\/capturados-dos-sujetos-por-porte-ilegal-de-armas-de-fuego-al-sur-de-neiva\/","title":{"rendered":"Capturados dos sujetos por porte ilegal de armas de fuego al sur de Neiva"},"content":{"rendered":"\n<p>La Polic\u00eda Nacional en desarrollo del Plan Choque logr\u00f3 en las \u00faltimas horas la captura en flagrancia de dos personas, quienes al momentos de realizarle una requisa por parte de los uniformados, les fueron hallados ambos con armas de fuego ilegales.<\/p>\n\n\n\n<p>\u201cEs as\u00ed como uniformados adscritos al Grupo\u00a0 de la Fuerza Disponible \u00abF\u00c9NIX\u00bb, mediante planes de registro y control, sobre la carrera 28 c con calle 10 sur barrio Jos\u00e9 Antonio Gal\u00e1n, logran la captura en flagrancia de\u00a0 Jonathan G\u00f3mez Oliveros de 21 a\u00f1os, qui\u00e9n ten\u00eda en su poder un arma de fuego tipo rev\u00f3lver calibre 32 con sus seis cartuchos sin percutir, de igual forma la captura de Josu\u00e9 Alexander Curbata Alejos de 26 a\u00f1os, portando un arma de fuego tipo rev\u00f3lver calibre 38 con seis cartuchos para la misma\u201d, indic\u00f3 el Comando de la Polic\u00eda Metropolitana en un comunicado.<\/p>\n\n\n\n<figure class=\"wp-block-gallery has-nested-images columns-default is-cropped wp-block-gallery-1 is-layout-flex wp-block-gallery-is-layout-flex\">\n<figure class=\"wp-block-image size-large\"><img decoding=\"async\" data-id=\"43651\" src=\"https:\/\/luchonoticias.com\/wp-content\/uploads\/2023\/01\/WhatsApp-Image-2023-01-05-at-12.46.27-PM-1-1024x768.jpeg\" alt=\"\" class=\"wp-image-43651\"\/><\/figure>\n<\/figure>\n\n\n\n<p><strong>Prontuario delictivo<\/strong><\/p>\n\n\n\n<p>Asimismo, en lo revelado por las fuentes oficiales, se logr\u00f3 establecer que los sujetos implicados, al parecer controlan el monopolio del tr\u00e1fico y venta ilegal de armas de fuego en la ciudad de Neiva, mediante la instrumentalizaci\u00f3n de ni\u00f1os, ni\u00f1as y adolescentes, para el transporte y entrega de las armas.<\/p>\n\n\n\n<p>\u201cLos capturados, quienes registran anotaciones por el delito de Tr\u00e1fico, Fabricaci\u00f3n y Porte de Armas de Fuego; fueron dejados a disposici\u00f3n de autoridad competente por el mismo delito , donde un juez de control de garant\u00edas decidi\u00f3 cobijar con medida de aseguramiento en establecimiento carcelario a Jonathan G\u00f3mez y con medida de aseguramiento en su lugar de residencia a Josu\u00e9 Alexander\u201d, concluy\u00f3 las autoridades opitas.<\/p>\n","protected":false},"excerpt":{"rendered":"<p>La Polic\u00eda Nacional en desarrollo del Plan Choque logr\u00f3 en las \u00faltimas horas la captura en flagrancia de dos personas, quienes al momentos de realizarle una requisa por parte de los uniformados, les fueron hallados ambos con armas de fuego ilegales. \u201cEs as\u00ed como uniformados adscritos al Grupo\u00a0 de la Fuerza Disponible \u00abF\u00c9NIX\u00bb, mediante planes [&hellip;]<\/p>\n","protected":false},"author":1,"featured_media":0,"comment_status":"open","ping_status":"open","sticky":false,"template":"","format":"standard","meta":{"footnotes":""},"categories":[36,29],"tags":[],"class_list":["post-43649","post","type-post","status-publish","format-standard","hentry","category-destacado","category-judicial"],"yoast_head":"<!-- This site is optimized with the Yoast SEO plugin v26.6 - https:\/\/yoast.com\/wordpress\/plugins\/seo\/ -->\n<title>Capturados dos sujetos por porte ilegal de armas de fuego al sur de Neiva -<\/title>\n<meta name=\"robots\" content=\"index, follow, max-snippet:-1, max-image-preview:large, max-video-preview:-1\" \/>\n<link rel=\"canonical\" href=\"https:\/\/luchonoticias.com\/editor\/capturados-dos-sujetos-por-porte-ilegal-de-armas-de-fuego-al-sur-de-neiva\/\" \/>\n<meta property=\"og:locale\" content=\"es_ES\" \/>\n<meta property=\"og:type\" content=\"article\" \/>\n<meta property=\"og:title\" content=\"Capturados dos sujetos por porte ilegal de armas de fuego al sur de Neiva -\" \/>\n<meta property=\"og:url\" content=\"https:\/\/luchonoticias.com\/editor\/capturados-dos-sujetos-por-porte-ilegal-de-armas-de-fuego-al-sur-de-neiva\/\" \/>\n<meta property=\"article:publisher\" content=\"https:\/\/www.facebook.com\/luchonoticiasneiva\" \/>\n<meta property=\"article:author\" content=\"https:\/\/www.facebook.com\/luchonoticiasneiva\" \/>\n<meta property=\"article:published_time\" content=\"2023-01-06T10:46:26+00:00\" \/>\n<meta property=\"article:modified_time\" content=\"2023-01-06T10:46:27+00:00\" \/>\n<meta property=\"og:image\" content=\"https:\/\/luchonoticias.com\/wp-content\/uploads\/2023\/01\/WhatsApp-Image-2023-01-05-at-12.46.27-PM-1-1024x768.jpeg\" \/>\n<meta name=\"author\" content=\"admin\" \/>\n<meta name=\"twitter:card\" content=\"summary_large_image\" \/>\n<meta name=\"twitter:label1\" content=\"Escrito por\" \/>\n\t<meta name=\"twitter:data1\" content=\"admin\" \/>\n\t<meta name=\"twitter:label2\" content=\"Tiempo de lectura\" \/>\n\t<meta name=\"twitter:data2\" content=\"1 minuto\" \/>\n<script type=\"application\/ld+json\" class=\"yoast-schema-graph\">{\"@context\":\"https:\/\/schema.org\",\"@graph\":[{\"@type\":\"Article\",\"@id\":\"https:\/\/luchonoticias.com\/editor\/capturados-dos-sujetos-por-porte-ilegal-de-armas-de-fuego-al-sur-de-neiva\/#article\",\"isPartOf\":{\"@id\":\"https:\/\/luchonoticias.com\/editor\/capturados-dos-sujetos-por-porte-ilegal-de-armas-de-fuego-al-sur-de-neiva\/\"},\"author\":{\"name\":\"admin\",\"@id\":\"https:\/\/luchonoticias.com\/editor\/#\/schema\/person\/7a7fd911f58561fd056dbac7b55af9cd\"},\"headline\":\"Capturados dos sujetos por porte ilegal de armas de fuego al sur de Neiva\",\"datePublished\":\"2023-01-06T10:46:26+00:00\",\"dateModified\":\"2023-01-06T10:46:27+00:00\",\"mainEntityOfPage\":{\"@id\":\"https:\/\/luchonoticias.com\/editor\/capturados-dos-sujetos-por-porte-ilegal-de-armas-de-fuego-al-sur-de-neiva\/\"},\"wordCount\":285,\"commentCount\":0,\"publisher\":{\"@id\":\"https:\/\/luchonoticias.com\/editor\/#\/schema\/person\/7a7fd911f58561fd056dbac7b55af9cd\"},\"image\":{\"@id\":\"https:\/\/luchonoticias.com\/editor\/capturados-dos-sujetos-por-porte-ilegal-de-armas-de-fuego-al-sur-de-neiva\/#primaryimage\"},\"thumbnailUrl\":\"https:\/\/luchonoticias.com\/wp-content\/uploads\/2023\/01\/WhatsApp-Image-2023-01-05-at-12.46.27-PM-1-1024x768.jpeg\",\"articleSection\":[\"Destacado\",\"Judicial\"],\"inLanguage\":\"es\",\"potentialAction\":[{\"@type\":\"CommentAction\",\"name\":\"Comment\",\"target\":[\"https:\/\/luchonoticias.com\/editor\/capturados-dos-sujetos-por-porte-ilegal-de-armas-de-fuego-al-sur-de-neiva\/#respond\"]}]},{\"@type\":\"WebPage\",\"@id\":\"https:\/\/luchonoticias.com\/editor\/capturados-dos-sujetos-por-porte-ilegal-de-armas-de-fuego-al-sur-de-neiva\/\",\"url\":\"https:\/\/luchonoticias.com\/editor\/capturados-dos-sujetos-por-porte-ilegal-de-armas-de-fuego-al-sur-de-neiva\/\",\"name\":\"Capturados dos sujetos por porte ilegal de armas de fuego al sur de Neiva -\",\"isPartOf\":{\"@id\":\"https:\/\/luchonoticias.com\/editor\/#website\"},\"primaryImageOfPage\":{\"@id\":\"https:\/\/luchonoticias.com\/editor\/capturados-dos-sujetos-por-porte-ilegal-de-armas-de-fuego-al-sur-de-neiva\/#primaryimage\"},\"image\":{\"@id\":\"https:\/\/luchonoticias.com\/editor\/capturados-dos-sujetos-por-porte-ilegal-de-armas-de-fuego-al-sur-de-neiva\/#primaryimage\"},\"thumbnailUrl\":\"https:\/\/luchonoticias.com\/wp-content\/uploads\/2023\/01\/WhatsApp-Image-2023-01-05-at-12.46.27-PM-1-1024x768.jpeg\",\"datePublished\":\"2023-01-06T10:46:26+00:00\",\"dateModified\":\"2023-01-06T10:46:27+00:00\",\"breadcrumb\":{\"@id\":\"https:\/\/luchonoticias.com\/editor\/capturados-dos-sujetos-por-porte-ilegal-de-armas-de-fuego-al-sur-de-neiva\/#breadcrumb\"},\"inLanguage\":\"es\",\"potentialAction\":[{\"@type\":\"ReadAction\",\"target\":[\"https:\/\/luchonoticias.com\/editor\/capturados-dos-sujetos-por-porte-ilegal-de-armas-de-fuego-al-sur-de-neiva\/\"]}]},{\"@type\":\"ImageObject\",\"inLanguage\":\"es\",\"@id\":\"https:\/\/luchonoticias.com\/editor\/capturados-dos-sujetos-por-porte-ilegal-de-armas-de-fuego-al-sur-de-neiva\/#primaryimage\",\"url\":\"https:\/\/luchonoticias.com\/wp-content\/uploads\/2023\/01\/WhatsApp-Image-2023-01-05-at-12.46.27-PM-1-1024x768.jpeg\",\"contentUrl\":\"https:\/\/luchonoticias.com\/wp-content\/uploads\/2023\/01\/WhatsApp-Image-2023-01-05-at-12.46.27-PM-1-1024x768.jpeg\"},{\"@type\":\"BreadcrumbList\",\"@id\":\"https:\/\/luchonoticias.com\/editor\/capturados-dos-sujetos-por-porte-ilegal-de-armas-de-fuego-al-sur-de-neiva\/#breadcrumb\",\"itemListElement\":[{\"@type\":\"ListItem\",\"position\":1,\"name\":\"Portada\",\"item\":\"https:\/\/luchonoticias.com\/editor\/\"},{\"@type\":\"ListItem\",\"position\":2,\"name\":\"Capturados dos sujetos por porte ilegal de armas de fuego al sur de Neiva\"}]},{\"@type\":\"WebSite\",\"@id\":\"https:\/\/luchonoticias.com\/editor\/#website\",\"url\":\"https:\/\/luchonoticias.com\/editor\/\",\"name\":\"\",\"description\":\"\",\"publisher\":{\"@id\":\"https:\/\/luchonoticias.com\/editor\/#\/schema\/person\/7a7fd911f58561fd056dbac7b55af9cd\"},\"potentialAction\":[{\"@type\":\"SearchAction\",\"target\":{\"@type\":\"EntryPoint\",\"urlTemplate\":\"https:\/\/luchonoticias.com\/editor\/?s={search_term_string}\"},\"query-input\":{\"@type\":\"PropertyValueSpecification\",\"valueRequired\":true,\"valueName\":\"search_term_string\"}}],\"inLanguage\":\"es\"},{\"@type\":[\"Person\",\"Organization\"],\"@id\":\"https:\/\/luchonoticias.com\/editor\/#\/schema\/person\/7a7fd911f58561fd056dbac7b55af9cd\",\"name\":\"admin\",\"image\":{\"@type\":\"ImageObject\",\"inLanguage\":\"es\",\"@id\":\"https:\/\/luchonoticias.com\/editor\/#\/schema\/person\/image\/\",\"url\":\"https:\/\/luchonoticias.com\/editor\/wp-content\/uploads\/2024\/02\/cropped-cropped-logolu.webp\",\"contentUrl\":\"https:\/\/luchonoticias.com\/editor\/wp-content\/uploads\/2024\/02\/cropped-cropped-logolu.webp\",\"width\":382,\"height\":170,\"caption\":\"admin\"},\"logo\":{\"@id\":\"https:\/\/luchonoticias.com\/editor\/#\/schema\/person\/image\/\"},\"sameAs\":[\"https:\/\/www.facebook.com\/luchonoticiasneiva\"],\"url\":\"https:\/\/luchonoticias.com\/editor\/author\/admin\/\"}]}<\/script>\n<!-- \/ Yoast SEO plugin. -->","yoast_head_json":{"title":"Capturados dos sujetos por porte ilegal de armas de fuego al sur de Neiva -","robots":{"index":"index","follow":"follow","max-snippet":"max-snippet:-1","max-image-preview":"max-image-preview:large","max-video-preview":"max-video-preview:-1"},"canonical":"https:\/\/luchonoticias.com\/editor\/capturados-dos-sujetos-por-porte-ilegal-de-armas-de-fuego-al-sur-de-neiva\/","og_locale":"es_ES","og_type":"article","og_title":"Capturados dos sujetos por porte ilegal de armas de fuego al sur de Neiva -","og_url":"https:\/\/luchonoticias.com\/editor\/capturados-dos-sujetos-por-porte-ilegal-de-armas-de-fuego-al-sur-de-neiva\/","article_publisher":"https:\/\/www.facebook.com\/luchonoticiasneiva","article_author":"https:\/\/www.facebook.com\/luchonoticiasneiva","article_published_time":"2023-01-06T10:46:26+00:00","article_modified_time":"2023-01-06T10:46:27+00:00","og_image":[{"url":"https:\/\/luchonoticias.com\/wp-content\/uploads\/2023\/01\/WhatsApp-Image-2023-01-05-at-12.46.27-PM-1-1024x768.jpeg","type":"","width":"","height":""}],"author":"admin","twitter_card":"summary_large_image","twitter_misc":{"Escrito por":"admin","Tiempo de lectura":"1 minuto"},"schema":{"@context":"https:\/\/schema.org","@graph":[{"@type":"Article","@id":"https:\/\/luchonoticias.com\/editor\/capturados-dos-sujetos-por-porte-ilegal-de-armas-de-fuego-al-sur-de-neiva\/#article","isPartOf":{"@id":"https:\/\/luchonoticias.com\/editor\/capturados-dos-sujetos-por-porte-ilegal-de-armas-de-fuego-al-sur-de-neiva\/"},"author":{"name":"admin","@id":"https:\/\/luchonoticias.com\/editor\/#\/schema\/person\/7a7fd911f58561fd056dbac7b55af9cd"},"headline":"Capturados dos sujetos por porte ilegal de armas de fuego al sur de Neiva","datePublished":"2023-01-06T10:46:26+00:00","dateModified":"2023-01-06T10:46:27+00:00","mainEntityOfPage":{"@id":"https:\/\/luchonoticias.com\/editor\/capturados-dos-sujetos-por-porte-ilegal-de-armas-de-fuego-al-sur-de-neiva\/"},"wordCount":285,"commentCount":0,"publisher":{"@id":"https:\/\/luchonoticias.com\/editor\/#\/schema\/person\/7a7fd911f58561fd056dbac7b55af9cd"},"image":{"@id":"https:\/\/luchonoticias.com\/editor\/capturados-dos-sujetos-por-porte-ilegal-de-armas-de-fuego-al-sur-de-neiva\/#primaryimage"},"thumbnailUrl":"https:\/\/luchonoticias.com\/wp-content\/uploads\/2023\/01\/WhatsApp-Image-2023-01-05-at-12.46.27-PM-1-1024x768.jpeg","articleSection":["Destacado","Judicial"],"inLanguage":"es","potentialAction":[{"@type":"CommentAction","name":"Comment","target":["https:\/\/luchonoticias.com\/editor\/capturados-dos-sujetos-por-porte-ilegal-de-armas-de-fuego-al-sur-de-neiva\/#respond"]}]},{"@type":"WebPage","@id":"https:\/\/luchonoticias.com\/editor\/capturados-dos-sujetos-por-porte-ilegal-de-armas-de-fuego-al-sur-de-neiva\/","url":"https:\/\/luchonoticias.com\/editor\/capturados-dos-sujetos-por-porte-ilegal-de-armas-de-fuego-al-sur-de-neiva\/","name":"Capturados dos sujetos por porte ilegal de armas de fuego al sur de Neiva -","isPartOf":{"@id":"https:\/\/luchonoticias.com\/editor\/#website"},"primaryImageOfPage":{"@id":"https:\/\/luchonoticias.com\/editor\/capturados-dos-sujetos-por-porte-ilegal-de-armas-de-fuego-al-sur-de-neiva\/#primaryimage"},"image":{"@id":"https:\/\/luchonoticias.com\/editor\/capturados-dos-sujetos-por-porte-ilegal-de-armas-de-fuego-al-sur-de-neiva\/#primaryimage"},"thumbnailUrl":"https:\/\/luchonoticias.com\/wp-content\/uploads\/2023\/01\/WhatsApp-Image-2023-01-05-at-12.46.27-PM-1-1024x768.jpeg","datePublished":"2023-01-06T10:46:26+00:00","dateModified":"2023-01-06T10:46:27+00:00","breadcrumb":{"@id":"https:\/\/luchonoticias.com\/editor\/capturados-dos-sujetos-por-porte-ilegal-de-armas-de-fuego-al-sur-de-neiva\/#breadcrumb"},"inLanguage":"es","potentialAction":[{"@type":"ReadAction","target":["https:\/\/luchonoticias.com\/editor\/capturados-dos-sujetos-por-porte-ilegal-de-armas-de-fuego-al-sur-de-neiva\/"]}]},{"@type":"ImageObject","inLanguage":"es","@id":"https:\/\/luchonoticias.com\/editor\/capturados-dos-sujetos-por-porte-ilegal-de-armas-de-fuego-al-sur-de-neiva\/#primaryimage","url":"https:\/\/luchonoticias.com\/wp-content\/uploads\/2023\/01\/WhatsApp-Image-2023-01-05-at-12.46.27-PM-1-1024x768.jpeg","contentUrl":"https:\/\/luchonoticias.com\/wp-content\/uploads\/2023\/01\/WhatsApp-Image-2023-01-05-at-12.46.27-PM-1-1024x768.jpeg"},{"@type":"BreadcrumbList","@id":"https:\/\/luchonoticias.com\/editor\/capturados-dos-sujetos-por-porte-ilegal-de-armas-de-fuego-al-sur-de-neiva\/#breadcrumb","itemListElement":[{"@type":"ListItem","position":1,"name":"Portada","item":"https:\/\/luchonoticias.com\/editor\/"},{"@type":"ListItem","position":2,"name":"Capturados dos sujetos por porte ilegal de armas de fuego al sur de Neiva"}]},{"@type":"WebSite","@id":"https:\/\/luchonoticias.com\/editor\/#website","url":"https:\/\/luchonoticias.com\/editor\/","name":"","description":"","publisher":{"@id":"https:\/\/luchonoticias.com\/editor\/#\/schema\/person\/7a7fd911f58561fd056dbac7b55af9cd"},"potentialAction":[{"@type":"SearchAction","target":{"@type":"EntryPoint","urlTemplate":"https:\/\/luchonoticias.com\/editor\/?s={search_term_string}"},"query-input":{"@type":"PropertyValueSpecification","valueRequired":true,"valueName":"search_term_string"}}],"inLanguage":"es"},{"@type":["Person","Organization"],"@id":"https:\/\/luchonoticias.com\/editor\/#\/schema\/person\/7a7fd911f58561fd056dbac7b55af9cd","name":"admin","image":{"@type":"ImageObject","inLanguage":"es","@id":"https:\/\/luchonoticias.com\/editor\/#\/schema\/person\/image\/","url":"https:\/\/luchonoticias.com\/editor\/wp-content\/uploads\/2024\/02\/cropped-cropped-logolu.webp","contentUrl":"https:\/\/luchonoticias.com\/editor\/wp-content\/uploads\/2024\/02\/cropped-cropped-logolu.webp","width":382,"height":170,"caption":"admin"},"logo":{"@id":"https:\/\/luchonoticias.com\/editor\/#\/schema\/person\/image\/"},"sameAs":["https:\/\/www.facebook.com\/luchonoticiasneiva"],"url":"https:\/\/luchonoticias.com\/editor\/author\/admin\/"}]}},"_links":{"self":[{"href":"https:\/\/luchonoticias.com\/editor\/wp-json\/wp\/v2\/posts\/43649","targetHints":{"allow":["GET"]}}],"collection":[{"href":"https:\/\/luchonoticias.com\/editor\/wp-json\/wp\/v2\/posts"}],"about":[{"href":"https:\/\/luchonoticias.com\/editor\/wp-json\/wp\/v2\/types\/post"}],"author":[{"embeddable":true,"href":"https:\/\/luchonoticias.com\/editor\/wp-json\/wp\/v2\/users\/1"}],"replies":[{"embeddable":true,"href":"https:\/\/luchonoticias.com\/editor\/wp-json\/wp\/v2\/comments?post=43649"}],"version-history":[{"count":0,"href":"https:\/\/luchonoticias.com\/editor\/wp-json\/wp\/v2\/posts\/43649\/revisions"}],"wp:attachment":[{"href":"https:\/\/luchonoticias.com\/editor\/wp-json\/wp\/v2\/media?parent=43649"}],"wp:term":[{"taxonomy":"category","embeddable":true,"href":"https:\/\/luchonoticias.com\/editor\/wp-json\/wp\/v2\/categories?post=43649"},{"taxonomy":"post_tag","embeddable":true,"href":"https:\/\/luchonoticias.com\/editor\/wp-json\/wp\/v2\/tags?post=43649"}],"curies":[{"name":"wp","href":"https:\/\/api.w.org\/{rel}","templated":true}]}}