{"id":43727,"date":"2023-01-07T09:09:34","date_gmt":"2023-01-07T14:09:34","guid":{"rendered":"https:\/\/luchonoticias.com\/?p=43727"},"modified":"2023-01-07T09:09:35","modified_gmt":"2023-01-07T14:09:35","slug":"no-hubo-homenaje-a-danna-mendez-en-el-pital","status":"publish","type":"post","link":"https:\/\/luchonoticias.com\/editor\/no-hubo-homenaje-a-danna-mendez-en-el-pital\/","title":{"rendered":"No hubo homenaje a Danna M\u00e9ndez en El Pital"},"content":{"rendered":"\n<p><strong>Danna M\u00e9ndez,<\/strong>&nbsp;la joven ciclista huilense muerta en un accidente vial en Boyac\u00e1, eso en 2019; homenaje que tendr\u00eda su cenit en la&nbsp;<strong>instalaci\u00f3n de una estatua<\/strong>.<\/p>\n\n\n\n<p>Sin embargo, dicho homenaje no se realizar\u00e1, siendo&nbsp;<strong>aplazado por decisi\u00f3n de las autoridades municipales<\/strong>; seg\u00fan se ha conocido, todo se debi\u00f3 a la&nbsp;<strong>negativa del alcalde<\/strong>&nbsp;a colocar la estatua en el sitio acordado.<\/p>\n\n\n\n<p>Sobre el tema se conoci\u00f3 de forma extraoficial que dicha negativa obedeci\u00f3 a que aparentemente<strong>\u00a0no se gestionaron los permisos<\/strong>\u00a0para la colocaci\u00f3n de la estatua; de ah\u00ed que se aplazara el acto de memoria y del cual no se conocen posibles fechas.<\/p>\n\n\n\n<p>Recordar que M\u00e9ndez falleci\u00f3&nbsp;<strong>arrollada por un veh\u00edculo mientras entrenaba en carreteras de Boyac\u00e1<\/strong>; desde 2020 se estaba en gestiones para forjar una estatua en honor a la deportista, proceso el cual se demor\u00f3 por la ausencia de materiales para completarla as\u00ed como por la pandemia del COVID 19.<\/p>\n","protected":false},"excerpt":{"rendered":"<p>Danna M\u00e9ndez,&nbsp;la joven ciclista huilense muerta en un accidente vial en Boyac\u00e1, eso en 2019; homenaje que tendr\u00eda su cenit en la&nbsp;instalaci\u00f3n de una estatua. Sin embargo, dicho homenaje no se realizar\u00e1, siendo&nbsp;aplazado por decisi\u00f3n de las autoridades municipales; seg\u00fan se ha conocido, todo se debi\u00f3 a la&nbsp;negativa del alcalde&nbsp;a colocar la estatua en el [&hellip;]<\/p>\n","protected":false},"author":1,"featured_media":0,"comment_status":"open","ping_status":"open","sticky":false,"template":"","format":"standard","meta":{"footnotes":""},"categories":[34],"tags":[],"class_list":["post-43727","post","type-post","status-publish","format-standard","hentry","category-deportes"],"yoast_head":"<!-- This site is optimized with the Yoast SEO plugin v26.6 - https:\/\/yoast.com\/wordpress\/plugins\/seo\/ -->\n<title>No hubo homenaje a Danna M\u00e9ndez en El Pital -<\/title>\n<meta name=\"robots\" content=\"index, follow, max-snippet:-1, max-image-preview:large, max-video-preview:-1\" \/>\n<link rel=\"canonical\" href=\"https:\/\/luchonoticias.com\/editor\/no-hubo-homenaje-a-danna-mendez-en-el-pital\/\" \/>\n<meta property=\"og:locale\" content=\"es_ES\" \/>\n<meta property=\"og:type\" content=\"article\" \/>\n<meta property=\"og:title\" content=\"No hubo homenaje a Danna M\u00e9ndez en El Pital -\" \/>\n<meta property=\"og:url\" content=\"https:\/\/luchonoticias.com\/editor\/no-hubo-homenaje-a-danna-mendez-en-el-pital\/\" \/>\n<meta property=\"article:publisher\" content=\"https:\/\/www.facebook.com\/luchonoticiasneiva\" \/>\n<meta property=\"article:author\" content=\"https:\/\/www.facebook.com\/luchonoticiasneiva\" \/>\n<meta property=\"article:published_time\" content=\"2023-01-07T14:09:34+00:00\" \/>\n<meta property=\"article:modified_time\" content=\"2023-01-07T14:09:35+00:00\" \/>\n<meta name=\"author\" content=\"admin\" \/>\n<meta name=\"twitter:card\" content=\"summary_large_image\" \/>\n<meta name=\"twitter:label1\" content=\"Escrito por\" \/>\n\t<meta name=\"twitter:data1\" content=\"admin\" \/>\n\t<meta name=\"twitter:label2\" content=\"Tiempo de lectura\" \/>\n\t<meta name=\"twitter:data2\" content=\"1 minuto\" \/>\n<script type=\"application\/ld+json\" class=\"yoast-schema-graph\">{\"@context\":\"https:\/\/schema.org\",\"@graph\":[{\"@type\":\"Article\",\"@id\":\"https:\/\/luchonoticias.com\/editor\/no-hubo-homenaje-a-danna-mendez-en-el-pital\/#article\",\"isPartOf\":{\"@id\":\"https:\/\/luchonoticias.com\/editor\/no-hubo-homenaje-a-danna-mendez-en-el-pital\/\"},\"author\":{\"name\":\"admin\",\"@id\":\"https:\/\/luchonoticias.com\/editor\/#\/schema\/person\/7a7fd911f58561fd056dbac7b55af9cd\"},\"headline\":\"No hubo homenaje a Danna M\u00e9ndez en El Pital\",\"datePublished\":\"2023-01-07T14:09:34+00:00\",\"dateModified\":\"2023-01-07T14:09:35+00:00\",\"mainEntityOfPage\":{\"@id\":\"https:\/\/luchonoticias.com\/editor\/no-hubo-homenaje-a-danna-mendez-en-el-pital\/\"},\"wordCount\":175,\"commentCount\":0,\"publisher\":{\"@id\":\"https:\/\/luchonoticias.com\/editor\/#\/schema\/person\/7a7fd911f58561fd056dbac7b55af9cd\"},\"articleSection\":[\"Deportes\"],\"inLanguage\":\"es\",\"potentialAction\":[{\"@type\":\"CommentAction\",\"name\":\"Comment\",\"target\":[\"https:\/\/luchonoticias.com\/editor\/no-hubo-homenaje-a-danna-mendez-en-el-pital\/#respond\"]}]},{\"@type\":\"WebPage\",\"@id\":\"https:\/\/luchonoticias.com\/editor\/no-hubo-homenaje-a-danna-mendez-en-el-pital\/\",\"url\":\"https:\/\/luchonoticias.com\/editor\/no-hubo-homenaje-a-danna-mendez-en-el-pital\/\",\"name\":\"No hubo homenaje a Danna M\u00e9ndez en El Pital -\",\"isPartOf\":{\"@id\":\"https:\/\/luchonoticias.com\/editor\/#website\"},\"datePublished\":\"2023-01-07T14:09:34+00:00\",\"dateModified\":\"2023-01-07T14:09:35+00:00\",\"breadcrumb\":{\"@id\":\"https:\/\/luchonoticias.com\/editor\/no-hubo-homenaje-a-danna-mendez-en-el-pital\/#breadcrumb\"},\"inLanguage\":\"es\",\"potentialAction\":[{\"@type\":\"ReadAction\",\"target\":[\"https:\/\/luchonoticias.com\/editor\/no-hubo-homenaje-a-danna-mendez-en-el-pital\/\"]}]},{\"@type\":\"BreadcrumbList\",\"@id\":\"https:\/\/luchonoticias.com\/editor\/no-hubo-homenaje-a-danna-mendez-en-el-pital\/#breadcrumb\",\"itemListElement\":[{\"@type\":\"ListItem\",\"position\":1,\"name\":\"Portada\",\"item\":\"https:\/\/luchonoticias.com\/editor\/\"},{\"@type\":\"ListItem\",\"position\":2,\"name\":\"No hubo homenaje a Danna M\u00e9ndez en El Pital\"}]},{\"@type\":\"WebSite\",\"@id\":\"https:\/\/luchonoticias.com\/editor\/#website\",\"url\":\"https:\/\/luchonoticias.com\/editor\/\",\"name\":\"\",\"description\":\"\",\"publisher\":{\"@id\":\"https:\/\/luchonoticias.com\/editor\/#\/schema\/person\/7a7fd911f58561fd056dbac7b55af9cd\"},\"potentialAction\":[{\"@type\":\"SearchAction\",\"target\":{\"@type\":\"EntryPoint\",\"urlTemplate\":\"https:\/\/luchonoticias.com\/editor\/?s={search_term_string}\"},\"query-input\":{\"@type\":\"PropertyValueSpecification\",\"valueRequired\":true,\"valueName\":\"search_term_string\"}}],\"inLanguage\":\"es\"},{\"@type\":[\"Person\",\"Organization\"],\"@id\":\"https:\/\/luchonoticias.com\/editor\/#\/schema\/person\/7a7fd911f58561fd056dbac7b55af9cd\",\"name\":\"admin\",\"image\":{\"@type\":\"ImageObject\",\"inLanguage\":\"es\",\"@id\":\"https:\/\/luchonoticias.com\/editor\/#\/schema\/person\/image\/\",\"url\":\"https:\/\/luchonoticias.com\/editor\/wp-content\/uploads\/2024\/02\/cropped-cropped-logolu.webp\",\"contentUrl\":\"https:\/\/luchonoticias.com\/editor\/wp-content\/uploads\/2024\/02\/cropped-cropped-logolu.webp\",\"width\":382,\"height\":170,\"caption\":\"admin\"},\"logo\":{\"@id\":\"https:\/\/luchonoticias.com\/editor\/#\/schema\/person\/image\/\"},\"sameAs\":[\"https:\/\/www.facebook.com\/luchonoticiasneiva\"],\"url\":\"https:\/\/luchonoticias.com\/editor\/author\/admin\/\"}]}<\/script>\n<!-- \/ Yoast SEO plugin. -->","yoast_head_json":{"title":"No hubo homenaje a Danna M\u00e9ndez en El Pital -","robots":{"index":"index","follow":"follow","max-snippet":"max-snippet:-1","max-image-preview":"max-image-preview:large","max-video-preview":"max-video-preview:-1"},"canonical":"https:\/\/luchonoticias.com\/editor\/no-hubo-homenaje-a-danna-mendez-en-el-pital\/","og_locale":"es_ES","og_type":"article","og_title":"No hubo homenaje a Danna M\u00e9ndez en El Pital -","og_url":"https:\/\/luchonoticias.com\/editor\/no-hubo-homenaje-a-danna-mendez-en-el-pital\/","article_publisher":"https:\/\/www.facebook.com\/luchonoticiasneiva","article_author":"https:\/\/www.facebook.com\/luchonoticiasneiva","article_published_time":"2023-01-07T14:09:34+00:00","article_modified_time":"2023-01-07T14:09:35+00:00","author":"admin","twitter_card":"summary_large_image","twitter_misc":{"Escrito por":"admin","Tiempo de lectura":"1 minuto"},"schema":{"@context":"https:\/\/schema.org","@graph":[{"@type":"Article","@id":"https:\/\/luchonoticias.com\/editor\/no-hubo-homenaje-a-danna-mendez-en-el-pital\/#article","isPartOf":{"@id":"https:\/\/luchonoticias.com\/editor\/no-hubo-homenaje-a-danna-mendez-en-el-pital\/"},"author":{"name":"admin","@id":"https:\/\/luchonoticias.com\/editor\/#\/schema\/person\/7a7fd911f58561fd056dbac7b55af9cd"},"headline":"No hubo homenaje a Danna M\u00e9ndez en El Pital","datePublished":"2023-01-07T14:09:34+00:00","dateModified":"2023-01-07T14:09:35+00:00","mainEntityOfPage":{"@id":"https:\/\/luchonoticias.com\/editor\/no-hubo-homenaje-a-danna-mendez-en-el-pital\/"},"wordCount":175,"commentCount":0,"publisher":{"@id":"https:\/\/luchonoticias.com\/editor\/#\/schema\/person\/7a7fd911f58561fd056dbac7b55af9cd"},"articleSection":["Deportes"],"inLanguage":"es","potentialAction":[{"@type":"CommentAction","name":"Comment","target":["https:\/\/luchonoticias.com\/editor\/no-hubo-homenaje-a-danna-mendez-en-el-pital\/#respond"]}]},{"@type":"WebPage","@id":"https:\/\/luchonoticias.com\/editor\/no-hubo-homenaje-a-danna-mendez-en-el-pital\/","url":"https:\/\/luchonoticias.com\/editor\/no-hubo-homenaje-a-danna-mendez-en-el-pital\/","name":"No hubo homenaje a Danna M\u00e9ndez en El Pital -","isPartOf":{"@id":"https:\/\/luchonoticias.com\/editor\/#website"},"datePublished":"2023-01-07T14:09:34+00:00","dateModified":"2023-01-07T14:09:35+00:00","breadcrumb":{"@id":"https:\/\/luchonoticias.com\/editor\/no-hubo-homenaje-a-danna-mendez-en-el-pital\/#breadcrumb"},"inLanguage":"es","potentialAction":[{"@type":"ReadAction","target":["https:\/\/luchonoticias.com\/editor\/no-hubo-homenaje-a-danna-mendez-en-el-pital\/"]}]},{"@type":"BreadcrumbList","@id":"https:\/\/luchonoticias.com\/editor\/no-hubo-homenaje-a-danna-mendez-en-el-pital\/#breadcrumb","itemListElement":[{"@type":"ListItem","position":1,"name":"Portada","item":"https:\/\/luchonoticias.com\/editor\/"},{"@type":"ListItem","position":2,"name":"No hubo homenaje a Danna M\u00e9ndez en El Pital"}]},{"@type":"WebSite","@id":"https:\/\/luchonoticias.com\/editor\/#website","url":"https:\/\/luchonoticias.com\/editor\/","name":"","description":"","publisher":{"@id":"https:\/\/luchonoticias.com\/editor\/#\/schema\/person\/7a7fd911f58561fd056dbac7b55af9cd"},"potentialAction":[{"@type":"SearchAction","target":{"@type":"EntryPoint","urlTemplate":"https:\/\/luchonoticias.com\/editor\/?s={search_term_string}"},"query-input":{"@type":"PropertyValueSpecification","valueRequired":true,"valueName":"search_term_string"}}],"inLanguage":"es"},{"@type":["Person","Organization"],"@id":"https:\/\/luchonoticias.com\/editor\/#\/schema\/person\/7a7fd911f58561fd056dbac7b55af9cd","name":"admin","image":{"@type":"ImageObject","inLanguage":"es","@id":"https:\/\/luchonoticias.com\/editor\/#\/schema\/person\/image\/","url":"https:\/\/luchonoticias.com\/editor\/wp-content\/uploads\/2024\/02\/cropped-cropped-logolu.webp","contentUrl":"https:\/\/luchonoticias.com\/editor\/wp-content\/uploads\/2024\/02\/cropped-cropped-logolu.webp","width":382,"height":170,"caption":"admin"},"logo":{"@id":"https:\/\/luchonoticias.com\/editor\/#\/schema\/person\/image\/"},"sameAs":["https:\/\/www.facebook.com\/luchonoticiasneiva"],"url":"https:\/\/luchonoticias.com\/editor\/author\/admin\/"}]}},"_links":{"self":[{"href":"https:\/\/luchonoticias.com\/editor\/wp-json\/wp\/v2\/posts\/43727","targetHints":{"allow":["GET"]}}],"collection":[{"href":"https:\/\/luchonoticias.com\/editor\/wp-json\/wp\/v2\/posts"}],"about":[{"href":"https:\/\/luchonoticias.com\/editor\/wp-json\/wp\/v2\/types\/post"}],"author":[{"embeddable":true,"href":"https:\/\/luchonoticias.com\/editor\/wp-json\/wp\/v2\/users\/1"}],"replies":[{"embeddable":true,"href":"https:\/\/luchonoticias.com\/editor\/wp-json\/wp\/v2\/comments?post=43727"}],"version-history":[{"count":0,"href":"https:\/\/luchonoticias.com\/editor\/wp-json\/wp\/v2\/posts\/43727\/revisions"}],"wp:attachment":[{"href":"https:\/\/luchonoticias.com\/editor\/wp-json\/wp\/v2\/media?parent=43727"}],"wp:term":[{"taxonomy":"category","embeddable":true,"href":"https:\/\/luchonoticias.com\/editor\/wp-json\/wp\/v2\/categories?post=43727"},{"taxonomy":"post_tag","embeddable":true,"href":"https:\/\/luchonoticias.com\/editor\/wp-json\/wp\/v2\/tags?post=43727"}],"curies":[{"name":"wp","href":"https:\/\/api.w.org\/{rel}","templated":true}]}}