{"id":43731,"date":"2023-01-07T14:22:35","date_gmt":"2023-01-07T19:22:35","guid":{"rendered":"https:\/\/luchonoticias.com\/?p=43731"},"modified":"2023-01-07T14:22:36","modified_gmt":"2023-01-07T19:22:36","slug":"aprehendido-adolescente-presunto-coparticipe-en-un-hecho-de-homicidio-en-neiva","status":"publish","type":"post","link":"https:\/\/luchonoticias.com\/editor\/aprehendido-adolescente-presunto-coparticipe-en-un-hecho-de-homicidio-en-neiva\/","title":{"rendered":"Aprehendido adolescente presunto copart\u00edcipe en un hecho de homicidio en Neiva"},"content":{"rendered":"\n<p>La Polic\u00eda Metropolitana de Neiva, dieron a conocer que, en las \u00faltimas horas mediante el desarrollo de actividades de investigaci\u00f3n criminal, fue lograda la aprehensi\u00f3n de un adolescente y el total esclarecimiento de un homicidio.<\/p>\n\n\n\n<p>\u201cEn las \u00faltimas horas, gracias a un contundente trabajo investigativo adelantado por la Unidad B\u00e1sica de Investigaci\u00f3n Criminal de la Seccional de Protecci\u00f3n y Servicios Especiales, y en coordinaci\u00f3n con la Fiscal\u00eda General de la Naci\u00f3n, se logra la aprehensi\u00f3n por orden judicial de un menor de 17 a\u00f1os de edad, conocido como \u2018Pira\u00f1a\u2019, por los delitos de Homicidio, y Fabricaci\u00f3n, tr\u00e1fico, porte o tenencia de armas de fuego y municiones\u201d, indicaron las autoridades en un comunicado.<\/p>\n\n\n\n<p><strong>Investigaciones<\/strong><\/p>\n\n\n\n<p>En lo revelado por las fuentes oficiales, se logr\u00f3 establecer que este adolescente, estar\u00eda involucrado en el hecho de sangre ocurrido el pasado 30 de agosto del 2022 en el barrio Los Rosales de la comuna 10 de Neiva.<\/p>\n\n\n\n<p>\u201cDe acuerdo al material probatorio recolectado, especialmente a los videos de c\u00e1mara de seguridad, testimonios, reconocimiento fotogr\u00e1fico e interrogatorios a indiciado; ser\u00eda copart\u00edcipe en los hechos en los cuales, el d\u00eda 30 de agosto del a\u00f1o 2020, en el barrio Los Rosales de la comuna 10 de esta ciudad, el ingeniero Hern\u00e1n Dar\u00edo Narv\u00e1ez Ram\u00edrez, al resistirse ante un hecho de hurto, fue lesionado gravemente con impacto de proyectil de arma de fuego, perdiendo la vida\u201d, agregaron las autoridades.<\/p>\n\n\n\n<p>Finalmente se conoci\u00f3 que el adolescente, quien a la fecha registra anotaciones por los delitos de Homicidio, Hurto, Porte ilegal de armas de fuego y violencia intrafamiliar, fue cobijado con medida de internamiento preventivo en establecimiento especializado para adolescentes infractores.<\/p>\n","protected":false},"excerpt":{"rendered":"<p>La Polic\u00eda Metropolitana de Neiva, dieron a conocer que, en las \u00faltimas horas mediante el desarrollo de actividades de investigaci\u00f3n criminal, fue lograda la aprehensi\u00f3n de un adolescente y el total esclarecimiento de un homicidio. \u201cEn las \u00faltimas horas, gracias a un contundente trabajo investigativo adelantado por la Unidad B\u00e1sica de Investigaci\u00f3n Criminal de la [&hellip;]<\/p>\n","protected":false},"author":1,"featured_media":0,"comment_status":"open","ping_status":"open","sticky":false,"template":"","format":"standard","meta":{"footnotes":""},"categories":[36,29],"tags":[],"class_list":["post-43731","post","type-post","status-publish","format-standard","hentry","category-destacado","category-judicial"],"yoast_head":"<!-- This site is optimized with the Yoast SEO plugin v26.6 - https:\/\/yoast.com\/wordpress\/plugins\/seo\/ -->\n<title>Aprehendido adolescente presunto copart\u00edcipe en un hecho de homicidio en Neiva -<\/title>\n<meta name=\"robots\" content=\"index, follow, max-snippet:-1, max-image-preview:large, max-video-preview:-1\" \/>\n<link rel=\"canonical\" href=\"https:\/\/luchonoticias.com\/editor\/aprehendido-adolescente-presunto-coparticipe-en-un-hecho-de-homicidio-en-neiva\/\" \/>\n<meta property=\"og:locale\" content=\"es_ES\" \/>\n<meta property=\"og:type\" content=\"article\" \/>\n<meta property=\"og:title\" content=\"Aprehendido adolescente presunto copart\u00edcipe en un hecho de homicidio en Neiva -\" \/>\n<meta property=\"og:url\" content=\"https:\/\/luchonoticias.com\/editor\/aprehendido-adolescente-presunto-coparticipe-en-un-hecho-de-homicidio-en-neiva\/\" \/>\n<meta property=\"article:publisher\" content=\"https:\/\/www.facebook.com\/luchonoticiasneiva\" \/>\n<meta property=\"article:author\" content=\"https:\/\/www.facebook.com\/luchonoticiasneiva\" \/>\n<meta property=\"article:published_time\" content=\"2023-01-07T19:22:35+00:00\" \/>\n<meta property=\"article:modified_time\" content=\"2023-01-07T19:22:36+00:00\" \/>\n<meta name=\"author\" content=\"admin\" \/>\n<meta name=\"twitter:card\" content=\"summary_large_image\" \/>\n<meta name=\"twitter:label1\" content=\"Escrito por\" \/>\n\t<meta name=\"twitter:data1\" content=\"admin\" \/>\n\t<meta name=\"twitter:label2\" content=\"Tiempo de lectura\" \/>\n\t<meta name=\"twitter:data2\" content=\"1 minuto\" \/>\n<script type=\"application\/ld+json\" class=\"yoast-schema-graph\">{\"@context\":\"https:\/\/schema.org\",\"@graph\":[{\"@type\":\"Article\",\"@id\":\"https:\/\/luchonoticias.com\/editor\/aprehendido-adolescente-presunto-coparticipe-en-un-hecho-de-homicidio-en-neiva\/#article\",\"isPartOf\":{\"@id\":\"https:\/\/luchonoticias.com\/editor\/aprehendido-adolescente-presunto-coparticipe-en-un-hecho-de-homicidio-en-neiva\/\"},\"author\":{\"name\":\"admin\",\"@id\":\"https:\/\/luchonoticias.com\/editor\/#\/schema\/person\/7a7fd911f58561fd056dbac7b55af9cd\"},\"headline\":\"Aprehendido adolescente presunto copart\u00edcipe en un hecho de homicidio en Neiva\",\"datePublished\":\"2023-01-07T19:22:35+00:00\",\"dateModified\":\"2023-01-07T19:22:36+00:00\",\"mainEntityOfPage\":{\"@id\":\"https:\/\/luchonoticias.com\/editor\/aprehendido-adolescente-presunto-coparticipe-en-un-hecho-de-homicidio-en-neiva\/\"},\"wordCount\":301,\"commentCount\":0,\"publisher\":{\"@id\":\"https:\/\/luchonoticias.com\/editor\/#\/schema\/person\/7a7fd911f58561fd056dbac7b55af9cd\"},\"articleSection\":[\"Destacado\",\"Judicial\"],\"inLanguage\":\"es\",\"potentialAction\":[{\"@type\":\"CommentAction\",\"name\":\"Comment\",\"target\":[\"https:\/\/luchonoticias.com\/editor\/aprehendido-adolescente-presunto-coparticipe-en-un-hecho-de-homicidio-en-neiva\/#respond\"]}]},{\"@type\":\"WebPage\",\"@id\":\"https:\/\/luchonoticias.com\/editor\/aprehendido-adolescente-presunto-coparticipe-en-un-hecho-de-homicidio-en-neiva\/\",\"url\":\"https:\/\/luchonoticias.com\/editor\/aprehendido-adolescente-presunto-coparticipe-en-un-hecho-de-homicidio-en-neiva\/\",\"name\":\"Aprehendido adolescente presunto copart\u00edcipe en un hecho de homicidio en Neiva -\",\"isPartOf\":{\"@id\":\"https:\/\/luchonoticias.com\/editor\/#website\"},\"datePublished\":\"2023-01-07T19:22:35+00:00\",\"dateModified\":\"2023-01-07T19:22:36+00:00\",\"breadcrumb\":{\"@id\":\"https:\/\/luchonoticias.com\/editor\/aprehendido-adolescente-presunto-coparticipe-en-un-hecho-de-homicidio-en-neiva\/#breadcrumb\"},\"inLanguage\":\"es\",\"potentialAction\":[{\"@type\":\"ReadAction\",\"target\":[\"https:\/\/luchonoticias.com\/editor\/aprehendido-adolescente-presunto-coparticipe-en-un-hecho-de-homicidio-en-neiva\/\"]}]},{\"@type\":\"BreadcrumbList\",\"@id\":\"https:\/\/luchonoticias.com\/editor\/aprehendido-adolescente-presunto-coparticipe-en-un-hecho-de-homicidio-en-neiva\/#breadcrumb\",\"itemListElement\":[{\"@type\":\"ListItem\",\"position\":1,\"name\":\"Portada\",\"item\":\"https:\/\/luchonoticias.com\/editor\/\"},{\"@type\":\"ListItem\",\"position\":2,\"name\":\"Aprehendido adolescente presunto copart\u00edcipe en un hecho de homicidio en Neiva\"}]},{\"@type\":\"WebSite\",\"@id\":\"https:\/\/luchonoticias.com\/editor\/#website\",\"url\":\"https:\/\/luchonoticias.com\/editor\/\",\"name\":\"\",\"description\":\"\",\"publisher\":{\"@id\":\"https:\/\/luchonoticias.com\/editor\/#\/schema\/person\/7a7fd911f58561fd056dbac7b55af9cd\"},\"potentialAction\":[{\"@type\":\"SearchAction\",\"target\":{\"@type\":\"EntryPoint\",\"urlTemplate\":\"https:\/\/luchonoticias.com\/editor\/?s={search_term_string}\"},\"query-input\":{\"@type\":\"PropertyValueSpecification\",\"valueRequired\":true,\"valueName\":\"search_term_string\"}}],\"inLanguage\":\"es\"},{\"@type\":[\"Person\",\"Organization\"],\"@id\":\"https:\/\/luchonoticias.com\/editor\/#\/schema\/person\/7a7fd911f58561fd056dbac7b55af9cd\",\"name\":\"admin\",\"image\":{\"@type\":\"ImageObject\",\"inLanguage\":\"es\",\"@id\":\"https:\/\/luchonoticias.com\/editor\/#\/schema\/person\/image\/\",\"url\":\"https:\/\/luchonoticias.com\/editor\/wp-content\/uploads\/2024\/02\/cropped-cropped-logolu.webp\",\"contentUrl\":\"https:\/\/luchonoticias.com\/editor\/wp-content\/uploads\/2024\/02\/cropped-cropped-logolu.webp\",\"width\":382,\"height\":170,\"caption\":\"admin\"},\"logo\":{\"@id\":\"https:\/\/luchonoticias.com\/editor\/#\/schema\/person\/image\/\"},\"sameAs\":[\"https:\/\/www.facebook.com\/luchonoticiasneiva\"],\"url\":\"https:\/\/luchonoticias.com\/editor\/author\/admin\/\"}]}<\/script>\n<!-- \/ Yoast SEO plugin. -->","yoast_head_json":{"title":"Aprehendido adolescente presunto copart\u00edcipe en un hecho de homicidio en Neiva -","robots":{"index":"index","follow":"follow","max-snippet":"max-snippet:-1","max-image-preview":"max-image-preview:large","max-video-preview":"max-video-preview:-1"},"canonical":"https:\/\/luchonoticias.com\/editor\/aprehendido-adolescente-presunto-coparticipe-en-un-hecho-de-homicidio-en-neiva\/","og_locale":"es_ES","og_type":"article","og_title":"Aprehendido adolescente presunto copart\u00edcipe en un hecho de homicidio en Neiva -","og_url":"https:\/\/luchonoticias.com\/editor\/aprehendido-adolescente-presunto-coparticipe-en-un-hecho-de-homicidio-en-neiva\/","article_publisher":"https:\/\/www.facebook.com\/luchonoticiasneiva","article_author":"https:\/\/www.facebook.com\/luchonoticiasneiva","article_published_time":"2023-01-07T19:22:35+00:00","article_modified_time":"2023-01-07T19:22:36+00:00","author":"admin","twitter_card":"summary_large_image","twitter_misc":{"Escrito por":"admin","Tiempo de lectura":"1 minuto"},"schema":{"@context":"https:\/\/schema.org","@graph":[{"@type":"Article","@id":"https:\/\/luchonoticias.com\/editor\/aprehendido-adolescente-presunto-coparticipe-en-un-hecho-de-homicidio-en-neiva\/#article","isPartOf":{"@id":"https:\/\/luchonoticias.com\/editor\/aprehendido-adolescente-presunto-coparticipe-en-un-hecho-de-homicidio-en-neiva\/"},"author":{"name":"admin","@id":"https:\/\/luchonoticias.com\/editor\/#\/schema\/person\/7a7fd911f58561fd056dbac7b55af9cd"},"headline":"Aprehendido adolescente presunto copart\u00edcipe en un hecho de homicidio en Neiva","datePublished":"2023-01-07T19:22:35+00:00","dateModified":"2023-01-07T19:22:36+00:00","mainEntityOfPage":{"@id":"https:\/\/luchonoticias.com\/editor\/aprehendido-adolescente-presunto-coparticipe-en-un-hecho-de-homicidio-en-neiva\/"},"wordCount":301,"commentCount":0,"publisher":{"@id":"https:\/\/luchonoticias.com\/editor\/#\/schema\/person\/7a7fd911f58561fd056dbac7b55af9cd"},"articleSection":["Destacado","Judicial"],"inLanguage":"es","potentialAction":[{"@type":"CommentAction","name":"Comment","target":["https:\/\/luchonoticias.com\/editor\/aprehendido-adolescente-presunto-coparticipe-en-un-hecho-de-homicidio-en-neiva\/#respond"]}]},{"@type":"WebPage","@id":"https:\/\/luchonoticias.com\/editor\/aprehendido-adolescente-presunto-coparticipe-en-un-hecho-de-homicidio-en-neiva\/","url":"https:\/\/luchonoticias.com\/editor\/aprehendido-adolescente-presunto-coparticipe-en-un-hecho-de-homicidio-en-neiva\/","name":"Aprehendido adolescente presunto copart\u00edcipe en un hecho de homicidio en Neiva -","isPartOf":{"@id":"https:\/\/luchonoticias.com\/editor\/#website"},"datePublished":"2023-01-07T19:22:35+00:00","dateModified":"2023-01-07T19:22:36+00:00","breadcrumb":{"@id":"https:\/\/luchonoticias.com\/editor\/aprehendido-adolescente-presunto-coparticipe-en-un-hecho-de-homicidio-en-neiva\/#breadcrumb"},"inLanguage":"es","potentialAction":[{"@type":"ReadAction","target":["https:\/\/luchonoticias.com\/editor\/aprehendido-adolescente-presunto-coparticipe-en-un-hecho-de-homicidio-en-neiva\/"]}]},{"@type":"BreadcrumbList","@id":"https:\/\/luchonoticias.com\/editor\/aprehendido-adolescente-presunto-coparticipe-en-un-hecho-de-homicidio-en-neiva\/#breadcrumb","itemListElement":[{"@type":"ListItem","position":1,"name":"Portada","item":"https:\/\/luchonoticias.com\/editor\/"},{"@type":"ListItem","position":2,"name":"Aprehendido adolescente presunto copart\u00edcipe en un hecho de homicidio en Neiva"}]},{"@type":"WebSite","@id":"https:\/\/luchonoticias.com\/editor\/#website","url":"https:\/\/luchonoticias.com\/editor\/","name":"","description":"","publisher":{"@id":"https:\/\/luchonoticias.com\/editor\/#\/schema\/person\/7a7fd911f58561fd056dbac7b55af9cd"},"potentialAction":[{"@type":"SearchAction","target":{"@type":"EntryPoint","urlTemplate":"https:\/\/luchonoticias.com\/editor\/?s={search_term_string}"},"query-input":{"@type":"PropertyValueSpecification","valueRequired":true,"valueName":"search_term_string"}}],"inLanguage":"es"},{"@type":["Person","Organization"],"@id":"https:\/\/luchonoticias.com\/editor\/#\/schema\/person\/7a7fd911f58561fd056dbac7b55af9cd","name":"admin","image":{"@type":"ImageObject","inLanguage":"es","@id":"https:\/\/luchonoticias.com\/editor\/#\/schema\/person\/image\/","url":"https:\/\/luchonoticias.com\/editor\/wp-content\/uploads\/2024\/02\/cropped-cropped-logolu.webp","contentUrl":"https:\/\/luchonoticias.com\/editor\/wp-content\/uploads\/2024\/02\/cropped-cropped-logolu.webp","width":382,"height":170,"caption":"admin"},"logo":{"@id":"https:\/\/luchonoticias.com\/editor\/#\/schema\/person\/image\/"},"sameAs":["https:\/\/www.facebook.com\/luchonoticiasneiva"],"url":"https:\/\/luchonoticias.com\/editor\/author\/admin\/"}]}},"_links":{"self":[{"href":"https:\/\/luchonoticias.com\/editor\/wp-json\/wp\/v2\/posts\/43731","targetHints":{"allow":["GET"]}}],"collection":[{"href":"https:\/\/luchonoticias.com\/editor\/wp-json\/wp\/v2\/posts"}],"about":[{"href":"https:\/\/luchonoticias.com\/editor\/wp-json\/wp\/v2\/types\/post"}],"author":[{"embeddable":true,"href":"https:\/\/luchonoticias.com\/editor\/wp-json\/wp\/v2\/users\/1"}],"replies":[{"embeddable":true,"href":"https:\/\/luchonoticias.com\/editor\/wp-json\/wp\/v2\/comments?post=43731"}],"version-history":[{"count":0,"href":"https:\/\/luchonoticias.com\/editor\/wp-json\/wp\/v2\/posts\/43731\/revisions"}],"wp:attachment":[{"href":"https:\/\/luchonoticias.com\/editor\/wp-json\/wp\/v2\/media?parent=43731"}],"wp:term":[{"taxonomy":"category","embeddable":true,"href":"https:\/\/luchonoticias.com\/editor\/wp-json\/wp\/v2\/categories?post=43731"},{"taxonomy":"post_tag","embeddable":true,"href":"https:\/\/luchonoticias.com\/editor\/wp-json\/wp\/v2\/tags?post=43731"}],"curies":[{"name":"wp","href":"https:\/\/api.w.org\/{rel}","templated":true}]}}