{"id":43735,"date":"2023-01-07T14:27:56","date_gmt":"2023-01-07T19:27:56","guid":{"rendered":"https:\/\/luchonoticias.com\/?p=43735"},"modified":"2023-01-07T14:27:57","modified_gmt":"2023-01-07T19:27:57","slug":"policia-capturo-a-dos-sujetos-que-movilizaban-en-un-vehiculo-hurtado","status":"publish","type":"post","link":"https:\/\/luchonoticias.com\/editor\/policia-capturo-a-dos-sujetos-que-movilizaban-en-un-vehiculo-hurtado\/","title":{"rendered":"Polic\u00eda captur\u00f3 a dos sujetos que movilizaban en un veh\u00edculo hurtado"},"content":{"rendered":"\n<p>Las autoridades opitas, dieron a conocer que en las ultimas horas, gracias a informaci\u00f3n suministrada a trav\u00e9s de nuestra l\u00ednea 123, personal de la Seccional de Investigaci\u00f3n Criminal SIJIN, lograron en inmediaciones del Puente el Tiz\u00f3n, la captura de dos hombres identificados como Luis Alfonso C\u00e1rdenas Camelo, de 45 a\u00f1os y Jairo Alexander Rinc\u00f3n Cepeda de 35 a\u00f1os, el cual se movilizaban en un autom\u00f3vil el cual estaba reportado como hurtado. &nbsp;<\/p>\n\n\n\n<p>\u201cEstos sujetos movilizan en un veh\u00edculo marca Citro\u00ebn modelo 2023, el cual al ser verificada su matr\u00edcula LIK129, esta presentaba inconsistencias de autenticidad, situaci\u00f3n por la cual fue traslado a las instalaciones de la SIJIN, donde nuestros peritos de automotores establecen que citada placa no coincid\u00eda con los seriales de identificaci\u00f3n del veh\u00edculo, logrando determinar que el automotor fue hurtado el 16 de octubre del a\u00f1o 2022 en la ciudad de Bogot\u00e1\u201d, indicaron las autoridades en un informe oficial.<\/p>\n\n\n\n<figure class=\"wp-block-gallery has-nested-images columns-default is-cropped wp-block-gallery-1 is-layout-flex wp-block-gallery-is-layout-flex\">\n<figure class=\"wp-block-image size-large\"><img decoding=\"async\" data-id=\"43739\" src=\"https:\/\/luchonoticias.com\/wp-content\/uploads\/2023\/01\/WhatsApp-Image-2023-01-07-at-11.50.52-AM-1024x576.jpeg\" alt=\"\" class=\"wp-image-43739\"\/><\/figure>\n\n\n\n<figure class=\"wp-block-image size-large\"><img decoding=\"async\" data-id=\"43738\" src=\"https:\/\/luchonoticias.com\/wp-content\/uploads\/2023\/01\/WhatsApp-Image-2023-01-07-at-11.50.53-AM-1-1024x576.jpeg\" alt=\"\" class=\"wp-image-43738\"\/><\/figure>\n<\/figure>\n\n\n\n<p>Finalmente, las fuentes oficiales de la SIJIN, dieron a conocer que los dos hombres, quien en el caso de Jairo Alexander Rinc\u00f3n Cepeda, registra anotaciones como indiciado por el delito Hurto y el veh\u00edculo recuperado, fueron dejados a disposici\u00f3n de la Fiscal\u00eda por el delito de Receptaci\u00f3n, donde posteriormente, adelantado el proceso de judicializaci\u00f3n, un juez de control de garant\u00edas definir\u00e1 su situaci\u00f3n jur\u00eddica.<\/p>\n","protected":false},"excerpt":{"rendered":"<p>Las autoridades opitas, dieron a conocer que en las ultimas horas, gracias a informaci\u00f3n suministrada a trav\u00e9s de nuestra l\u00ednea 123, personal de la Seccional de Investigaci\u00f3n Criminal SIJIN, lograron en inmediaciones del Puente el Tiz\u00f3n, la captura de dos hombres identificados como Luis Alfonso C\u00e1rdenas Camelo, de 45 a\u00f1os y Jairo Alexander Rinc\u00f3n Cepeda [&hellip;]<\/p>\n","protected":false},"author":1,"featured_media":0,"comment_status":"open","ping_status":"open","sticky":false,"template":"","format":"standard","meta":{"footnotes":""},"categories":[36,29],"tags":[],"class_list":["post-43735","post","type-post","status-publish","format-standard","hentry","category-destacado","category-judicial"],"yoast_head":"<!-- This site is optimized with the Yoast SEO plugin v26.6 - https:\/\/yoast.com\/wordpress\/plugins\/seo\/ -->\n<title>Polic\u00eda captur\u00f3 a dos sujetos que movilizaban en un veh\u00edculo hurtado -<\/title>\n<meta name=\"robots\" content=\"index, follow, max-snippet:-1, max-image-preview:large, max-video-preview:-1\" \/>\n<link rel=\"canonical\" href=\"https:\/\/luchonoticias.com\/editor\/policia-capturo-a-dos-sujetos-que-movilizaban-en-un-vehiculo-hurtado\/\" \/>\n<meta property=\"og:locale\" content=\"es_ES\" \/>\n<meta property=\"og:type\" content=\"article\" \/>\n<meta property=\"og:title\" content=\"Polic\u00eda captur\u00f3 a dos sujetos que movilizaban en un veh\u00edculo hurtado -\" \/>\n<meta property=\"og:url\" content=\"https:\/\/luchonoticias.com\/editor\/policia-capturo-a-dos-sujetos-que-movilizaban-en-un-vehiculo-hurtado\/\" \/>\n<meta property=\"article:publisher\" content=\"https:\/\/www.facebook.com\/luchonoticiasneiva\" \/>\n<meta property=\"article:author\" content=\"https:\/\/www.facebook.com\/luchonoticiasneiva\" \/>\n<meta property=\"article:published_time\" content=\"2023-01-07T19:27:56+00:00\" \/>\n<meta property=\"article:modified_time\" content=\"2023-01-07T19:27:57+00:00\" \/>\n<meta property=\"og:image\" content=\"https:\/\/luchonoticias.com\/wp-content\/uploads\/2023\/01\/WhatsApp-Image-2023-01-07-at-11.50.52-AM-1024x576.jpeg\" \/>\n<meta name=\"author\" content=\"admin\" \/>\n<meta name=\"twitter:card\" content=\"summary_large_image\" \/>\n<meta name=\"twitter:label1\" content=\"Escrito por\" \/>\n\t<meta name=\"twitter:data1\" content=\"admin\" \/>\n\t<meta name=\"twitter:label2\" content=\"Tiempo de lectura\" \/>\n\t<meta name=\"twitter:data2\" content=\"1 minuto\" \/>\n<script type=\"application\/ld+json\" class=\"yoast-schema-graph\">{\"@context\":\"https:\/\/schema.org\",\"@graph\":[{\"@type\":\"Article\",\"@id\":\"https:\/\/luchonoticias.com\/editor\/policia-capturo-a-dos-sujetos-que-movilizaban-en-un-vehiculo-hurtado\/#article\",\"isPartOf\":{\"@id\":\"https:\/\/luchonoticias.com\/editor\/policia-capturo-a-dos-sujetos-que-movilizaban-en-un-vehiculo-hurtado\/\"},\"author\":{\"name\":\"admin\",\"@id\":\"https:\/\/luchonoticias.com\/editor\/#\/schema\/person\/7a7fd911f58561fd056dbac7b55af9cd\"},\"headline\":\"Polic\u00eda captur\u00f3 a dos sujetos que movilizaban en un veh\u00edculo hurtado\",\"datePublished\":\"2023-01-07T19:27:56+00:00\",\"dateModified\":\"2023-01-07T19:27:57+00:00\",\"mainEntityOfPage\":{\"@id\":\"https:\/\/luchonoticias.com\/editor\/policia-capturo-a-dos-sujetos-que-movilizaban-en-un-vehiculo-hurtado\/\"},\"wordCount\":249,\"commentCount\":0,\"publisher\":{\"@id\":\"https:\/\/luchonoticias.com\/editor\/#\/schema\/person\/7a7fd911f58561fd056dbac7b55af9cd\"},\"image\":{\"@id\":\"https:\/\/luchonoticias.com\/editor\/policia-capturo-a-dos-sujetos-que-movilizaban-en-un-vehiculo-hurtado\/#primaryimage\"},\"thumbnailUrl\":\"https:\/\/luchonoticias.com\/wp-content\/uploads\/2023\/01\/WhatsApp-Image-2023-01-07-at-11.50.52-AM-1024x576.jpeg\",\"articleSection\":[\"Destacado\",\"Judicial\"],\"inLanguage\":\"es\",\"potentialAction\":[{\"@type\":\"CommentAction\",\"name\":\"Comment\",\"target\":[\"https:\/\/luchonoticias.com\/editor\/policia-capturo-a-dos-sujetos-que-movilizaban-en-un-vehiculo-hurtado\/#respond\"]}]},{\"@type\":\"WebPage\",\"@id\":\"https:\/\/luchonoticias.com\/editor\/policia-capturo-a-dos-sujetos-que-movilizaban-en-un-vehiculo-hurtado\/\",\"url\":\"https:\/\/luchonoticias.com\/editor\/policia-capturo-a-dos-sujetos-que-movilizaban-en-un-vehiculo-hurtado\/\",\"name\":\"Polic\u00eda captur\u00f3 a dos sujetos que movilizaban en un veh\u00edculo hurtado -\",\"isPartOf\":{\"@id\":\"https:\/\/luchonoticias.com\/editor\/#website\"},\"primaryImageOfPage\":{\"@id\":\"https:\/\/luchonoticias.com\/editor\/policia-capturo-a-dos-sujetos-que-movilizaban-en-un-vehiculo-hurtado\/#primaryimage\"},\"image\":{\"@id\":\"https:\/\/luchonoticias.com\/editor\/policia-capturo-a-dos-sujetos-que-movilizaban-en-un-vehiculo-hurtado\/#primaryimage\"},\"thumbnailUrl\":\"https:\/\/luchonoticias.com\/wp-content\/uploads\/2023\/01\/WhatsApp-Image-2023-01-07-at-11.50.52-AM-1024x576.jpeg\",\"datePublished\":\"2023-01-07T19:27:56+00:00\",\"dateModified\":\"2023-01-07T19:27:57+00:00\",\"breadcrumb\":{\"@id\":\"https:\/\/luchonoticias.com\/editor\/policia-capturo-a-dos-sujetos-que-movilizaban-en-un-vehiculo-hurtado\/#breadcrumb\"},\"inLanguage\":\"es\",\"potentialAction\":[{\"@type\":\"ReadAction\",\"target\":[\"https:\/\/luchonoticias.com\/editor\/policia-capturo-a-dos-sujetos-que-movilizaban-en-un-vehiculo-hurtado\/\"]}]},{\"@type\":\"ImageObject\",\"inLanguage\":\"es\",\"@id\":\"https:\/\/luchonoticias.com\/editor\/policia-capturo-a-dos-sujetos-que-movilizaban-en-un-vehiculo-hurtado\/#primaryimage\",\"url\":\"https:\/\/luchonoticias.com\/wp-content\/uploads\/2023\/01\/WhatsApp-Image-2023-01-07-at-11.50.52-AM-1024x576.jpeg\",\"contentUrl\":\"https:\/\/luchonoticias.com\/wp-content\/uploads\/2023\/01\/WhatsApp-Image-2023-01-07-at-11.50.52-AM-1024x576.jpeg\"},{\"@type\":\"BreadcrumbList\",\"@id\":\"https:\/\/luchonoticias.com\/editor\/policia-capturo-a-dos-sujetos-que-movilizaban-en-un-vehiculo-hurtado\/#breadcrumb\",\"itemListElement\":[{\"@type\":\"ListItem\",\"position\":1,\"name\":\"Portada\",\"item\":\"https:\/\/luchonoticias.com\/editor\/\"},{\"@type\":\"ListItem\",\"position\":2,\"name\":\"Polic\u00eda captur\u00f3 a dos sujetos que movilizaban en un veh\u00edculo hurtado\"}]},{\"@type\":\"WebSite\",\"@id\":\"https:\/\/luchonoticias.com\/editor\/#website\",\"url\":\"https:\/\/luchonoticias.com\/editor\/\",\"name\":\"\",\"description\":\"\",\"publisher\":{\"@id\":\"https:\/\/luchonoticias.com\/editor\/#\/schema\/person\/7a7fd911f58561fd056dbac7b55af9cd\"},\"potentialAction\":[{\"@type\":\"SearchAction\",\"target\":{\"@type\":\"EntryPoint\",\"urlTemplate\":\"https:\/\/luchonoticias.com\/editor\/?s={search_term_string}\"},\"query-input\":{\"@type\":\"PropertyValueSpecification\",\"valueRequired\":true,\"valueName\":\"search_term_string\"}}],\"inLanguage\":\"es\"},{\"@type\":[\"Person\",\"Organization\"],\"@id\":\"https:\/\/luchonoticias.com\/editor\/#\/schema\/person\/7a7fd911f58561fd056dbac7b55af9cd\",\"name\":\"admin\",\"image\":{\"@type\":\"ImageObject\",\"inLanguage\":\"es\",\"@id\":\"https:\/\/luchonoticias.com\/editor\/#\/schema\/person\/image\/\",\"url\":\"https:\/\/luchonoticias.com\/editor\/wp-content\/uploads\/2024\/02\/cropped-cropped-logolu.webp\",\"contentUrl\":\"https:\/\/luchonoticias.com\/editor\/wp-content\/uploads\/2024\/02\/cropped-cropped-logolu.webp\",\"width\":382,\"height\":170,\"caption\":\"admin\"},\"logo\":{\"@id\":\"https:\/\/luchonoticias.com\/editor\/#\/schema\/person\/image\/\"},\"sameAs\":[\"https:\/\/www.facebook.com\/luchonoticiasneiva\"],\"url\":\"https:\/\/luchonoticias.com\/editor\/author\/admin\/\"}]}<\/script>\n<!-- \/ Yoast SEO plugin. -->","yoast_head_json":{"title":"Polic\u00eda captur\u00f3 a dos sujetos que movilizaban en un veh\u00edculo hurtado -","robots":{"index":"index","follow":"follow","max-snippet":"max-snippet:-1","max-image-preview":"max-image-preview:large","max-video-preview":"max-video-preview:-1"},"canonical":"https:\/\/luchonoticias.com\/editor\/policia-capturo-a-dos-sujetos-que-movilizaban-en-un-vehiculo-hurtado\/","og_locale":"es_ES","og_type":"article","og_title":"Polic\u00eda captur\u00f3 a dos sujetos que movilizaban en un veh\u00edculo hurtado -","og_url":"https:\/\/luchonoticias.com\/editor\/policia-capturo-a-dos-sujetos-que-movilizaban-en-un-vehiculo-hurtado\/","article_publisher":"https:\/\/www.facebook.com\/luchonoticiasneiva","article_author":"https:\/\/www.facebook.com\/luchonoticiasneiva","article_published_time":"2023-01-07T19:27:56+00:00","article_modified_time":"2023-01-07T19:27:57+00:00","og_image":[{"url":"https:\/\/luchonoticias.com\/wp-content\/uploads\/2023\/01\/WhatsApp-Image-2023-01-07-at-11.50.52-AM-1024x576.jpeg","type":"","width":"","height":""}],"author":"admin","twitter_card":"summary_large_image","twitter_misc":{"Escrito por":"admin","Tiempo de lectura":"1 minuto"},"schema":{"@context":"https:\/\/schema.org","@graph":[{"@type":"Article","@id":"https:\/\/luchonoticias.com\/editor\/policia-capturo-a-dos-sujetos-que-movilizaban-en-un-vehiculo-hurtado\/#article","isPartOf":{"@id":"https:\/\/luchonoticias.com\/editor\/policia-capturo-a-dos-sujetos-que-movilizaban-en-un-vehiculo-hurtado\/"},"author":{"name":"admin","@id":"https:\/\/luchonoticias.com\/editor\/#\/schema\/person\/7a7fd911f58561fd056dbac7b55af9cd"},"headline":"Polic\u00eda captur\u00f3 a dos sujetos que movilizaban en un veh\u00edculo hurtado","datePublished":"2023-01-07T19:27:56+00:00","dateModified":"2023-01-07T19:27:57+00:00","mainEntityOfPage":{"@id":"https:\/\/luchonoticias.com\/editor\/policia-capturo-a-dos-sujetos-que-movilizaban-en-un-vehiculo-hurtado\/"},"wordCount":249,"commentCount":0,"publisher":{"@id":"https:\/\/luchonoticias.com\/editor\/#\/schema\/person\/7a7fd911f58561fd056dbac7b55af9cd"},"image":{"@id":"https:\/\/luchonoticias.com\/editor\/policia-capturo-a-dos-sujetos-que-movilizaban-en-un-vehiculo-hurtado\/#primaryimage"},"thumbnailUrl":"https:\/\/luchonoticias.com\/wp-content\/uploads\/2023\/01\/WhatsApp-Image-2023-01-07-at-11.50.52-AM-1024x576.jpeg","articleSection":["Destacado","Judicial"],"inLanguage":"es","potentialAction":[{"@type":"CommentAction","name":"Comment","target":["https:\/\/luchonoticias.com\/editor\/policia-capturo-a-dos-sujetos-que-movilizaban-en-un-vehiculo-hurtado\/#respond"]}]},{"@type":"WebPage","@id":"https:\/\/luchonoticias.com\/editor\/policia-capturo-a-dos-sujetos-que-movilizaban-en-un-vehiculo-hurtado\/","url":"https:\/\/luchonoticias.com\/editor\/policia-capturo-a-dos-sujetos-que-movilizaban-en-un-vehiculo-hurtado\/","name":"Polic\u00eda captur\u00f3 a dos sujetos que movilizaban en un veh\u00edculo hurtado -","isPartOf":{"@id":"https:\/\/luchonoticias.com\/editor\/#website"},"primaryImageOfPage":{"@id":"https:\/\/luchonoticias.com\/editor\/policia-capturo-a-dos-sujetos-que-movilizaban-en-un-vehiculo-hurtado\/#primaryimage"},"image":{"@id":"https:\/\/luchonoticias.com\/editor\/policia-capturo-a-dos-sujetos-que-movilizaban-en-un-vehiculo-hurtado\/#primaryimage"},"thumbnailUrl":"https:\/\/luchonoticias.com\/wp-content\/uploads\/2023\/01\/WhatsApp-Image-2023-01-07-at-11.50.52-AM-1024x576.jpeg","datePublished":"2023-01-07T19:27:56+00:00","dateModified":"2023-01-07T19:27:57+00:00","breadcrumb":{"@id":"https:\/\/luchonoticias.com\/editor\/policia-capturo-a-dos-sujetos-que-movilizaban-en-un-vehiculo-hurtado\/#breadcrumb"},"inLanguage":"es","potentialAction":[{"@type":"ReadAction","target":["https:\/\/luchonoticias.com\/editor\/policia-capturo-a-dos-sujetos-que-movilizaban-en-un-vehiculo-hurtado\/"]}]},{"@type":"ImageObject","inLanguage":"es","@id":"https:\/\/luchonoticias.com\/editor\/policia-capturo-a-dos-sujetos-que-movilizaban-en-un-vehiculo-hurtado\/#primaryimage","url":"https:\/\/luchonoticias.com\/wp-content\/uploads\/2023\/01\/WhatsApp-Image-2023-01-07-at-11.50.52-AM-1024x576.jpeg","contentUrl":"https:\/\/luchonoticias.com\/wp-content\/uploads\/2023\/01\/WhatsApp-Image-2023-01-07-at-11.50.52-AM-1024x576.jpeg"},{"@type":"BreadcrumbList","@id":"https:\/\/luchonoticias.com\/editor\/policia-capturo-a-dos-sujetos-que-movilizaban-en-un-vehiculo-hurtado\/#breadcrumb","itemListElement":[{"@type":"ListItem","position":1,"name":"Portada","item":"https:\/\/luchonoticias.com\/editor\/"},{"@type":"ListItem","position":2,"name":"Polic\u00eda captur\u00f3 a dos sujetos que movilizaban en un veh\u00edculo hurtado"}]},{"@type":"WebSite","@id":"https:\/\/luchonoticias.com\/editor\/#website","url":"https:\/\/luchonoticias.com\/editor\/","name":"","description":"","publisher":{"@id":"https:\/\/luchonoticias.com\/editor\/#\/schema\/person\/7a7fd911f58561fd056dbac7b55af9cd"},"potentialAction":[{"@type":"SearchAction","target":{"@type":"EntryPoint","urlTemplate":"https:\/\/luchonoticias.com\/editor\/?s={search_term_string}"},"query-input":{"@type":"PropertyValueSpecification","valueRequired":true,"valueName":"search_term_string"}}],"inLanguage":"es"},{"@type":["Person","Organization"],"@id":"https:\/\/luchonoticias.com\/editor\/#\/schema\/person\/7a7fd911f58561fd056dbac7b55af9cd","name":"admin","image":{"@type":"ImageObject","inLanguage":"es","@id":"https:\/\/luchonoticias.com\/editor\/#\/schema\/person\/image\/","url":"https:\/\/luchonoticias.com\/editor\/wp-content\/uploads\/2024\/02\/cropped-cropped-logolu.webp","contentUrl":"https:\/\/luchonoticias.com\/editor\/wp-content\/uploads\/2024\/02\/cropped-cropped-logolu.webp","width":382,"height":170,"caption":"admin"},"logo":{"@id":"https:\/\/luchonoticias.com\/editor\/#\/schema\/person\/image\/"},"sameAs":["https:\/\/www.facebook.com\/luchonoticiasneiva"],"url":"https:\/\/luchonoticias.com\/editor\/author\/admin\/"}]}},"_links":{"self":[{"href":"https:\/\/luchonoticias.com\/editor\/wp-json\/wp\/v2\/posts\/43735","targetHints":{"allow":["GET"]}}],"collection":[{"href":"https:\/\/luchonoticias.com\/editor\/wp-json\/wp\/v2\/posts"}],"about":[{"href":"https:\/\/luchonoticias.com\/editor\/wp-json\/wp\/v2\/types\/post"}],"author":[{"embeddable":true,"href":"https:\/\/luchonoticias.com\/editor\/wp-json\/wp\/v2\/users\/1"}],"replies":[{"embeddable":true,"href":"https:\/\/luchonoticias.com\/editor\/wp-json\/wp\/v2\/comments?post=43735"}],"version-history":[{"count":0,"href":"https:\/\/luchonoticias.com\/editor\/wp-json\/wp\/v2\/posts\/43735\/revisions"}],"wp:attachment":[{"href":"https:\/\/luchonoticias.com\/editor\/wp-json\/wp\/v2\/media?parent=43735"}],"wp:term":[{"taxonomy":"category","embeddable":true,"href":"https:\/\/luchonoticias.com\/editor\/wp-json\/wp\/v2\/categories?post=43735"},{"taxonomy":"post_tag","embeddable":true,"href":"https:\/\/luchonoticias.com\/editor\/wp-json\/wp\/v2\/tags?post=43735"}],"curies":[{"name":"wp","href":"https:\/\/api.w.org\/{rel}","templated":true}]}}