{"id":43741,"date":"2023-01-07T14:31:55","date_gmt":"2023-01-07T19:31:55","guid":{"rendered":"https:\/\/luchonoticias.com\/?p=43741"},"modified":"2023-01-07T14:31:56","modified_gmt":"2023-01-07T19:31:56","slug":"avianca-confirmo-macabro-hallazgo-en-avion-que-llego-a-bogota","status":"publish","type":"post","link":"https:\/\/luchonoticias.com\/editor\/avianca-confirmo-macabro-hallazgo-en-avion-que-llego-a-bogota\/","title":{"rendered":"Avianca confirm\u00f3 macabro hallazgo en avi\u00f3n que lleg\u00f3 a Bogot\u00e1"},"content":{"rendered":"\n<p>La aerol\u00ednea colombiana se pronunci\u00f3 hace pocos minutos sobre los hechos ocurridos en la noche de este viernes en el aeropuerto El Dorado de Bogot\u00e1, en los que fueron hallados dos cad\u00e1veres en el tren de aterrizaje de una de sus aeronaves, proveniente de Chile.<\/p>\n\n\n\n<p>De acuerdo con el reporte, el \u00faltimo viaje de la aeronave se dio el viernes 6 de enero de Santiago de Chile y regres\u00f3 a Bogot\u00e1 sobre las 8 de la noche. Cuando se realiz\u00f3 la revisi\u00f3n del avi\u00f3n en el tren de aterrizaje, se descubrieron los cuerpos.<\/p>\n\n\n\n<p>Por su parte, Avianca afirm\u00f3 que \u201cdentro de sus procesos de seguridad antes del inicio de cada vuelo inspecciona la aeronave y su per\u00edmetro. A su vez, la seguridad del aeropuerto, el control a zonas restringidas y el control del per\u00edmetro de este est\u00e1 a cargo de las autoridades y administradores aeroportuarios\u201d.<\/p>\n\n\n\n<p>Finalmente se conoci\u00f3 que las autoridades colombianas ya se pusieron en contacto con las de Chile para determinar la procedencia de las personas halladas sin vida en el avi\u00f3n de Avianca, as\u00ed como establecer sus identidades y en qu\u00e9 momento se metieron como polizones en el tren de aterrizaje.<\/p>\n","protected":false},"excerpt":{"rendered":"<p>La aerol\u00ednea colombiana se pronunci\u00f3 hace pocos minutos sobre los hechos ocurridos en la noche de este viernes en el aeropuerto El Dorado de Bogot\u00e1, en los que fueron hallados dos cad\u00e1veres en el tren de aterrizaje de una de sus aeronaves, proveniente de Chile. De acuerdo con el reporte, el \u00faltimo viaje de la [&hellip;]<\/p>\n","protected":false},"author":1,"featured_media":0,"comment_status":"open","ping_status":"open","sticky":false,"template":"","format":"standard","meta":{"footnotes":""},"categories":[28,36],"tags":[],"class_list":["post-43741","post","type-post","status-publish","format-standard","hentry","category-actualidad","category-destacado"],"yoast_head":"<!-- This site is optimized with the Yoast SEO plugin v26.6 - https:\/\/yoast.com\/wordpress\/plugins\/seo\/ -->\n<title>Avianca confirm\u00f3 macabro hallazgo en avi\u00f3n que lleg\u00f3 a Bogot\u00e1 -<\/title>\n<meta name=\"robots\" content=\"index, follow, max-snippet:-1, max-image-preview:large, max-video-preview:-1\" \/>\n<link rel=\"canonical\" href=\"https:\/\/luchonoticias.com\/editor\/avianca-confirmo-macabro-hallazgo-en-avion-que-llego-a-bogota\/\" \/>\n<meta property=\"og:locale\" content=\"es_ES\" \/>\n<meta property=\"og:type\" content=\"article\" \/>\n<meta property=\"og:title\" content=\"Avianca confirm\u00f3 macabro hallazgo en avi\u00f3n que lleg\u00f3 a Bogot\u00e1 -\" \/>\n<meta property=\"og:url\" content=\"https:\/\/luchonoticias.com\/editor\/avianca-confirmo-macabro-hallazgo-en-avion-que-llego-a-bogota\/\" \/>\n<meta property=\"article:publisher\" content=\"https:\/\/www.facebook.com\/luchonoticiasneiva\" \/>\n<meta property=\"article:author\" content=\"https:\/\/www.facebook.com\/luchonoticiasneiva\" \/>\n<meta property=\"article:published_time\" content=\"2023-01-07T19:31:55+00:00\" \/>\n<meta property=\"article:modified_time\" content=\"2023-01-07T19:31:56+00:00\" \/>\n<meta name=\"author\" content=\"admin\" \/>\n<meta name=\"twitter:card\" content=\"summary_large_image\" \/>\n<meta name=\"twitter:label1\" content=\"Escrito por\" \/>\n\t<meta name=\"twitter:data1\" content=\"admin\" \/>\n\t<meta name=\"twitter:label2\" content=\"Tiempo de lectura\" \/>\n\t<meta name=\"twitter:data2\" content=\"1 minuto\" \/>\n<script type=\"application\/ld+json\" class=\"yoast-schema-graph\">{\"@context\":\"https:\/\/schema.org\",\"@graph\":[{\"@type\":\"Article\",\"@id\":\"https:\/\/luchonoticias.com\/editor\/avianca-confirmo-macabro-hallazgo-en-avion-que-llego-a-bogota\/#article\",\"isPartOf\":{\"@id\":\"https:\/\/luchonoticias.com\/editor\/avianca-confirmo-macabro-hallazgo-en-avion-que-llego-a-bogota\/\"},\"author\":{\"name\":\"admin\",\"@id\":\"https:\/\/luchonoticias.com\/editor\/#\/schema\/person\/7a7fd911f58561fd056dbac7b55af9cd\"},\"headline\":\"Avianca confirm\u00f3 macabro hallazgo en avi\u00f3n que lleg\u00f3 a Bogot\u00e1\",\"datePublished\":\"2023-01-07T19:31:55+00:00\",\"dateModified\":\"2023-01-07T19:31:56+00:00\",\"mainEntityOfPage\":{\"@id\":\"https:\/\/luchonoticias.com\/editor\/avianca-confirmo-macabro-hallazgo-en-avion-que-llego-a-bogota\/\"},\"wordCount\":210,\"commentCount\":0,\"publisher\":{\"@id\":\"https:\/\/luchonoticias.com\/editor\/#\/schema\/person\/7a7fd911f58561fd056dbac7b55af9cd\"},\"articleSection\":[\"Actualidad\",\"Destacado\"],\"inLanguage\":\"es\",\"potentialAction\":[{\"@type\":\"CommentAction\",\"name\":\"Comment\",\"target\":[\"https:\/\/luchonoticias.com\/editor\/avianca-confirmo-macabro-hallazgo-en-avion-que-llego-a-bogota\/#respond\"]}]},{\"@type\":\"WebPage\",\"@id\":\"https:\/\/luchonoticias.com\/editor\/avianca-confirmo-macabro-hallazgo-en-avion-que-llego-a-bogota\/\",\"url\":\"https:\/\/luchonoticias.com\/editor\/avianca-confirmo-macabro-hallazgo-en-avion-que-llego-a-bogota\/\",\"name\":\"Avianca confirm\u00f3 macabro hallazgo en avi\u00f3n que lleg\u00f3 a Bogot\u00e1 -\",\"isPartOf\":{\"@id\":\"https:\/\/luchonoticias.com\/editor\/#website\"},\"datePublished\":\"2023-01-07T19:31:55+00:00\",\"dateModified\":\"2023-01-07T19:31:56+00:00\",\"breadcrumb\":{\"@id\":\"https:\/\/luchonoticias.com\/editor\/avianca-confirmo-macabro-hallazgo-en-avion-que-llego-a-bogota\/#breadcrumb\"},\"inLanguage\":\"es\",\"potentialAction\":[{\"@type\":\"ReadAction\",\"target\":[\"https:\/\/luchonoticias.com\/editor\/avianca-confirmo-macabro-hallazgo-en-avion-que-llego-a-bogota\/\"]}]},{\"@type\":\"BreadcrumbList\",\"@id\":\"https:\/\/luchonoticias.com\/editor\/avianca-confirmo-macabro-hallazgo-en-avion-que-llego-a-bogota\/#breadcrumb\",\"itemListElement\":[{\"@type\":\"ListItem\",\"position\":1,\"name\":\"Portada\",\"item\":\"https:\/\/luchonoticias.com\/editor\/\"},{\"@type\":\"ListItem\",\"position\":2,\"name\":\"Avianca confirm\u00f3 macabro hallazgo en avi\u00f3n que lleg\u00f3 a Bogot\u00e1\"}]},{\"@type\":\"WebSite\",\"@id\":\"https:\/\/luchonoticias.com\/editor\/#website\",\"url\":\"https:\/\/luchonoticias.com\/editor\/\",\"name\":\"\",\"description\":\"\",\"publisher\":{\"@id\":\"https:\/\/luchonoticias.com\/editor\/#\/schema\/person\/7a7fd911f58561fd056dbac7b55af9cd\"},\"potentialAction\":[{\"@type\":\"SearchAction\",\"target\":{\"@type\":\"EntryPoint\",\"urlTemplate\":\"https:\/\/luchonoticias.com\/editor\/?s={search_term_string}\"},\"query-input\":{\"@type\":\"PropertyValueSpecification\",\"valueRequired\":true,\"valueName\":\"search_term_string\"}}],\"inLanguage\":\"es\"},{\"@type\":[\"Person\",\"Organization\"],\"@id\":\"https:\/\/luchonoticias.com\/editor\/#\/schema\/person\/7a7fd911f58561fd056dbac7b55af9cd\",\"name\":\"admin\",\"image\":{\"@type\":\"ImageObject\",\"inLanguage\":\"es\",\"@id\":\"https:\/\/luchonoticias.com\/editor\/#\/schema\/person\/image\/\",\"url\":\"https:\/\/luchonoticias.com\/editor\/wp-content\/uploads\/2024\/02\/cropped-cropped-logolu.webp\",\"contentUrl\":\"https:\/\/luchonoticias.com\/editor\/wp-content\/uploads\/2024\/02\/cropped-cropped-logolu.webp\",\"width\":382,\"height\":170,\"caption\":\"admin\"},\"logo\":{\"@id\":\"https:\/\/luchonoticias.com\/editor\/#\/schema\/person\/image\/\"},\"sameAs\":[\"https:\/\/www.facebook.com\/luchonoticiasneiva\"],\"url\":\"https:\/\/luchonoticias.com\/editor\/author\/admin\/\"}]}<\/script>\n<!-- \/ Yoast SEO plugin. -->","yoast_head_json":{"title":"Avianca confirm\u00f3 macabro hallazgo en avi\u00f3n que lleg\u00f3 a Bogot\u00e1 -","robots":{"index":"index","follow":"follow","max-snippet":"max-snippet:-1","max-image-preview":"max-image-preview:large","max-video-preview":"max-video-preview:-1"},"canonical":"https:\/\/luchonoticias.com\/editor\/avianca-confirmo-macabro-hallazgo-en-avion-que-llego-a-bogota\/","og_locale":"es_ES","og_type":"article","og_title":"Avianca confirm\u00f3 macabro hallazgo en avi\u00f3n que lleg\u00f3 a Bogot\u00e1 -","og_url":"https:\/\/luchonoticias.com\/editor\/avianca-confirmo-macabro-hallazgo-en-avion-que-llego-a-bogota\/","article_publisher":"https:\/\/www.facebook.com\/luchonoticiasneiva","article_author":"https:\/\/www.facebook.com\/luchonoticiasneiva","article_published_time":"2023-01-07T19:31:55+00:00","article_modified_time":"2023-01-07T19:31:56+00:00","author":"admin","twitter_card":"summary_large_image","twitter_misc":{"Escrito por":"admin","Tiempo de lectura":"1 minuto"},"schema":{"@context":"https:\/\/schema.org","@graph":[{"@type":"Article","@id":"https:\/\/luchonoticias.com\/editor\/avianca-confirmo-macabro-hallazgo-en-avion-que-llego-a-bogota\/#article","isPartOf":{"@id":"https:\/\/luchonoticias.com\/editor\/avianca-confirmo-macabro-hallazgo-en-avion-que-llego-a-bogota\/"},"author":{"name":"admin","@id":"https:\/\/luchonoticias.com\/editor\/#\/schema\/person\/7a7fd911f58561fd056dbac7b55af9cd"},"headline":"Avianca confirm\u00f3 macabro hallazgo en avi\u00f3n que lleg\u00f3 a Bogot\u00e1","datePublished":"2023-01-07T19:31:55+00:00","dateModified":"2023-01-07T19:31:56+00:00","mainEntityOfPage":{"@id":"https:\/\/luchonoticias.com\/editor\/avianca-confirmo-macabro-hallazgo-en-avion-que-llego-a-bogota\/"},"wordCount":210,"commentCount":0,"publisher":{"@id":"https:\/\/luchonoticias.com\/editor\/#\/schema\/person\/7a7fd911f58561fd056dbac7b55af9cd"},"articleSection":["Actualidad","Destacado"],"inLanguage":"es","potentialAction":[{"@type":"CommentAction","name":"Comment","target":["https:\/\/luchonoticias.com\/editor\/avianca-confirmo-macabro-hallazgo-en-avion-que-llego-a-bogota\/#respond"]}]},{"@type":"WebPage","@id":"https:\/\/luchonoticias.com\/editor\/avianca-confirmo-macabro-hallazgo-en-avion-que-llego-a-bogota\/","url":"https:\/\/luchonoticias.com\/editor\/avianca-confirmo-macabro-hallazgo-en-avion-que-llego-a-bogota\/","name":"Avianca confirm\u00f3 macabro hallazgo en avi\u00f3n que lleg\u00f3 a Bogot\u00e1 -","isPartOf":{"@id":"https:\/\/luchonoticias.com\/editor\/#website"},"datePublished":"2023-01-07T19:31:55+00:00","dateModified":"2023-01-07T19:31:56+00:00","breadcrumb":{"@id":"https:\/\/luchonoticias.com\/editor\/avianca-confirmo-macabro-hallazgo-en-avion-que-llego-a-bogota\/#breadcrumb"},"inLanguage":"es","potentialAction":[{"@type":"ReadAction","target":["https:\/\/luchonoticias.com\/editor\/avianca-confirmo-macabro-hallazgo-en-avion-que-llego-a-bogota\/"]}]},{"@type":"BreadcrumbList","@id":"https:\/\/luchonoticias.com\/editor\/avianca-confirmo-macabro-hallazgo-en-avion-que-llego-a-bogota\/#breadcrumb","itemListElement":[{"@type":"ListItem","position":1,"name":"Portada","item":"https:\/\/luchonoticias.com\/editor\/"},{"@type":"ListItem","position":2,"name":"Avianca confirm\u00f3 macabro hallazgo en avi\u00f3n que lleg\u00f3 a Bogot\u00e1"}]},{"@type":"WebSite","@id":"https:\/\/luchonoticias.com\/editor\/#website","url":"https:\/\/luchonoticias.com\/editor\/","name":"","description":"","publisher":{"@id":"https:\/\/luchonoticias.com\/editor\/#\/schema\/person\/7a7fd911f58561fd056dbac7b55af9cd"},"potentialAction":[{"@type":"SearchAction","target":{"@type":"EntryPoint","urlTemplate":"https:\/\/luchonoticias.com\/editor\/?s={search_term_string}"},"query-input":{"@type":"PropertyValueSpecification","valueRequired":true,"valueName":"search_term_string"}}],"inLanguage":"es"},{"@type":["Person","Organization"],"@id":"https:\/\/luchonoticias.com\/editor\/#\/schema\/person\/7a7fd911f58561fd056dbac7b55af9cd","name":"admin","image":{"@type":"ImageObject","inLanguage":"es","@id":"https:\/\/luchonoticias.com\/editor\/#\/schema\/person\/image\/","url":"https:\/\/luchonoticias.com\/editor\/wp-content\/uploads\/2024\/02\/cropped-cropped-logolu.webp","contentUrl":"https:\/\/luchonoticias.com\/editor\/wp-content\/uploads\/2024\/02\/cropped-cropped-logolu.webp","width":382,"height":170,"caption":"admin"},"logo":{"@id":"https:\/\/luchonoticias.com\/editor\/#\/schema\/person\/image\/"},"sameAs":["https:\/\/www.facebook.com\/luchonoticiasneiva"],"url":"https:\/\/luchonoticias.com\/editor\/author\/admin\/"}]}},"_links":{"self":[{"href":"https:\/\/luchonoticias.com\/editor\/wp-json\/wp\/v2\/posts\/43741","targetHints":{"allow":["GET"]}}],"collection":[{"href":"https:\/\/luchonoticias.com\/editor\/wp-json\/wp\/v2\/posts"}],"about":[{"href":"https:\/\/luchonoticias.com\/editor\/wp-json\/wp\/v2\/types\/post"}],"author":[{"embeddable":true,"href":"https:\/\/luchonoticias.com\/editor\/wp-json\/wp\/v2\/users\/1"}],"replies":[{"embeddable":true,"href":"https:\/\/luchonoticias.com\/editor\/wp-json\/wp\/v2\/comments?post=43741"}],"version-history":[{"count":0,"href":"https:\/\/luchonoticias.com\/editor\/wp-json\/wp\/v2\/posts\/43741\/revisions"}],"wp:attachment":[{"href":"https:\/\/luchonoticias.com\/editor\/wp-json\/wp\/v2\/media?parent=43741"}],"wp:term":[{"taxonomy":"category","embeddable":true,"href":"https:\/\/luchonoticias.com\/editor\/wp-json\/wp\/v2\/categories?post=43741"},{"taxonomy":"post_tag","embeddable":true,"href":"https:\/\/luchonoticias.com\/editor\/wp-json\/wp\/v2\/tags?post=43741"}],"curies":[{"name":"wp","href":"https:\/\/api.w.org\/{rel}","templated":true}]}}