{"id":43752,"date":"2023-01-07T15:43:46","date_gmt":"2023-01-07T20:43:46","guid":{"rendered":"https:\/\/luchonoticias.com\/?p=43752"},"modified":"2023-01-07T15:43:48","modified_gmt":"2023-01-07T20:43:48","slug":"arranca-en-neiva-plan-de-infraestructura-educativa-de-mineducacion","status":"publish","type":"post","link":"https:\/\/luchonoticias.com\/editor\/arranca-en-neiva-plan-de-infraestructura-educativa-de-mineducacion\/","title":{"rendered":"Arranca en Neiva plan de infraestructura educativa de Mineducaci\u00f3n"},"content":{"rendered":"\n<p>El ministro de Educaci\u00f3n, Alejandro Gaviria; la ministra de Vivienda, Catalina Velasco; y el presidente de Findeter, Ricardo Bonilla, <strong>entregaron la Instituci\u00f3n Educativa I.E. IV Centenario y el Centro de Desarrollo Infantil CDI Sonrisa de Colores en Neiva,<\/strong> los cuales <strong>beneficiar\u00e1n a 960 estudiantes y a 160 ni\u00f1os y ni\u00f1as, <\/strong>quienes gozar\u00e1n de estos dos nuevos espacios de aprendizaje que hacen parte de la transformaci\u00f3n de los colegios en centros comunitarios para una educaci\u00f3n de calidad y para la vida.<\/p>\n\n\n\n<p>\u00abCon este proyecto tenemos varios compromisos. El primero es con la planta docente, el segundo, la cofinanciaci\u00f3n de la dotaci\u00f3n con el plan de infraestructura del municipio y el tercero, la puesta en funcionamiento que en el cronograma se tiene previsto para abril o mayo\u00bb, dijo el ministro de Educaci\u00f3n, Alejandro Gaviria.<\/p>\n\n\n\n<p>Las obras educativas se encuentran<strong> ubicadas en la Urbanizaci\u00f3n IV Centenario de la capital huilense.<\/strong> Para su ejecuci\u00f3n se destinaron $12 mil 662 millones aportados por el Ministerio de Vivienda dentro de la estrategia de dotaci\u00f3n urban\u00edstica.<\/p>\n\n\n\n<p>Durante su visita a la ciudad de Neiva, el ministro de Educaci\u00f3n, Alejandro Gaviria anunci\u00f3 que <strong>se est\u00e1 trabajando desde el Gobierno Nacional <\/strong>para la <strong>universalizaci\u00f3n del Plan de Alimentaci\u00f3n Escolar, PAE, <\/strong>que se ofrece en las Instituciones Educativas del pa\u00eds.<\/p>\n\n\n\n<p>\u00abSobre el PAE hay tres temas diferentes que hay que manejar, el primero es el tema de los recursos, de garantizar que el PAE est\u00e9 completamente financiado el a\u00f1o entrante, para eso nosotros conseguimos unos recursos adicionales el a\u00f1o pasado y vamos en la edici\u00f3n presupuestal que se va a llevar al Congreso en el mes de febrero\u00bb, sostuvo Gaviria.<\/p>\n\n\n\n<p>El segundo tema para <strong>priorizar es el acompa\u00f1amiento a las Entidades Territoriales. <\/strong>\u00abEn el caso de Neiva para que se contrate oportunamente y desde el primer d\u00eda de clases est\u00e9 funcionando el PAE y el tercero es blindar sus procesos de contrataci\u00f3n y para eso son importantes las alertas tempranas\u00bb, explic\u00f3 el alto funcionario.<\/p>\n\n\n\n<p>El Ministro manifest\u00f3 que en la gran transformaci\u00f3n educativa para el pa\u00eds se tienen cinco retos puntuales.<\/p>\n\n\n\n<p>\u00abEl primero el aumento sustancial en la cobertura de educaci\u00f3n superior con la meta de 500.000 nuevos j\u00f3venes en el cuatrienio, el segundo la universalizaci\u00f3n del Programa de Alimentaci\u00f3n Escolar, el tercer lanzar un ambicioso Plan de Infraestructura haciendo \u00e9nfasis en las escuelas rurales, el cuarto se relaciona en la forma como la educaci\u00f3n va a jugar un papel fundamental en la convivencia y en aclimatar la paz y la reconciliaci\u00f3n en nuestro pa\u00eds y el quinto reto es llevar la cultura y el deporte en jornadas ampliadas a las escuelas y colegios\u00bb, concluy\u00f3 el alto funcionario.<\/p>\n","protected":false},"excerpt":{"rendered":"<p>El ministro de Educaci\u00f3n, Alejandro Gaviria; la ministra de Vivienda, Catalina Velasco; y el presidente de Findeter, Ricardo Bonilla, entregaron la Instituci\u00f3n Educativa I.E. IV Centenario y el Centro de Desarrollo Infantil CDI Sonrisa de Colores en Neiva, los cuales beneficiar\u00e1n a 960 estudiantes y a 160 ni\u00f1os y ni\u00f1as, quienes gozar\u00e1n de estos dos [&hellip;]<\/p>\n","protected":false},"author":1,"featured_media":0,"comment_status":"open","ping_status":"open","sticky":false,"template":"","format":"standard","meta":{"footnotes":""},"categories":[33],"tags":[],"class_list":["post-43752","post","type-post","status-publish","format-standard","hentry","category-huila"],"yoast_head":"<!-- This site is optimized with the Yoast SEO plugin v26.6 - https:\/\/yoast.com\/wordpress\/plugins\/seo\/ -->\n<title>Arranca en Neiva plan de infraestructura educativa de Mineducaci\u00f3n -<\/title>\n<meta name=\"robots\" content=\"index, follow, max-snippet:-1, max-image-preview:large, max-video-preview:-1\" \/>\n<link rel=\"canonical\" href=\"https:\/\/luchonoticias.com\/editor\/arranca-en-neiva-plan-de-infraestructura-educativa-de-mineducacion\/\" \/>\n<meta property=\"og:locale\" content=\"es_ES\" \/>\n<meta property=\"og:type\" content=\"article\" \/>\n<meta property=\"og:title\" content=\"Arranca en Neiva plan de infraestructura educativa de Mineducaci\u00f3n -\" \/>\n<meta property=\"og:url\" content=\"https:\/\/luchonoticias.com\/editor\/arranca-en-neiva-plan-de-infraestructura-educativa-de-mineducacion\/\" \/>\n<meta property=\"article:publisher\" content=\"https:\/\/www.facebook.com\/luchonoticiasneiva\" \/>\n<meta property=\"article:author\" content=\"https:\/\/www.facebook.com\/luchonoticiasneiva\" \/>\n<meta property=\"article:published_time\" content=\"2023-01-07T20:43:46+00:00\" \/>\n<meta property=\"article:modified_time\" content=\"2023-01-07T20:43:48+00:00\" \/>\n<meta name=\"author\" content=\"admin\" \/>\n<meta name=\"twitter:card\" content=\"summary_large_image\" \/>\n<meta name=\"twitter:label1\" content=\"Escrito por\" \/>\n\t<meta name=\"twitter:data1\" content=\"admin\" \/>\n\t<meta name=\"twitter:label2\" content=\"Tiempo de lectura\" \/>\n\t<meta name=\"twitter:data2\" content=\"2 minutos\" \/>\n<script type=\"application\/ld+json\" class=\"yoast-schema-graph\">{\"@context\":\"https:\/\/schema.org\",\"@graph\":[{\"@type\":\"Article\",\"@id\":\"https:\/\/luchonoticias.com\/editor\/arranca-en-neiva-plan-de-infraestructura-educativa-de-mineducacion\/#article\",\"isPartOf\":{\"@id\":\"https:\/\/luchonoticias.com\/editor\/arranca-en-neiva-plan-de-infraestructura-educativa-de-mineducacion\/\"},\"author\":{\"name\":\"admin\",\"@id\":\"https:\/\/luchonoticias.com\/editor\/#\/schema\/person\/7a7fd911f58561fd056dbac7b55af9cd\"},\"headline\":\"Arranca en Neiva plan de infraestructura educativa de Mineducaci\u00f3n\",\"datePublished\":\"2023-01-07T20:43:46+00:00\",\"dateModified\":\"2023-01-07T20:43:48+00:00\",\"mainEntityOfPage\":{\"@id\":\"https:\/\/luchonoticias.com\/editor\/arranca-en-neiva-plan-de-infraestructura-educativa-de-mineducacion\/\"},\"wordCount\":478,\"commentCount\":0,\"publisher\":{\"@id\":\"https:\/\/luchonoticias.com\/editor\/#\/schema\/person\/7a7fd911f58561fd056dbac7b55af9cd\"},\"articleSection\":[\"Huila\"],\"inLanguage\":\"es\",\"potentialAction\":[{\"@type\":\"CommentAction\",\"name\":\"Comment\",\"target\":[\"https:\/\/luchonoticias.com\/editor\/arranca-en-neiva-plan-de-infraestructura-educativa-de-mineducacion\/#respond\"]}]},{\"@type\":\"WebPage\",\"@id\":\"https:\/\/luchonoticias.com\/editor\/arranca-en-neiva-plan-de-infraestructura-educativa-de-mineducacion\/\",\"url\":\"https:\/\/luchonoticias.com\/editor\/arranca-en-neiva-plan-de-infraestructura-educativa-de-mineducacion\/\",\"name\":\"Arranca en Neiva plan de infraestructura educativa de Mineducaci\u00f3n -\",\"isPartOf\":{\"@id\":\"https:\/\/luchonoticias.com\/editor\/#website\"},\"datePublished\":\"2023-01-07T20:43:46+00:00\",\"dateModified\":\"2023-01-07T20:43:48+00:00\",\"breadcrumb\":{\"@id\":\"https:\/\/luchonoticias.com\/editor\/arranca-en-neiva-plan-de-infraestructura-educativa-de-mineducacion\/#breadcrumb\"},\"inLanguage\":\"es\",\"potentialAction\":[{\"@type\":\"ReadAction\",\"target\":[\"https:\/\/luchonoticias.com\/editor\/arranca-en-neiva-plan-de-infraestructura-educativa-de-mineducacion\/\"]}]},{\"@type\":\"BreadcrumbList\",\"@id\":\"https:\/\/luchonoticias.com\/editor\/arranca-en-neiva-plan-de-infraestructura-educativa-de-mineducacion\/#breadcrumb\",\"itemListElement\":[{\"@type\":\"ListItem\",\"position\":1,\"name\":\"Portada\",\"item\":\"https:\/\/luchonoticias.com\/editor\/\"},{\"@type\":\"ListItem\",\"position\":2,\"name\":\"Arranca en Neiva plan de infraestructura educativa de Mineducaci\u00f3n\"}]},{\"@type\":\"WebSite\",\"@id\":\"https:\/\/luchonoticias.com\/editor\/#website\",\"url\":\"https:\/\/luchonoticias.com\/editor\/\",\"name\":\"\",\"description\":\"\",\"publisher\":{\"@id\":\"https:\/\/luchonoticias.com\/editor\/#\/schema\/person\/7a7fd911f58561fd056dbac7b55af9cd\"},\"potentialAction\":[{\"@type\":\"SearchAction\",\"target\":{\"@type\":\"EntryPoint\",\"urlTemplate\":\"https:\/\/luchonoticias.com\/editor\/?s={search_term_string}\"},\"query-input\":{\"@type\":\"PropertyValueSpecification\",\"valueRequired\":true,\"valueName\":\"search_term_string\"}}],\"inLanguage\":\"es\"},{\"@type\":[\"Person\",\"Organization\"],\"@id\":\"https:\/\/luchonoticias.com\/editor\/#\/schema\/person\/7a7fd911f58561fd056dbac7b55af9cd\",\"name\":\"admin\",\"image\":{\"@type\":\"ImageObject\",\"inLanguage\":\"es\",\"@id\":\"https:\/\/luchonoticias.com\/editor\/#\/schema\/person\/image\/\",\"url\":\"https:\/\/luchonoticias.com\/editor\/wp-content\/uploads\/2024\/02\/cropped-cropped-logolu.webp\",\"contentUrl\":\"https:\/\/luchonoticias.com\/editor\/wp-content\/uploads\/2024\/02\/cropped-cropped-logolu.webp\",\"width\":382,\"height\":170,\"caption\":\"admin\"},\"logo\":{\"@id\":\"https:\/\/luchonoticias.com\/editor\/#\/schema\/person\/image\/\"},\"sameAs\":[\"https:\/\/www.facebook.com\/luchonoticiasneiva\"],\"url\":\"https:\/\/luchonoticias.com\/editor\/author\/admin\/\"}]}<\/script>\n<!-- \/ Yoast SEO plugin. -->","yoast_head_json":{"title":"Arranca en Neiva plan de infraestructura educativa de Mineducaci\u00f3n -","robots":{"index":"index","follow":"follow","max-snippet":"max-snippet:-1","max-image-preview":"max-image-preview:large","max-video-preview":"max-video-preview:-1"},"canonical":"https:\/\/luchonoticias.com\/editor\/arranca-en-neiva-plan-de-infraestructura-educativa-de-mineducacion\/","og_locale":"es_ES","og_type":"article","og_title":"Arranca en Neiva plan de infraestructura educativa de Mineducaci\u00f3n -","og_url":"https:\/\/luchonoticias.com\/editor\/arranca-en-neiva-plan-de-infraestructura-educativa-de-mineducacion\/","article_publisher":"https:\/\/www.facebook.com\/luchonoticiasneiva","article_author":"https:\/\/www.facebook.com\/luchonoticiasneiva","article_published_time":"2023-01-07T20:43:46+00:00","article_modified_time":"2023-01-07T20:43:48+00:00","author":"admin","twitter_card":"summary_large_image","twitter_misc":{"Escrito por":"admin","Tiempo de lectura":"2 minutos"},"schema":{"@context":"https:\/\/schema.org","@graph":[{"@type":"Article","@id":"https:\/\/luchonoticias.com\/editor\/arranca-en-neiva-plan-de-infraestructura-educativa-de-mineducacion\/#article","isPartOf":{"@id":"https:\/\/luchonoticias.com\/editor\/arranca-en-neiva-plan-de-infraestructura-educativa-de-mineducacion\/"},"author":{"name":"admin","@id":"https:\/\/luchonoticias.com\/editor\/#\/schema\/person\/7a7fd911f58561fd056dbac7b55af9cd"},"headline":"Arranca en Neiva plan de infraestructura educativa de Mineducaci\u00f3n","datePublished":"2023-01-07T20:43:46+00:00","dateModified":"2023-01-07T20:43:48+00:00","mainEntityOfPage":{"@id":"https:\/\/luchonoticias.com\/editor\/arranca-en-neiva-plan-de-infraestructura-educativa-de-mineducacion\/"},"wordCount":478,"commentCount":0,"publisher":{"@id":"https:\/\/luchonoticias.com\/editor\/#\/schema\/person\/7a7fd911f58561fd056dbac7b55af9cd"},"articleSection":["Huila"],"inLanguage":"es","potentialAction":[{"@type":"CommentAction","name":"Comment","target":["https:\/\/luchonoticias.com\/editor\/arranca-en-neiva-plan-de-infraestructura-educativa-de-mineducacion\/#respond"]}]},{"@type":"WebPage","@id":"https:\/\/luchonoticias.com\/editor\/arranca-en-neiva-plan-de-infraestructura-educativa-de-mineducacion\/","url":"https:\/\/luchonoticias.com\/editor\/arranca-en-neiva-plan-de-infraestructura-educativa-de-mineducacion\/","name":"Arranca en Neiva plan de infraestructura educativa de Mineducaci\u00f3n -","isPartOf":{"@id":"https:\/\/luchonoticias.com\/editor\/#website"},"datePublished":"2023-01-07T20:43:46+00:00","dateModified":"2023-01-07T20:43:48+00:00","breadcrumb":{"@id":"https:\/\/luchonoticias.com\/editor\/arranca-en-neiva-plan-de-infraestructura-educativa-de-mineducacion\/#breadcrumb"},"inLanguage":"es","potentialAction":[{"@type":"ReadAction","target":["https:\/\/luchonoticias.com\/editor\/arranca-en-neiva-plan-de-infraestructura-educativa-de-mineducacion\/"]}]},{"@type":"BreadcrumbList","@id":"https:\/\/luchonoticias.com\/editor\/arranca-en-neiva-plan-de-infraestructura-educativa-de-mineducacion\/#breadcrumb","itemListElement":[{"@type":"ListItem","position":1,"name":"Portada","item":"https:\/\/luchonoticias.com\/editor\/"},{"@type":"ListItem","position":2,"name":"Arranca en Neiva plan de infraestructura educativa de Mineducaci\u00f3n"}]},{"@type":"WebSite","@id":"https:\/\/luchonoticias.com\/editor\/#website","url":"https:\/\/luchonoticias.com\/editor\/","name":"","description":"","publisher":{"@id":"https:\/\/luchonoticias.com\/editor\/#\/schema\/person\/7a7fd911f58561fd056dbac7b55af9cd"},"potentialAction":[{"@type":"SearchAction","target":{"@type":"EntryPoint","urlTemplate":"https:\/\/luchonoticias.com\/editor\/?s={search_term_string}"},"query-input":{"@type":"PropertyValueSpecification","valueRequired":true,"valueName":"search_term_string"}}],"inLanguage":"es"},{"@type":["Person","Organization"],"@id":"https:\/\/luchonoticias.com\/editor\/#\/schema\/person\/7a7fd911f58561fd056dbac7b55af9cd","name":"admin","image":{"@type":"ImageObject","inLanguage":"es","@id":"https:\/\/luchonoticias.com\/editor\/#\/schema\/person\/image\/","url":"https:\/\/luchonoticias.com\/editor\/wp-content\/uploads\/2024\/02\/cropped-cropped-logolu.webp","contentUrl":"https:\/\/luchonoticias.com\/editor\/wp-content\/uploads\/2024\/02\/cropped-cropped-logolu.webp","width":382,"height":170,"caption":"admin"},"logo":{"@id":"https:\/\/luchonoticias.com\/editor\/#\/schema\/person\/image\/"},"sameAs":["https:\/\/www.facebook.com\/luchonoticiasneiva"],"url":"https:\/\/luchonoticias.com\/editor\/author\/admin\/"}]}},"_links":{"self":[{"href":"https:\/\/luchonoticias.com\/editor\/wp-json\/wp\/v2\/posts\/43752","targetHints":{"allow":["GET"]}}],"collection":[{"href":"https:\/\/luchonoticias.com\/editor\/wp-json\/wp\/v2\/posts"}],"about":[{"href":"https:\/\/luchonoticias.com\/editor\/wp-json\/wp\/v2\/types\/post"}],"author":[{"embeddable":true,"href":"https:\/\/luchonoticias.com\/editor\/wp-json\/wp\/v2\/users\/1"}],"replies":[{"embeddable":true,"href":"https:\/\/luchonoticias.com\/editor\/wp-json\/wp\/v2\/comments?post=43752"}],"version-history":[{"count":0,"href":"https:\/\/luchonoticias.com\/editor\/wp-json\/wp\/v2\/posts\/43752\/revisions"}],"wp:attachment":[{"href":"https:\/\/luchonoticias.com\/editor\/wp-json\/wp\/v2\/media?parent=43752"}],"wp:term":[{"taxonomy":"category","embeddable":true,"href":"https:\/\/luchonoticias.com\/editor\/wp-json\/wp\/v2\/categories?post=43752"},{"taxonomy":"post_tag","embeddable":true,"href":"https:\/\/luchonoticias.com\/editor\/wp-json\/wp\/v2\/tags?post=43752"}],"curies":[{"name":"wp","href":"https:\/\/api.w.org\/{rel}","templated":true}]}}