{"id":43763,"date":"2023-01-09T04:33:44","date_gmt":"2023-01-09T09:33:44","guid":{"rendered":"https:\/\/luchonoticias.com\/?p=43763"},"modified":"2023-01-09T04:33:45","modified_gmt":"2023-01-09T09:33:45","slug":"paz-total-reapertura-de-frontera-e-infraestructura-puntos-del-encuentro-presidenciales-de-colombia-y-venezuela","status":"publish","type":"post","link":"https:\/\/luchonoticias.com\/editor\/paz-total-reapertura-de-frontera-e-infraestructura-puntos-del-encuentro-presidenciales-de-colombia-y-venezuela\/","title":{"rendered":"Paz Total, reapertura de frontera e infraestructura puntos del encuentro presidenciales de Colombia y Venezuela"},"content":{"rendered":"\n<p>La Paz Total, la integraci\u00f3n fronteriza y la infraestructura fueron los principales temas abordados por los presidentes de Colombia, Gustavo Petro, y de Venezuela, Nicol\u00e1s Maduro, en la reuni\u00f3n de trabajo que tuvieron este s\u00e1bado en el Palacio de Miraflores, en Caracas.<\/p>\n\n\n\n<p>Al final del encuentro, los mandatarios expidieron una declaraci\u00f3n conjunta en la que destacaron \u201clas buenas relaciones y la comunicaci\u00f3n permanente entre las dos naciones para el alcance de objetivos comunes\u201d.<\/p>\n\n\n\n<p>Los presidentes a\u00f1adieron que en la reuni\u00f3n se hizo una revisi\u00f3n exhaustiva de los temas fundamentales de la relaci\u00f3n bilateral y se\u00f1alaron que \u201cVenezuela como pa\u00eds garante apoyar\u00e1 al gobierno de Colombia en su objetivo por mantener el cese bilateral y la Paz Total\u201d.<\/p>\n\n\n\n<p>\u201cSe inform\u00f3 sobre el avance logrado en la apertura de los puentes fronterizos entre Colombia y Venezuela, que han permitido mejorar las condiciones de los ciudadanos colombianos y venezolanos en las zonas de fronteras. As\u00ed mismo, se impartir\u00e1n a las autoridades locales y regionales fronterizas instrucciones para que se culmine el proceso de apertura de todos los pasos de frontera para el transporte internacional de mercanc\u00edas y de pasajeros, tanto en servicio p\u00fablico como en veh\u00edculos particulares\u201d, agregaron.<\/p>\n\n\n\n<figure class=\"wp-block-image size-large\"><img decoding=\"async\" src=\"https:\/\/luchonoticias.com\/wp-content\/uploads\/2023\/01\/WhatsApp-Image-2023-01-07-at-5.07.03-PM-1024x684.jpeg\" alt=\"\" class=\"wp-image-43765\"\/><\/figure>\n\n\n\n<p>Durante la reuni\u00f3n de los presidentes Petro y Maduro, y sus delegaciones, se anunci\u00f3 el avance logrado para culminar la negociaci\u00f3n del Acuerdo relativo a la Promoci\u00f3n y Protecci\u00f3n Rec\u00edproca de Inversiones, que facilitar\u00e1 las inversiones directas que impulsar\u00e1n la transferencia de tecnolog\u00eda, la formaci\u00f3n de cadenas de valor agregado y el desarrollo productivo y sostenible de Colombia y Venezuela.<\/p>\n\n\n\n<p>Por otra parte, los mandatarios indicaron que se revisar\u00e1 el Acuerdo de Alcance Parcial n\u00famero 28, que rige el comercio bilateral, en particular en cuanto a Acceso a Mercados, Asuntos Sanitarios y Fitosanitarios, y el Acuerdo Marco de Complementaci\u00f3n Econ\u00f3mica. Para ello, los equipos t\u00e9cnicos de los dos pa\u00edses se reunir\u00e1n a m\u00e1s tardar el pr\u00f3ximo 27 de enero.<\/p>\n\n\n\n<p>As\u00ed mismo, Colombia y Venezuela promover\u00e1n convenios de complementaci\u00f3n binacionales agropecuarios, industriales y de servicios, as\u00ed como desarrollo de la infraestructura, con especial \u00e9nfasis en el desarrollo sostenible de las zonas de frontera.<\/p>\n\n\n\n<p>Por \u00faltimo, las dos naciones revisar\u00e1n los proyectos binacionales en materia de infraestructura para la conectividad, energ\u00eda y producci\u00f3n y procesamiento de alimentos; y se crear\u00e1 una comisi\u00f3n t\u00e9cnica para construir y formular proyectos de conectividad entre el Mar Caribe y el Pac\u00edfico Colombiano.<\/p>\n","protected":false},"excerpt":{"rendered":"<p>La Paz Total, la integraci\u00f3n fronteriza y la infraestructura fueron los principales temas abordados por los presidentes de Colombia, Gustavo Petro, y de Venezuela, Nicol\u00e1s Maduro, en la reuni\u00f3n de trabajo que tuvieron este s\u00e1bado en el Palacio de Miraflores, en Caracas. Al final del encuentro, los mandatarios expidieron una declaraci\u00f3n conjunta en la que [&hellip;]<\/p>\n","protected":false},"author":1,"featured_media":0,"comment_status":"open","ping_status":"open","sticky":false,"template":"","format":"standard","meta":{"footnotes":""},"categories":[36,32],"tags":[],"class_list":["post-43763","post","type-post","status-publish","format-standard","hentry","category-destacado","category-nacional"],"yoast_head":"<!-- This site is optimized with the Yoast SEO plugin v26.6 - https:\/\/yoast.com\/wordpress\/plugins\/seo\/ -->\n<title>Paz Total, reapertura de frontera e infraestructura puntos del encuentro presidenciales de Colombia y Venezuela -<\/title>\n<meta name=\"robots\" content=\"index, follow, max-snippet:-1, max-image-preview:large, max-video-preview:-1\" \/>\n<link rel=\"canonical\" href=\"https:\/\/luchonoticias.com\/editor\/paz-total-reapertura-de-frontera-e-infraestructura-puntos-del-encuentro-presidenciales-de-colombia-y-venezuela\/\" \/>\n<meta property=\"og:locale\" content=\"es_ES\" \/>\n<meta property=\"og:type\" content=\"article\" \/>\n<meta property=\"og:title\" content=\"Paz Total, reapertura de frontera e infraestructura puntos del encuentro presidenciales de Colombia y Venezuela -\" \/>\n<meta property=\"og:url\" content=\"https:\/\/luchonoticias.com\/editor\/paz-total-reapertura-de-frontera-e-infraestructura-puntos-del-encuentro-presidenciales-de-colombia-y-venezuela\/\" \/>\n<meta property=\"article:publisher\" content=\"https:\/\/www.facebook.com\/luchonoticiasneiva\" \/>\n<meta property=\"article:author\" content=\"https:\/\/www.facebook.com\/luchonoticiasneiva\" \/>\n<meta property=\"article:published_time\" content=\"2023-01-09T09:33:44+00:00\" \/>\n<meta property=\"article:modified_time\" content=\"2023-01-09T09:33:45+00:00\" \/>\n<meta property=\"og:image\" content=\"https:\/\/luchonoticias.com\/wp-content\/uploads\/2023\/01\/WhatsApp-Image-2023-01-07-at-5.07.03-PM-1024x684.jpeg\" \/>\n<meta name=\"author\" content=\"admin\" \/>\n<meta name=\"twitter:card\" content=\"summary_large_image\" \/>\n<meta name=\"twitter:label1\" content=\"Escrito por\" \/>\n\t<meta name=\"twitter:data1\" content=\"admin\" \/>\n\t<meta name=\"twitter:label2\" content=\"Tiempo de lectura\" \/>\n\t<meta name=\"twitter:data2\" content=\"2 minutos\" \/>\n<script type=\"application\/ld+json\" class=\"yoast-schema-graph\">{\"@context\":\"https:\/\/schema.org\",\"@graph\":[{\"@type\":\"Article\",\"@id\":\"https:\/\/luchonoticias.com\/editor\/paz-total-reapertura-de-frontera-e-infraestructura-puntos-del-encuentro-presidenciales-de-colombia-y-venezuela\/#article\",\"isPartOf\":{\"@id\":\"https:\/\/luchonoticias.com\/editor\/paz-total-reapertura-de-frontera-e-infraestructura-puntos-del-encuentro-presidenciales-de-colombia-y-venezuela\/\"},\"author\":{\"name\":\"admin\",\"@id\":\"https:\/\/luchonoticias.com\/editor\/#\/schema\/person\/7a7fd911f58561fd056dbac7b55af9cd\"},\"headline\":\"Paz Total, reapertura de frontera e infraestructura puntos del encuentro presidenciales de Colombia y Venezuela\",\"datePublished\":\"2023-01-09T09:33:44+00:00\",\"dateModified\":\"2023-01-09T09:33:45+00:00\",\"mainEntityOfPage\":{\"@id\":\"https:\/\/luchonoticias.com\/editor\/paz-total-reapertura-de-frontera-e-infraestructura-puntos-del-encuentro-presidenciales-de-colombia-y-venezuela\/\"},\"wordCount\":444,\"commentCount\":0,\"publisher\":{\"@id\":\"https:\/\/luchonoticias.com\/editor\/#\/schema\/person\/7a7fd911f58561fd056dbac7b55af9cd\"},\"image\":{\"@id\":\"https:\/\/luchonoticias.com\/editor\/paz-total-reapertura-de-frontera-e-infraestructura-puntos-del-encuentro-presidenciales-de-colombia-y-venezuela\/#primaryimage\"},\"thumbnailUrl\":\"https:\/\/luchonoticias.com\/wp-content\/uploads\/2023\/01\/WhatsApp-Image-2023-01-07-at-5.07.03-PM-1024x684.jpeg\",\"articleSection\":[\"Destacado\",\"Nacional\"],\"inLanguage\":\"es\",\"potentialAction\":[{\"@type\":\"CommentAction\",\"name\":\"Comment\",\"target\":[\"https:\/\/luchonoticias.com\/editor\/paz-total-reapertura-de-frontera-e-infraestructura-puntos-del-encuentro-presidenciales-de-colombia-y-venezuela\/#respond\"]}]},{\"@type\":\"WebPage\",\"@id\":\"https:\/\/luchonoticias.com\/editor\/paz-total-reapertura-de-frontera-e-infraestructura-puntos-del-encuentro-presidenciales-de-colombia-y-venezuela\/\",\"url\":\"https:\/\/luchonoticias.com\/editor\/paz-total-reapertura-de-frontera-e-infraestructura-puntos-del-encuentro-presidenciales-de-colombia-y-venezuela\/\",\"name\":\"Paz Total, reapertura de frontera e infraestructura puntos del encuentro presidenciales de Colombia y Venezuela -\",\"isPartOf\":{\"@id\":\"https:\/\/luchonoticias.com\/editor\/#website\"},\"primaryImageOfPage\":{\"@id\":\"https:\/\/luchonoticias.com\/editor\/paz-total-reapertura-de-frontera-e-infraestructura-puntos-del-encuentro-presidenciales-de-colombia-y-venezuela\/#primaryimage\"},\"image\":{\"@id\":\"https:\/\/luchonoticias.com\/editor\/paz-total-reapertura-de-frontera-e-infraestructura-puntos-del-encuentro-presidenciales-de-colombia-y-venezuela\/#primaryimage\"},\"thumbnailUrl\":\"https:\/\/luchonoticias.com\/wp-content\/uploads\/2023\/01\/WhatsApp-Image-2023-01-07-at-5.07.03-PM-1024x684.jpeg\",\"datePublished\":\"2023-01-09T09:33:44+00:00\",\"dateModified\":\"2023-01-09T09:33:45+00:00\",\"breadcrumb\":{\"@id\":\"https:\/\/luchonoticias.com\/editor\/paz-total-reapertura-de-frontera-e-infraestructura-puntos-del-encuentro-presidenciales-de-colombia-y-venezuela\/#breadcrumb\"},\"inLanguage\":\"es\",\"potentialAction\":[{\"@type\":\"ReadAction\",\"target\":[\"https:\/\/luchonoticias.com\/editor\/paz-total-reapertura-de-frontera-e-infraestructura-puntos-del-encuentro-presidenciales-de-colombia-y-venezuela\/\"]}]},{\"@type\":\"ImageObject\",\"inLanguage\":\"es\",\"@id\":\"https:\/\/luchonoticias.com\/editor\/paz-total-reapertura-de-frontera-e-infraestructura-puntos-del-encuentro-presidenciales-de-colombia-y-venezuela\/#primaryimage\",\"url\":\"https:\/\/luchonoticias.com\/wp-content\/uploads\/2023\/01\/WhatsApp-Image-2023-01-07-at-5.07.03-PM-1024x684.jpeg\",\"contentUrl\":\"https:\/\/luchonoticias.com\/wp-content\/uploads\/2023\/01\/WhatsApp-Image-2023-01-07-at-5.07.03-PM-1024x684.jpeg\"},{\"@type\":\"BreadcrumbList\",\"@id\":\"https:\/\/luchonoticias.com\/editor\/paz-total-reapertura-de-frontera-e-infraestructura-puntos-del-encuentro-presidenciales-de-colombia-y-venezuela\/#breadcrumb\",\"itemListElement\":[{\"@type\":\"ListItem\",\"position\":1,\"name\":\"Portada\",\"item\":\"https:\/\/luchonoticias.com\/editor\/\"},{\"@type\":\"ListItem\",\"position\":2,\"name\":\"Paz Total, reapertura de frontera e infraestructura puntos del encuentro presidenciales de Colombia y Venezuela\"}]},{\"@type\":\"WebSite\",\"@id\":\"https:\/\/luchonoticias.com\/editor\/#website\",\"url\":\"https:\/\/luchonoticias.com\/editor\/\",\"name\":\"\",\"description\":\"\",\"publisher\":{\"@id\":\"https:\/\/luchonoticias.com\/editor\/#\/schema\/person\/7a7fd911f58561fd056dbac7b55af9cd\"},\"potentialAction\":[{\"@type\":\"SearchAction\",\"target\":{\"@type\":\"EntryPoint\",\"urlTemplate\":\"https:\/\/luchonoticias.com\/editor\/?s={search_term_string}\"},\"query-input\":{\"@type\":\"PropertyValueSpecification\",\"valueRequired\":true,\"valueName\":\"search_term_string\"}}],\"inLanguage\":\"es\"},{\"@type\":[\"Person\",\"Organization\"],\"@id\":\"https:\/\/luchonoticias.com\/editor\/#\/schema\/person\/7a7fd911f58561fd056dbac7b55af9cd\",\"name\":\"admin\",\"image\":{\"@type\":\"ImageObject\",\"inLanguage\":\"es\",\"@id\":\"https:\/\/luchonoticias.com\/editor\/#\/schema\/person\/image\/\",\"url\":\"https:\/\/luchonoticias.com\/editor\/wp-content\/uploads\/2024\/02\/cropped-cropped-logolu.webp\",\"contentUrl\":\"https:\/\/luchonoticias.com\/editor\/wp-content\/uploads\/2024\/02\/cropped-cropped-logolu.webp\",\"width\":382,\"height\":170,\"caption\":\"admin\"},\"logo\":{\"@id\":\"https:\/\/luchonoticias.com\/editor\/#\/schema\/person\/image\/\"},\"sameAs\":[\"https:\/\/www.facebook.com\/luchonoticiasneiva\"],\"url\":\"https:\/\/luchonoticias.com\/editor\/author\/admin\/\"}]}<\/script>\n<!-- \/ Yoast SEO plugin. -->","yoast_head_json":{"title":"Paz Total, reapertura de frontera e infraestructura puntos del encuentro presidenciales de Colombia y Venezuela -","robots":{"index":"index","follow":"follow","max-snippet":"max-snippet:-1","max-image-preview":"max-image-preview:large","max-video-preview":"max-video-preview:-1"},"canonical":"https:\/\/luchonoticias.com\/editor\/paz-total-reapertura-de-frontera-e-infraestructura-puntos-del-encuentro-presidenciales-de-colombia-y-venezuela\/","og_locale":"es_ES","og_type":"article","og_title":"Paz Total, reapertura de frontera e infraestructura puntos del encuentro presidenciales de Colombia y Venezuela -","og_url":"https:\/\/luchonoticias.com\/editor\/paz-total-reapertura-de-frontera-e-infraestructura-puntos-del-encuentro-presidenciales-de-colombia-y-venezuela\/","article_publisher":"https:\/\/www.facebook.com\/luchonoticiasneiva","article_author":"https:\/\/www.facebook.com\/luchonoticiasneiva","article_published_time":"2023-01-09T09:33:44+00:00","article_modified_time":"2023-01-09T09:33:45+00:00","og_image":[{"url":"https:\/\/luchonoticias.com\/wp-content\/uploads\/2023\/01\/WhatsApp-Image-2023-01-07-at-5.07.03-PM-1024x684.jpeg","type":"","width":"","height":""}],"author":"admin","twitter_card":"summary_large_image","twitter_misc":{"Escrito por":"admin","Tiempo de lectura":"2 minutos"},"schema":{"@context":"https:\/\/schema.org","@graph":[{"@type":"Article","@id":"https:\/\/luchonoticias.com\/editor\/paz-total-reapertura-de-frontera-e-infraestructura-puntos-del-encuentro-presidenciales-de-colombia-y-venezuela\/#article","isPartOf":{"@id":"https:\/\/luchonoticias.com\/editor\/paz-total-reapertura-de-frontera-e-infraestructura-puntos-del-encuentro-presidenciales-de-colombia-y-venezuela\/"},"author":{"name":"admin","@id":"https:\/\/luchonoticias.com\/editor\/#\/schema\/person\/7a7fd911f58561fd056dbac7b55af9cd"},"headline":"Paz Total, reapertura de frontera e infraestructura puntos del encuentro presidenciales de Colombia y Venezuela","datePublished":"2023-01-09T09:33:44+00:00","dateModified":"2023-01-09T09:33:45+00:00","mainEntityOfPage":{"@id":"https:\/\/luchonoticias.com\/editor\/paz-total-reapertura-de-frontera-e-infraestructura-puntos-del-encuentro-presidenciales-de-colombia-y-venezuela\/"},"wordCount":444,"commentCount":0,"publisher":{"@id":"https:\/\/luchonoticias.com\/editor\/#\/schema\/person\/7a7fd911f58561fd056dbac7b55af9cd"},"image":{"@id":"https:\/\/luchonoticias.com\/editor\/paz-total-reapertura-de-frontera-e-infraestructura-puntos-del-encuentro-presidenciales-de-colombia-y-venezuela\/#primaryimage"},"thumbnailUrl":"https:\/\/luchonoticias.com\/wp-content\/uploads\/2023\/01\/WhatsApp-Image-2023-01-07-at-5.07.03-PM-1024x684.jpeg","articleSection":["Destacado","Nacional"],"inLanguage":"es","potentialAction":[{"@type":"CommentAction","name":"Comment","target":["https:\/\/luchonoticias.com\/editor\/paz-total-reapertura-de-frontera-e-infraestructura-puntos-del-encuentro-presidenciales-de-colombia-y-venezuela\/#respond"]}]},{"@type":"WebPage","@id":"https:\/\/luchonoticias.com\/editor\/paz-total-reapertura-de-frontera-e-infraestructura-puntos-del-encuentro-presidenciales-de-colombia-y-venezuela\/","url":"https:\/\/luchonoticias.com\/editor\/paz-total-reapertura-de-frontera-e-infraestructura-puntos-del-encuentro-presidenciales-de-colombia-y-venezuela\/","name":"Paz Total, reapertura de frontera e infraestructura puntos del encuentro presidenciales de Colombia y Venezuela -","isPartOf":{"@id":"https:\/\/luchonoticias.com\/editor\/#website"},"primaryImageOfPage":{"@id":"https:\/\/luchonoticias.com\/editor\/paz-total-reapertura-de-frontera-e-infraestructura-puntos-del-encuentro-presidenciales-de-colombia-y-venezuela\/#primaryimage"},"image":{"@id":"https:\/\/luchonoticias.com\/editor\/paz-total-reapertura-de-frontera-e-infraestructura-puntos-del-encuentro-presidenciales-de-colombia-y-venezuela\/#primaryimage"},"thumbnailUrl":"https:\/\/luchonoticias.com\/wp-content\/uploads\/2023\/01\/WhatsApp-Image-2023-01-07-at-5.07.03-PM-1024x684.jpeg","datePublished":"2023-01-09T09:33:44+00:00","dateModified":"2023-01-09T09:33:45+00:00","breadcrumb":{"@id":"https:\/\/luchonoticias.com\/editor\/paz-total-reapertura-de-frontera-e-infraestructura-puntos-del-encuentro-presidenciales-de-colombia-y-venezuela\/#breadcrumb"},"inLanguage":"es","potentialAction":[{"@type":"ReadAction","target":["https:\/\/luchonoticias.com\/editor\/paz-total-reapertura-de-frontera-e-infraestructura-puntos-del-encuentro-presidenciales-de-colombia-y-venezuela\/"]}]},{"@type":"ImageObject","inLanguage":"es","@id":"https:\/\/luchonoticias.com\/editor\/paz-total-reapertura-de-frontera-e-infraestructura-puntos-del-encuentro-presidenciales-de-colombia-y-venezuela\/#primaryimage","url":"https:\/\/luchonoticias.com\/wp-content\/uploads\/2023\/01\/WhatsApp-Image-2023-01-07-at-5.07.03-PM-1024x684.jpeg","contentUrl":"https:\/\/luchonoticias.com\/wp-content\/uploads\/2023\/01\/WhatsApp-Image-2023-01-07-at-5.07.03-PM-1024x684.jpeg"},{"@type":"BreadcrumbList","@id":"https:\/\/luchonoticias.com\/editor\/paz-total-reapertura-de-frontera-e-infraestructura-puntos-del-encuentro-presidenciales-de-colombia-y-venezuela\/#breadcrumb","itemListElement":[{"@type":"ListItem","position":1,"name":"Portada","item":"https:\/\/luchonoticias.com\/editor\/"},{"@type":"ListItem","position":2,"name":"Paz Total, reapertura de frontera e infraestructura puntos del encuentro presidenciales de Colombia y Venezuela"}]},{"@type":"WebSite","@id":"https:\/\/luchonoticias.com\/editor\/#website","url":"https:\/\/luchonoticias.com\/editor\/","name":"","description":"","publisher":{"@id":"https:\/\/luchonoticias.com\/editor\/#\/schema\/person\/7a7fd911f58561fd056dbac7b55af9cd"},"potentialAction":[{"@type":"SearchAction","target":{"@type":"EntryPoint","urlTemplate":"https:\/\/luchonoticias.com\/editor\/?s={search_term_string}"},"query-input":{"@type":"PropertyValueSpecification","valueRequired":true,"valueName":"search_term_string"}}],"inLanguage":"es"},{"@type":["Person","Organization"],"@id":"https:\/\/luchonoticias.com\/editor\/#\/schema\/person\/7a7fd911f58561fd056dbac7b55af9cd","name":"admin","image":{"@type":"ImageObject","inLanguage":"es","@id":"https:\/\/luchonoticias.com\/editor\/#\/schema\/person\/image\/","url":"https:\/\/luchonoticias.com\/editor\/wp-content\/uploads\/2024\/02\/cropped-cropped-logolu.webp","contentUrl":"https:\/\/luchonoticias.com\/editor\/wp-content\/uploads\/2024\/02\/cropped-cropped-logolu.webp","width":382,"height":170,"caption":"admin"},"logo":{"@id":"https:\/\/luchonoticias.com\/editor\/#\/schema\/person\/image\/"},"sameAs":["https:\/\/www.facebook.com\/luchonoticiasneiva"],"url":"https:\/\/luchonoticias.com\/editor\/author\/admin\/"}]}},"_links":{"self":[{"href":"https:\/\/luchonoticias.com\/editor\/wp-json\/wp\/v2\/posts\/43763","targetHints":{"allow":["GET"]}}],"collection":[{"href":"https:\/\/luchonoticias.com\/editor\/wp-json\/wp\/v2\/posts"}],"about":[{"href":"https:\/\/luchonoticias.com\/editor\/wp-json\/wp\/v2\/types\/post"}],"author":[{"embeddable":true,"href":"https:\/\/luchonoticias.com\/editor\/wp-json\/wp\/v2\/users\/1"}],"replies":[{"embeddable":true,"href":"https:\/\/luchonoticias.com\/editor\/wp-json\/wp\/v2\/comments?post=43763"}],"version-history":[{"count":0,"href":"https:\/\/luchonoticias.com\/editor\/wp-json\/wp\/v2\/posts\/43763\/revisions"}],"wp:attachment":[{"href":"https:\/\/luchonoticias.com\/editor\/wp-json\/wp\/v2\/media?parent=43763"}],"wp:term":[{"taxonomy":"category","embeddable":true,"href":"https:\/\/luchonoticias.com\/editor\/wp-json\/wp\/v2\/categories?post=43763"},{"taxonomy":"post_tag","embeddable":true,"href":"https:\/\/luchonoticias.com\/editor\/wp-json\/wp\/v2\/tags?post=43763"}],"curies":[{"name":"wp","href":"https:\/\/api.w.org\/{rel}","templated":true}]}}