{"id":43776,"date":"2023-01-09T04:53:20","date_gmt":"2023-01-09T09:53:20","guid":{"rendered":"https:\/\/luchonoticias.com\/?p=43776"},"modified":"2023-01-09T04:53:22","modified_gmt":"2023-01-09T09:53:22","slug":"procuraduria-profirio-cargos-a-exalcaldesa-de-el-agrado-por-presunta-intervencion-en-politica","status":"publish","type":"post","link":"https:\/\/luchonoticias.com\/editor\/procuraduria-profirio-cargos-a-exalcaldesa-de-el-agrado-por-presunta-intervencion-en-politica\/","title":{"rendered":"Procuradur\u00eda profiri\u00f3 cargos a exalcaldesa de El Agrado, por presunta intervenci\u00f3n en pol\u00edtica"},"content":{"rendered":"\n<p>La&nbsp;<strong>Procuradur\u00eda General de la Naci\u00f3n<\/strong>&nbsp;profiri\u00f3 pliego de cargos contra la exalcaldesa de&nbsp;<strong>El Agrado, Huila, Waldina Losada Vega<\/strong>&nbsp;(2016-2019), por presunta intervenci\u00f3n en pol\u00edtica, as\u00ed como al exconcejal del mismo municipio,&nbsp;<strong>Carlos Alberto Murcia M\u00e9ndez<\/strong>&nbsp;(2016-2019), por una aparente corrupci\u00f3n al sufragante.&nbsp;<\/p>\n\n\n\n<p><strong>La Procuradur\u00eda Provincial de Instrucci\u00f3n de Garz\u00f3n<\/strong>&nbsp;los investiga porque al parecer la entonces mandataria, en ejercicio de su cargo, pidi\u00f3 a varias personas votar por&nbsp;<strong>Murcia M\u00e9ndez<\/strong>, quien se present\u00f3 como candidato a la alcald\u00eda del municipio para el periodo&nbsp;<strong>2020 \u2013 2023<\/strong>, y a cambio les habr\u00eda hecho&nbsp;<strong>diferentes ofrecimientos<\/strong>, como el suministro de insumos para la construcci\u00f3n de sus viviendas.<\/p>\n\n\n\n<p>Adem\u00e1s, los dos investigados al parecer le ofrecieron dinero a un aspirante al&nbsp;<strong>concejo del municipio<\/strong>&nbsp;en esas mismas elecciones para que abandonara su pretensi\u00f3n y se uniera a la campa\u00f1a de&nbsp;<strong>Murcia M\u00e9ndez.&nbsp;<\/strong><\/p>\n\n\n\n<p>Igualmente, el entonces concejal&nbsp;<strong>Carlos Alberto Murcia<\/strong>&nbsp;supuestamente prometi\u00f3, y en algunas ocasiones&nbsp;<strong>habr\u00eda entregado<\/strong>, materiales de construcci\u00f3n sufragados con el erario, as\u00ed como dinero en efectivo a varios ciudadanos, con&nbsp;<strong>la condici\u00f3n de que comprometieran<\/strong>&nbsp;su voto en favor de su campa\u00f1a.&nbsp;<\/p>\n\n\n\n<p>Para el<strong>&nbsp;Ministerio P\u00fablico<\/strong>, con esa aparente conducta se afect\u00f3 la imagen&nbsp;<em>\u201cde imparcialidad del aparato estatal en el&nbsp;<strong>proceso pol\u00edtico<\/strong>&nbsp;y la prevalencia del bien general de la colectividad sobre los&nbsp;<strong>intereses de partidos y grupos<\/strong>\u201d.<\/em><\/p>\n\n\n\n<p>Por esos hechos el&nbsp;<strong>\u00f3rgano de control<\/strong>&nbsp;calific\u00f3 la presunta conducta de los investigados como una falta grav\u00edsima cometida a t\u00edtulo de dolo. La&nbsp;<strong>exalcaldesa Losada Vega<\/strong>&nbsp;fue afectada con dos cargos disciplinarios.&nbsp;<\/p>\n","protected":false},"excerpt":{"rendered":"<p>La&nbsp;Procuradur\u00eda General de la Naci\u00f3n&nbsp;profiri\u00f3 pliego de cargos contra la exalcaldesa de&nbsp;El Agrado, Huila, Waldina Losada Vega&nbsp;(2016-2019), por presunta intervenci\u00f3n en pol\u00edtica, as\u00ed como al exconcejal del mismo municipio,&nbsp;Carlos Alberto Murcia M\u00e9ndez&nbsp;(2016-2019), por una aparente corrupci\u00f3n al sufragante.&nbsp; La Procuradur\u00eda Provincial de Instrucci\u00f3n de Garz\u00f3n&nbsp;los investiga porque al parecer la entonces mandataria, en ejercicio de [&hellip;]<\/p>\n","protected":false},"author":1,"featured_media":0,"comment_status":"open","ping_status":"open","sticky":false,"template":"","format":"standard","meta":{"footnotes":""},"categories":[36,29],"tags":[],"class_list":["post-43776","post","type-post","status-publish","format-standard","hentry","category-destacado","category-judicial"],"yoast_head":"<!-- This site is optimized with the Yoast SEO plugin v26.6 - https:\/\/yoast.com\/wordpress\/plugins\/seo\/ -->\n<title>Procuradur\u00eda profiri\u00f3 cargos a exalcaldesa de El Agrado, por presunta intervenci\u00f3n en pol\u00edtica -<\/title>\n<meta name=\"robots\" content=\"index, follow, max-snippet:-1, max-image-preview:large, max-video-preview:-1\" \/>\n<link rel=\"canonical\" href=\"https:\/\/luchonoticias.com\/editor\/procuraduria-profirio-cargos-a-exalcaldesa-de-el-agrado-por-presunta-intervencion-en-politica\/\" \/>\n<meta property=\"og:locale\" content=\"es_ES\" \/>\n<meta property=\"og:type\" content=\"article\" \/>\n<meta property=\"og:title\" content=\"Procuradur\u00eda profiri\u00f3 cargos a exalcaldesa de El Agrado, por presunta intervenci\u00f3n en pol\u00edtica -\" \/>\n<meta property=\"og:url\" content=\"https:\/\/luchonoticias.com\/editor\/procuraduria-profirio-cargos-a-exalcaldesa-de-el-agrado-por-presunta-intervencion-en-politica\/\" \/>\n<meta property=\"article:publisher\" content=\"https:\/\/www.facebook.com\/luchonoticiasneiva\" \/>\n<meta property=\"article:author\" content=\"https:\/\/www.facebook.com\/luchonoticiasneiva\" \/>\n<meta property=\"article:published_time\" content=\"2023-01-09T09:53:20+00:00\" \/>\n<meta property=\"article:modified_time\" content=\"2023-01-09T09:53:22+00:00\" \/>\n<meta name=\"author\" content=\"admin\" \/>\n<meta name=\"twitter:card\" content=\"summary_large_image\" \/>\n<meta name=\"twitter:label1\" content=\"Escrito por\" \/>\n\t<meta name=\"twitter:data1\" content=\"admin\" \/>\n\t<meta name=\"twitter:label2\" content=\"Tiempo de lectura\" \/>\n\t<meta name=\"twitter:data2\" content=\"2 minutos\" \/>\n<script type=\"application\/ld+json\" class=\"yoast-schema-graph\">{\"@context\":\"https:\/\/schema.org\",\"@graph\":[{\"@type\":\"Article\",\"@id\":\"https:\/\/luchonoticias.com\/editor\/procuraduria-profirio-cargos-a-exalcaldesa-de-el-agrado-por-presunta-intervencion-en-politica\/#article\",\"isPartOf\":{\"@id\":\"https:\/\/luchonoticias.com\/editor\/procuraduria-profirio-cargos-a-exalcaldesa-de-el-agrado-por-presunta-intervencion-en-politica\/\"},\"author\":{\"name\":\"admin\",\"@id\":\"https:\/\/luchonoticias.com\/editor\/#\/schema\/person\/7a7fd911f58561fd056dbac7b55af9cd\"},\"headline\":\"Procuradur\u00eda profiri\u00f3 cargos a exalcaldesa de El Agrado, por presunta intervenci\u00f3n en pol\u00edtica\",\"datePublished\":\"2023-01-09T09:53:20+00:00\",\"dateModified\":\"2023-01-09T09:53:22+00:00\",\"mainEntityOfPage\":{\"@id\":\"https:\/\/luchonoticias.com\/editor\/procuraduria-profirio-cargos-a-exalcaldesa-de-el-agrado-por-presunta-intervencion-en-politica\/\"},\"wordCount\":323,\"commentCount\":0,\"publisher\":{\"@id\":\"https:\/\/luchonoticias.com\/editor\/#\/schema\/person\/7a7fd911f58561fd056dbac7b55af9cd\"},\"articleSection\":[\"Destacado\",\"Judicial\"],\"inLanguage\":\"es\",\"potentialAction\":[{\"@type\":\"CommentAction\",\"name\":\"Comment\",\"target\":[\"https:\/\/luchonoticias.com\/editor\/procuraduria-profirio-cargos-a-exalcaldesa-de-el-agrado-por-presunta-intervencion-en-politica\/#respond\"]}]},{\"@type\":\"WebPage\",\"@id\":\"https:\/\/luchonoticias.com\/editor\/procuraduria-profirio-cargos-a-exalcaldesa-de-el-agrado-por-presunta-intervencion-en-politica\/\",\"url\":\"https:\/\/luchonoticias.com\/editor\/procuraduria-profirio-cargos-a-exalcaldesa-de-el-agrado-por-presunta-intervencion-en-politica\/\",\"name\":\"Procuradur\u00eda profiri\u00f3 cargos a exalcaldesa de El Agrado, por presunta intervenci\u00f3n en pol\u00edtica -\",\"isPartOf\":{\"@id\":\"https:\/\/luchonoticias.com\/editor\/#website\"},\"datePublished\":\"2023-01-09T09:53:20+00:00\",\"dateModified\":\"2023-01-09T09:53:22+00:00\",\"breadcrumb\":{\"@id\":\"https:\/\/luchonoticias.com\/editor\/procuraduria-profirio-cargos-a-exalcaldesa-de-el-agrado-por-presunta-intervencion-en-politica\/#breadcrumb\"},\"inLanguage\":\"es\",\"potentialAction\":[{\"@type\":\"ReadAction\",\"target\":[\"https:\/\/luchonoticias.com\/editor\/procuraduria-profirio-cargos-a-exalcaldesa-de-el-agrado-por-presunta-intervencion-en-politica\/\"]}]},{\"@type\":\"BreadcrumbList\",\"@id\":\"https:\/\/luchonoticias.com\/editor\/procuraduria-profirio-cargos-a-exalcaldesa-de-el-agrado-por-presunta-intervencion-en-politica\/#breadcrumb\",\"itemListElement\":[{\"@type\":\"ListItem\",\"position\":1,\"name\":\"Portada\",\"item\":\"https:\/\/luchonoticias.com\/editor\/\"},{\"@type\":\"ListItem\",\"position\":2,\"name\":\"Procuradur\u00eda profiri\u00f3 cargos a exalcaldesa de El Agrado, por presunta intervenci\u00f3n en pol\u00edtica\"}]},{\"@type\":\"WebSite\",\"@id\":\"https:\/\/luchonoticias.com\/editor\/#website\",\"url\":\"https:\/\/luchonoticias.com\/editor\/\",\"name\":\"\",\"description\":\"\",\"publisher\":{\"@id\":\"https:\/\/luchonoticias.com\/editor\/#\/schema\/person\/7a7fd911f58561fd056dbac7b55af9cd\"},\"potentialAction\":[{\"@type\":\"SearchAction\",\"target\":{\"@type\":\"EntryPoint\",\"urlTemplate\":\"https:\/\/luchonoticias.com\/editor\/?s={search_term_string}\"},\"query-input\":{\"@type\":\"PropertyValueSpecification\",\"valueRequired\":true,\"valueName\":\"search_term_string\"}}],\"inLanguage\":\"es\"},{\"@type\":[\"Person\",\"Organization\"],\"@id\":\"https:\/\/luchonoticias.com\/editor\/#\/schema\/person\/7a7fd911f58561fd056dbac7b55af9cd\",\"name\":\"admin\",\"image\":{\"@type\":\"ImageObject\",\"inLanguage\":\"es\",\"@id\":\"https:\/\/luchonoticias.com\/editor\/#\/schema\/person\/image\/\",\"url\":\"https:\/\/luchonoticias.com\/editor\/wp-content\/uploads\/2024\/02\/cropped-cropped-logolu.webp\",\"contentUrl\":\"https:\/\/luchonoticias.com\/editor\/wp-content\/uploads\/2024\/02\/cropped-cropped-logolu.webp\",\"width\":382,\"height\":170,\"caption\":\"admin\"},\"logo\":{\"@id\":\"https:\/\/luchonoticias.com\/editor\/#\/schema\/person\/image\/\"},\"sameAs\":[\"https:\/\/www.facebook.com\/luchonoticiasneiva\"],\"url\":\"https:\/\/luchonoticias.com\/editor\/author\/admin\/\"}]}<\/script>\n<!-- \/ Yoast SEO plugin. -->","yoast_head_json":{"title":"Procuradur\u00eda profiri\u00f3 cargos a exalcaldesa de El Agrado, por presunta intervenci\u00f3n en pol\u00edtica -","robots":{"index":"index","follow":"follow","max-snippet":"max-snippet:-1","max-image-preview":"max-image-preview:large","max-video-preview":"max-video-preview:-1"},"canonical":"https:\/\/luchonoticias.com\/editor\/procuraduria-profirio-cargos-a-exalcaldesa-de-el-agrado-por-presunta-intervencion-en-politica\/","og_locale":"es_ES","og_type":"article","og_title":"Procuradur\u00eda profiri\u00f3 cargos a exalcaldesa de El Agrado, por presunta intervenci\u00f3n en pol\u00edtica -","og_url":"https:\/\/luchonoticias.com\/editor\/procuraduria-profirio-cargos-a-exalcaldesa-de-el-agrado-por-presunta-intervencion-en-politica\/","article_publisher":"https:\/\/www.facebook.com\/luchonoticiasneiva","article_author":"https:\/\/www.facebook.com\/luchonoticiasneiva","article_published_time":"2023-01-09T09:53:20+00:00","article_modified_time":"2023-01-09T09:53:22+00:00","author":"admin","twitter_card":"summary_large_image","twitter_misc":{"Escrito por":"admin","Tiempo de lectura":"2 minutos"},"schema":{"@context":"https:\/\/schema.org","@graph":[{"@type":"Article","@id":"https:\/\/luchonoticias.com\/editor\/procuraduria-profirio-cargos-a-exalcaldesa-de-el-agrado-por-presunta-intervencion-en-politica\/#article","isPartOf":{"@id":"https:\/\/luchonoticias.com\/editor\/procuraduria-profirio-cargos-a-exalcaldesa-de-el-agrado-por-presunta-intervencion-en-politica\/"},"author":{"name":"admin","@id":"https:\/\/luchonoticias.com\/editor\/#\/schema\/person\/7a7fd911f58561fd056dbac7b55af9cd"},"headline":"Procuradur\u00eda profiri\u00f3 cargos a exalcaldesa de El Agrado, por presunta intervenci\u00f3n en pol\u00edtica","datePublished":"2023-01-09T09:53:20+00:00","dateModified":"2023-01-09T09:53:22+00:00","mainEntityOfPage":{"@id":"https:\/\/luchonoticias.com\/editor\/procuraduria-profirio-cargos-a-exalcaldesa-de-el-agrado-por-presunta-intervencion-en-politica\/"},"wordCount":323,"commentCount":0,"publisher":{"@id":"https:\/\/luchonoticias.com\/editor\/#\/schema\/person\/7a7fd911f58561fd056dbac7b55af9cd"},"articleSection":["Destacado","Judicial"],"inLanguage":"es","potentialAction":[{"@type":"CommentAction","name":"Comment","target":["https:\/\/luchonoticias.com\/editor\/procuraduria-profirio-cargos-a-exalcaldesa-de-el-agrado-por-presunta-intervencion-en-politica\/#respond"]}]},{"@type":"WebPage","@id":"https:\/\/luchonoticias.com\/editor\/procuraduria-profirio-cargos-a-exalcaldesa-de-el-agrado-por-presunta-intervencion-en-politica\/","url":"https:\/\/luchonoticias.com\/editor\/procuraduria-profirio-cargos-a-exalcaldesa-de-el-agrado-por-presunta-intervencion-en-politica\/","name":"Procuradur\u00eda profiri\u00f3 cargos a exalcaldesa de El Agrado, por presunta intervenci\u00f3n en pol\u00edtica -","isPartOf":{"@id":"https:\/\/luchonoticias.com\/editor\/#website"},"datePublished":"2023-01-09T09:53:20+00:00","dateModified":"2023-01-09T09:53:22+00:00","breadcrumb":{"@id":"https:\/\/luchonoticias.com\/editor\/procuraduria-profirio-cargos-a-exalcaldesa-de-el-agrado-por-presunta-intervencion-en-politica\/#breadcrumb"},"inLanguage":"es","potentialAction":[{"@type":"ReadAction","target":["https:\/\/luchonoticias.com\/editor\/procuraduria-profirio-cargos-a-exalcaldesa-de-el-agrado-por-presunta-intervencion-en-politica\/"]}]},{"@type":"BreadcrumbList","@id":"https:\/\/luchonoticias.com\/editor\/procuraduria-profirio-cargos-a-exalcaldesa-de-el-agrado-por-presunta-intervencion-en-politica\/#breadcrumb","itemListElement":[{"@type":"ListItem","position":1,"name":"Portada","item":"https:\/\/luchonoticias.com\/editor\/"},{"@type":"ListItem","position":2,"name":"Procuradur\u00eda profiri\u00f3 cargos a exalcaldesa de El Agrado, por presunta intervenci\u00f3n en pol\u00edtica"}]},{"@type":"WebSite","@id":"https:\/\/luchonoticias.com\/editor\/#website","url":"https:\/\/luchonoticias.com\/editor\/","name":"","description":"","publisher":{"@id":"https:\/\/luchonoticias.com\/editor\/#\/schema\/person\/7a7fd911f58561fd056dbac7b55af9cd"},"potentialAction":[{"@type":"SearchAction","target":{"@type":"EntryPoint","urlTemplate":"https:\/\/luchonoticias.com\/editor\/?s={search_term_string}"},"query-input":{"@type":"PropertyValueSpecification","valueRequired":true,"valueName":"search_term_string"}}],"inLanguage":"es"},{"@type":["Person","Organization"],"@id":"https:\/\/luchonoticias.com\/editor\/#\/schema\/person\/7a7fd911f58561fd056dbac7b55af9cd","name":"admin","image":{"@type":"ImageObject","inLanguage":"es","@id":"https:\/\/luchonoticias.com\/editor\/#\/schema\/person\/image\/","url":"https:\/\/luchonoticias.com\/editor\/wp-content\/uploads\/2024\/02\/cropped-cropped-logolu.webp","contentUrl":"https:\/\/luchonoticias.com\/editor\/wp-content\/uploads\/2024\/02\/cropped-cropped-logolu.webp","width":382,"height":170,"caption":"admin"},"logo":{"@id":"https:\/\/luchonoticias.com\/editor\/#\/schema\/person\/image\/"},"sameAs":["https:\/\/www.facebook.com\/luchonoticiasneiva"],"url":"https:\/\/luchonoticias.com\/editor\/author\/admin\/"}]}},"_links":{"self":[{"href":"https:\/\/luchonoticias.com\/editor\/wp-json\/wp\/v2\/posts\/43776","targetHints":{"allow":["GET"]}}],"collection":[{"href":"https:\/\/luchonoticias.com\/editor\/wp-json\/wp\/v2\/posts"}],"about":[{"href":"https:\/\/luchonoticias.com\/editor\/wp-json\/wp\/v2\/types\/post"}],"author":[{"embeddable":true,"href":"https:\/\/luchonoticias.com\/editor\/wp-json\/wp\/v2\/users\/1"}],"replies":[{"embeddable":true,"href":"https:\/\/luchonoticias.com\/editor\/wp-json\/wp\/v2\/comments?post=43776"}],"version-history":[{"count":0,"href":"https:\/\/luchonoticias.com\/editor\/wp-json\/wp\/v2\/posts\/43776\/revisions"}],"wp:attachment":[{"href":"https:\/\/luchonoticias.com\/editor\/wp-json\/wp\/v2\/media?parent=43776"}],"wp:term":[{"taxonomy":"category","embeddable":true,"href":"https:\/\/luchonoticias.com\/editor\/wp-json\/wp\/v2\/categories?post=43776"},{"taxonomy":"post_tag","embeddable":true,"href":"https:\/\/luchonoticias.com\/editor\/wp-json\/wp\/v2\/tags?post=43776"}],"curies":[{"name":"wp","href":"https:\/\/api.w.org\/{rel}","templated":true}]}}