{"id":43782,"date":"2023-01-09T04:55:26","date_gmt":"2023-01-09T09:55:26","guid":{"rendered":"https:\/\/luchonoticias.com\/?p=43782"},"modified":"2023-01-09T04:55:27","modified_gmt":"2023-01-09T09:55:27","slug":"por-uso-desproporcionado-de-la-fuerza-en-paro-nacional-procuraduria-formulo-cargos-a-miembro-del-esmad-en-el-cauca","status":"publish","type":"post","link":"https:\/\/luchonoticias.com\/editor\/por-uso-desproporcionado-de-la-fuerza-en-paro-nacional-procuraduria-formulo-cargos-a-miembro-del-esmad-en-el-cauca\/","title":{"rendered":"Por uso desproporcionado de la fuerza en paro nacional, Procuradur\u00eda formul\u00f3 cargos a miembro del ESMAD en el Cauca"},"content":{"rendered":"\n<p>La Procuradur\u00eda General de la Naci\u00f3n formul\u00f3&nbsp;<strong>cargos al patrullero de la Polic\u00eda Nacional,<\/strong>&nbsp;integrante del Escuadr\u00f3n M\u00f3vil Antidisturbios (ESMAD) N\u00b0 9 del Cauca,&nbsp;<strong>Iv\u00e1n Humberto Chamorro Pel\u00e1ez,<\/strong>&nbsp;por las&nbsp;<strong>posibles lesiones causadas a un joven durante el paro nacional&nbsp;<\/strong>que se llev\u00f3 a cabo el 14 de mayo de 2021 en Popay\u00e1n.&nbsp;<\/p>\n\n\n\n<p>El ente de control reproch\u00f3 al investigado las&nbsp;<strong>presuntas maniobras realizadas con una tanqueta que conduc\u00eda&nbsp;<\/strong>en el marco de las citadas movilizaciones, con las cuales habr\u00eda ocasionado contusiones a un ciudadano en el ojo derecho, heridas m\u00faltiples en la cabeza, y golpes en el hombro y en el brazo izquierdo.&nbsp;<\/p>\n\n\n\n<p>La Entidad record\u00f3 que la Constituci\u00f3n Pol\u00edtica establece que \u201c<em>Las autoridades de la Rep\u00fablica est\u00e1n instituidas para proteger a todas las personas residentes en Colombia, en su vida, honra, bienes, creencias, y dem\u00e1s derechos y libertades, y para asegurar el cumplimiento de los deberes sociales del Estado y de los particulares<\/em>\u201d.&nbsp; &nbsp;<\/p>\n\n\n\n<p>Adem\u00e1s, resalt\u00f3 que<strong>&nbsp;el actuar policivo debe enmarcarse dentro de los par\u00e1metros de necesidad, racionalidad, proporcionalidad y respeto de los derechos&nbsp;<\/strong>de los manifestantes para garantizar su derecho a la protesta.&nbsp;<\/p>\n\n\n\n<p>De manera provisional, la Procuradur\u00eda Regional de Instrucci\u00f3n de Cauca&nbsp;<strong>calific\u00f3 la falta de Chamorro Pel\u00e1ez como grave, cometida con culpa grav\u00edsima<\/strong>, por desatenci\u00f3n elemental al momento de prestar apoyo en el control del orden p\u00fablico.&nbsp;<\/p>\n\n\n\n<p>El Ministerio P\u00fablico se\u00f1al\u00f3 que terminada la etapa de instrucci\u00f3n, el expediente se remitir\u00e1 para el juzgamiento disciplinario a la Procuradur\u00eda Regional de Juzgamiento de Valle del Cauca.&nbsp;&nbsp;<\/p>\n","protected":false},"excerpt":{"rendered":"<p>La Procuradur\u00eda General de la Naci\u00f3n formul\u00f3&nbsp;cargos al patrullero de la Polic\u00eda Nacional,&nbsp;integrante del Escuadr\u00f3n M\u00f3vil Antidisturbios (ESMAD) N\u00b0 9 del Cauca,&nbsp;Iv\u00e1n Humberto Chamorro Pel\u00e1ez,&nbsp;por las&nbsp;posibles lesiones causadas a un joven durante el paro nacional&nbsp;que se llev\u00f3 a cabo el 14 de mayo de 2021 en Popay\u00e1n.&nbsp; El ente de control reproch\u00f3 al investigado las&nbsp;presuntas [&hellip;]<\/p>\n","protected":false},"author":1,"featured_media":0,"comment_status":"open","ping_status":"open","sticky":false,"template":"","format":"standard","meta":{"footnotes":""},"categories":[36,32],"tags":[],"class_list":["post-43782","post","type-post","status-publish","format-standard","hentry","category-destacado","category-nacional"],"yoast_head":"<!-- This site is optimized with the Yoast SEO plugin v26.6 - https:\/\/yoast.com\/wordpress\/plugins\/seo\/ -->\n<title>Por uso desproporcionado de la fuerza en paro nacional, Procuradur\u00eda formul\u00f3 cargos a miembro del ESMAD en el Cauca -<\/title>\n<meta name=\"robots\" content=\"index, follow, max-snippet:-1, max-image-preview:large, max-video-preview:-1\" \/>\n<link rel=\"canonical\" href=\"https:\/\/luchonoticias.com\/editor\/por-uso-desproporcionado-de-la-fuerza-en-paro-nacional-procuraduria-formulo-cargos-a-miembro-del-esmad-en-el-cauca\/\" \/>\n<meta property=\"og:locale\" content=\"es_ES\" \/>\n<meta property=\"og:type\" content=\"article\" \/>\n<meta property=\"og:title\" content=\"Por uso desproporcionado de la fuerza en paro nacional, Procuradur\u00eda formul\u00f3 cargos a miembro del ESMAD en el Cauca -\" \/>\n<meta property=\"og:url\" content=\"https:\/\/luchonoticias.com\/editor\/por-uso-desproporcionado-de-la-fuerza-en-paro-nacional-procuraduria-formulo-cargos-a-miembro-del-esmad-en-el-cauca\/\" \/>\n<meta property=\"article:publisher\" content=\"https:\/\/www.facebook.com\/luchonoticiasneiva\" \/>\n<meta property=\"article:author\" content=\"https:\/\/www.facebook.com\/luchonoticiasneiva\" \/>\n<meta property=\"article:published_time\" content=\"2023-01-09T09:55:26+00:00\" \/>\n<meta property=\"article:modified_time\" content=\"2023-01-09T09:55:27+00:00\" \/>\n<meta name=\"author\" content=\"admin\" \/>\n<meta name=\"twitter:card\" content=\"summary_large_image\" \/>\n<meta name=\"twitter:label1\" content=\"Escrito por\" \/>\n\t<meta name=\"twitter:data1\" content=\"admin\" \/>\n\t<meta name=\"twitter:label2\" content=\"Tiempo de lectura\" \/>\n\t<meta name=\"twitter:data2\" content=\"1 minuto\" \/>\n<script type=\"application\/ld+json\" class=\"yoast-schema-graph\">{\"@context\":\"https:\/\/schema.org\",\"@graph\":[{\"@type\":\"Article\",\"@id\":\"https:\/\/luchonoticias.com\/editor\/por-uso-desproporcionado-de-la-fuerza-en-paro-nacional-procuraduria-formulo-cargos-a-miembro-del-esmad-en-el-cauca\/#article\",\"isPartOf\":{\"@id\":\"https:\/\/luchonoticias.com\/editor\/por-uso-desproporcionado-de-la-fuerza-en-paro-nacional-procuraduria-formulo-cargos-a-miembro-del-esmad-en-el-cauca\/\"},\"author\":{\"name\":\"admin\",\"@id\":\"https:\/\/luchonoticias.com\/editor\/#\/schema\/person\/7a7fd911f58561fd056dbac7b55af9cd\"},\"headline\":\"Por uso desproporcionado de la fuerza en paro nacional, Procuradur\u00eda formul\u00f3 cargos a miembro del ESMAD en el Cauca\",\"datePublished\":\"2023-01-09T09:55:26+00:00\",\"dateModified\":\"2023-01-09T09:55:27+00:00\",\"mainEntityOfPage\":{\"@id\":\"https:\/\/luchonoticias.com\/editor\/por-uso-desproporcionado-de-la-fuerza-en-paro-nacional-procuraduria-formulo-cargos-a-miembro-del-esmad-en-el-cauca\/\"},\"wordCount\":314,\"commentCount\":0,\"publisher\":{\"@id\":\"https:\/\/luchonoticias.com\/editor\/#\/schema\/person\/7a7fd911f58561fd056dbac7b55af9cd\"},\"articleSection\":[\"Destacado\",\"Nacional\"],\"inLanguage\":\"es\",\"potentialAction\":[{\"@type\":\"CommentAction\",\"name\":\"Comment\",\"target\":[\"https:\/\/luchonoticias.com\/editor\/por-uso-desproporcionado-de-la-fuerza-en-paro-nacional-procuraduria-formulo-cargos-a-miembro-del-esmad-en-el-cauca\/#respond\"]}]},{\"@type\":\"WebPage\",\"@id\":\"https:\/\/luchonoticias.com\/editor\/por-uso-desproporcionado-de-la-fuerza-en-paro-nacional-procuraduria-formulo-cargos-a-miembro-del-esmad-en-el-cauca\/\",\"url\":\"https:\/\/luchonoticias.com\/editor\/por-uso-desproporcionado-de-la-fuerza-en-paro-nacional-procuraduria-formulo-cargos-a-miembro-del-esmad-en-el-cauca\/\",\"name\":\"Por uso desproporcionado de la fuerza en paro nacional, Procuradur\u00eda formul\u00f3 cargos a miembro del ESMAD en el Cauca -\",\"isPartOf\":{\"@id\":\"https:\/\/luchonoticias.com\/editor\/#website\"},\"datePublished\":\"2023-01-09T09:55:26+00:00\",\"dateModified\":\"2023-01-09T09:55:27+00:00\",\"breadcrumb\":{\"@id\":\"https:\/\/luchonoticias.com\/editor\/por-uso-desproporcionado-de-la-fuerza-en-paro-nacional-procuraduria-formulo-cargos-a-miembro-del-esmad-en-el-cauca\/#breadcrumb\"},\"inLanguage\":\"es\",\"potentialAction\":[{\"@type\":\"ReadAction\",\"target\":[\"https:\/\/luchonoticias.com\/editor\/por-uso-desproporcionado-de-la-fuerza-en-paro-nacional-procuraduria-formulo-cargos-a-miembro-del-esmad-en-el-cauca\/\"]}]},{\"@type\":\"BreadcrumbList\",\"@id\":\"https:\/\/luchonoticias.com\/editor\/por-uso-desproporcionado-de-la-fuerza-en-paro-nacional-procuraduria-formulo-cargos-a-miembro-del-esmad-en-el-cauca\/#breadcrumb\",\"itemListElement\":[{\"@type\":\"ListItem\",\"position\":1,\"name\":\"Portada\",\"item\":\"https:\/\/luchonoticias.com\/editor\/\"},{\"@type\":\"ListItem\",\"position\":2,\"name\":\"Por uso desproporcionado de la fuerza en paro nacional, Procuradur\u00eda formul\u00f3 cargos a miembro del ESMAD en el Cauca\"}]},{\"@type\":\"WebSite\",\"@id\":\"https:\/\/luchonoticias.com\/editor\/#website\",\"url\":\"https:\/\/luchonoticias.com\/editor\/\",\"name\":\"\",\"description\":\"\",\"publisher\":{\"@id\":\"https:\/\/luchonoticias.com\/editor\/#\/schema\/person\/7a7fd911f58561fd056dbac7b55af9cd\"},\"potentialAction\":[{\"@type\":\"SearchAction\",\"target\":{\"@type\":\"EntryPoint\",\"urlTemplate\":\"https:\/\/luchonoticias.com\/editor\/?s={search_term_string}\"},\"query-input\":{\"@type\":\"PropertyValueSpecification\",\"valueRequired\":true,\"valueName\":\"search_term_string\"}}],\"inLanguage\":\"es\"},{\"@type\":[\"Person\",\"Organization\"],\"@id\":\"https:\/\/luchonoticias.com\/editor\/#\/schema\/person\/7a7fd911f58561fd056dbac7b55af9cd\",\"name\":\"admin\",\"image\":{\"@type\":\"ImageObject\",\"inLanguage\":\"es\",\"@id\":\"https:\/\/luchonoticias.com\/editor\/#\/schema\/person\/image\/\",\"url\":\"https:\/\/luchonoticias.com\/editor\/wp-content\/uploads\/2024\/02\/cropped-cropped-logolu.webp\",\"contentUrl\":\"https:\/\/luchonoticias.com\/editor\/wp-content\/uploads\/2024\/02\/cropped-cropped-logolu.webp\",\"width\":382,\"height\":170,\"caption\":\"admin\"},\"logo\":{\"@id\":\"https:\/\/luchonoticias.com\/editor\/#\/schema\/person\/image\/\"},\"sameAs\":[\"https:\/\/www.facebook.com\/luchonoticiasneiva\"],\"url\":\"https:\/\/luchonoticias.com\/editor\/author\/admin\/\"}]}<\/script>\n<!-- \/ Yoast SEO plugin. -->","yoast_head_json":{"title":"Por uso desproporcionado de la fuerza en paro nacional, Procuradur\u00eda formul\u00f3 cargos a miembro del ESMAD en el Cauca -","robots":{"index":"index","follow":"follow","max-snippet":"max-snippet:-1","max-image-preview":"max-image-preview:large","max-video-preview":"max-video-preview:-1"},"canonical":"https:\/\/luchonoticias.com\/editor\/por-uso-desproporcionado-de-la-fuerza-en-paro-nacional-procuraduria-formulo-cargos-a-miembro-del-esmad-en-el-cauca\/","og_locale":"es_ES","og_type":"article","og_title":"Por uso desproporcionado de la fuerza en paro nacional, Procuradur\u00eda formul\u00f3 cargos a miembro del ESMAD en el Cauca -","og_url":"https:\/\/luchonoticias.com\/editor\/por-uso-desproporcionado-de-la-fuerza-en-paro-nacional-procuraduria-formulo-cargos-a-miembro-del-esmad-en-el-cauca\/","article_publisher":"https:\/\/www.facebook.com\/luchonoticiasneiva","article_author":"https:\/\/www.facebook.com\/luchonoticiasneiva","article_published_time":"2023-01-09T09:55:26+00:00","article_modified_time":"2023-01-09T09:55:27+00:00","author":"admin","twitter_card":"summary_large_image","twitter_misc":{"Escrito por":"admin","Tiempo de lectura":"1 minuto"},"schema":{"@context":"https:\/\/schema.org","@graph":[{"@type":"Article","@id":"https:\/\/luchonoticias.com\/editor\/por-uso-desproporcionado-de-la-fuerza-en-paro-nacional-procuraduria-formulo-cargos-a-miembro-del-esmad-en-el-cauca\/#article","isPartOf":{"@id":"https:\/\/luchonoticias.com\/editor\/por-uso-desproporcionado-de-la-fuerza-en-paro-nacional-procuraduria-formulo-cargos-a-miembro-del-esmad-en-el-cauca\/"},"author":{"name":"admin","@id":"https:\/\/luchonoticias.com\/editor\/#\/schema\/person\/7a7fd911f58561fd056dbac7b55af9cd"},"headline":"Por uso desproporcionado de la fuerza en paro nacional, Procuradur\u00eda formul\u00f3 cargos a miembro del ESMAD en el Cauca","datePublished":"2023-01-09T09:55:26+00:00","dateModified":"2023-01-09T09:55:27+00:00","mainEntityOfPage":{"@id":"https:\/\/luchonoticias.com\/editor\/por-uso-desproporcionado-de-la-fuerza-en-paro-nacional-procuraduria-formulo-cargos-a-miembro-del-esmad-en-el-cauca\/"},"wordCount":314,"commentCount":0,"publisher":{"@id":"https:\/\/luchonoticias.com\/editor\/#\/schema\/person\/7a7fd911f58561fd056dbac7b55af9cd"},"articleSection":["Destacado","Nacional"],"inLanguage":"es","potentialAction":[{"@type":"CommentAction","name":"Comment","target":["https:\/\/luchonoticias.com\/editor\/por-uso-desproporcionado-de-la-fuerza-en-paro-nacional-procuraduria-formulo-cargos-a-miembro-del-esmad-en-el-cauca\/#respond"]}]},{"@type":"WebPage","@id":"https:\/\/luchonoticias.com\/editor\/por-uso-desproporcionado-de-la-fuerza-en-paro-nacional-procuraduria-formulo-cargos-a-miembro-del-esmad-en-el-cauca\/","url":"https:\/\/luchonoticias.com\/editor\/por-uso-desproporcionado-de-la-fuerza-en-paro-nacional-procuraduria-formulo-cargos-a-miembro-del-esmad-en-el-cauca\/","name":"Por uso desproporcionado de la fuerza en paro nacional, Procuradur\u00eda formul\u00f3 cargos a miembro del ESMAD en el Cauca -","isPartOf":{"@id":"https:\/\/luchonoticias.com\/editor\/#website"},"datePublished":"2023-01-09T09:55:26+00:00","dateModified":"2023-01-09T09:55:27+00:00","breadcrumb":{"@id":"https:\/\/luchonoticias.com\/editor\/por-uso-desproporcionado-de-la-fuerza-en-paro-nacional-procuraduria-formulo-cargos-a-miembro-del-esmad-en-el-cauca\/#breadcrumb"},"inLanguage":"es","potentialAction":[{"@type":"ReadAction","target":["https:\/\/luchonoticias.com\/editor\/por-uso-desproporcionado-de-la-fuerza-en-paro-nacional-procuraduria-formulo-cargos-a-miembro-del-esmad-en-el-cauca\/"]}]},{"@type":"BreadcrumbList","@id":"https:\/\/luchonoticias.com\/editor\/por-uso-desproporcionado-de-la-fuerza-en-paro-nacional-procuraduria-formulo-cargos-a-miembro-del-esmad-en-el-cauca\/#breadcrumb","itemListElement":[{"@type":"ListItem","position":1,"name":"Portada","item":"https:\/\/luchonoticias.com\/editor\/"},{"@type":"ListItem","position":2,"name":"Por uso desproporcionado de la fuerza en paro nacional, Procuradur\u00eda formul\u00f3 cargos a miembro del ESMAD en el Cauca"}]},{"@type":"WebSite","@id":"https:\/\/luchonoticias.com\/editor\/#website","url":"https:\/\/luchonoticias.com\/editor\/","name":"","description":"","publisher":{"@id":"https:\/\/luchonoticias.com\/editor\/#\/schema\/person\/7a7fd911f58561fd056dbac7b55af9cd"},"potentialAction":[{"@type":"SearchAction","target":{"@type":"EntryPoint","urlTemplate":"https:\/\/luchonoticias.com\/editor\/?s={search_term_string}"},"query-input":{"@type":"PropertyValueSpecification","valueRequired":true,"valueName":"search_term_string"}}],"inLanguage":"es"},{"@type":["Person","Organization"],"@id":"https:\/\/luchonoticias.com\/editor\/#\/schema\/person\/7a7fd911f58561fd056dbac7b55af9cd","name":"admin","image":{"@type":"ImageObject","inLanguage":"es","@id":"https:\/\/luchonoticias.com\/editor\/#\/schema\/person\/image\/","url":"https:\/\/luchonoticias.com\/editor\/wp-content\/uploads\/2024\/02\/cropped-cropped-logolu.webp","contentUrl":"https:\/\/luchonoticias.com\/editor\/wp-content\/uploads\/2024\/02\/cropped-cropped-logolu.webp","width":382,"height":170,"caption":"admin"},"logo":{"@id":"https:\/\/luchonoticias.com\/editor\/#\/schema\/person\/image\/"},"sameAs":["https:\/\/www.facebook.com\/luchonoticiasneiva"],"url":"https:\/\/luchonoticias.com\/editor\/author\/admin\/"}]}},"_links":{"self":[{"href":"https:\/\/luchonoticias.com\/editor\/wp-json\/wp\/v2\/posts\/43782","targetHints":{"allow":["GET"]}}],"collection":[{"href":"https:\/\/luchonoticias.com\/editor\/wp-json\/wp\/v2\/posts"}],"about":[{"href":"https:\/\/luchonoticias.com\/editor\/wp-json\/wp\/v2\/types\/post"}],"author":[{"embeddable":true,"href":"https:\/\/luchonoticias.com\/editor\/wp-json\/wp\/v2\/users\/1"}],"replies":[{"embeddable":true,"href":"https:\/\/luchonoticias.com\/editor\/wp-json\/wp\/v2\/comments?post=43782"}],"version-history":[{"count":0,"href":"https:\/\/luchonoticias.com\/editor\/wp-json\/wp\/v2\/posts\/43782\/revisions"}],"wp:attachment":[{"href":"https:\/\/luchonoticias.com\/editor\/wp-json\/wp\/v2\/media?parent=43782"}],"wp:term":[{"taxonomy":"category","embeddable":true,"href":"https:\/\/luchonoticias.com\/editor\/wp-json\/wp\/v2\/categories?post=43782"},{"taxonomy":"post_tag","embeddable":true,"href":"https:\/\/luchonoticias.com\/editor\/wp-json\/wp\/v2\/tags?post=43782"}],"curies":[{"name":"wp","href":"https:\/\/api.w.org\/{rel}","templated":true}]}}