{"id":43788,"date":"2023-01-09T05:01:49","date_gmt":"2023-01-09T10:01:49","guid":{"rendered":"https:\/\/luchonoticias.com\/?p=43788"},"modified":"2023-01-09T05:01:50","modified_gmt":"2023-01-09T10:01:50","slug":"ex-jugador-de-futbol-sala-busca-visa-humanitaria-para-su-familia","status":"publish","type":"post","link":"https:\/\/luchonoticias.com\/editor\/ex-jugador-de-futbol-sala-busca-visa-humanitaria-para-su-familia\/","title":{"rendered":"Ex jugador de f\u00fatbol sala busca visa humanitaria para su familia"},"content":{"rendered":"\n<p>La situaci\u00f3n del ex deportista huilense\u00a0<strong>Sergio Vega,<\/strong>\u00a0quien vive un\u00a0<strong>duro momento en Estados Unidos<\/strong>\u00a0por la salud de su esposa, poco a poco se viene resolviendo.\u00a0<\/p>\n\n\n\n<p>En di\u00e1logo con un canal nacional, el otrora deportista de f\u00fatbol sala anunci\u00f3 que\u00a0<strong>ya ha dialogado con la Canciller\u00eda<\/strong>\u00a0con el fin de facilitar la visa humanitaria para sus padres y suegros y acompa\u00f1ar a su esposa, quien solo le queda un mes de vida por consecuencia de un c\u00e1ncer.<\/p>\n\n\n\n<p>Vega expres\u00f3 que la&nbsp;<strong>Canciller\u00eda le explic\u00f3 todo el proceso para la solicitud&nbsp;<\/strong>de dicha visa y que el Gobierno entra a radicar la solicitud, eso s\u00ed, todo depende la Embajada en Estados Unidos.<\/p>\n\n\n\n<p>Recuerden que\u00a0<strong>cualquier donaci\u00f3n en efectivo\u00a0<\/strong>para ayudar al deportista (quien lleva dos meses sin trabajar por lo ocurrido), pueden hacerla a trav\u00e9s de la cuenta de Ahorros Bancolombia 45560536911 a nombre de Sergio Vega. C.C 12.133.172.<\/p>\n\n\n\n<p>Vega fue miembro del Atl\u00e9tico Huila (hoy Utrahuilca) que se llev\u00f3 el t\u00edtulo de f\u00fatbol sala nacional en 2012 y en el pasado fue director de la Junta Municipal de Deportes y Recreaci\u00f3n de Rivera. <\/p>\n","protected":false},"excerpt":{"rendered":"<p>La situaci\u00f3n del ex deportista huilense\u00a0Sergio Vega,\u00a0quien vive un\u00a0duro momento en Estados Unidos\u00a0por la salud de su esposa, poco a poco se viene resolviendo.\u00a0 En di\u00e1logo con un canal nacional, el otrora deportista de f\u00fatbol sala anunci\u00f3 que\u00a0ya ha dialogado con la Canciller\u00eda\u00a0con el fin de facilitar la visa humanitaria para sus padres y suegros [&hellip;]<\/p>\n","protected":false},"author":1,"featured_media":0,"comment_status":"open","ping_status":"open","sticky":false,"template":"","format":"standard","meta":{"footnotes":""},"categories":[34],"tags":[],"class_list":["post-43788","post","type-post","status-publish","format-standard","hentry","category-deportes"],"yoast_head":"<!-- This site is optimized with the Yoast SEO plugin v26.6 - https:\/\/yoast.com\/wordpress\/plugins\/seo\/ -->\n<title>Ex jugador de f\u00fatbol sala busca visa humanitaria para su familia -<\/title>\n<meta name=\"robots\" content=\"index, follow, max-snippet:-1, max-image-preview:large, max-video-preview:-1\" \/>\n<link rel=\"canonical\" href=\"https:\/\/luchonoticias.com\/editor\/ex-jugador-de-futbol-sala-busca-visa-humanitaria-para-su-familia\/\" \/>\n<meta property=\"og:locale\" content=\"es_ES\" \/>\n<meta property=\"og:type\" content=\"article\" \/>\n<meta property=\"og:title\" content=\"Ex jugador de f\u00fatbol sala busca visa humanitaria para su familia -\" \/>\n<meta property=\"og:url\" content=\"https:\/\/luchonoticias.com\/editor\/ex-jugador-de-futbol-sala-busca-visa-humanitaria-para-su-familia\/\" \/>\n<meta property=\"article:publisher\" content=\"https:\/\/www.facebook.com\/luchonoticiasneiva\" \/>\n<meta property=\"article:author\" content=\"https:\/\/www.facebook.com\/luchonoticiasneiva\" \/>\n<meta property=\"article:published_time\" content=\"2023-01-09T10:01:49+00:00\" \/>\n<meta property=\"article:modified_time\" content=\"2023-01-09T10:01:50+00:00\" \/>\n<meta name=\"author\" content=\"admin\" \/>\n<meta name=\"twitter:card\" content=\"summary_large_image\" \/>\n<meta name=\"twitter:label1\" content=\"Escrito por\" \/>\n\t<meta name=\"twitter:data1\" content=\"admin\" \/>\n\t<meta name=\"twitter:label2\" content=\"Tiempo de lectura\" \/>\n\t<meta name=\"twitter:data2\" content=\"1 minuto\" \/>\n<script type=\"application\/ld+json\" class=\"yoast-schema-graph\">{\"@context\":\"https:\/\/schema.org\",\"@graph\":[{\"@type\":\"Article\",\"@id\":\"https:\/\/luchonoticias.com\/editor\/ex-jugador-de-futbol-sala-busca-visa-humanitaria-para-su-familia\/#article\",\"isPartOf\":{\"@id\":\"https:\/\/luchonoticias.com\/editor\/ex-jugador-de-futbol-sala-busca-visa-humanitaria-para-su-familia\/\"},\"author\":{\"name\":\"admin\",\"@id\":\"https:\/\/luchonoticias.com\/editor\/#\/schema\/person\/7a7fd911f58561fd056dbac7b55af9cd\"},\"headline\":\"Ex jugador de f\u00fatbol sala busca visa humanitaria para su familia\",\"datePublished\":\"2023-01-09T10:01:49+00:00\",\"dateModified\":\"2023-01-09T10:01:50+00:00\",\"mainEntityOfPage\":{\"@id\":\"https:\/\/luchonoticias.com\/editor\/ex-jugador-de-futbol-sala-busca-visa-humanitaria-para-su-familia\/\"},\"wordCount\":210,\"commentCount\":0,\"publisher\":{\"@id\":\"https:\/\/luchonoticias.com\/editor\/#\/schema\/person\/7a7fd911f58561fd056dbac7b55af9cd\"},\"articleSection\":[\"Deportes\"],\"inLanguage\":\"es\",\"potentialAction\":[{\"@type\":\"CommentAction\",\"name\":\"Comment\",\"target\":[\"https:\/\/luchonoticias.com\/editor\/ex-jugador-de-futbol-sala-busca-visa-humanitaria-para-su-familia\/#respond\"]}]},{\"@type\":\"WebPage\",\"@id\":\"https:\/\/luchonoticias.com\/editor\/ex-jugador-de-futbol-sala-busca-visa-humanitaria-para-su-familia\/\",\"url\":\"https:\/\/luchonoticias.com\/editor\/ex-jugador-de-futbol-sala-busca-visa-humanitaria-para-su-familia\/\",\"name\":\"Ex jugador de f\u00fatbol sala busca visa humanitaria para su familia -\",\"isPartOf\":{\"@id\":\"https:\/\/luchonoticias.com\/editor\/#website\"},\"datePublished\":\"2023-01-09T10:01:49+00:00\",\"dateModified\":\"2023-01-09T10:01:50+00:00\",\"breadcrumb\":{\"@id\":\"https:\/\/luchonoticias.com\/editor\/ex-jugador-de-futbol-sala-busca-visa-humanitaria-para-su-familia\/#breadcrumb\"},\"inLanguage\":\"es\",\"potentialAction\":[{\"@type\":\"ReadAction\",\"target\":[\"https:\/\/luchonoticias.com\/editor\/ex-jugador-de-futbol-sala-busca-visa-humanitaria-para-su-familia\/\"]}]},{\"@type\":\"BreadcrumbList\",\"@id\":\"https:\/\/luchonoticias.com\/editor\/ex-jugador-de-futbol-sala-busca-visa-humanitaria-para-su-familia\/#breadcrumb\",\"itemListElement\":[{\"@type\":\"ListItem\",\"position\":1,\"name\":\"Portada\",\"item\":\"https:\/\/luchonoticias.com\/editor\/\"},{\"@type\":\"ListItem\",\"position\":2,\"name\":\"Ex jugador de f\u00fatbol sala busca visa humanitaria para su familia\"}]},{\"@type\":\"WebSite\",\"@id\":\"https:\/\/luchonoticias.com\/editor\/#website\",\"url\":\"https:\/\/luchonoticias.com\/editor\/\",\"name\":\"\",\"description\":\"\",\"publisher\":{\"@id\":\"https:\/\/luchonoticias.com\/editor\/#\/schema\/person\/7a7fd911f58561fd056dbac7b55af9cd\"},\"potentialAction\":[{\"@type\":\"SearchAction\",\"target\":{\"@type\":\"EntryPoint\",\"urlTemplate\":\"https:\/\/luchonoticias.com\/editor\/?s={search_term_string}\"},\"query-input\":{\"@type\":\"PropertyValueSpecification\",\"valueRequired\":true,\"valueName\":\"search_term_string\"}}],\"inLanguage\":\"es\"},{\"@type\":[\"Person\",\"Organization\"],\"@id\":\"https:\/\/luchonoticias.com\/editor\/#\/schema\/person\/7a7fd911f58561fd056dbac7b55af9cd\",\"name\":\"admin\",\"image\":{\"@type\":\"ImageObject\",\"inLanguage\":\"es\",\"@id\":\"https:\/\/luchonoticias.com\/editor\/#\/schema\/person\/image\/\",\"url\":\"https:\/\/luchonoticias.com\/editor\/wp-content\/uploads\/2024\/02\/cropped-cropped-logolu.webp\",\"contentUrl\":\"https:\/\/luchonoticias.com\/editor\/wp-content\/uploads\/2024\/02\/cropped-cropped-logolu.webp\",\"width\":382,\"height\":170,\"caption\":\"admin\"},\"logo\":{\"@id\":\"https:\/\/luchonoticias.com\/editor\/#\/schema\/person\/image\/\"},\"sameAs\":[\"https:\/\/www.facebook.com\/luchonoticiasneiva\"],\"url\":\"https:\/\/luchonoticias.com\/editor\/author\/admin\/\"}]}<\/script>\n<!-- \/ Yoast SEO plugin. -->","yoast_head_json":{"title":"Ex jugador de f\u00fatbol sala busca visa humanitaria para su familia -","robots":{"index":"index","follow":"follow","max-snippet":"max-snippet:-1","max-image-preview":"max-image-preview:large","max-video-preview":"max-video-preview:-1"},"canonical":"https:\/\/luchonoticias.com\/editor\/ex-jugador-de-futbol-sala-busca-visa-humanitaria-para-su-familia\/","og_locale":"es_ES","og_type":"article","og_title":"Ex jugador de f\u00fatbol sala busca visa humanitaria para su familia -","og_url":"https:\/\/luchonoticias.com\/editor\/ex-jugador-de-futbol-sala-busca-visa-humanitaria-para-su-familia\/","article_publisher":"https:\/\/www.facebook.com\/luchonoticiasneiva","article_author":"https:\/\/www.facebook.com\/luchonoticiasneiva","article_published_time":"2023-01-09T10:01:49+00:00","article_modified_time":"2023-01-09T10:01:50+00:00","author":"admin","twitter_card":"summary_large_image","twitter_misc":{"Escrito por":"admin","Tiempo de lectura":"1 minuto"},"schema":{"@context":"https:\/\/schema.org","@graph":[{"@type":"Article","@id":"https:\/\/luchonoticias.com\/editor\/ex-jugador-de-futbol-sala-busca-visa-humanitaria-para-su-familia\/#article","isPartOf":{"@id":"https:\/\/luchonoticias.com\/editor\/ex-jugador-de-futbol-sala-busca-visa-humanitaria-para-su-familia\/"},"author":{"name":"admin","@id":"https:\/\/luchonoticias.com\/editor\/#\/schema\/person\/7a7fd911f58561fd056dbac7b55af9cd"},"headline":"Ex jugador de f\u00fatbol sala busca visa humanitaria para su familia","datePublished":"2023-01-09T10:01:49+00:00","dateModified":"2023-01-09T10:01:50+00:00","mainEntityOfPage":{"@id":"https:\/\/luchonoticias.com\/editor\/ex-jugador-de-futbol-sala-busca-visa-humanitaria-para-su-familia\/"},"wordCount":210,"commentCount":0,"publisher":{"@id":"https:\/\/luchonoticias.com\/editor\/#\/schema\/person\/7a7fd911f58561fd056dbac7b55af9cd"},"articleSection":["Deportes"],"inLanguage":"es","potentialAction":[{"@type":"CommentAction","name":"Comment","target":["https:\/\/luchonoticias.com\/editor\/ex-jugador-de-futbol-sala-busca-visa-humanitaria-para-su-familia\/#respond"]}]},{"@type":"WebPage","@id":"https:\/\/luchonoticias.com\/editor\/ex-jugador-de-futbol-sala-busca-visa-humanitaria-para-su-familia\/","url":"https:\/\/luchonoticias.com\/editor\/ex-jugador-de-futbol-sala-busca-visa-humanitaria-para-su-familia\/","name":"Ex jugador de f\u00fatbol sala busca visa humanitaria para su familia -","isPartOf":{"@id":"https:\/\/luchonoticias.com\/editor\/#website"},"datePublished":"2023-01-09T10:01:49+00:00","dateModified":"2023-01-09T10:01:50+00:00","breadcrumb":{"@id":"https:\/\/luchonoticias.com\/editor\/ex-jugador-de-futbol-sala-busca-visa-humanitaria-para-su-familia\/#breadcrumb"},"inLanguage":"es","potentialAction":[{"@type":"ReadAction","target":["https:\/\/luchonoticias.com\/editor\/ex-jugador-de-futbol-sala-busca-visa-humanitaria-para-su-familia\/"]}]},{"@type":"BreadcrumbList","@id":"https:\/\/luchonoticias.com\/editor\/ex-jugador-de-futbol-sala-busca-visa-humanitaria-para-su-familia\/#breadcrumb","itemListElement":[{"@type":"ListItem","position":1,"name":"Portada","item":"https:\/\/luchonoticias.com\/editor\/"},{"@type":"ListItem","position":2,"name":"Ex jugador de f\u00fatbol sala busca visa humanitaria para su familia"}]},{"@type":"WebSite","@id":"https:\/\/luchonoticias.com\/editor\/#website","url":"https:\/\/luchonoticias.com\/editor\/","name":"","description":"","publisher":{"@id":"https:\/\/luchonoticias.com\/editor\/#\/schema\/person\/7a7fd911f58561fd056dbac7b55af9cd"},"potentialAction":[{"@type":"SearchAction","target":{"@type":"EntryPoint","urlTemplate":"https:\/\/luchonoticias.com\/editor\/?s={search_term_string}"},"query-input":{"@type":"PropertyValueSpecification","valueRequired":true,"valueName":"search_term_string"}}],"inLanguage":"es"},{"@type":["Person","Organization"],"@id":"https:\/\/luchonoticias.com\/editor\/#\/schema\/person\/7a7fd911f58561fd056dbac7b55af9cd","name":"admin","image":{"@type":"ImageObject","inLanguage":"es","@id":"https:\/\/luchonoticias.com\/editor\/#\/schema\/person\/image\/","url":"https:\/\/luchonoticias.com\/editor\/wp-content\/uploads\/2024\/02\/cropped-cropped-logolu.webp","contentUrl":"https:\/\/luchonoticias.com\/editor\/wp-content\/uploads\/2024\/02\/cropped-cropped-logolu.webp","width":382,"height":170,"caption":"admin"},"logo":{"@id":"https:\/\/luchonoticias.com\/editor\/#\/schema\/person\/image\/"},"sameAs":["https:\/\/www.facebook.com\/luchonoticiasneiva"],"url":"https:\/\/luchonoticias.com\/editor\/author\/admin\/"}]}},"_links":{"self":[{"href":"https:\/\/luchonoticias.com\/editor\/wp-json\/wp\/v2\/posts\/43788","targetHints":{"allow":["GET"]}}],"collection":[{"href":"https:\/\/luchonoticias.com\/editor\/wp-json\/wp\/v2\/posts"}],"about":[{"href":"https:\/\/luchonoticias.com\/editor\/wp-json\/wp\/v2\/types\/post"}],"author":[{"embeddable":true,"href":"https:\/\/luchonoticias.com\/editor\/wp-json\/wp\/v2\/users\/1"}],"replies":[{"embeddable":true,"href":"https:\/\/luchonoticias.com\/editor\/wp-json\/wp\/v2\/comments?post=43788"}],"version-history":[{"count":0,"href":"https:\/\/luchonoticias.com\/editor\/wp-json\/wp\/v2\/posts\/43788\/revisions"}],"wp:attachment":[{"href":"https:\/\/luchonoticias.com\/editor\/wp-json\/wp\/v2\/media?parent=43788"}],"wp:term":[{"taxonomy":"category","embeddable":true,"href":"https:\/\/luchonoticias.com\/editor\/wp-json\/wp\/v2\/categories?post=43788"},{"taxonomy":"post_tag","embeddable":true,"href":"https:\/\/luchonoticias.com\/editor\/wp-json\/wp\/v2\/tags?post=43788"}],"curies":[{"name":"wp","href":"https:\/\/api.w.org\/{rel}","templated":true}]}}