{"id":43791,"date":"2023-01-09T05:04:09","date_gmt":"2023-01-09T10:04:09","guid":{"rendered":"https:\/\/luchonoticias.com\/?p=43791"},"modified":"2023-01-09T09:01:26","modified_gmt":"2023-01-09T14:01:26","slug":"intento-de-golpe-de-estados-en-brasil","status":"publish","type":"post","link":"https:\/\/luchonoticias.com\/editor\/intento-de-golpe-de-estados-en-brasil\/","title":{"rendered":"Intento de Golpe de Estado en Brasil\u00a0"},"content":{"rendered":"\n<p>Miles de simpatizantes del expresidente ultraderechista Jair Bolsonaro invadieron este domingo el Congreso, el Tribunal Supremo y el palacio presidencial de Planalto, sedes de los poderes en Brasilia, causando numerosos destrozos, seg\u00fan im\u00e1genes difundidas por la televisi\u00f3n brasile\u00f1a y las redes sociales, en medio de una protesta contra Lula Da Silva, quien posteriormente conden\u00f3 el hecho y orden\u00f3 una intervenci\u00f3n de Brasilia.<\/p>\n\n\n\n<p>La polic\u00eda detuvo al menos a 150 manifestantes y recuper\u00f3 el control de los edificios. Vestidos de verde y amarillo, los alborotadores fueron captados por las im\u00e1genes de medios en medio de la invasi\u00f3n a las instalaciones del Congreso, pero tambi\u00e9n llegando hasta el palacio presidencial de Planalto y del Tribunal Supremo -m\u00e1ximo tribunal- de Brasil, ubicados en la misma \u00e1rea donde se concentran los tres poderes del Estado, la denominada Explanada de los Ministerios.<\/p>\n\n\n\n<p>El Tribunal Supremo de Brasil orden\u00f3 al Ej\u00e9rcito del pa\u00eds desmantelar todos los \u201ccampamentos bolsonaristas\u201d que existen en el territorio nacional en un plazo de 24 horas.<\/p>\n\n\n\n<p>El magistrado Alexandre de Moraes recalc\u00f3 as\u00ed la importancia de que estos campamentos sean completamente desmantelados a medida que la Polic\u00eda arresta a \u201ctodos aquellos manifestantes que a\u00fan queden en las calles\u201d tras una jornada que se ha saldado hasta el momento con al menos 300 detenidos.<\/p>\n\n\n\n<p>En una nueva orden judicial, Moraes expres\u00f3 que \u201cnada justifica la existencia de campamentos de terroristas, financiados con la complacencia de autoridades civiles y militares de forma totalmente subversiva y sin respeto alguno hacia la Constituci\u00f3n\u201d.<\/p>\n\n\n\n<figure class=\"wp-block-image size-full\"><img decoding=\"async\" src=\"https:\/\/luchonoticias.com\/wp-content\/uploads\/2023\/01\/MXYVXPKNWPE3KTGJIPSQDROE5A.png\" alt=\"\" class=\"wp-image-43793\"\/><\/figure>\n\n\n\n<p><strong>M\u00e1xima tensi\u00f3n en Brasil<\/strong><\/p>\n\n\n\n<p>Los manifestantes piden una intervenci\u00f3n militar para derrocar al actual Presidente de Brasil. Cientos de bolsonaristas radicales acamparon frente al Cuartel General del Ej\u00e9rcito, en Brasilia, desde el d\u00eda posterior a las elecciones del pasado 30 de octubre, en las que Lula derrot\u00f3 a Bolsonaro en segunda vuelta.<\/p>\n\n\n\n<p>Los extremistas, en su mayor\u00eda con camisetas amarillas y verdes y banderas de Brasil, tambi\u00e9n han atacado algunos veh\u00edculos de la Polic\u00eda Legislativa, que brinda seguridad al Congreso. Tambi\u00e9n han destruido barreras de protecci\u00f3n y, armados con palos, se enfrentaron a los agentes que intentaron contener, sin \u00e9xito, la entrada de los bolsonaristas.<\/p>\n\n\n\n<p>Los campamentos de los bolsonaristas radicales, que se han multiplicado en ciudades de todo el pa\u00eds, comenzaron a ser desmontados el viernes en Belo Horizonte, capital de Minas Gerais.<\/p>\n\n\n\n<figure class=\"wp-block-image size-full is-resized\"><img loading=\"lazy\" decoding=\"async\" src=\"https:\/\/luchonoticias.com\/wp-content\/uploads\/2023\/01\/bolsonaristas-detenidosjpg.png\" alt=\"\" class=\"wp-image-43794\" width=\"837\" height=\"471\"\/><\/figure>\n\n\n\n<p><strong>Detenidos<\/strong><\/p>\n\n\n\n<p>M\u00e1s de 400 bolsonaristas fueron arrestados por la noche en Brasilia tras la invasi\u00f3n. Poco antes de las 19 horas (22 GMT) un grupo de personas, algunas con casacas amarillas de la selecci\u00f3n brasile\u00f1a, con las manos esposadas, escoltados por polic\u00edas, dejaron el Palacio del Planalto, al cual invadieron y depredaron durante horas.<\/p>\n","protected":false},"excerpt":{"rendered":"<p>Miles de simpatizantes del expresidente ultraderechista Jair Bolsonaro invadieron este domingo el Congreso, el Tribunal Supremo y el palacio presidencial de Planalto, sedes de los poderes en Brasilia, causando numerosos destrozos, seg\u00fan im\u00e1genes difundidas por la televisi\u00f3n brasile\u00f1a y las redes sociales, en medio de una protesta contra Lula Da Silva, quien posteriormente conden\u00f3 el [&hellip;]<\/p>\n","protected":false},"author":1,"featured_media":0,"comment_status":"open","ping_status":"open","sticky":false,"template":"","format":"standard","meta":{"footnotes":""},"categories":[28,36],"tags":[],"class_list":["post-43791","post","type-post","status-publish","format-standard","hentry","category-actualidad","category-destacado"],"yoast_head":"<!-- This site is optimized with the Yoast SEO plugin v26.6 - https:\/\/yoast.com\/wordpress\/plugins\/seo\/ -->\n<title>Intento de Golpe de Estado en Brasil\u00a0 -<\/title>\n<meta name=\"robots\" content=\"index, follow, max-snippet:-1, max-image-preview:large, max-video-preview:-1\" \/>\n<link rel=\"canonical\" href=\"https:\/\/luchonoticias.com\/editor\/intento-de-golpe-de-estados-en-brasil\/\" \/>\n<meta property=\"og:locale\" content=\"es_ES\" \/>\n<meta property=\"og:type\" content=\"article\" \/>\n<meta property=\"og:title\" content=\"Intento de Golpe de Estado en Brasil\u00a0 -\" \/>\n<meta property=\"og:url\" content=\"https:\/\/luchonoticias.com\/editor\/intento-de-golpe-de-estados-en-brasil\/\" \/>\n<meta property=\"article:publisher\" content=\"https:\/\/www.facebook.com\/luchonoticiasneiva\" \/>\n<meta property=\"article:author\" content=\"https:\/\/www.facebook.com\/luchonoticiasneiva\" \/>\n<meta property=\"article:published_time\" content=\"2023-01-09T10:04:09+00:00\" \/>\n<meta property=\"article:modified_time\" content=\"2023-01-09T14:01:26+00:00\" \/>\n<meta property=\"og:image\" content=\"https:\/\/luchonoticias.com\/wp-content\/uploads\/2023\/01\/MXYVXPKNWPE3KTGJIPSQDROE5A.png\" \/>\n<meta name=\"author\" content=\"admin\" \/>\n<meta name=\"twitter:card\" content=\"summary_large_image\" \/>\n<meta name=\"twitter:label1\" content=\"Escrito por\" \/>\n\t<meta name=\"twitter:data1\" content=\"admin\" \/>\n\t<meta name=\"twitter:label2\" content=\"Tiempo de lectura\" \/>\n\t<meta name=\"twitter:data2\" content=\"2 minutos\" \/>\n<script type=\"application\/ld+json\" class=\"yoast-schema-graph\">{\"@context\":\"https:\/\/schema.org\",\"@graph\":[{\"@type\":\"Article\",\"@id\":\"https:\/\/luchonoticias.com\/editor\/intento-de-golpe-de-estados-en-brasil\/#article\",\"isPartOf\":{\"@id\":\"https:\/\/luchonoticias.com\/editor\/intento-de-golpe-de-estados-en-brasil\/\"},\"author\":{\"name\":\"admin\",\"@id\":\"https:\/\/luchonoticias.com\/editor\/#\/schema\/person\/7a7fd911f58561fd056dbac7b55af9cd\"},\"headline\":\"Intento de Golpe de Estado en Brasil\u00a0\",\"datePublished\":\"2023-01-09T10:04:09+00:00\",\"dateModified\":\"2023-01-09T14:01:26+00:00\",\"mainEntityOfPage\":{\"@id\":\"https:\/\/luchonoticias.com\/editor\/intento-de-golpe-de-estados-en-brasil\/\"},\"wordCount\":467,\"commentCount\":0,\"publisher\":{\"@id\":\"https:\/\/luchonoticias.com\/editor\/#\/schema\/person\/7a7fd911f58561fd056dbac7b55af9cd\"},\"image\":{\"@id\":\"https:\/\/luchonoticias.com\/editor\/intento-de-golpe-de-estados-en-brasil\/#primaryimage\"},\"thumbnailUrl\":\"https:\/\/luchonoticias.com\/wp-content\/uploads\/2023\/01\/MXYVXPKNWPE3KTGJIPSQDROE5A.png\",\"articleSection\":[\"Actualidad\",\"Destacado\"],\"inLanguage\":\"es\",\"potentialAction\":[{\"@type\":\"CommentAction\",\"name\":\"Comment\",\"target\":[\"https:\/\/luchonoticias.com\/editor\/intento-de-golpe-de-estados-en-brasil\/#respond\"]}]},{\"@type\":\"WebPage\",\"@id\":\"https:\/\/luchonoticias.com\/editor\/intento-de-golpe-de-estados-en-brasil\/\",\"url\":\"https:\/\/luchonoticias.com\/editor\/intento-de-golpe-de-estados-en-brasil\/\",\"name\":\"Intento de Golpe de Estado en Brasil\u00a0 -\",\"isPartOf\":{\"@id\":\"https:\/\/luchonoticias.com\/editor\/#website\"},\"primaryImageOfPage\":{\"@id\":\"https:\/\/luchonoticias.com\/editor\/intento-de-golpe-de-estados-en-brasil\/#primaryimage\"},\"image\":{\"@id\":\"https:\/\/luchonoticias.com\/editor\/intento-de-golpe-de-estados-en-brasil\/#primaryimage\"},\"thumbnailUrl\":\"https:\/\/luchonoticias.com\/wp-content\/uploads\/2023\/01\/MXYVXPKNWPE3KTGJIPSQDROE5A.png\",\"datePublished\":\"2023-01-09T10:04:09+00:00\",\"dateModified\":\"2023-01-09T14:01:26+00:00\",\"breadcrumb\":{\"@id\":\"https:\/\/luchonoticias.com\/editor\/intento-de-golpe-de-estados-en-brasil\/#breadcrumb\"},\"inLanguage\":\"es\",\"potentialAction\":[{\"@type\":\"ReadAction\",\"target\":[\"https:\/\/luchonoticias.com\/editor\/intento-de-golpe-de-estados-en-brasil\/\"]}]},{\"@type\":\"ImageObject\",\"inLanguage\":\"es\",\"@id\":\"https:\/\/luchonoticias.com\/editor\/intento-de-golpe-de-estados-en-brasil\/#primaryimage\",\"url\":\"https:\/\/luchonoticias.com\/wp-content\/uploads\/2023\/01\/MXYVXPKNWPE3KTGJIPSQDROE5A.png\",\"contentUrl\":\"https:\/\/luchonoticias.com\/wp-content\/uploads\/2023\/01\/MXYVXPKNWPE3KTGJIPSQDROE5A.png\"},{\"@type\":\"BreadcrumbList\",\"@id\":\"https:\/\/luchonoticias.com\/editor\/intento-de-golpe-de-estados-en-brasil\/#breadcrumb\",\"itemListElement\":[{\"@type\":\"ListItem\",\"position\":1,\"name\":\"Portada\",\"item\":\"https:\/\/luchonoticias.com\/editor\/\"},{\"@type\":\"ListItem\",\"position\":2,\"name\":\"Intento de Golpe de Estado en Brasil\u00a0\"}]},{\"@type\":\"WebSite\",\"@id\":\"https:\/\/luchonoticias.com\/editor\/#website\",\"url\":\"https:\/\/luchonoticias.com\/editor\/\",\"name\":\"\",\"description\":\"\",\"publisher\":{\"@id\":\"https:\/\/luchonoticias.com\/editor\/#\/schema\/person\/7a7fd911f58561fd056dbac7b55af9cd\"},\"potentialAction\":[{\"@type\":\"SearchAction\",\"target\":{\"@type\":\"EntryPoint\",\"urlTemplate\":\"https:\/\/luchonoticias.com\/editor\/?s={search_term_string}\"},\"query-input\":{\"@type\":\"PropertyValueSpecification\",\"valueRequired\":true,\"valueName\":\"search_term_string\"}}],\"inLanguage\":\"es\"},{\"@type\":[\"Person\",\"Organization\"],\"@id\":\"https:\/\/luchonoticias.com\/editor\/#\/schema\/person\/7a7fd911f58561fd056dbac7b55af9cd\",\"name\":\"admin\",\"image\":{\"@type\":\"ImageObject\",\"inLanguage\":\"es\",\"@id\":\"https:\/\/luchonoticias.com\/editor\/#\/schema\/person\/image\/\",\"url\":\"https:\/\/luchonoticias.com\/editor\/wp-content\/uploads\/2024\/02\/cropped-cropped-logolu.webp\",\"contentUrl\":\"https:\/\/luchonoticias.com\/editor\/wp-content\/uploads\/2024\/02\/cropped-cropped-logolu.webp\",\"width\":382,\"height\":170,\"caption\":\"admin\"},\"logo\":{\"@id\":\"https:\/\/luchonoticias.com\/editor\/#\/schema\/person\/image\/\"},\"sameAs\":[\"https:\/\/www.facebook.com\/luchonoticiasneiva\"],\"url\":\"https:\/\/luchonoticias.com\/editor\/author\/admin\/\"}]}<\/script>\n<!-- \/ Yoast SEO plugin. -->","yoast_head_json":{"title":"Intento de Golpe de Estado en Brasil\u00a0 -","robots":{"index":"index","follow":"follow","max-snippet":"max-snippet:-1","max-image-preview":"max-image-preview:large","max-video-preview":"max-video-preview:-1"},"canonical":"https:\/\/luchonoticias.com\/editor\/intento-de-golpe-de-estados-en-brasil\/","og_locale":"es_ES","og_type":"article","og_title":"Intento de Golpe de Estado en Brasil\u00a0 -","og_url":"https:\/\/luchonoticias.com\/editor\/intento-de-golpe-de-estados-en-brasil\/","article_publisher":"https:\/\/www.facebook.com\/luchonoticiasneiva","article_author":"https:\/\/www.facebook.com\/luchonoticiasneiva","article_published_time":"2023-01-09T10:04:09+00:00","article_modified_time":"2023-01-09T14:01:26+00:00","og_image":[{"url":"https:\/\/luchonoticias.com\/wp-content\/uploads\/2023\/01\/MXYVXPKNWPE3KTGJIPSQDROE5A.png","type":"","width":"","height":""}],"author":"admin","twitter_card":"summary_large_image","twitter_misc":{"Escrito por":"admin","Tiempo de lectura":"2 minutos"},"schema":{"@context":"https:\/\/schema.org","@graph":[{"@type":"Article","@id":"https:\/\/luchonoticias.com\/editor\/intento-de-golpe-de-estados-en-brasil\/#article","isPartOf":{"@id":"https:\/\/luchonoticias.com\/editor\/intento-de-golpe-de-estados-en-brasil\/"},"author":{"name":"admin","@id":"https:\/\/luchonoticias.com\/editor\/#\/schema\/person\/7a7fd911f58561fd056dbac7b55af9cd"},"headline":"Intento de Golpe de Estado en Brasil\u00a0","datePublished":"2023-01-09T10:04:09+00:00","dateModified":"2023-01-09T14:01:26+00:00","mainEntityOfPage":{"@id":"https:\/\/luchonoticias.com\/editor\/intento-de-golpe-de-estados-en-brasil\/"},"wordCount":467,"commentCount":0,"publisher":{"@id":"https:\/\/luchonoticias.com\/editor\/#\/schema\/person\/7a7fd911f58561fd056dbac7b55af9cd"},"image":{"@id":"https:\/\/luchonoticias.com\/editor\/intento-de-golpe-de-estados-en-brasil\/#primaryimage"},"thumbnailUrl":"https:\/\/luchonoticias.com\/wp-content\/uploads\/2023\/01\/MXYVXPKNWPE3KTGJIPSQDROE5A.png","articleSection":["Actualidad","Destacado"],"inLanguage":"es","potentialAction":[{"@type":"CommentAction","name":"Comment","target":["https:\/\/luchonoticias.com\/editor\/intento-de-golpe-de-estados-en-brasil\/#respond"]}]},{"@type":"WebPage","@id":"https:\/\/luchonoticias.com\/editor\/intento-de-golpe-de-estados-en-brasil\/","url":"https:\/\/luchonoticias.com\/editor\/intento-de-golpe-de-estados-en-brasil\/","name":"Intento de Golpe de Estado en Brasil\u00a0 -","isPartOf":{"@id":"https:\/\/luchonoticias.com\/editor\/#website"},"primaryImageOfPage":{"@id":"https:\/\/luchonoticias.com\/editor\/intento-de-golpe-de-estados-en-brasil\/#primaryimage"},"image":{"@id":"https:\/\/luchonoticias.com\/editor\/intento-de-golpe-de-estados-en-brasil\/#primaryimage"},"thumbnailUrl":"https:\/\/luchonoticias.com\/wp-content\/uploads\/2023\/01\/MXYVXPKNWPE3KTGJIPSQDROE5A.png","datePublished":"2023-01-09T10:04:09+00:00","dateModified":"2023-01-09T14:01:26+00:00","breadcrumb":{"@id":"https:\/\/luchonoticias.com\/editor\/intento-de-golpe-de-estados-en-brasil\/#breadcrumb"},"inLanguage":"es","potentialAction":[{"@type":"ReadAction","target":["https:\/\/luchonoticias.com\/editor\/intento-de-golpe-de-estados-en-brasil\/"]}]},{"@type":"ImageObject","inLanguage":"es","@id":"https:\/\/luchonoticias.com\/editor\/intento-de-golpe-de-estados-en-brasil\/#primaryimage","url":"https:\/\/luchonoticias.com\/wp-content\/uploads\/2023\/01\/MXYVXPKNWPE3KTGJIPSQDROE5A.png","contentUrl":"https:\/\/luchonoticias.com\/wp-content\/uploads\/2023\/01\/MXYVXPKNWPE3KTGJIPSQDROE5A.png"},{"@type":"BreadcrumbList","@id":"https:\/\/luchonoticias.com\/editor\/intento-de-golpe-de-estados-en-brasil\/#breadcrumb","itemListElement":[{"@type":"ListItem","position":1,"name":"Portada","item":"https:\/\/luchonoticias.com\/editor\/"},{"@type":"ListItem","position":2,"name":"Intento de Golpe de Estado en Brasil\u00a0"}]},{"@type":"WebSite","@id":"https:\/\/luchonoticias.com\/editor\/#website","url":"https:\/\/luchonoticias.com\/editor\/","name":"","description":"","publisher":{"@id":"https:\/\/luchonoticias.com\/editor\/#\/schema\/person\/7a7fd911f58561fd056dbac7b55af9cd"},"potentialAction":[{"@type":"SearchAction","target":{"@type":"EntryPoint","urlTemplate":"https:\/\/luchonoticias.com\/editor\/?s={search_term_string}"},"query-input":{"@type":"PropertyValueSpecification","valueRequired":true,"valueName":"search_term_string"}}],"inLanguage":"es"},{"@type":["Person","Organization"],"@id":"https:\/\/luchonoticias.com\/editor\/#\/schema\/person\/7a7fd911f58561fd056dbac7b55af9cd","name":"admin","image":{"@type":"ImageObject","inLanguage":"es","@id":"https:\/\/luchonoticias.com\/editor\/#\/schema\/person\/image\/","url":"https:\/\/luchonoticias.com\/editor\/wp-content\/uploads\/2024\/02\/cropped-cropped-logolu.webp","contentUrl":"https:\/\/luchonoticias.com\/editor\/wp-content\/uploads\/2024\/02\/cropped-cropped-logolu.webp","width":382,"height":170,"caption":"admin"},"logo":{"@id":"https:\/\/luchonoticias.com\/editor\/#\/schema\/person\/image\/"},"sameAs":["https:\/\/www.facebook.com\/luchonoticiasneiva"],"url":"https:\/\/luchonoticias.com\/editor\/author\/admin\/"}]}},"_links":{"self":[{"href":"https:\/\/luchonoticias.com\/editor\/wp-json\/wp\/v2\/posts\/43791","targetHints":{"allow":["GET"]}}],"collection":[{"href":"https:\/\/luchonoticias.com\/editor\/wp-json\/wp\/v2\/posts"}],"about":[{"href":"https:\/\/luchonoticias.com\/editor\/wp-json\/wp\/v2\/types\/post"}],"author":[{"embeddable":true,"href":"https:\/\/luchonoticias.com\/editor\/wp-json\/wp\/v2\/users\/1"}],"replies":[{"embeddable":true,"href":"https:\/\/luchonoticias.com\/editor\/wp-json\/wp\/v2\/comments?post=43791"}],"version-history":[{"count":0,"href":"https:\/\/luchonoticias.com\/editor\/wp-json\/wp\/v2\/posts\/43791\/revisions"}],"wp:attachment":[{"href":"https:\/\/luchonoticias.com\/editor\/wp-json\/wp\/v2\/media?parent=43791"}],"wp:term":[{"taxonomy":"category","embeddable":true,"href":"https:\/\/luchonoticias.com\/editor\/wp-json\/wp\/v2\/categories?post=43791"},{"taxonomy":"post_tag","embeddable":true,"href":"https:\/\/luchonoticias.com\/editor\/wp-json\/wp\/v2\/tags?post=43791"}],"curies":[{"name":"wp","href":"https:\/\/api.w.org\/{rel}","templated":true}]}}