{"id":43950,"date":"2023-01-11T11:35:07","date_gmt":"2023-01-11T16:35:07","guid":{"rendered":"https:\/\/luchonoticias.com\/?p=43950"},"modified":"2023-01-11T11:35:08","modified_gmt":"2023-01-11T16:35:08","slug":"ocho-muertos-deja-aparatoso-accidente-de-transito-en-la-via-tesalia-la-plata","status":"publish","type":"post","link":"https:\/\/luchonoticias.com\/editor\/ocho-muertos-deja-aparatoso-accidente-de-transito-en-la-via-tesalia-la-plata\/","title":{"rendered":"Ocho muertos deja aparatoso accidente de tr\u00e1nsito en la v\u00eda Tesalia \u2013 La Plata"},"content":{"rendered":"\n<p>La colisi\u00f3n entre un colectivo de la empresa Coomotor y un cami\u00f3n de las Tiendas D1, en el cruce de Tesalia v\u00eda a La Plata deja como saldo ocho personas fallecidas y cinco m\u00e1s con heridas de consideraci\u00f3n.<\/p>\n\n\n\n<p>El alcalde del municipio de Tesalia Carlos Humberto Perdomo, confirm\u00f3 que entre las v\u00edctimas mortales hay una menor de 17 a\u00f1os de edad y cinco personas m\u00e1s sufrieron heridas y reciben atenci\u00f3n m\u00e9dica en los hospitales de Tesalia y La Plata.<\/p>\n\n\n\n<p>Los organismos de socorro de Tesalia y Paicol, se trasladaron al lugar del accidente para rescatar a los pasajeros heridos que quedaron atrapados en las retorcidas latas del colectivo de Coomotor.<\/p>\n\n\n\n<p>Seg\u00fan reporte preliminar de las autoridades de tr\u00e1nsito, el siniestro vial se registr\u00f3 porque al parecer el veh\u00edculo de servicio p\u00fablico invadi\u00f3 el carril contrario y colision\u00f3 violentamente contra el cami\u00f3n furg\u00f3n de las Tiendas D1.<\/p>\n\n\n\n<p>Noticia en desarrollo\u2026<\/p>\n","protected":false},"excerpt":{"rendered":"<p>La colisi\u00f3n entre un colectivo de la empresa Coomotor y un cami\u00f3n de las Tiendas D1, en el cruce de Tesalia v\u00eda a La Plata deja como saldo ocho personas fallecidas y cinco m\u00e1s con heridas de consideraci\u00f3n. El alcalde del municipio de Tesalia Carlos Humberto Perdomo, confirm\u00f3 que entre las v\u00edctimas mortales hay una [&hellip;]<\/p>\n","protected":false},"author":2,"featured_media":0,"comment_status":"open","ping_status":"open","sticky":false,"template":"","format":"standard","meta":{"footnotes":""},"categories":[36,29],"tags":[],"class_list":["post-43950","post","type-post","status-publish","format-standard","hentry","category-destacado","category-judicial"],"yoast_head":"<!-- This site is optimized with the Yoast SEO plugin v26.6 - https:\/\/yoast.com\/wordpress\/plugins\/seo\/ -->\n<title>Ocho muertos deja aparatoso accidente de tr\u00e1nsito en la v\u00eda Tesalia \u2013 La Plata -<\/title>\n<meta name=\"robots\" content=\"index, follow, max-snippet:-1, max-image-preview:large, max-video-preview:-1\" \/>\n<link rel=\"canonical\" href=\"https:\/\/luchonoticias.com\/editor\/ocho-muertos-deja-aparatoso-accidente-de-transito-en-la-via-tesalia-la-plata\/\" \/>\n<meta property=\"og:locale\" content=\"es_ES\" \/>\n<meta property=\"og:type\" content=\"article\" \/>\n<meta property=\"og:title\" content=\"Ocho muertos deja aparatoso accidente de tr\u00e1nsito en la v\u00eda Tesalia \u2013 La Plata -\" \/>\n<meta property=\"og:url\" content=\"https:\/\/luchonoticias.com\/editor\/ocho-muertos-deja-aparatoso-accidente-de-transito-en-la-via-tesalia-la-plata\/\" \/>\n<meta property=\"article:publisher\" content=\"https:\/\/www.facebook.com\/luchonoticiasneiva\" \/>\n<meta property=\"article:published_time\" content=\"2023-01-11T16:35:07+00:00\" \/>\n<meta property=\"article:modified_time\" content=\"2023-01-11T16:35:08+00:00\" \/>\n<meta name=\"author\" content=\"Editor General\" \/>\n<meta name=\"twitter:card\" content=\"summary_large_image\" \/>\n<meta name=\"twitter:label1\" content=\"Escrito por\" \/>\n\t<meta name=\"twitter:data1\" content=\"Editor General\" \/>\n\t<meta name=\"twitter:label2\" content=\"Tiempo de lectura\" \/>\n\t<meta name=\"twitter:data2\" content=\"1 minuto\" \/>\n<script type=\"application\/ld+json\" class=\"yoast-schema-graph\">{\"@context\":\"https:\/\/schema.org\",\"@graph\":[{\"@type\":\"Article\",\"@id\":\"https:\/\/luchonoticias.com\/editor\/ocho-muertos-deja-aparatoso-accidente-de-transito-en-la-via-tesalia-la-plata\/#article\",\"isPartOf\":{\"@id\":\"https:\/\/luchonoticias.com\/editor\/ocho-muertos-deja-aparatoso-accidente-de-transito-en-la-via-tesalia-la-plata\/\"},\"author\":{\"name\":\"Editor General\",\"@id\":\"https:\/\/luchonoticias.com\/editor\/#\/schema\/person\/29217990ddf6f14e35912b2866d591fb\"},\"headline\":\"Ocho muertos deja aparatoso accidente de tr\u00e1nsito en la v\u00eda Tesalia \u2013 La Plata\",\"datePublished\":\"2023-01-11T16:35:07+00:00\",\"dateModified\":\"2023-01-11T16:35:08+00:00\",\"mainEntityOfPage\":{\"@id\":\"https:\/\/luchonoticias.com\/editor\/ocho-muertos-deja-aparatoso-accidente-de-transito-en-la-via-tesalia-la-plata\/\"},\"wordCount\":179,\"commentCount\":0,\"publisher\":{\"@id\":\"https:\/\/luchonoticias.com\/editor\/#\/schema\/person\/7a7fd911f58561fd056dbac7b55af9cd\"},\"articleSection\":[\"Destacado\",\"Judicial\"],\"inLanguage\":\"es\",\"potentialAction\":[{\"@type\":\"CommentAction\",\"name\":\"Comment\",\"target\":[\"https:\/\/luchonoticias.com\/editor\/ocho-muertos-deja-aparatoso-accidente-de-transito-en-la-via-tesalia-la-plata\/#respond\"]}]},{\"@type\":\"WebPage\",\"@id\":\"https:\/\/luchonoticias.com\/editor\/ocho-muertos-deja-aparatoso-accidente-de-transito-en-la-via-tesalia-la-plata\/\",\"url\":\"https:\/\/luchonoticias.com\/editor\/ocho-muertos-deja-aparatoso-accidente-de-transito-en-la-via-tesalia-la-plata\/\",\"name\":\"Ocho muertos deja aparatoso accidente de tr\u00e1nsito en la v\u00eda Tesalia \u2013 La Plata -\",\"isPartOf\":{\"@id\":\"https:\/\/luchonoticias.com\/editor\/#website\"},\"datePublished\":\"2023-01-11T16:35:07+00:00\",\"dateModified\":\"2023-01-11T16:35:08+00:00\",\"breadcrumb\":{\"@id\":\"https:\/\/luchonoticias.com\/editor\/ocho-muertos-deja-aparatoso-accidente-de-transito-en-la-via-tesalia-la-plata\/#breadcrumb\"},\"inLanguage\":\"es\",\"potentialAction\":[{\"@type\":\"ReadAction\",\"target\":[\"https:\/\/luchonoticias.com\/editor\/ocho-muertos-deja-aparatoso-accidente-de-transito-en-la-via-tesalia-la-plata\/\"]}]},{\"@type\":\"BreadcrumbList\",\"@id\":\"https:\/\/luchonoticias.com\/editor\/ocho-muertos-deja-aparatoso-accidente-de-transito-en-la-via-tesalia-la-plata\/#breadcrumb\",\"itemListElement\":[{\"@type\":\"ListItem\",\"position\":1,\"name\":\"Portada\",\"item\":\"https:\/\/luchonoticias.com\/editor\/\"},{\"@type\":\"ListItem\",\"position\":2,\"name\":\"Ocho muertos deja aparatoso accidente de tr\u00e1nsito en la v\u00eda Tesalia \u2013 La Plata\"}]},{\"@type\":\"WebSite\",\"@id\":\"https:\/\/luchonoticias.com\/editor\/#website\",\"url\":\"https:\/\/luchonoticias.com\/editor\/\",\"name\":\"\",\"description\":\"\",\"publisher\":{\"@id\":\"https:\/\/luchonoticias.com\/editor\/#\/schema\/person\/7a7fd911f58561fd056dbac7b55af9cd\"},\"potentialAction\":[{\"@type\":\"SearchAction\",\"target\":{\"@type\":\"EntryPoint\",\"urlTemplate\":\"https:\/\/luchonoticias.com\/editor\/?s={search_term_string}\"},\"query-input\":{\"@type\":\"PropertyValueSpecification\",\"valueRequired\":true,\"valueName\":\"search_term_string\"}}],\"inLanguage\":\"es\"},{\"@type\":[\"Person\",\"Organization\"],\"@id\":\"https:\/\/luchonoticias.com\/editor\/#\/schema\/person\/7a7fd911f58561fd056dbac7b55af9cd\",\"name\":\"admin\",\"image\":{\"@type\":\"ImageObject\",\"inLanguage\":\"es\",\"@id\":\"https:\/\/luchonoticias.com\/editor\/#\/schema\/person\/image\/\",\"url\":\"https:\/\/luchonoticias.com\/editor\/wp-content\/uploads\/2024\/02\/cropped-cropped-logolu.webp\",\"contentUrl\":\"https:\/\/luchonoticias.com\/editor\/wp-content\/uploads\/2024\/02\/cropped-cropped-logolu.webp\",\"width\":382,\"height\":170,\"caption\":\"admin\"},\"logo\":{\"@id\":\"https:\/\/luchonoticias.com\/editor\/#\/schema\/person\/image\/\"},\"sameAs\":[\"https:\/\/www.facebook.com\/luchonoticiasneiva\"]},{\"@type\":\"Person\",\"@id\":\"https:\/\/luchonoticias.com\/editor\/#\/schema\/person\/29217990ddf6f14e35912b2866d591fb\",\"name\":\"Editor General\",\"image\":{\"@type\":\"ImageObject\",\"inLanguage\":\"es\",\"@id\":\"https:\/\/luchonoticias.com\/editor\/#\/schema\/person\/image\/\",\"url\":\"https:\/\/luchonoticias.com\/editor\/wp-content\/uploads\/2024\/02\/cropped-cropped-logolu-150x150.webp\",\"contentUrl\":\"https:\/\/luchonoticias.com\/editor\/wp-content\/uploads\/2024\/02\/cropped-cropped-logolu-150x150.webp\",\"caption\":\"Editor General\"},\"sameAs\":[\"https:\/\/luchonoticias.com\/\"],\"url\":\"https:\/\/luchonoticias.com\/editor\/author\/editor-general\/\"}]}<\/script>\n<!-- \/ Yoast SEO plugin. -->","yoast_head_json":{"title":"Ocho muertos deja aparatoso accidente de tr\u00e1nsito en la v\u00eda Tesalia \u2013 La Plata -","robots":{"index":"index","follow":"follow","max-snippet":"max-snippet:-1","max-image-preview":"max-image-preview:large","max-video-preview":"max-video-preview:-1"},"canonical":"https:\/\/luchonoticias.com\/editor\/ocho-muertos-deja-aparatoso-accidente-de-transito-en-la-via-tesalia-la-plata\/","og_locale":"es_ES","og_type":"article","og_title":"Ocho muertos deja aparatoso accidente de tr\u00e1nsito en la v\u00eda Tesalia \u2013 La Plata -","og_url":"https:\/\/luchonoticias.com\/editor\/ocho-muertos-deja-aparatoso-accidente-de-transito-en-la-via-tesalia-la-plata\/","article_publisher":"https:\/\/www.facebook.com\/luchonoticiasneiva","article_published_time":"2023-01-11T16:35:07+00:00","article_modified_time":"2023-01-11T16:35:08+00:00","author":"Editor General","twitter_card":"summary_large_image","twitter_misc":{"Escrito por":"Editor General","Tiempo de lectura":"1 minuto"},"schema":{"@context":"https:\/\/schema.org","@graph":[{"@type":"Article","@id":"https:\/\/luchonoticias.com\/editor\/ocho-muertos-deja-aparatoso-accidente-de-transito-en-la-via-tesalia-la-plata\/#article","isPartOf":{"@id":"https:\/\/luchonoticias.com\/editor\/ocho-muertos-deja-aparatoso-accidente-de-transito-en-la-via-tesalia-la-plata\/"},"author":{"name":"Editor General","@id":"https:\/\/luchonoticias.com\/editor\/#\/schema\/person\/29217990ddf6f14e35912b2866d591fb"},"headline":"Ocho muertos deja aparatoso accidente de tr\u00e1nsito en la v\u00eda Tesalia \u2013 La Plata","datePublished":"2023-01-11T16:35:07+00:00","dateModified":"2023-01-11T16:35:08+00:00","mainEntityOfPage":{"@id":"https:\/\/luchonoticias.com\/editor\/ocho-muertos-deja-aparatoso-accidente-de-transito-en-la-via-tesalia-la-plata\/"},"wordCount":179,"commentCount":0,"publisher":{"@id":"https:\/\/luchonoticias.com\/editor\/#\/schema\/person\/7a7fd911f58561fd056dbac7b55af9cd"},"articleSection":["Destacado","Judicial"],"inLanguage":"es","potentialAction":[{"@type":"CommentAction","name":"Comment","target":["https:\/\/luchonoticias.com\/editor\/ocho-muertos-deja-aparatoso-accidente-de-transito-en-la-via-tesalia-la-plata\/#respond"]}]},{"@type":"WebPage","@id":"https:\/\/luchonoticias.com\/editor\/ocho-muertos-deja-aparatoso-accidente-de-transito-en-la-via-tesalia-la-plata\/","url":"https:\/\/luchonoticias.com\/editor\/ocho-muertos-deja-aparatoso-accidente-de-transito-en-la-via-tesalia-la-plata\/","name":"Ocho muertos deja aparatoso accidente de tr\u00e1nsito en la v\u00eda Tesalia \u2013 La Plata -","isPartOf":{"@id":"https:\/\/luchonoticias.com\/editor\/#website"},"datePublished":"2023-01-11T16:35:07+00:00","dateModified":"2023-01-11T16:35:08+00:00","breadcrumb":{"@id":"https:\/\/luchonoticias.com\/editor\/ocho-muertos-deja-aparatoso-accidente-de-transito-en-la-via-tesalia-la-plata\/#breadcrumb"},"inLanguage":"es","potentialAction":[{"@type":"ReadAction","target":["https:\/\/luchonoticias.com\/editor\/ocho-muertos-deja-aparatoso-accidente-de-transito-en-la-via-tesalia-la-plata\/"]}]},{"@type":"BreadcrumbList","@id":"https:\/\/luchonoticias.com\/editor\/ocho-muertos-deja-aparatoso-accidente-de-transito-en-la-via-tesalia-la-plata\/#breadcrumb","itemListElement":[{"@type":"ListItem","position":1,"name":"Portada","item":"https:\/\/luchonoticias.com\/editor\/"},{"@type":"ListItem","position":2,"name":"Ocho muertos deja aparatoso accidente de tr\u00e1nsito en la v\u00eda Tesalia \u2013 La Plata"}]},{"@type":"WebSite","@id":"https:\/\/luchonoticias.com\/editor\/#website","url":"https:\/\/luchonoticias.com\/editor\/","name":"","description":"","publisher":{"@id":"https:\/\/luchonoticias.com\/editor\/#\/schema\/person\/7a7fd911f58561fd056dbac7b55af9cd"},"potentialAction":[{"@type":"SearchAction","target":{"@type":"EntryPoint","urlTemplate":"https:\/\/luchonoticias.com\/editor\/?s={search_term_string}"},"query-input":{"@type":"PropertyValueSpecification","valueRequired":true,"valueName":"search_term_string"}}],"inLanguage":"es"},{"@type":["Person","Organization"],"@id":"https:\/\/luchonoticias.com\/editor\/#\/schema\/person\/7a7fd911f58561fd056dbac7b55af9cd","name":"admin","image":{"@type":"ImageObject","inLanguage":"es","@id":"https:\/\/luchonoticias.com\/editor\/#\/schema\/person\/image\/","url":"https:\/\/luchonoticias.com\/editor\/wp-content\/uploads\/2024\/02\/cropped-cropped-logolu.webp","contentUrl":"https:\/\/luchonoticias.com\/editor\/wp-content\/uploads\/2024\/02\/cropped-cropped-logolu.webp","width":382,"height":170,"caption":"admin"},"logo":{"@id":"https:\/\/luchonoticias.com\/editor\/#\/schema\/person\/image\/"},"sameAs":["https:\/\/www.facebook.com\/luchonoticiasneiva"]},{"@type":"Person","@id":"https:\/\/luchonoticias.com\/editor\/#\/schema\/person\/29217990ddf6f14e35912b2866d591fb","name":"Editor General","image":{"@type":"ImageObject","inLanguage":"es","@id":"https:\/\/luchonoticias.com\/editor\/#\/schema\/person\/image\/","url":"https:\/\/luchonoticias.com\/editor\/wp-content\/uploads\/2024\/02\/cropped-cropped-logolu-150x150.webp","contentUrl":"https:\/\/luchonoticias.com\/editor\/wp-content\/uploads\/2024\/02\/cropped-cropped-logolu-150x150.webp","caption":"Editor General"},"sameAs":["https:\/\/luchonoticias.com\/"],"url":"https:\/\/luchonoticias.com\/editor\/author\/editor-general\/"}]}},"_links":{"self":[{"href":"https:\/\/luchonoticias.com\/editor\/wp-json\/wp\/v2\/posts\/43950","targetHints":{"allow":["GET"]}}],"collection":[{"href":"https:\/\/luchonoticias.com\/editor\/wp-json\/wp\/v2\/posts"}],"about":[{"href":"https:\/\/luchonoticias.com\/editor\/wp-json\/wp\/v2\/types\/post"}],"author":[{"embeddable":true,"href":"https:\/\/luchonoticias.com\/editor\/wp-json\/wp\/v2\/users\/2"}],"replies":[{"embeddable":true,"href":"https:\/\/luchonoticias.com\/editor\/wp-json\/wp\/v2\/comments?post=43950"}],"version-history":[{"count":0,"href":"https:\/\/luchonoticias.com\/editor\/wp-json\/wp\/v2\/posts\/43950\/revisions"}],"wp:attachment":[{"href":"https:\/\/luchonoticias.com\/editor\/wp-json\/wp\/v2\/media?parent=43950"}],"wp:term":[{"taxonomy":"category","embeddable":true,"href":"https:\/\/luchonoticias.com\/editor\/wp-json\/wp\/v2\/categories?post=43950"},{"taxonomy":"post_tag","embeddable":true,"href":"https:\/\/luchonoticias.com\/editor\/wp-json\/wp\/v2\/tags?post=43950"}],"curies":[{"name":"wp","href":"https:\/\/api.w.org\/{rel}","templated":true}]}}