{"id":44267,"date":"2023-01-16T04:43:08","date_gmt":"2023-01-16T09:43:08","guid":{"rendered":"https:\/\/luchonoticias.com\/?p=44267"},"modified":"2023-01-16T04:43:09","modified_gmt":"2023-01-16T09:43:09","slug":"alcaldia-entregara-aportes-economicos-a-neivanos-afectados-por-ola-invernal","status":"publish","type":"post","link":"https:\/\/luchonoticias.com\/editor\/alcaldia-entregara-aportes-economicos-a-neivanos-afectados-por-ola-invernal\/","title":{"rendered":"Alcald\u00eda entregar\u00e1 aportes econ\u00f3micos a neivanos afectados por ola invernal"},"content":{"rendered":"\n<p>A partir de hoy y hasta el 13 de febrero se estar\u00e1 entregando por parte de la Alcald\u00eda de Neiva, el beneficio econ\u00f3mico que entrega el Gobierno Nacional a los jefes de hogar de las familias damnificadas por la situaci\u00f3n de desastre nacional de la temporada invernal del a\u00f1o pasado.<\/p>\n\n\n\n<p>El aporte que se entregar\u00e1 a los previamente inscritos y beneficiarios ser\u00e1 de 500 mil pesos seg\u00fan lo anunci\u00f3 Armando Cabrera Rivera, Secretario de Gesti\u00f3n del Riesgo de Neiva; para el municipio hay inscritas 802 familias.<\/p>\n\n\n\n<p>\u201cSe autoriz\u00f3 por parte de la Unidad de Gesti\u00f3n de Riesgo, que debe cobrarse este apoyo econ\u00f3mico pecuniario a partir del 13 de enero y hasta el 13 de febrero del presente a\u00f1o\u201d sostuvo el funcionario.<\/p>\n\n\n\n<figure class=\"wp-block-video\"><video controls src=\"https:\/\/luchonoticias.com\/wp-content\/uploads\/2023\/01\/WhatsApp-Video-2023-01-15-at-9.38.58-PM-1.mp4\"><\/video><\/figure>\n\n\n\n<p><strong>\u00bfD\u00f3nde reclamar?<\/strong><\/p>\n\n\n\n<p>De acuerdo con Armando Cabrera, los beneficiarios de dicho aporte se deben dirigir a la Calle 38 sur # 3-50 en la bodega F101 en donde se encuentra un punto de servicio del Banco Agrario en Surabastos.<\/p>\n\n\n\n<p>\u201cEs importante decir que, a trav\u00e9s de esta resoluci\u00f3n que es la 1268 del 2022 del Gobierno Nacional, tenemos 802 familias damnificadas del municipio de Neiva, tanto de la zona urbana como rural\u201d.<\/p>\n\n\n\n<p><strong>\u00bfC\u00f3mo saber si es beneficiario?<\/strong><\/p>\n\n\n\n<p>El Gobierno Nacional a trav\u00e9s de la UNGRD ha dispuesto en el home de su sitio web (www.gestiondelriesgo.gov.co) un banner con el t\u00edtulo: \u2018Ayuda econ\u00f3mica para jefes de hogar por situaci\u00f3n de desastre nacional\u2019; en \u00e9l, se le debe dar clic para ingresar al m\u00f3dulo de digitaci\u00f3n de la c\u00e9dula de ciudadan\u00eda y verificar si es beneficiario de este apoyo por 500 mil pesos, por una \u00fanica vez, si es as\u00ed, se debe dirigir a la direcci\u00f3n anteriormente indicada para reclamar el benefici\u00f3.<\/p>\n","protected":false},"excerpt":{"rendered":"<p>A partir de hoy y hasta el 13 de febrero se estar\u00e1 entregando por parte de la Alcald\u00eda de Neiva, el beneficio econ\u00f3mico que entrega el Gobierno Nacional a los jefes de hogar de las familias damnificadas por la situaci\u00f3n de desastre nacional de la temporada invernal del a\u00f1o pasado. El aporte que se entregar\u00e1 [&hellip;]<\/p>\n","protected":false},"author":2,"featured_media":0,"comment_status":"open","ping_status":"open","sticky":false,"template":"","format":"standard","meta":{"footnotes":""},"categories":[36,31],"tags":[],"class_list":["post-44267","post","type-post","status-publish","format-standard","hentry","category-destacado","category-local"],"yoast_head":"<!-- This site is optimized with the Yoast SEO plugin v26.6 - https:\/\/yoast.com\/wordpress\/plugins\/seo\/ -->\n<title>Alcald\u00eda entregar\u00e1 aportes econ\u00f3micos a neivanos afectados por ola invernal -<\/title>\n<meta name=\"robots\" content=\"index, follow, max-snippet:-1, max-image-preview:large, max-video-preview:-1\" \/>\n<link rel=\"canonical\" href=\"https:\/\/luchonoticias.com\/editor\/alcaldia-entregara-aportes-economicos-a-neivanos-afectados-por-ola-invernal\/\" \/>\n<meta property=\"og:locale\" content=\"es_ES\" \/>\n<meta property=\"og:type\" content=\"article\" \/>\n<meta property=\"og:title\" content=\"Alcald\u00eda entregar\u00e1 aportes econ\u00f3micos a neivanos afectados por ola invernal -\" \/>\n<meta property=\"og:url\" content=\"https:\/\/luchonoticias.com\/editor\/alcaldia-entregara-aportes-economicos-a-neivanos-afectados-por-ola-invernal\/\" \/>\n<meta property=\"article:publisher\" content=\"https:\/\/www.facebook.com\/luchonoticiasneiva\" \/>\n<meta property=\"article:published_time\" content=\"2023-01-16T09:43:08+00:00\" \/>\n<meta property=\"article:modified_time\" content=\"2023-01-16T09:43:09+00:00\" \/>\n<meta name=\"author\" content=\"Editor General\" \/>\n<meta name=\"twitter:card\" content=\"summary_large_image\" \/>\n<meta name=\"twitter:label1\" content=\"Escrito por\" \/>\n\t<meta name=\"twitter:data1\" content=\"Editor General\" \/>\n\t<meta name=\"twitter:label2\" content=\"Tiempo de lectura\" \/>\n\t<meta name=\"twitter:data2\" content=\"1 minuto\" \/>\n<script type=\"application\/ld+json\" class=\"yoast-schema-graph\">{\"@context\":\"https:\/\/schema.org\",\"@graph\":[{\"@type\":\"Article\",\"@id\":\"https:\/\/luchonoticias.com\/editor\/alcaldia-entregara-aportes-economicos-a-neivanos-afectados-por-ola-invernal\/#article\",\"isPartOf\":{\"@id\":\"https:\/\/luchonoticias.com\/editor\/alcaldia-entregara-aportes-economicos-a-neivanos-afectados-por-ola-invernal\/\"},\"author\":{\"name\":\"Editor General\",\"@id\":\"https:\/\/luchonoticias.com\/editor\/#\/schema\/person\/29217990ddf6f14e35912b2866d591fb\"},\"headline\":\"Alcald\u00eda entregar\u00e1 aportes econ\u00f3micos a neivanos afectados por ola invernal\",\"datePublished\":\"2023-01-16T09:43:08+00:00\",\"dateModified\":\"2023-01-16T09:43:09+00:00\",\"mainEntityOfPage\":{\"@id\":\"https:\/\/luchonoticias.com\/editor\/alcaldia-entregara-aportes-economicos-a-neivanos-afectados-por-ola-invernal\/\"},\"wordCount\":308,\"commentCount\":0,\"publisher\":{\"@id\":\"https:\/\/luchonoticias.com\/editor\/#\/schema\/person\/7a7fd911f58561fd056dbac7b55af9cd\"},\"articleSection\":[\"Destacado\",\"Local\"],\"inLanguage\":\"es\",\"potentialAction\":[{\"@type\":\"CommentAction\",\"name\":\"Comment\",\"target\":[\"https:\/\/luchonoticias.com\/editor\/alcaldia-entregara-aportes-economicos-a-neivanos-afectados-por-ola-invernal\/#respond\"]}]},{\"@type\":\"WebPage\",\"@id\":\"https:\/\/luchonoticias.com\/editor\/alcaldia-entregara-aportes-economicos-a-neivanos-afectados-por-ola-invernal\/\",\"url\":\"https:\/\/luchonoticias.com\/editor\/alcaldia-entregara-aportes-economicos-a-neivanos-afectados-por-ola-invernal\/\",\"name\":\"Alcald\u00eda entregar\u00e1 aportes econ\u00f3micos a neivanos afectados por ola invernal -\",\"isPartOf\":{\"@id\":\"https:\/\/luchonoticias.com\/editor\/#website\"},\"datePublished\":\"2023-01-16T09:43:08+00:00\",\"dateModified\":\"2023-01-16T09:43:09+00:00\",\"breadcrumb\":{\"@id\":\"https:\/\/luchonoticias.com\/editor\/alcaldia-entregara-aportes-economicos-a-neivanos-afectados-por-ola-invernal\/#breadcrumb\"},\"inLanguage\":\"es\",\"potentialAction\":[{\"@type\":\"ReadAction\",\"target\":[\"https:\/\/luchonoticias.com\/editor\/alcaldia-entregara-aportes-economicos-a-neivanos-afectados-por-ola-invernal\/\"]}]},{\"@type\":\"BreadcrumbList\",\"@id\":\"https:\/\/luchonoticias.com\/editor\/alcaldia-entregara-aportes-economicos-a-neivanos-afectados-por-ola-invernal\/#breadcrumb\",\"itemListElement\":[{\"@type\":\"ListItem\",\"position\":1,\"name\":\"Portada\",\"item\":\"https:\/\/luchonoticias.com\/editor\/\"},{\"@type\":\"ListItem\",\"position\":2,\"name\":\"Alcald\u00eda entregar\u00e1 aportes econ\u00f3micos a neivanos afectados por ola invernal\"}]},{\"@type\":\"WebSite\",\"@id\":\"https:\/\/luchonoticias.com\/editor\/#website\",\"url\":\"https:\/\/luchonoticias.com\/editor\/\",\"name\":\"\",\"description\":\"\",\"publisher\":{\"@id\":\"https:\/\/luchonoticias.com\/editor\/#\/schema\/person\/7a7fd911f58561fd056dbac7b55af9cd\"},\"potentialAction\":[{\"@type\":\"SearchAction\",\"target\":{\"@type\":\"EntryPoint\",\"urlTemplate\":\"https:\/\/luchonoticias.com\/editor\/?s={search_term_string}\"},\"query-input\":{\"@type\":\"PropertyValueSpecification\",\"valueRequired\":true,\"valueName\":\"search_term_string\"}}],\"inLanguage\":\"es\"},{\"@type\":[\"Person\",\"Organization\"],\"@id\":\"https:\/\/luchonoticias.com\/editor\/#\/schema\/person\/7a7fd911f58561fd056dbac7b55af9cd\",\"name\":\"admin\",\"image\":{\"@type\":\"ImageObject\",\"inLanguage\":\"es\",\"@id\":\"https:\/\/luchonoticias.com\/editor\/#\/schema\/person\/image\/\",\"url\":\"https:\/\/luchonoticias.com\/editor\/wp-content\/uploads\/2024\/02\/cropped-cropped-logolu.webp\",\"contentUrl\":\"https:\/\/luchonoticias.com\/editor\/wp-content\/uploads\/2024\/02\/cropped-cropped-logolu.webp\",\"width\":382,\"height\":170,\"caption\":\"admin\"},\"logo\":{\"@id\":\"https:\/\/luchonoticias.com\/editor\/#\/schema\/person\/image\/\"},\"sameAs\":[\"https:\/\/www.facebook.com\/luchonoticiasneiva\"]},{\"@type\":\"Person\",\"@id\":\"https:\/\/luchonoticias.com\/editor\/#\/schema\/person\/29217990ddf6f14e35912b2866d591fb\",\"name\":\"Editor General\",\"image\":{\"@type\":\"ImageObject\",\"inLanguage\":\"es\",\"@id\":\"https:\/\/luchonoticias.com\/editor\/#\/schema\/person\/image\/\",\"url\":\"https:\/\/luchonoticias.com\/editor\/wp-content\/uploads\/2024\/02\/cropped-cropped-logolu-150x150.webp\",\"contentUrl\":\"https:\/\/luchonoticias.com\/editor\/wp-content\/uploads\/2024\/02\/cropped-cropped-logolu-150x150.webp\",\"caption\":\"Editor General\"},\"sameAs\":[\"https:\/\/luchonoticias.com\/\"],\"url\":\"https:\/\/luchonoticias.com\/editor\/author\/editor-general\/\"}]}<\/script>\n<!-- \/ Yoast SEO plugin. -->","yoast_head_json":{"title":"Alcald\u00eda entregar\u00e1 aportes econ\u00f3micos a neivanos afectados por ola invernal -","robots":{"index":"index","follow":"follow","max-snippet":"max-snippet:-1","max-image-preview":"max-image-preview:large","max-video-preview":"max-video-preview:-1"},"canonical":"https:\/\/luchonoticias.com\/editor\/alcaldia-entregara-aportes-economicos-a-neivanos-afectados-por-ola-invernal\/","og_locale":"es_ES","og_type":"article","og_title":"Alcald\u00eda entregar\u00e1 aportes econ\u00f3micos a neivanos afectados por ola invernal -","og_url":"https:\/\/luchonoticias.com\/editor\/alcaldia-entregara-aportes-economicos-a-neivanos-afectados-por-ola-invernal\/","article_publisher":"https:\/\/www.facebook.com\/luchonoticiasneiva","article_published_time":"2023-01-16T09:43:08+00:00","article_modified_time":"2023-01-16T09:43:09+00:00","author":"Editor General","twitter_card":"summary_large_image","twitter_misc":{"Escrito por":"Editor General","Tiempo de lectura":"1 minuto"},"schema":{"@context":"https:\/\/schema.org","@graph":[{"@type":"Article","@id":"https:\/\/luchonoticias.com\/editor\/alcaldia-entregara-aportes-economicos-a-neivanos-afectados-por-ola-invernal\/#article","isPartOf":{"@id":"https:\/\/luchonoticias.com\/editor\/alcaldia-entregara-aportes-economicos-a-neivanos-afectados-por-ola-invernal\/"},"author":{"name":"Editor General","@id":"https:\/\/luchonoticias.com\/editor\/#\/schema\/person\/29217990ddf6f14e35912b2866d591fb"},"headline":"Alcald\u00eda entregar\u00e1 aportes econ\u00f3micos a neivanos afectados por ola invernal","datePublished":"2023-01-16T09:43:08+00:00","dateModified":"2023-01-16T09:43:09+00:00","mainEntityOfPage":{"@id":"https:\/\/luchonoticias.com\/editor\/alcaldia-entregara-aportes-economicos-a-neivanos-afectados-por-ola-invernal\/"},"wordCount":308,"commentCount":0,"publisher":{"@id":"https:\/\/luchonoticias.com\/editor\/#\/schema\/person\/7a7fd911f58561fd056dbac7b55af9cd"},"articleSection":["Destacado","Local"],"inLanguage":"es","potentialAction":[{"@type":"CommentAction","name":"Comment","target":["https:\/\/luchonoticias.com\/editor\/alcaldia-entregara-aportes-economicos-a-neivanos-afectados-por-ola-invernal\/#respond"]}]},{"@type":"WebPage","@id":"https:\/\/luchonoticias.com\/editor\/alcaldia-entregara-aportes-economicos-a-neivanos-afectados-por-ola-invernal\/","url":"https:\/\/luchonoticias.com\/editor\/alcaldia-entregara-aportes-economicos-a-neivanos-afectados-por-ola-invernal\/","name":"Alcald\u00eda entregar\u00e1 aportes econ\u00f3micos a neivanos afectados por ola invernal -","isPartOf":{"@id":"https:\/\/luchonoticias.com\/editor\/#website"},"datePublished":"2023-01-16T09:43:08+00:00","dateModified":"2023-01-16T09:43:09+00:00","breadcrumb":{"@id":"https:\/\/luchonoticias.com\/editor\/alcaldia-entregara-aportes-economicos-a-neivanos-afectados-por-ola-invernal\/#breadcrumb"},"inLanguage":"es","potentialAction":[{"@type":"ReadAction","target":["https:\/\/luchonoticias.com\/editor\/alcaldia-entregara-aportes-economicos-a-neivanos-afectados-por-ola-invernal\/"]}]},{"@type":"BreadcrumbList","@id":"https:\/\/luchonoticias.com\/editor\/alcaldia-entregara-aportes-economicos-a-neivanos-afectados-por-ola-invernal\/#breadcrumb","itemListElement":[{"@type":"ListItem","position":1,"name":"Portada","item":"https:\/\/luchonoticias.com\/editor\/"},{"@type":"ListItem","position":2,"name":"Alcald\u00eda entregar\u00e1 aportes econ\u00f3micos a neivanos afectados por ola invernal"}]},{"@type":"WebSite","@id":"https:\/\/luchonoticias.com\/editor\/#website","url":"https:\/\/luchonoticias.com\/editor\/","name":"","description":"","publisher":{"@id":"https:\/\/luchonoticias.com\/editor\/#\/schema\/person\/7a7fd911f58561fd056dbac7b55af9cd"},"potentialAction":[{"@type":"SearchAction","target":{"@type":"EntryPoint","urlTemplate":"https:\/\/luchonoticias.com\/editor\/?s={search_term_string}"},"query-input":{"@type":"PropertyValueSpecification","valueRequired":true,"valueName":"search_term_string"}}],"inLanguage":"es"},{"@type":["Person","Organization"],"@id":"https:\/\/luchonoticias.com\/editor\/#\/schema\/person\/7a7fd911f58561fd056dbac7b55af9cd","name":"admin","image":{"@type":"ImageObject","inLanguage":"es","@id":"https:\/\/luchonoticias.com\/editor\/#\/schema\/person\/image\/","url":"https:\/\/luchonoticias.com\/editor\/wp-content\/uploads\/2024\/02\/cropped-cropped-logolu.webp","contentUrl":"https:\/\/luchonoticias.com\/editor\/wp-content\/uploads\/2024\/02\/cropped-cropped-logolu.webp","width":382,"height":170,"caption":"admin"},"logo":{"@id":"https:\/\/luchonoticias.com\/editor\/#\/schema\/person\/image\/"},"sameAs":["https:\/\/www.facebook.com\/luchonoticiasneiva"]},{"@type":"Person","@id":"https:\/\/luchonoticias.com\/editor\/#\/schema\/person\/29217990ddf6f14e35912b2866d591fb","name":"Editor General","image":{"@type":"ImageObject","inLanguage":"es","@id":"https:\/\/luchonoticias.com\/editor\/#\/schema\/person\/image\/","url":"https:\/\/luchonoticias.com\/editor\/wp-content\/uploads\/2024\/02\/cropped-cropped-logolu-150x150.webp","contentUrl":"https:\/\/luchonoticias.com\/editor\/wp-content\/uploads\/2024\/02\/cropped-cropped-logolu-150x150.webp","caption":"Editor General"},"sameAs":["https:\/\/luchonoticias.com\/"],"url":"https:\/\/luchonoticias.com\/editor\/author\/editor-general\/"}]}},"_links":{"self":[{"href":"https:\/\/luchonoticias.com\/editor\/wp-json\/wp\/v2\/posts\/44267","targetHints":{"allow":["GET"]}}],"collection":[{"href":"https:\/\/luchonoticias.com\/editor\/wp-json\/wp\/v2\/posts"}],"about":[{"href":"https:\/\/luchonoticias.com\/editor\/wp-json\/wp\/v2\/types\/post"}],"author":[{"embeddable":true,"href":"https:\/\/luchonoticias.com\/editor\/wp-json\/wp\/v2\/users\/2"}],"replies":[{"embeddable":true,"href":"https:\/\/luchonoticias.com\/editor\/wp-json\/wp\/v2\/comments?post=44267"}],"version-history":[{"count":0,"href":"https:\/\/luchonoticias.com\/editor\/wp-json\/wp\/v2\/posts\/44267\/revisions"}],"wp:attachment":[{"href":"https:\/\/luchonoticias.com\/editor\/wp-json\/wp\/v2\/media?parent=44267"}],"wp:term":[{"taxonomy":"category","embeddable":true,"href":"https:\/\/luchonoticias.com\/editor\/wp-json\/wp\/v2\/categories?post=44267"},{"taxonomy":"post_tag","embeddable":true,"href":"https:\/\/luchonoticias.com\/editor\/wp-json\/wp\/v2\/tags?post=44267"}],"curies":[{"name":"wp","href":"https:\/\/api.w.org\/{rel}","templated":true}]}}