{"id":44411,"date":"2023-01-18T06:31:47","date_gmt":"2023-01-18T11:31:47","guid":{"rendered":"https:\/\/luchonoticias.com\/?p=44411"},"modified":"2023-01-18T06:31:48","modified_gmt":"2023-01-18T11:31:48","slug":"procuraduria-pide-al-icbf-contratacion-oportuna-para-garantizar-atencion-a-la-ninez-y-adolescencia-del-pais","status":"publish","type":"post","link":"https:\/\/luchonoticias.com\/editor\/procuraduria-pide-al-icbf-contratacion-oportuna-para-garantizar-atencion-a-la-ninez-y-adolescencia-del-pais\/","title":{"rendered":"Procuradur\u00eda pide al ICBF contrataci\u00f3n oportuna para garantizar atenci\u00f3n a la ni\u00f1ez y adolescencia del pa\u00eds"},"content":{"rendered":"\n<p>La Procuradur\u00eda General de la Naci\u00f3n exhort\u00f3 al Instituto Colombiano de Bienestar Familiar &#8216;ICBF&#8217;, a garantizar de forma prioritaria, el proceso de vinculaci\u00f3n de los diferentes contratistas en el nivel nacional y territorial, indispensables para el adecuado funcionamiento y la no afectaci\u00f3n del cumplimiento de las funciones misionales y administrativas del ICBF, as\u00ed como la prestaci\u00f3n del Servicio P\u00fablico de Bienestar Familiar.<\/p>\n\n\n\n<p>El ente de control, en su funci\u00f3n preventiva, le solicit\u00f3 a la Directora de esa entidad, Concepci\u00f3n Baracaldo Aldana, el plan especial establecido por el ICBF para el proceso de vinculaci\u00f3n que garantice la conformaci\u00f3n de la planta temporal de personal suficiente, de cara a la circular conjunta del Departamento Administrativo de la Funci\u00f3n P\u00fablica (DAFP) y la ESAP, que estipula que la duraci\u00f3n m\u00e1xima de esos contratos por prestaci\u00f3n de servicios, no podr\u00e1 ser mayor a cuatro meses.<\/p>\n\n\n\n<p>La Procuradur\u00eda reiter\u00f3 la necesidad de contar de manera prioritaria con el mecanismo anunciado por el ICBF, para garantizar el proceso de vinculaci\u00f3n de los diferentes colaboradores (as), que, pese a que su contrataci\u00f3n estaba siendo gestionada bajo la figura del contrato de prestaci\u00f3n de servicios profesionales y de apoyo a la gesti\u00f3n, cumpl\u00edan obligaciones para el adecuado funcionamiento del ICBF y la prestaci\u00f3n del servicio p\u00fablico en condiciones de oportunidad, calidad y especialidad.<\/p>\n\n\n\n<p>La Procuradur\u00eda tambi\u00e9n insisti\u00f3 en la observaci\u00f3n remitida a la entidad el pasado 25 de agosto de 2022, en el \u201cInforme de seguimiento a la misionalidad del ICBF para robustecer la protecci\u00f3n integral y atenci\u00f3n de los ni\u00f1os, ni\u00f1as y adolescentes en todo el territorio nacional con \u00e9nfasis en primera infancia, protecci\u00f3n y nutrici\u00f3n\u201d, en el que el Ministerio P\u00fablico advirti\u00f3 la necesidad de agilizar el estudio de cargas laborales, el fortalecimiento de los equipos de defensor\u00edas de familia y sus equipos interdisciplinarios y Centros Zonales, para una mejor atenci\u00f3n a ni\u00f1os, ni\u00f1as, adolescentes y j\u00f3venes beneficiarios de los programas.\u200b<\/p>\n","protected":false},"excerpt":{"rendered":"<p>La Procuradur\u00eda General de la Naci\u00f3n exhort\u00f3 al Instituto Colombiano de Bienestar Familiar &#8216;ICBF&#8217;, a garantizar de forma prioritaria, el proceso de vinculaci\u00f3n de los diferentes contratistas en el nivel nacional y territorial, indispensables para el adecuado funcionamiento y la no afectaci\u00f3n del cumplimiento de las funciones misionales y administrativas del ICBF, as\u00ed como la [&hellip;]<\/p>\n","protected":false},"author":2,"featured_media":0,"comment_status":"open","ping_status":"open","sticky":false,"template":"","format":"standard","meta":{"footnotes":""},"categories":[36,32],"tags":[],"class_list":["post-44411","post","type-post","status-publish","format-standard","hentry","category-destacado","category-nacional"],"yoast_head":"<!-- This site is optimized with the Yoast SEO plugin v26.6 - https:\/\/yoast.com\/wordpress\/plugins\/seo\/ -->\n<title>Procuradur\u00eda pide al ICBF contrataci\u00f3n oportuna para garantizar atenci\u00f3n a la ni\u00f1ez y adolescencia del pa\u00eds -<\/title>\n<meta name=\"robots\" content=\"index, follow, max-snippet:-1, max-image-preview:large, max-video-preview:-1\" \/>\n<link rel=\"canonical\" href=\"https:\/\/luchonoticias.com\/editor\/procuraduria-pide-al-icbf-contratacion-oportuna-para-garantizar-atencion-a-la-ninez-y-adolescencia-del-pais\/\" \/>\n<meta property=\"og:locale\" content=\"es_ES\" \/>\n<meta property=\"og:type\" content=\"article\" \/>\n<meta property=\"og:title\" content=\"Procuradur\u00eda pide al ICBF contrataci\u00f3n oportuna para garantizar atenci\u00f3n a la ni\u00f1ez y adolescencia del pa\u00eds -\" \/>\n<meta property=\"og:url\" content=\"https:\/\/luchonoticias.com\/editor\/procuraduria-pide-al-icbf-contratacion-oportuna-para-garantizar-atencion-a-la-ninez-y-adolescencia-del-pais\/\" \/>\n<meta property=\"article:publisher\" content=\"https:\/\/www.facebook.com\/luchonoticiasneiva\" \/>\n<meta property=\"article:published_time\" content=\"2023-01-18T11:31:47+00:00\" \/>\n<meta property=\"article:modified_time\" content=\"2023-01-18T11:31:48+00:00\" \/>\n<meta name=\"author\" content=\"Editor General\" \/>\n<meta name=\"twitter:card\" content=\"summary_large_image\" \/>\n<meta name=\"twitter:label1\" content=\"Escrito por\" \/>\n\t<meta name=\"twitter:data1\" content=\"Editor General\" \/>\n\t<meta name=\"twitter:label2\" content=\"Tiempo de lectura\" \/>\n\t<meta name=\"twitter:data2\" content=\"2 minutos\" \/>\n<script type=\"application\/ld+json\" class=\"yoast-schema-graph\">{\"@context\":\"https:\/\/schema.org\",\"@graph\":[{\"@type\":\"Article\",\"@id\":\"https:\/\/luchonoticias.com\/editor\/procuraduria-pide-al-icbf-contratacion-oportuna-para-garantizar-atencion-a-la-ninez-y-adolescencia-del-pais\/#article\",\"isPartOf\":{\"@id\":\"https:\/\/luchonoticias.com\/editor\/procuraduria-pide-al-icbf-contratacion-oportuna-para-garantizar-atencion-a-la-ninez-y-adolescencia-del-pais\/\"},\"author\":{\"name\":\"Editor General\",\"@id\":\"https:\/\/luchonoticias.com\/editor\/#\/schema\/person\/29217990ddf6f14e35912b2866d591fb\"},\"headline\":\"Procuradur\u00eda pide al ICBF contrataci\u00f3n oportuna para garantizar atenci\u00f3n a la ni\u00f1ez y adolescencia del pa\u00eds\",\"datePublished\":\"2023-01-18T11:31:47+00:00\",\"dateModified\":\"2023-01-18T11:31:48+00:00\",\"mainEntityOfPage\":{\"@id\":\"https:\/\/luchonoticias.com\/editor\/procuraduria-pide-al-icbf-contratacion-oportuna-para-garantizar-atencion-a-la-ninez-y-adolescencia-del-pais\/\"},\"wordCount\":372,\"commentCount\":0,\"publisher\":{\"@id\":\"https:\/\/luchonoticias.com\/editor\/#\/schema\/person\/7a7fd911f58561fd056dbac7b55af9cd\"},\"articleSection\":[\"Destacado\",\"Nacional\"],\"inLanguage\":\"es\",\"potentialAction\":[{\"@type\":\"CommentAction\",\"name\":\"Comment\",\"target\":[\"https:\/\/luchonoticias.com\/editor\/procuraduria-pide-al-icbf-contratacion-oportuna-para-garantizar-atencion-a-la-ninez-y-adolescencia-del-pais\/#respond\"]}]},{\"@type\":\"WebPage\",\"@id\":\"https:\/\/luchonoticias.com\/editor\/procuraduria-pide-al-icbf-contratacion-oportuna-para-garantizar-atencion-a-la-ninez-y-adolescencia-del-pais\/\",\"url\":\"https:\/\/luchonoticias.com\/editor\/procuraduria-pide-al-icbf-contratacion-oportuna-para-garantizar-atencion-a-la-ninez-y-adolescencia-del-pais\/\",\"name\":\"Procuradur\u00eda pide al ICBF contrataci\u00f3n oportuna para garantizar atenci\u00f3n a la ni\u00f1ez y adolescencia del pa\u00eds -\",\"isPartOf\":{\"@id\":\"https:\/\/luchonoticias.com\/editor\/#website\"},\"datePublished\":\"2023-01-18T11:31:47+00:00\",\"dateModified\":\"2023-01-18T11:31:48+00:00\",\"breadcrumb\":{\"@id\":\"https:\/\/luchonoticias.com\/editor\/procuraduria-pide-al-icbf-contratacion-oportuna-para-garantizar-atencion-a-la-ninez-y-adolescencia-del-pais\/#breadcrumb\"},\"inLanguage\":\"es\",\"potentialAction\":[{\"@type\":\"ReadAction\",\"target\":[\"https:\/\/luchonoticias.com\/editor\/procuraduria-pide-al-icbf-contratacion-oportuna-para-garantizar-atencion-a-la-ninez-y-adolescencia-del-pais\/\"]}]},{\"@type\":\"BreadcrumbList\",\"@id\":\"https:\/\/luchonoticias.com\/editor\/procuraduria-pide-al-icbf-contratacion-oportuna-para-garantizar-atencion-a-la-ninez-y-adolescencia-del-pais\/#breadcrumb\",\"itemListElement\":[{\"@type\":\"ListItem\",\"position\":1,\"name\":\"Portada\",\"item\":\"https:\/\/luchonoticias.com\/editor\/\"},{\"@type\":\"ListItem\",\"position\":2,\"name\":\"Procuradur\u00eda pide al ICBF contrataci\u00f3n oportuna para garantizar atenci\u00f3n a la ni\u00f1ez y adolescencia del pa\u00eds\"}]},{\"@type\":\"WebSite\",\"@id\":\"https:\/\/luchonoticias.com\/editor\/#website\",\"url\":\"https:\/\/luchonoticias.com\/editor\/\",\"name\":\"\",\"description\":\"\",\"publisher\":{\"@id\":\"https:\/\/luchonoticias.com\/editor\/#\/schema\/person\/7a7fd911f58561fd056dbac7b55af9cd\"},\"potentialAction\":[{\"@type\":\"SearchAction\",\"target\":{\"@type\":\"EntryPoint\",\"urlTemplate\":\"https:\/\/luchonoticias.com\/editor\/?s={search_term_string}\"},\"query-input\":{\"@type\":\"PropertyValueSpecification\",\"valueRequired\":true,\"valueName\":\"search_term_string\"}}],\"inLanguage\":\"es\"},{\"@type\":[\"Person\",\"Organization\"],\"@id\":\"https:\/\/luchonoticias.com\/editor\/#\/schema\/person\/7a7fd911f58561fd056dbac7b55af9cd\",\"name\":\"admin\",\"image\":{\"@type\":\"ImageObject\",\"inLanguage\":\"es\",\"@id\":\"https:\/\/luchonoticias.com\/editor\/#\/schema\/person\/image\/\",\"url\":\"https:\/\/luchonoticias.com\/editor\/wp-content\/uploads\/2024\/02\/cropped-cropped-logolu.webp\",\"contentUrl\":\"https:\/\/luchonoticias.com\/editor\/wp-content\/uploads\/2024\/02\/cropped-cropped-logolu.webp\",\"width\":382,\"height\":170,\"caption\":\"admin\"},\"logo\":{\"@id\":\"https:\/\/luchonoticias.com\/editor\/#\/schema\/person\/image\/\"},\"sameAs\":[\"https:\/\/www.facebook.com\/luchonoticiasneiva\"]},{\"@type\":\"Person\",\"@id\":\"https:\/\/luchonoticias.com\/editor\/#\/schema\/person\/29217990ddf6f14e35912b2866d591fb\",\"name\":\"Editor General\",\"image\":{\"@type\":\"ImageObject\",\"inLanguage\":\"es\",\"@id\":\"https:\/\/luchonoticias.com\/editor\/#\/schema\/person\/image\/\",\"url\":\"https:\/\/luchonoticias.com\/editor\/wp-content\/uploads\/2024\/02\/cropped-cropped-logolu-150x150.webp\",\"contentUrl\":\"https:\/\/luchonoticias.com\/editor\/wp-content\/uploads\/2024\/02\/cropped-cropped-logolu-150x150.webp\",\"caption\":\"Editor General\"},\"sameAs\":[\"https:\/\/luchonoticias.com\/\"],\"url\":\"https:\/\/luchonoticias.com\/editor\/author\/editor-general\/\"}]}<\/script>\n<!-- \/ Yoast SEO plugin. -->","yoast_head_json":{"title":"Procuradur\u00eda pide al ICBF contrataci\u00f3n oportuna para garantizar atenci\u00f3n a la ni\u00f1ez y adolescencia del pa\u00eds -","robots":{"index":"index","follow":"follow","max-snippet":"max-snippet:-1","max-image-preview":"max-image-preview:large","max-video-preview":"max-video-preview:-1"},"canonical":"https:\/\/luchonoticias.com\/editor\/procuraduria-pide-al-icbf-contratacion-oportuna-para-garantizar-atencion-a-la-ninez-y-adolescencia-del-pais\/","og_locale":"es_ES","og_type":"article","og_title":"Procuradur\u00eda pide al ICBF contrataci\u00f3n oportuna para garantizar atenci\u00f3n a la ni\u00f1ez y adolescencia del pa\u00eds -","og_url":"https:\/\/luchonoticias.com\/editor\/procuraduria-pide-al-icbf-contratacion-oportuna-para-garantizar-atencion-a-la-ninez-y-adolescencia-del-pais\/","article_publisher":"https:\/\/www.facebook.com\/luchonoticiasneiva","article_published_time":"2023-01-18T11:31:47+00:00","article_modified_time":"2023-01-18T11:31:48+00:00","author":"Editor General","twitter_card":"summary_large_image","twitter_misc":{"Escrito por":"Editor General","Tiempo de lectura":"2 minutos"},"schema":{"@context":"https:\/\/schema.org","@graph":[{"@type":"Article","@id":"https:\/\/luchonoticias.com\/editor\/procuraduria-pide-al-icbf-contratacion-oportuna-para-garantizar-atencion-a-la-ninez-y-adolescencia-del-pais\/#article","isPartOf":{"@id":"https:\/\/luchonoticias.com\/editor\/procuraduria-pide-al-icbf-contratacion-oportuna-para-garantizar-atencion-a-la-ninez-y-adolescencia-del-pais\/"},"author":{"name":"Editor General","@id":"https:\/\/luchonoticias.com\/editor\/#\/schema\/person\/29217990ddf6f14e35912b2866d591fb"},"headline":"Procuradur\u00eda pide al ICBF contrataci\u00f3n oportuna para garantizar atenci\u00f3n a la ni\u00f1ez y adolescencia del pa\u00eds","datePublished":"2023-01-18T11:31:47+00:00","dateModified":"2023-01-18T11:31:48+00:00","mainEntityOfPage":{"@id":"https:\/\/luchonoticias.com\/editor\/procuraduria-pide-al-icbf-contratacion-oportuna-para-garantizar-atencion-a-la-ninez-y-adolescencia-del-pais\/"},"wordCount":372,"commentCount":0,"publisher":{"@id":"https:\/\/luchonoticias.com\/editor\/#\/schema\/person\/7a7fd911f58561fd056dbac7b55af9cd"},"articleSection":["Destacado","Nacional"],"inLanguage":"es","potentialAction":[{"@type":"CommentAction","name":"Comment","target":["https:\/\/luchonoticias.com\/editor\/procuraduria-pide-al-icbf-contratacion-oportuna-para-garantizar-atencion-a-la-ninez-y-adolescencia-del-pais\/#respond"]}]},{"@type":"WebPage","@id":"https:\/\/luchonoticias.com\/editor\/procuraduria-pide-al-icbf-contratacion-oportuna-para-garantizar-atencion-a-la-ninez-y-adolescencia-del-pais\/","url":"https:\/\/luchonoticias.com\/editor\/procuraduria-pide-al-icbf-contratacion-oportuna-para-garantizar-atencion-a-la-ninez-y-adolescencia-del-pais\/","name":"Procuradur\u00eda pide al ICBF contrataci\u00f3n oportuna para garantizar atenci\u00f3n a la ni\u00f1ez y adolescencia del pa\u00eds -","isPartOf":{"@id":"https:\/\/luchonoticias.com\/editor\/#website"},"datePublished":"2023-01-18T11:31:47+00:00","dateModified":"2023-01-18T11:31:48+00:00","breadcrumb":{"@id":"https:\/\/luchonoticias.com\/editor\/procuraduria-pide-al-icbf-contratacion-oportuna-para-garantizar-atencion-a-la-ninez-y-adolescencia-del-pais\/#breadcrumb"},"inLanguage":"es","potentialAction":[{"@type":"ReadAction","target":["https:\/\/luchonoticias.com\/editor\/procuraduria-pide-al-icbf-contratacion-oportuna-para-garantizar-atencion-a-la-ninez-y-adolescencia-del-pais\/"]}]},{"@type":"BreadcrumbList","@id":"https:\/\/luchonoticias.com\/editor\/procuraduria-pide-al-icbf-contratacion-oportuna-para-garantizar-atencion-a-la-ninez-y-adolescencia-del-pais\/#breadcrumb","itemListElement":[{"@type":"ListItem","position":1,"name":"Portada","item":"https:\/\/luchonoticias.com\/editor\/"},{"@type":"ListItem","position":2,"name":"Procuradur\u00eda pide al ICBF contrataci\u00f3n oportuna para garantizar atenci\u00f3n a la ni\u00f1ez y adolescencia del pa\u00eds"}]},{"@type":"WebSite","@id":"https:\/\/luchonoticias.com\/editor\/#website","url":"https:\/\/luchonoticias.com\/editor\/","name":"","description":"","publisher":{"@id":"https:\/\/luchonoticias.com\/editor\/#\/schema\/person\/7a7fd911f58561fd056dbac7b55af9cd"},"potentialAction":[{"@type":"SearchAction","target":{"@type":"EntryPoint","urlTemplate":"https:\/\/luchonoticias.com\/editor\/?s={search_term_string}"},"query-input":{"@type":"PropertyValueSpecification","valueRequired":true,"valueName":"search_term_string"}}],"inLanguage":"es"},{"@type":["Person","Organization"],"@id":"https:\/\/luchonoticias.com\/editor\/#\/schema\/person\/7a7fd911f58561fd056dbac7b55af9cd","name":"admin","image":{"@type":"ImageObject","inLanguage":"es","@id":"https:\/\/luchonoticias.com\/editor\/#\/schema\/person\/image\/","url":"https:\/\/luchonoticias.com\/editor\/wp-content\/uploads\/2024\/02\/cropped-cropped-logolu.webp","contentUrl":"https:\/\/luchonoticias.com\/editor\/wp-content\/uploads\/2024\/02\/cropped-cropped-logolu.webp","width":382,"height":170,"caption":"admin"},"logo":{"@id":"https:\/\/luchonoticias.com\/editor\/#\/schema\/person\/image\/"},"sameAs":["https:\/\/www.facebook.com\/luchonoticiasneiva"]},{"@type":"Person","@id":"https:\/\/luchonoticias.com\/editor\/#\/schema\/person\/29217990ddf6f14e35912b2866d591fb","name":"Editor General","image":{"@type":"ImageObject","inLanguage":"es","@id":"https:\/\/luchonoticias.com\/editor\/#\/schema\/person\/image\/","url":"https:\/\/luchonoticias.com\/editor\/wp-content\/uploads\/2024\/02\/cropped-cropped-logolu-150x150.webp","contentUrl":"https:\/\/luchonoticias.com\/editor\/wp-content\/uploads\/2024\/02\/cropped-cropped-logolu-150x150.webp","caption":"Editor General"},"sameAs":["https:\/\/luchonoticias.com\/"],"url":"https:\/\/luchonoticias.com\/editor\/author\/editor-general\/"}]}},"_links":{"self":[{"href":"https:\/\/luchonoticias.com\/editor\/wp-json\/wp\/v2\/posts\/44411","targetHints":{"allow":["GET"]}}],"collection":[{"href":"https:\/\/luchonoticias.com\/editor\/wp-json\/wp\/v2\/posts"}],"about":[{"href":"https:\/\/luchonoticias.com\/editor\/wp-json\/wp\/v2\/types\/post"}],"author":[{"embeddable":true,"href":"https:\/\/luchonoticias.com\/editor\/wp-json\/wp\/v2\/users\/2"}],"replies":[{"embeddable":true,"href":"https:\/\/luchonoticias.com\/editor\/wp-json\/wp\/v2\/comments?post=44411"}],"version-history":[{"count":0,"href":"https:\/\/luchonoticias.com\/editor\/wp-json\/wp\/v2\/posts\/44411\/revisions"}],"wp:attachment":[{"href":"https:\/\/luchonoticias.com\/editor\/wp-json\/wp\/v2\/media?parent=44411"}],"wp:term":[{"taxonomy":"category","embeddable":true,"href":"https:\/\/luchonoticias.com\/editor\/wp-json\/wp\/v2\/categories?post=44411"},{"taxonomy":"post_tag","embeddable":true,"href":"https:\/\/luchonoticias.com\/editor\/wp-json\/wp\/v2\/tags?post=44411"}],"curies":[{"name":"wp","href":"https:\/\/api.w.org\/{rel}","templated":true}]}}