{"id":44420,"date":"2023-01-18T06:42:43","date_gmt":"2023-01-18T11:42:43","guid":{"rendered":"https:\/\/luchonoticias.com\/?p=44420"},"modified":"2023-01-18T06:42:43","modified_gmt":"2023-01-18T11:42:43","slug":"la-cientifica-ghisliane-echeverry-prieto-asume-como-nueva-directora-del-ideam","status":"publish","type":"post","link":"https:\/\/luchonoticias.com\/editor\/la-cientifica-ghisliane-echeverry-prieto-asume-como-nueva-directora-del-ideam\/","title":{"rendered":"La cient\u00edfica Ghisliane Echeverry Prieto asume como nueva Directora del IDEAM"},"content":{"rendered":"\n<p>Ante el Ministro de Ambiente y Desarrollo Sostenible (e), Francisco Canal, la reconocida investigadora Ghisliane Echeverry Prieto tom\u00f3 posesi\u00f3n como Directora del Instituto de Hidrolog\u00eda, Meteorolog\u00eda y Estudios Ambientales (IDEAM).<\/p>\n\n\n\n<p>\u201cLa nueva Directora del IDEAM pondr\u00e1 al servicio de los colombianos toda su formaci\u00f3n profesional, su experiencia laboral y, ante todo, su conocimiento y liderazgo en las ciencias ambientales\u201d, afirm\u00f3 el Ministro de Ambiente encargado.<\/p>\n\n\n\n<p>Canal dio algunas instrucciones a la nueva Directora para que trabaje de la mano del sector ambiental y, en especial, del Sistema Nacional Ambiental (SINA), con el objetivo de garantizar los resultados ambientales previstos por el Gobierno del Presidente Gustavo Petro.<\/p>\n\n\n\n<p>\u201cDesde el Gobierno del Cambio y los lineamientos de la Ministra de Ambiente y Desarrollo Sostenible, Susana Muhamad, trabajaremos para fortalecer la capacidad t\u00e9cnica del pa\u00eds para evaluar y monitorear las variables ambientales y fortalecer la gobernanza ambiental con las fuerzas vivas. Adem\u00e1s de avanzar en la gesti\u00f3n del conocimiento ambiental con los diferentes sectores sociales\u201d, indic\u00f3 la nueva Directora del IDEAM.<\/p>\n\n\n\n<p>Ghisliane Echeverry es qu\u00edmica y cuenta con una maestr\u00eda en ciencias en la Universidad del Valle, donde estaba terminando un doctorado en ciencias ambientales.<\/p>\n\n\n\n<p>La cale\u00f1a ha liderado diferentes proyectos intersectoriales en el \u00e1rea ambiental, articulando, entre otros, sociedad civil, sectores productivos e instancias gubernamentales con redes de conocimiento de alcance internacional.<\/p>\n","protected":false},"excerpt":{"rendered":"<p>Ante el Ministro de Ambiente y Desarrollo Sostenible (e), Francisco Canal, la reconocida investigadora Ghisliane Echeverry Prieto tom\u00f3 posesi\u00f3n como Directora del Instituto de Hidrolog\u00eda, Meteorolog\u00eda y Estudios Ambientales (IDEAM). \u201cLa nueva Directora del IDEAM pondr\u00e1 al servicio de los colombianos toda su formaci\u00f3n profesional, su experiencia laboral y, ante todo, su conocimiento y liderazgo [&hellip;]<\/p>\n","protected":false},"author":2,"featured_media":0,"comment_status":"open","ping_status":"open","sticky":false,"template":"","format":"standard","meta":{"footnotes":""},"categories":[36,32],"tags":[],"class_list":["post-44420","post","type-post","status-publish","format-standard","hentry","category-destacado","category-nacional"],"yoast_head":"<!-- This site is optimized with the Yoast SEO plugin v26.6 - https:\/\/yoast.com\/wordpress\/plugins\/seo\/ -->\n<title>La cient\u00edfica Ghisliane Echeverry Prieto asume como nueva Directora del IDEAM -<\/title>\n<meta name=\"robots\" content=\"index, follow, max-snippet:-1, max-image-preview:large, max-video-preview:-1\" \/>\n<link rel=\"canonical\" href=\"https:\/\/luchonoticias.com\/editor\/la-cientifica-ghisliane-echeverry-prieto-asume-como-nueva-directora-del-ideam\/\" \/>\n<meta property=\"og:locale\" content=\"es_ES\" \/>\n<meta property=\"og:type\" content=\"article\" \/>\n<meta property=\"og:title\" content=\"La cient\u00edfica Ghisliane Echeverry Prieto asume como nueva Directora del IDEAM -\" \/>\n<meta property=\"og:url\" content=\"https:\/\/luchonoticias.com\/editor\/la-cientifica-ghisliane-echeverry-prieto-asume-como-nueva-directora-del-ideam\/\" \/>\n<meta property=\"article:publisher\" content=\"https:\/\/www.facebook.com\/luchonoticiasneiva\" \/>\n<meta property=\"article:published_time\" content=\"2023-01-18T11:42:43+00:00\" \/>\n<meta name=\"author\" content=\"Editor General\" \/>\n<meta name=\"twitter:card\" content=\"summary_large_image\" \/>\n<meta name=\"twitter:label1\" content=\"Escrito por\" \/>\n\t<meta name=\"twitter:data1\" content=\"Editor General\" \/>\n\t<meta name=\"twitter:label2\" content=\"Tiempo de lectura\" \/>\n\t<meta name=\"twitter:data2\" content=\"1 minuto\" \/>\n<script type=\"application\/ld+json\" class=\"yoast-schema-graph\">{\"@context\":\"https:\/\/schema.org\",\"@graph\":[{\"@type\":\"Article\",\"@id\":\"https:\/\/luchonoticias.com\/editor\/la-cientifica-ghisliane-echeverry-prieto-asume-como-nueva-directora-del-ideam\/#article\",\"isPartOf\":{\"@id\":\"https:\/\/luchonoticias.com\/editor\/la-cientifica-ghisliane-echeverry-prieto-asume-como-nueva-directora-del-ideam\/\"},\"author\":{\"name\":\"Editor General\",\"@id\":\"https:\/\/luchonoticias.com\/editor\/#\/schema\/person\/29217990ddf6f14e35912b2866d591fb\"},\"headline\":\"La cient\u00edfica Ghisliane Echeverry Prieto asume como nueva Directora del IDEAM\",\"datePublished\":\"2023-01-18T11:42:43+00:00\",\"mainEntityOfPage\":{\"@id\":\"https:\/\/luchonoticias.com\/editor\/la-cientifica-ghisliane-echeverry-prieto-asume-como-nueva-directora-del-ideam\/\"},\"wordCount\":243,\"commentCount\":0,\"publisher\":{\"@id\":\"https:\/\/luchonoticias.com\/editor\/#\/schema\/person\/7a7fd911f58561fd056dbac7b55af9cd\"},\"articleSection\":[\"Destacado\",\"Nacional\"],\"inLanguage\":\"es\",\"potentialAction\":[{\"@type\":\"CommentAction\",\"name\":\"Comment\",\"target\":[\"https:\/\/luchonoticias.com\/editor\/la-cientifica-ghisliane-echeverry-prieto-asume-como-nueva-directora-del-ideam\/#respond\"]}]},{\"@type\":\"WebPage\",\"@id\":\"https:\/\/luchonoticias.com\/editor\/la-cientifica-ghisliane-echeverry-prieto-asume-como-nueva-directora-del-ideam\/\",\"url\":\"https:\/\/luchonoticias.com\/editor\/la-cientifica-ghisliane-echeverry-prieto-asume-como-nueva-directora-del-ideam\/\",\"name\":\"La cient\u00edfica Ghisliane Echeverry Prieto asume como nueva Directora del IDEAM -\",\"isPartOf\":{\"@id\":\"https:\/\/luchonoticias.com\/editor\/#website\"},\"datePublished\":\"2023-01-18T11:42:43+00:00\",\"breadcrumb\":{\"@id\":\"https:\/\/luchonoticias.com\/editor\/la-cientifica-ghisliane-echeverry-prieto-asume-como-nueva-directora-del-ideam\/#breadcrumb\"},\"inLanguage\":\"es\",\"potentialAction\":[{\"@type\":\"ReadAction\",\"target\":[\"https:\/\/luchonoticias.com\/editor\/la-cientifica-ghisliane-echeverry-prieto-asume-como-nueva-directora-del-ideam\/\"]}]},{\"@type\":\"BreadcrumbList\",\"@id\":\"https:\/\/luchonoticias.com\/editor\/la-cientifica-ghisliane-echeverry-prieto-asume-como-nueva-directora-del-ideam\/#breadcrumb\",\"itemListElement\":[{\"@type\":\"ListItem\",\"position\":1,\"name\":\"Portada\",\"item\":\"https:\/\/luchonoticias.com\/editor\/\"},{\"@type\":\"ListItem\",\"position\":2,\"name\":\"La cient\u00edfica Ghisliane Echeverry Prieto asume como nueva Directora del IDEAM\"}]},{\"@type\":\"WebSite\",\"@id\":\"https:\/\/luchonoticias.com\/editor\/#website\",\"url\":\"https:\/\/luchonoticias.com\/editor\/\",\"name\":\"\",\"description\":\"\",\"publisher\":{\"@id\":\"https:\/\/luchonoticias.com\/editor\/#\/schema\/person\/7a7fd911f58561fd056dbac7b55af9cd\"},\"potentialAction\":[{\"@type\":\"SearchAction\",\"target\":{\"@type\":\"EntryPoint\",\"urlTemplate\":\"https:\/\/luchonoticias.com\/editor\/?s={search_term_string}\"},\"query-input\":{\"@type\":\"PropertyValueSpecification\",\"valueRequired\":true,\"valueName\":\"search_term_string\"}}],\"inLanguage\":\"es\"},{\"@type\":[\"Person\",\"Organization\"],\"@id\":\"https:\/\/luchonoticias.com\/editor\/#\/schema\/person\/7a7fd911f58561fd056dbac7b55af9cd\",\"name\":\"admin\",\"image\":{\"@type\":\"ImageObject\",\"inLanguage\":\"es\",\"@id\":\"https:\/\/luchonoticias.com\/editor\/#\/schema\/person\/image\/\",\"url\":\"https:\/\/luchonoticias.com\/editor\/wp-content\/uploads\/2024\/02\/cropped-cropped-logolu.webp\",\"contentUrl\":\"https:\/\/luchonoticias.com\/editor\/wp-content\/uploads\/2024\/02\/cropped-cropped-logolu.webp\",\"width\":382,\"height\":170,\"caption\":\"admin\"},\"logo\":{\"@id\":\"https:\/\/luchonoticias.com\/editor\/#\/schema\/person\/image\/\"},\"sameAs\":[\"https:\/\/www.facebook.com\/luchonoticiasneiva\"]},{\"@type\":\"Person\",\"@id\":\"https:\/\/luchonoticias.com\/editor\/#\/schema\/person\/29217990ddf6f14e35912b2866d591fb\",\"name\":\"Editor General\",\"image\":{\"@type\":\"ImageObject\",\"inLanguage\":\"es\",\"@id\":\"https:\/\/luchonoticias.com\/editor\/#\/schema\/person\/image\/\",\"url\":\"https:\/\/luchonoticias.com\/editor\/wp-content\/uploads\/2024\/02\/cropped-cropped-logolu-150x150.webp\",\"contentUrl\":\"https:\/\/luchonoticias.com\/editor\/wp-content\/uploads\/2024\/02\/cropped-cropped-logolu-150x150.webp\",\"caption\":\"Editor General\"},\"sameAs\":[\"https:\/\/luchonoticias.com\/\"],\"url\":\"https:\/\/luchonoticias.com\/editor\/author\/editor-general\/\"}]}<\/script>\n<!-- \/ Yoast SEO plugin. -->","yoast_head_json":{"title":"La cient\u00edfica Ghisliane Echeverry Prieto asume como nueva Directora del IDEAM -","robots":{"index":"index","follow":"follow","max-snippet":"max-snippet:-1","max-image-preview":"max-image-preview:large","max-video-preview":"max-video-preview:-1"},"canonical":"https:\/\/luchonoticias.com\/editor\/la-cientifica-ghisliane-echeverry-prieto-asume-como-nueva-directora-del-ideam\/","og_locale":"es_ES","og_type":"article","og_title":"La cient\u00edfica Ghisliane Echeverry Prieto asume como nueva Directora del IDEAM -","og_url":"https:\/\/luchonoticias.com\/editor\/la-cientifica-ghisliane-echeverry-prieto-asume-como-nueva-directora-del-ideam\/","article_publisher":"https:\/\/www.facebook.com\/luchonoticiasneiva","article_published_time":"2023-01-18T11:42:43+00:00","author":"Editor General","twitter_card":"summary_large_image","twitter_misc":{"Escrito por":"Editor General","Tiempo de lectura":"1 minuto"},"schema":{"@context":"https:\/\/schema.org","@graph":[{"@type":"Article","@id":"https:\/\/luchonoticias.com\/editor\/la-cientifica-ghisliane-echeverry-prieto-asume-como-nueva-directora-del-ideam\/#article","isPartOf":{"@id":"https:\/\/luchonoticias.com\/editor\/la-cientifica-ghisliane-echeverry-prieto-asume-como-nueva-directora-del-ideam\/"},"author":{"name":"Editor General","@id":"https:\/\/luchonoticias.com\/editor\/#\/schema\/person\/29217990ddf6f14e35912b2866d591fb"},"headline":"La cient\u00edfica Ghisliane Echeverry Prieto asume como nueva Directora del IDEAM","datePublished":"2023-01-18T11:42:43+00:00","mainEntityOfPage":{"@id":"https:\/\/luchonoticias.com\/editor\/la-cientifica-ghisliane-echeverry-prieto-asume-como-nueva-directora-del-ideam\/"},"wordCount":243,"commentCount":0,"publisher":{"@id":"https:\/\/luchonoticias.com\/editor\/#\/schema\/person\/7a7fd911f58561fd056dbac7b55af9cd"},"articleSection":["Destacado","Nacional"],"inLanguage":"es","potentialAction":[{"@type":"CommentAction","name":"Comment","target":["https:\/\/luchonoticias.com\/editor\/la-cientifica-ghisliane-echeverry-prieto-asume-como-nueva-directora-del-ideam\/#respond"]}]},{"@type":"WebPage","@id":"https:\/\/luchonoticias.com\/editor\/la-cientifica-ghisliane-echeverry-prieto-asume-como-nueva-directora-del-ideam\/","url":"https:\/\/luchonoticias.com\/editor\/la-cientifica-ghisliane-echeverry-prieto-asume-como-nueva-directora-del-ideam\/","name":"La cient\u00edfica Ghisliane Echeverry Prieto asume como nueva Directora del IDEAM -","isPartOf":{"@id":"https:\/\/luchonoticias.com\/editor\/#website"},"datePublished":"2023-01-18T11:42:43+00:00","breadcrumb":{"@id":"https:\/\/luchonoticias.com\/editor\/la-cientifica-ghisliane-echeverry-prieto-asume-como-nueva-directora-del-ideam\/#breadcrumb"},"inLanguage":"es","potentialAction":[{"@type":"ReadAction","target":["https:\/\/luchonoticias.com\/editor\/la-cientifica-ghisliane-echeverry-prieto-asume-como-nueva-directora-del-ideam\/"]}]},{"@type":"BreadcrumbList","@id":"https:\/\/luchonoticias.com\/editor\/la-cientifica-ghisliane-echeverry-prieto-asume-como-nueva-directora-del-ideam\/#breadcrumb","itemListElement":[{"@type":"ListItem","position":1,"name":"Portada","item":"https:\/\/luchonoticias.com\/editor\/"},{"@type":"ListItem","position":2,"name":"La cient\u00edfica Ghisliane Echeverry Prieto asume como nueva Directora del IDEAM"}]},{"@type":"WebSite","@id":"https:\/\/luchonoticias.com\/editor\/#website","url":"https:\/\/luchonoticias.com\/editor\/","name":"","description":"","publisher":{"@id":"https:\/\/luchonoticias.com\/editor\/#\/schema\/person\/7a7fd911f58561fd056dbac7b55af9cd"},"potentialAction":[{"@type":"SearchAction","target":{"@type":"EntryPoint","urlTemplate":"https:\/\/luchonoticias.com\/editor\/?s={search_term_string}"},"query-input":{"@type":"PropertyValueSpecification","valueRequired":true,"valueName":"search_term_string"}}],"inLanguage":"es"},{"@type":["Person","Organization"],"@id":"https:\/\/luchonoticias.com\/editor\/#\/schema\/person\/7a7fd911f58561fd056dbac7b55af9cd","name":"admin","image":{"@type":"ImageObject","inLanguage":"es","@id":"https:\/\/luchonoticias.com\/editor\/#\/schema\/person\/image\/","url":"https:\/\/luchonoticias.com\/editor\/wp-content\/uploads\/2024\/02\/cropped-cropped-logolu.webp","contentUrl":"https:\/\/luchonoticias.com\/editor\/wp-content\/uploads\/2024\/02\/cropped-cropped-logolu.webp","width":382,"height":170,"caption":"admin"},"logo":{"@id":"https:\/\/luchonoticias.com\/editor\/#\/schema\/person\/image\/"},"sameAs":["https:\/\/www.facebook.com\/luchonoticiasneiva"]},{"@type":"Person","@id":"https:\/\/luchonoticias.com\/editor\/#\/schema\/person\/29217990ddf6f14e35912b2866d591fb","name":"Editor General","image":{"@type":"ImageObject","inLanguage":"es","@id":"https:\/\/luchonoticias.com\/editor\/#\/schema\/person\/image\/","url":"https:\/\/luchonoticias.com\/editor\/wp-content\/uploads\/2024\/02\/cropped-cropped-logolu-150x150.webp","contentUrl":"https:\/\/luchonoticias.com\/editor\/wp-content\/uploads\/2024\/02\/cropped-cropped-logolu-150x150.webp","caption":"Editor General"},"sameAs":["https:\/\/luchonoticias.com\/"],"url":"https:\/\/luchonoticias.com\/editor\/author\/editor-general\/"}]}},"_links":{"self":[{"href":"https:\/\/luchonoticias.com\/editor\/wp-json\/wp\/v2\/posts\/44420","targetHints":{"allow":["GET"]}}],"collection":[{"href":"https:\/\/luchonoticias.com\/editor\/wp-json\/wp\/v2\/posts"}],"about":[{"href":"https:\/\/luchonoticias.com\/editor\/wp-json\/wp\/v2\/types\/post"}],"author":[{"embeddable":true,"href":"https:\/\/luchonoticias.com\/editor\/wp-json\/wp\/v2\/users\/2"}],"replies":[{"embeddable":true,"href":"https:\/\/luchonoticias.com\/editor\/wp-json\/wp\/v2\/comments?post=44420"}],"version-history":[{"count":0,"href":"https:\/\/luchonoticias.com\/editor\/wp-json\/wp\/v2\/posts\/44420\/revisions"}],"wp:attachment":[{"href":"https:\/\/luchonoticias.com\/editor\/wp-json\/wp\/v2\/media?parent=44420"}],"wp:term":[{"taxonomy":"category","embeddable":true,"href":"https:\/\/luchonoticias.com\/editor\/wp-json\/wp\/v2\/categories?post=44420"},{"taxonomy":"post_tag","embeddable":true,"href":"https:\/\/luchonoticias.com\/editor\/wp-json\/wp\/v2\/tags?post=44420"}],"curies":[{"name":"wp","href":"https:\/\/api.w.org\/{rel}","templated":true}]}}