{"id":44423,"date":"2023-01-18T06:59:42","date_gmt":"2023-01-18T11:59:42","guid":{"rendered":"https:\/\/luchonoticias.com\/?p=44423"},"modified":"2023-01-18T06:59:43","modified_gmt":"2023-01-18T11:59:43","slug":"masacre-en-putumayo-tres-hombres-fueron-asesinados","status":"publish","type":"post","link":"https:\/\/luchonoticias.com\/editor\/masacre-en-putumayo-tres-hombres-fueron-asesinados\/","title":{"rendered":"Masacre en Putumayo, tres hombres fueron asesinados"},"content":{"rendered":"\n<p>Los primeros d\u00edas del 2023 se han visto manchados de sangre en diferentes regiones del pa\u00eds, donde la delincuencia tiene atemorizada a la poblaci\u00f3n a ra\u00edz de los m\u00faltiples hechos de violencia. En estas tres primeras semanas del 2023 ya se tiene un registro de seis masacres, la m\u00e1s reciente fue reportada el martes 17 de diciembre en Orito (Putumayo), en el sur de Colombia.<\/p>\n\n\n\n<p>Los hechos se presentaron en la v\u00eda que comunica al casco urbano del municipio de Orito con la vereda Bella Vista, jurisdicci\u00f3n de la inspecci\u00f3n de Portugal. Las v\u00edctimas fueron tres hombres que fueron ultimados con armas de fuego cuando se desplazaban en una camioneta entre la vereda Bella Vista y el casco urbano del municipio.<\/p>\n\n\n\n<p>Por su parte, la Sexta Divisi\u00f3n del Ej\u00e9rcito Nacional, a quien le corresponde las diligencias de lo ocurrido, no se han pronunciado al respecto. La comunidad se encuentra atemorizada por estas acciones violentas.<\/p>\n","protected":false},"excerpt":{"rendered":"<p>Los primeros d\u00edas del 2023 se han visto manchados de sangre en diferentes regiones del pa\u00eds, donde la delincuencia tiene atemorizada a la poblaci\u00f3n a ra\u00edz de los m\u00faltiples hechos de violencia. En estas tres primeras semanas del 2023 ya se tiene un registro de seis masacres, la m\u00e1s reciente fue reportada el martes 17 [&hellip;]<\/p>\n","protected":false},"author":2,"featured_media":0,"comment_status":"open","ping_status":"open","sticky":false,"template":"","format":"standard","meta":{"footnotes":""},"categories":[36,29],"tags":[],"class_list":["post-44423","post","type-post","status-publish","format-standard","hentry","category-destacado","category-judicial"],"yoast_head":"<!-- This site is optimized with the Yoast SEO plugin v26.6 - https:\/\/yoast.com\/wordpress\/plugins\/seo\/ -->\n<title>Masacre en Putumayo, tres hombres fueron asesinados -<\/title>\n<meta name=\"robots\" content=\"index, follow, max-snippet:-1, max-image-preview:large, max-video-preview:-1\" \/>\n<link rel=\"canonical\" href=\"https:\/\/luchonoticias.com\/editor\/masacre-en-putumayo-tres-hombres-fueron-asesinados\/\" \/>\n<meta property=\"og:locale\" content=\"es_ES\" \/>\n<meta property=\"og:type\" content=\"article\" \/>\n<meta property=\"og:title\" content=\"Masacre en Putumayo, tres hombres fueron asesinados -\" \/>\n<meta property=\"og:url\" content=\"https:\/\/luchonoticias.com\/editor\/masacre-en-putumayo-tres-hombres-fueron-asesinados\/\" \/>\n<meta property=\"article:publisher\" content=\"https:\/\/www.facebook.com\/luchonoticiasneiva\" \/>\n<meta property=\"article:published_time\" content=\"2023-01-18T11:59:42+00:00\" \/>\n<meta property=\"article:modified_time\" content=\"2023-01-18T11:59:43+00:00\" \/>\n<meta name=\"author\" content=\"Editor General\" \/>\n<meta name=\"twitter:card\" content=\"summary_large_image\" \/>\n<meta name=\"twitter:label1\" content=\"Escrito por\" \/>\n\t<meta name=\"twitter:data1\" content=\"Editor General\" \/>\n\t<meta name=\"twitter:label2\" content=\"Tiempo de lectura\" \/>\n\t<meta name=\"twitter:data2\" content=\"1 minuto\" \/>\n<script type=\"application\/ld+json\" class=\"yoast-schema-graph\">{\"@context\":\"https:\/\/schema.org\",\"@graph\":[{\"@type\":\"Article\",\"@id\":\"https:\/\/luchonoticias.com\/editor\/masacre-en-putumayo-tres-hombres-fueron-asesinados\/#article\",\"isPartOf\":{\"@id\":\"https:\/\/luchonoticias.com\/editor\/masacre-en-putumayo-tres-hombres-fueron-asesinados\/\"},\"author\":{\"name\":\"Editor General\",\"@id\":\"https:\/\/luchonoticias.com\/editor\/#\/schema\/person\/29217990ddf6f14e35912b2866d591fb\"},\"headline\":\"Masacre en Putumayo, tres hombres fueron asesinados\",\"datePublished\":\"2023-01-18T11:59:42+00:00\",\"dateModified\":\"2023-01-18T11:59:43+00:00\",\"mainEntityOfPage\":{\"@id\":\"https:\/\/luchonoticias.com\/editor\/masacre-en-putumayo-tres-hombres-fueron-asesinados\/\"},\"wordCount\":170,\"commentCount\":0,\"publisher\":{\"@id\":\"https:\/\/luchonoticias.com\/editor\/#\/schema\/person\/7a7fd911f58561fd056dbac7b55af9cd\"},\"articleSection\":[\"Destacado\",\"Judicial\"],\"inLanguage\":\"es\",\"potentialAction\":[{\"@type\":\"CommentAction\",\"name\":\"Comment\",\"target\":[\"https:\/\/luchonoticias.com\/editor\/masacre-en-putumayo-tres-hombres-fueron-asesinados\/#respond\"]}]},{\"@type\":\"WebPage\",\"@id\":\"https:\/\/luchonoticias.com\/editor\/masacre-en-putumayo-tres-hombres-fueron-asesinados\/\",\"url\":\"https:\/\/luchonoticias.com\/editor\/masacre-en-putumayo-tres-hombres-fueron-asesinados\/\",\"name\":\"Masacre en Putumayo, tres hombres fueron asesinados -\",\"isPartOf\":{\"@id\":\"https:\/\/luchonoticias.com\/editor\/#website\"},\"datePublished\":\"2023-01-18T11:59:42+00:00\",\"dateModified\":\"2023-01-18T11:59:43+00:00\",\"breadcrumb\":{\"@id\":\"https:\/\/luchonoticias.com\/editor\/masacre-en-putumayo-tres-hombres-fueron-asesinados\/#breadcrumb\"},\"inLanguage\":\"es\",\"potentialAction\":[{\"@type\":\"ReadAction\",\"target\":[\"https:\/\/luchonoticias.com\/editor\/masacre-en-putumayo-tres-hombres-fueron-asesinados\/\"]}]},{\"@type\":\"BreadcrumbList\",\"@id\":\"https:\/\/luchonoticias.com\/editor\/masacre-en-putumayo-tres-hombres-fueron-asesinados\/#breadcrumb\",\"itemListElement\":[{\"@type\":\"ListItem\",\"position\":1,\"name\":\"Portada\",\"item\":\"https:\/\/luchonoticias.com\/editor\/\"},{\"@type\":\"ListItem\",\"position\":2,\"name\":\"Masacre en Putumayo, tres hombres fueron asesinados\"}]},{\"@type\":\"WebSite\",\"@id\":\"https:\/\/luchonoticias.com\/editor\/#website\",\"url\":\"https:\/\/luchonoticias.com\/editor\/\",\"name\":\"\",\"description\":\"\",\"publisher\":{\"@id\":\"https:\/\/luchonoticias.com\/editor\/#\/schema\/person\/7a7fd911f58561fd056dbac7b55af9cd\"},\"potentialAction\":[{\"@type\":\"SearchAction\",\"target\":{\"@type\":\"EntryPoint\",\"urlTemplate\":\"https:\/\/luchonoticias.com\/editor\/?s={search_term_string}\"},\"query-input\":{\"@type\":\"PropertyValueSpecification\",\"valueRequired\":true,\"valueName\":\"search_term_string\"}}],\"inLanguage\":\"es\"},{\"@type\":[\"Person\",\"Organization\"],\"@id\":\"https:\/\/luchonoticias.com\/editor\/#\/schema\/person\/7a7fd911f58561fd056dbac7b55af9cd\",\"name\":\"admin\",\"image\":{\"@type\":\"ImageObject\",\"inLanguage\":\"es\",\"@id\":\"https:\/\/luchonoticias.com\/editor\/#\/schema\/person\/image\/\",\"url\":\"https:\/\/luchonoticias.com\/editor\/wp-content\/uploads\/2024\/02\/cropped-cropped-logolu.webp\",\"contentUrl\":\"https:\/\/luchonoticias.com\/editor\/wp-content\/uploads\/2024\/02\/cropped-cropped-logolu.webp\",\"width\":382,\"height\":170,\"caption\":\"admin\"},\"logo\":{\"@id\":\"https:\/\/luchonoticias.com\/editor\/#\/schema\/person\/image\/\"},\"sameAs\":[\"https:\/\/www.facebook.com\/luchonoticiasneiva\"]},{\"@type\":\"Person\",\"@id\":\"https:\/\/luchonoticias.com\/editor\/#\/schema\/person\/29217990ddf6f14e35912b2866d591fb\",\"name\":\"Editor General\",\"image\":{\"@type\":\"ImageObject\",\"inLanguage\":\"es\",\"@id\":\"https:\/\/luchonoticias.com\/editor\/#\/schema\/person\/image\/\",\"url\":\"https:\/\/luchonoticias.com\/editor\/wp-content\/uploads\/2024\/02\/cropped-cropped-logolu-150x150.webp\",\"contentUrl\":\"https:\/\/luchonoticias.com\/editor\/wp-content\/uploads\/2024\/02\/cropped-cropped-logolu-150x150.webp\",\"caption\":\"Editor General\"},\"sameAs\":[\"https:\/\/luchonoticias.com\/\"],\"url\":\"https:\/\/luchonoticias.com\/editor\/author\/editor-general\/\"}]}<\/script>\n<!-- \/ Yoast SEO plugin. -->","yoast_head_json":{"title":"Masacre en Putumayo, tres hombres fueron asesinados -","robots":{"index":"index","follow":"follow","max-snippet":"max-snippet:-1","max-image-preview":"max-image-preview:large","max-video-preview":"max-video-preview:-1"},"canonical":"https:\/\/luchonoticias.com\/editor\/masacre-en-putumayo-tres-hombres-fueron-asesinados\/","og_locale":"es_ES","og_type":"article","og_title":"Masacre en Putumayo, tres hombres fueron asesinados -","og_url":"https:\/\/luchonoticias.com\/editor\/masacre-en-putumayo-tres-hombres-fueron-asesinados\/","article_publisher":"https:\/\/www.facebook.com\/luchonoticiasneiva","article_published_time":"2023-01-18T11:59:42+00:00","article_modified_time":"2023-01-18T11:59:43+00:00","author":"Editor General","twitter_card":"summary_large_image","twitter_misc":{"Escrito por":"Editor General","Tiempo de lectura":"1 minuto"},"schema":{"@context":"https:\/\/schema.org","@graph":[{"@type":"Article","@id":"https:\/\/luchonoticias.com\/editor\/masacre-en-putumayo-tres-hombres-fueron-asesinados\/#article","isPartOf":{"@id":"https:\/\/luchonoticias.com\/editor\/masacre-en-putumayo-tres-hombres-fueron-asesinados\/"},"author":{"name":"Editor General","@id":"https:\/\/luchonoticias.com\/editor\/#\/schema\/person\/29217990ddf6f14e35912b2866d591fb"},"headline":"Masacre en Putumayo, tres hombres fueron asesinados","datePublished":"2023-01-18T11:59:42+00:00","dateModified":"2023-01-18T11:59:43+00:00","mainEntityOfPage":{"@id":"https:\/\/luchonoticias.com\/editor\/masacre-en-putumayo-tres-hombres-fueron-asesinados\/"},"wordCount":170,"commentCount":0,"publisher":{"@id":"https:\/\/luchonoticias.com\/editor\/#\/schema\/person\/7a7fd911f58561fd056dbac7b55af9cd"},"articleSection":["Destacado","Judicial"],"inLanguage":"es","potentialAction":[{"@type":"CommentAction","name":"Comment","target":["https:\/\/luchonoticias.com\/editor\/masacre-en-putumayo-tres-hombres-fueron-asesinados\/#respond"]}]},{"@type":"WebPage","@id":"https:\/\/luchonoticias.com\/editor\/masacre-en-putumayo-tres-hombres-fueron-asesinados\/","url":"https:\/\/luchonoticias.com\/editor\/masacre-en-putumayo-tres-hombres-fueron-asesinados\/","name":"Masacre en Putumayo, tres hombres fueron asesinados -","isPartOf":{"@id":"https:\/\/luchonoticias.com\/editor\/#website"},"datePublished":"2023-01-18T11:59:42+00:00","dateModified":"2023-01-18T11:59:43+00:00","breadcrumb":{"@id":"https:\/\/luchonoticias.com\/editor\/masacre-en-putumayo-tres-hombres-fueron-asesinados\/#breadcrumb"},"inLanguage":"es","potentialAction":[{"@type":"ReadAction","target":["https:\/\/luchonoticias.com\/editor\/masacre-en-putumayo-tres-hombres-fueron-asesinados\/"]}]},{"@type":"BreadcrumbList","@id":"https:\/\/luchonoticias.com\/editor\/masacre-en-putumayo-tres-hombres-fueron-asesinados\/#breadcrumb","itemListElement":[{"@type":"ListItem","position":1,"name":"Portada","item":"https:\/\/luchonoticias.com\/editor\/"},{"@type":"ListItem","position":2,"name":"Masacre en Putumayo, tres hombres fueron asesinados"}]},{"@type":"WebSite","@id":"https:\/\/luchonoticias.com\/editor\/#website","url":"https:\/\/luchonoticias.com\/editor\/","name":"","description":"","publisher":{"@id":"https:\/\/luchonoticias.com\/editor\/#\/schema\/person\/7a7fd911f58561fd056dbac7b55af9cd"},"potentialAction":[{"@type":"SearchAction","target":{"@type":"EntryPoint","urlTemplate":"https:\/\/luchonoticias.com\/editor\/?s={search_term_string}"},"query-input":{"@type":"PropertyValueSpecification","valueRequired":true,"valueName":"search_term_string"}}],"inLanguage":"es"},{"@type":["Person","Organization"],"@id":"https:\/\/luchonoticias.com\/editor\/#\/schema\/person\/7a7fd911f58561fd056dbac7b55af9cd","name":"admin","image":{"@type":"ImageObject","inLanguage":"es","@id":"https:\/\/luchonoticias.com\/editor\/#\/schema\/person\/image\/","url":"https:\/\/luchonoticias.com\/editor\/wp-content\/uploads\/2024\/02\/cropped-cropped-logolu.webp","contentUrl":"https:\/\/luchonoticias.com\/editor\/wp-content\/uploads\/2024\/02\/cropped-cropped-logolu.webp","width":382,"height":170,"caption":"admin"},"logo":{"@id":"https:\/\/luchonoticias.com\/editor\/#\/schema\/person\/image\/"},"sameAs":["https:\/\/www.facebook.com\/luchonoticiasneiva"]},{"@type":"Person","@id":"https:\/\/luchonoticias.com\/editor\/#\/schema\/person\/29217990ddf6f14e35912b2866d591fb","name":"Editor General","image":{"@type":"ImageObject","inLanguage":"es","@id":"https:\/\/luchonoticias.com\/editor\/#\/schema\/person\/image\/","url":"https:\/\/luchonoticias.com\/editor\/wp-content\/uploads\/2024\/02\/cropped-cropped-logolu-150x150.webp","contentUrl":"https:\/\/luchonoticias.com\/editor\/wp-content\/uploads\/2024\/02\/cropped-cropped-logolu-150x150.webp","caption":"Editor General"},"sameAs":["https:\/\/luchonoticias.com\/"],"url":"https:\/\/luchonoticias.com\/editor\/author\/editor-general\/"}]}},"_links":{"self":[{"href":"https:\/\/luchonoticias.com\/editor\/wp-json\/wp\/v2\/posts\/44423","targetHints":{"allow":["GET"]}}],"collection":[{"href":"https:\/\/luchonoticias.com\/editor\/wp-json\/wp\/v2\/posts"}],"about":[{"href":"https:\/\/luchonoticias.com\/editor\/wp-json\/wp\/v2\/types\/post"}],"author":[{"embeddable":true,"href":"https:\/\/luchonoticias.com\/editor\/wp-json\/wp\/v2\/users\/2"}],"replies":[{"embeddable":true,"href":"https:\/\/luchonoticias.com\/editor\/wp-json\/wp\/v2\/comments?post=44423"}],"version-history":[{"count":0,"href":"https:\/\/luchonoticias.com\/editor\/wp-json\/wp\/v2\/posts\/44423\/revisions"}],"wp:attachment":[{"href":"https:\/\/luchonoticias.com\/editor\/wp-json\/wp\/v2\/media?parent=44423"}],"wp:term":[{"taxonomy":"category","embeddable":true,"href":"https:\/\/luchonoticias.com\/editor\/wp-json\/wp\/v2\/categories?post=44423"},{"taxonomy":"post_tag","embeddable":true,"href":"https:\/\/luchonoticias.com\/editor\/wp-json\/wp\/v2\/tags?post=44423"}],"curies":[{"name":"wp","href":"https:\/\/api.w.org\/{rel}","templated":true}]}}