{"id":44486,"date":"2023-01-19T05:21:07","date_gmt":"2023-01-19T10:21:07","guid":{"rendered":"https:\/\/luchonoticias.com\/?p=44486"},"modified":"2023-01-19T05:27:06","modified_gmt":"2023-01-19T10:27:06","slug":"anuncia-medidas-urgentes-para-atender-la-situacion-de-ninos-y-adolescentes-indigenas-del-guaviare","status":"publish","type":"post","link":"https:\/\/luchonoticias.com\/editor\/anuncia-medidas-urgentes-para-atender-la-situacion-de-ninos-y-adolescentes-indigenas-del-guaviare\/","title":{"rendered":"<strong>Anuncia medidas urgentes para atender la situaci\u00f3n de ni\u00f1os y adolescentes ind\u00edgenas del Guaviare<\/strong>"},"content":{"rendered":"\n<p>Luego de la visita que realiz\u00f3 al Guaviare una comisi\u00f3n especial del Instituto Colombiano de Bienestar Familiar (ICBF) y la Presidencia de la Rep\u00fablica, por instrucciones del Presidente Gustavo Petro, se anunciaron las medidas urgentes para atender la situaci\u00f3n de ni\u00f1os, ni\u00f1as y adolescentes ind\u00edgenas en el departamento.<\/p>\n\n\n\n<p>En el mismo contexto, se solicitar\u00e1 a la Unidad de Atenci\u00f3n y Reparaci\u00f3n Integral a las V\u00edctimas el desarrollo de medidas de reparaci\u00f3n de derechos territoriales para \u201cla especial relaci\u00f3n colectiva y espiritual que tienen los pueblos ind\u00edgenas del Guaviare con su territorio\u201d.<\/p>\n\n\n\n<p>Asimismo, se priorizar\u00e1 de manera inmediata la revisi\u00f3n, actualizaci\u00f3n e implementaci\u00f3n de los planes de salvaguarda de los pueblos ind\u00edgenas en v\u00eda de extinci\u00f3n en el Guaviare, Meta y Amazonas.<\/p>\n\n\n\n<p><strong>Investigaciones a funcionarios por posible omisi\u00f3n<\/strong><\/p>\n\n\n\n<p>Con relaci\u00f3n a las denuncias relacionadas con situaciones de violencia sexual contra ni\u00f1os, ni\u00f1as y adolescentes de los pueblos Nukak y Jiw, las cuales fueron reportadas por la comunidad o que son evidentes en el territorio, el Gobierno inici\u00f3 procesos de revisi\u00f3n disciplinaria en la regional Guaviare del ICBF por posible omisi\u00f3n de situaciones y oportunidad de actuaci\u00f3n.<\/p>\n\n\n\n<p>De igual forma, se har\u00e1 un seguimiento o investigaci\u00f3n en el Ministerio de Defensa para determinar la evoluci\u00f3n investigativa de los hechos reportados, con el fin de rendir un informe del estado y situaci\u00f3n de los casos que ICBF report\u00f3 en el desarrollo de la comisi\u00f3n y que, seg\u00fan las denuncias, involucran a algunos miembros de las Fuerzas Militares.<\/p>\n\n\n\n<p>Adem\u00e1s, se decidi\u00f3 la creaci\u00f3n, a m\u00e1s tardar en dos meses, de dos unidades interdisciplinarias y especializadas para el fortalecimiento de las Defensor\u00edas de Familia del ICBF del Guaviare, una de ellas de atenci\u00f3n a la poblaci\u00f3n ind\u00edgena del territorio y la otra especializada en violencias basadas en g\u00e9nero.<\/p>\n\n\n\n<p>Adicionalmente, se pondr\u00e1n en marcha estrategias en materia de formaci\u00f3n e instrucci\u00f3n en Derechos Humanos desde un enfoque diferencial en todas las unidades militares y de polic\u00eda del Guaviare, con el apoyo de los agentes del Sistema Nacional de Bienestar Familiar y a trav\u00e9s del Ministerio de Defensa.<\/p>\n\n\n\n<p>Tambi\u00e9n se aumentar\u00e1 la presencia de la Polic\u00eda de Infancia y Adolescencia en el departamento del Guaviare.<\/p>\n\n\n\n<p><strong>Atenci\u00f3n integral<\/strong><\/p>\n\n\n\n<p>El Ministerio de Salud y Protecci\u00f3n Social tendr\u00e1 la misi\u00f3n, ente otras cosas, de adelantar la construcci\u00f3n de un plan de acompa\u00f1amiento efectivo de las violencias que se presenten en el territorio.<\/p>\n\n\n\n<p>De la misma manera, como resultado del trabajo conjunto entre ICBF, Gobernaci\u00f3n y Alcald\u00eda, se instalar\u00e1 un servicio local de prevenci\u00f3n y atenci\u00f3n a la ni\u00f1ez que deber\u00e1 \u201cresponder a las situaciones de interculturalidad que tiene el municipio y articular todas las estrategias de intervenci\u00f3n estatal para la ni\u00f1ez tanto en un punto fijo de la zona como en itinerancia\u201d, que contar\u00e1 con la participaci\u00f3n de los l\u00edderes y mujeres ind\u00edgenas del territorio, el acompa\u00f1amiento de las organizaciones ind\u00edgenas nacionales, y la cooperaci\u00f3n internacional para evitar una acci\u00f3n con da\u00f1o a los pueblos.<\/p>\n\n\n\n<p>Se van a priorizar los cuatro municipios del departamento en el Plan de Universalizaci\u00f3n Progresiva y Territorial de la Educaci\u00f3n Inicial con enfoque de atenci\u00f3n integral a la primera infancia, para que todos los ni\u00f1os y ni\u00f1as cuenten con los diferentes servicios de las entidades involucradas en esta ruta.<\/p>\n\n\n\n<p>Se requerir\u00e1 a la Gobernaci\u00f3n y la Alcald\u00eda la soluci\u00f3n de acogida y alojamiento transitorio durante la migraci\u00f3n de las familias ind\u00edgenas en contexto urbano para que no permanezcan en el denominado \u201cColiseo Azul\u201d, ubicado en San Jos\u00e9 del Guaviare.<\/p>\n\n\n\n<p>Finalmente, vale la pena resaltar que desde la Presidencia de la Rep\u00fablica se mantendr\u00e1 un monitoreo y seguimiento permanente de la ejecuci\u00f3n de cada una de las tareas fijadas en este plan de acci\u00f3n.<\/p>\n\n\n\n<p><strong>Las 25 medidas urgentes del Gobierno <\/strong><strong>para atender la situaci\u00f3n de ni\u00f1os, ni\u00f1as y adolescentes ind\u00edgenas del Guaviare<\/strong><strong><\/strong><\/p>\n\n\n\n<ol class=\"wp-block-list\" type=\"1\">\n<li>Iniciar procesos de revisi\u00f3n disciplinaria en la regional Guaviare del ICBF por posible omisi\u00f3n de situaciones y oportunidad de actuaci\u00f3n frente a presuntas situaciones de violencia contra la ni\u00f1ez ya sean reportadas por la comunidad o evidentes en el territorio. En este sentido, se recomienda al ICBF actuar de manera inmediata al respecto para prevenir situaciones de coacci\u00f3n entre funcionarios que afecten la investigaci\u00f3n.<\/li>\n\n\n\n<li>Iniciar seguimiento o investigaci\u00f3n pertinente en el Ministerio de Defensa para determinar la evoluci\u00f3n investigativa de los casos reportados y rendir informe del estado y situaci\u00f3n de los casos que ICBF report\u00f3 en el desarrollo de la comisi\u00f3n y que involucran fuerzas militares nacionales.<\/li>\n\n\n\n<li>Creaci\u00f3n de dos Unidades interdisciplinarias y especializadas para el fortalecimiento de las Defensor\u00edas de Familia del ICBF del Guaviare, una de ellas en atenci\u00f3n a poblaci\u00f3n ind\u00edgena del territorio y la otra especializada en Violencias Basadas en G\u00e9nero. Estas unidades deber\u00e1n contar con traductor, transporte y recursos para su labor y estar funcionando a m\u00e1s tardar en dos meses.<\/li>\n\n\n\n<li>Establecer estrategias en materia de formaci\u00f3n e instrucci\u00f3n en derechos humanos desde un enfoque diferencial en todas las unidades militares y de polic\u00eda del Guaviare, con el apoyo de los agentes del Sistema Nacional de Bienestar Familiar, dentro de los pr\u00f3ximos tres meses a trav\u00e9s del Ministerio de Defensa.<\/li>\n\n\n\n<li>Aumentar la presencia de polic\u00eda de infancia y adolescencia en el departamento.<\/li>\n\n\n\n<li>Delegar al Ministerio de Cultura para establecer una estrategia de formaci\u00f3n permanente a funcionarios de las principales entidades que act\u00faan en defensa de la ni\u00f1ez en el Guaviare para reconsiderar imaginarios y estereotipos frente a las culturas y pr\u00e1cticas de los pueblos originarios.<\/li>\n\n\n\n<li>Delegar al Ministerio de Cultura para establecer una estrategia de formaci\u00f3n permanente a funcionarios de las principales entidades que act\u00faan en defensa de la ni\u00f1ez en el Guaviare para reconsiderar imaginarios y estereotipos frente a las culturas y pr\u00e1cticas de los pueblos originarios.<\/li>\n\n\n\n<li>Delegar al Ministerio de Cultura para establecer una estrategia de formaci\u00f3n permanente a funcionarios de las principales entidades que act\u00faan en defensa de la ni\u00f1ez en el Guaviare para reconsiderar imaginarios y estereotipos frente a las culturas y pr\u00e1cticas de los pueblos originarios.<\/li>\n\n\n\n<li>Delegar en el Ministerio de Salud y Protecci\u00f3n Social la construcci\u00f3n de un plan de acompa\u00f1amiento para que el mecanismo articulador realice de manera efectiva, eficiente y oportuna el abordaje integral de las violencias que se presenten en el territorio.<\/li>\n\n\n\n<li>Instalar en San Jos\u00e9 del Guaviare, en coordinaci\u00f3n con el ICBF, la Gobernaci\u00f3n y Alcald\u00eda, un servicio de prevenci\u00f3n y atenci\u00f3n a la ni\u00f1ez en la zona de la calle 40. La configuraci\u00f3n del servicio de prevenci\u00f3n debe responder a las situaciones de interculturalidad que tiene el municipio y debe<br>articular todas las estrategias de intervenci\u00f3n estatal para la ni\u00f1ez tanto en un punto fijo de la zona como en itinerancia. Asimismo, su construcci\u00f3n debe contar con la participaci\u00f3n de los l\u00edderes y mujeres ind\u00edgenas del territorio, el acompa\u00f1amiento de las organizaciones ind\u00edgenas nacionales, y la cooperaci\u00f3n internacional para evitar una acci\u00f3n con da\u00f1o a los pueblos. Las fuentes de financiaci\u00f3n que se identificaron como viables del Fondo Colombia en Paz en tanto son municipios PDET y se contar\u00eda con la disponibilidad, sin embargo es necesario garantizar la sostenibilidad para que el servicio quede financiado de manera permanente. El servicio deber\u00e1 iniciar operaci\u00f3n en los pr\u00f3ximos cuatro meses.<\/li>\n\n\n\n<li>Priorizar los cuatro municipios del Guaviare en el plan de universalizaci\u00f3n progresiva y territorial de la Educaci\u00f3n Inicial con enfoque de atenci\u00f3n integral a la primera infancia (CRECE LA GENERACI\u00d3N DE LA PAZ) para que al finalizar el periodo de Gobierno todos los ni\u00f1os y ni\u00f1as de primera infancia del Guaviare cuenten con atenci\u00f3n integral pertinente en las modalidades de los diferentes servicios de Educaci\u00f3n Inicial del ICBF y del Ministerio de Educaci\u00f3n. Estos servicios deben estar en articulaci\u00f3n con cultura, deportes, Registradur\u00eda y dem\u00e1s entidades de gobierno mencionadas en la ruta integral de atenciones<\/li>\n\n\n\n<li>Realizar sesi\u00f3n de la Comisi\u00f3n Intersectorial de primera infancia en el Guaviare para el pr\u00f3ximo mes de febrero con el prop\u00f3sito de definir las acciones conjuntas con las autoridades territoriales para lograr la universalizaci\u00f3n plena en el plan de atenci\u00f3n integral a la primera infancia del Guaviare.<\/li>\n\n\n\n<li>Delegar al Observatorio de Bienestar de la Ni\u00f1ez del ICBF la emisi\u00f3n de boletines mensuales sobre el estado y situaci\u00f3n de la garant\u00eda de los derechos de los ni\u00f1os y ni\u00f1as de los pueblos en planes de salvaguarda por ser sujetos de especial protecci\u00f3n en v\u00eda de extinci\u00f3n.<\/li>\n\n\n\n<li>Solicitar al Ministerio de Educaci\u00f3n Nacional incluir en la reuni\u00f3n nacional pr\u00f3xima de trabajo de la CONTCEPI (Comisi\u00f3n Nacional de Trabajo y Concertaci\u00f3n de la Educaci\u00f3n para los Pueblos Ind\u00edgenas) el an\u00e1lisis de proceso de etnoeducaci\u00f3n con las comunidades n\u00f3madas y semin\u00f3madas, as\u00ed como estudiar en el marco de la configuraci\u00f3n del sistema de educaci\u00f3n propia modalidades y perfiles de maestros requeridos para estas comunidades.<\/li>\n\n\n\n<li>Solicitar a la Gobernaci\u00f3n y la Alcald\u00eda articular y liderar de manera inmediata la soluci\u00f3n de acogida y alojamiento transitorio durante la migraci\u00f3n de las familias ind\u00edgenas en contexto urbano para que no permanezcan en el denominado \u201ccoliseo azul\u201d. Para ello se program\u00f3 una reuni\u00f3n virtual de apoyo con la comisi\u00f3n y el ICBF para el lunes 16 de enero en la ma\u00f1ana y se establecieron recorridos de acercamiento con la comunidad durante el fin de semana, para programar operativos de apoyo de ICBF.<\/li>\n\n\n\n<li>Realizar en el pr\u00f3ximo mes de febrero reuniones de trabajo con la ONIC, la Organizaci\u00f3n Nacional de los Pueblos Ind\u00edgenas de la Amazon\u00eda Colombiana (OPIACO) y la Mesa Regional Amaz\u00f3nica para conocer acciones, orientaciones y dem\u00e1s actuaciones que tengan en relaci\u00f3n con el fortalecimiento de gobiernos propios y otros mecanismos de actuaci\u00f3n de los pueblos para la garant\u00eda de derechos de la ni\u00f1ez y la adolescencia, lideradas por el Ministerio del interior, pero con presencia de las dem\u00e1s entidades.<\/li>\n\n\n\n<li>Vincular a la Vicepresidencia de la Rep\u00fablica para establecer metodolog\u00eda e intervenci\u00f3n desde la conformaci\u00f3n del Sistema de Cuidado con el fin de realizar procesos de trabajo con las familias y comunidades que les permita tener herramientas de cuidado de los derechos de ni\u00f1os, ni\u00f1as, adolescentes y mujeres con las comunidades y los pueblos ind\u00edgenas del Guaviare. Esta metodolog\u00eda deber\u00eda iniciarse en todos los servicios de atenci\u00f3n a ni\u00f1ez, mujer y familia de la regi\u00f3n en no m\u00e1s de los pr\u00f3ximos seis meses.<\/li>\n\n\n\n<li>Establecer agenda intersectorial conjunta para realizar en los pr\u00f3ximos quince (15) d\u00edas visita al resguardo de Barranc\u00f3n por parte de DPS, ICBF, UARIV, Ministerio de Vivienda, Ministerio de Salud y Ministerio de Defensa para determinar si se requieren medidas de acci\u00f3n de emergencia humanitaria y\/o otras a que haya lugar, e indagar por la incidencia de la presencia de la vecindad del batall\u00f3n con el resguardo.<\/li>\n\n\n\n<li>Realizar reuni\u00f3n durante el pr\u00f3ximo mes en el territorio con presencia del Ministerio de Agricultura para establecer orientaciones de abordaje de soberan\u00eda alimentaria que sean vinculantes para servicios sociales que brinde atenci\u00f3n a la familia y la ni\u00f1ez en el Guaviare.<\/li>\n\n\n\n<li>Delegar al Ministerio del Interior para apoyar a la Gobernaci\u00f3n en la formulaci\u00f3n, aprobaci\u00f3n e implementaci\u00f3n de la pol\u00edtica p\u00fablica de pueblos ind\u00edgenas.<\/li>\n\n\n\n<li>Delegar al Ministerio de Cultura para liderar una estrategia de mediaci\u00f3n ling\u00fc\u00edstica en los servicios de atenci\u00f3n, prevenci\u00f3n y protecci\u00f3n de la ni\u00f1ez, que inicie operaci\u00f3n en un marco de cuatro meses en el departamento.<\/li>\n\n\n\n<li>Establecer, bajo el liderazgo de DAPRE, una mesa t\u00e9cnica de cooperaci\u00f3n internacional para canalizar acciones de salvaguarda de los pueblos en v\u00eda de extinci\u00f3n del Guaviare, Meta y Amazonas, as\u00ed como coordinar la implementaci\u00f3n de las acciones de cooperaci\u00f3n articuladas al plan de acci\u00f3n de Guaviare.<\/li>\n\n\n\n<li>Validar e incorporar las acciones propuestas en este informe en el plan de trabajo del Consejo de Pol\u00edtica Social del departamento para articular las pol\u00edticas locales y nacionales de protecci\u00f3n de la ni\u00f1ez y a la adolescencia.<\/li>\n\n\n\n<li>Validar e incorporar las acciones propuestas en un plan de trabajo derivado de un Consejo de ministros y entidades encargadas.<\/li>\n\n\n\n<li>Establecer un tablero de control y monitoreo del plan de acci\u00f3n de Guaviare para la protecci\u00f3n integral de los pueblos en extinci\u00f3n liderado por la Consejer\u00eda Presidencial para las Regiones. Una vez el plan sea validado por Consejo de Pol\u00edtica Social del Guaviare, Consejo encargadas.<\/li>\n<\/ol>\n","protected":false},"excerpt":{"rendered":"<p>Luego de la visita que realiz\u00f3 al Guaviare una comisi\u00f3n especial del Instituto Colombiano de Bienestar Familiar (ICBF) y la Presidencia de la Rep\u00fablica, por instrucciones del Presidente Gustavo Petro, se anunciaron las medidas urgentes para atender la situaci\u00f3n de ni\u00f1os, ni\u00f1as y adolescentes ind\u00edgenas en el departamento. En el mismo contexto, se solicitar\u00e1 a [&hellip;]<\/p>\n","protected":false},"author":2,"featured_media":0,"comment_status":"open","ping_status":"open","sticky":false,"template":"","format":"standard","meta":{"footnotes":""},"categories":[36,32],"tags":[],"class_list":["post-44486","post","type-post","status-publish","format-standard","hentry","category-destacado","category-nacional"],"yoast_head":"<!-- This site is optimized with the Yoast SEO plugin v26.6 - https:\/\/yoast.com\/wordpress\/plugins\/seo\/ -->\n<title>Anuncia medidas urgentes para atender la situaci\u00f3n de ni\u00f1os y adolescentes ind\u00edgenas del Guaviare -<\/title>\n<meta name=\"robots\" content=\"index, follow, max-snippet:-1, max-image-preview:large, max-video-preview:-1\" \/>\n<link rel=\"canonical\" href=\"https:\/\/luchonoticias.com\/editor\/anuncia-medidas-urgentes-para-atender-la-situacion-de-ninos-y-adolescentes-indigenas-del-guaviare\/\" \/>\n<meta property=\"og:locale\" content=\"es_ES\" \/>\n<meta property=\"og:type\" content=\"article\" \/>\n<meta property=\"og:title\" content=\"Anuncia medidas urgentes para atender la situaci\u00f3n de ni\u00f1os y adolescentes ind\u00edgenas del Guaviare -\" \/>\n<meta property=\"og:url\" content=\"https:\/\/luchonoticias.com\/editor\/anuncia-medidas-urgentes-para-atender-la-situacion-de-ninos-y-adolescentes-indigenas-del-guaviare\/\" \/>\n<meta property=\"article:publisher\" content=\"https:\/\/www.facebook.com\/luchonoticiasneiva\" \/>\n<meta property=\"article:published_time\" content=\"2023-01-19T10:21:07+00:00\" \/>\n<meta property=\"article:modified_time\" content=\"2023-01-19T10:27:06+00:00\" \/>\n<meta name=\"author\" content=\"Editor General\" \/>\n<meta name=\"twitter:card\" content=\"summary_large_image\" \/>\n<meta name=\"twitter:label1\" content=\"Escrito por\" \/>\n\t<meta name=\"twitter:data1\" content=\"Editor General\" \/>\n\t<meta name=\"twitter:label2\" content=\"Tiempo de lectura\" \/>\n\t<meta name=\"twitter:data2\" content=\"11 minutos\" \/>\n<script type=\"application\/ld+json\" class=\"yoast-schema-graph\">{\"@context\":\"https:\/\/schema.org\",\"@graph\":[{\"@type\":\"Article\",\"@id\":\"https:\/\/luchonoticias.com\/editor\/anuncia-medidas-urgentes-para-atender-la-situacion-de-ninos-y-adolescentes-indigenas-del-guaviare\/#article\",\"isPartOf\":{\"@id\":\"https:\/\/luchonoticias.com\/editor\/anuncia-medidas-urgentes-para-atender-la-situacion-de-ninos-y-adolescentes-indigenas-del-guaviare\/\"},\"author\":{\"name\":\"Editor General\",\"@id\":\"https:\/\/luchonoticias.com\/editor\/#\/schema\/person\/29217990ddf6f14e35912b2866d591fb\"},\"headline\":\"Anuncia medidas urgentes para atender la situaci\u00f3n de ni\u00f1os y adolescentes ind\u00edgenas del Guaviare\",\"datePublished\":\"2023-01-19T10:21:07+00:00\",\"dateModified\":\"2023-01-19T10:27:06+00:00\",\"mainEntityOfPage\":{\"@id\":\"https:\/\/luchonoticias.com\/editor\/anuncia-medidas-urgentes-para-atender-la-situacion-de-ninos-y-adolescentes-indigenas-del-guaviare\/\"},\"wordCount\":2265,\"commentCount\":0,\"publisher\":{\"@id\":\"https:\/\/luchonoticias.com\/editor\/#\/schema\/person\/7a7fd911f58561fd056dbac7b55af9cd\"},\"articleSection\":[\"Destacado\",\"Nacional\"],\"inLanguage\":\"es\",\"potentialAction\":[{\"@type\":\"CommentAction\",\"name\":\"Comment\",\"target\":[\"https:\/\/luchonoticias.com\/editor\/anuncia-medidas-urgentes-para-atender-la-situacion-de-ninos-y-adolescentes-indigenas-del-guaviare\/#respond\"]}]},{\"@type\":\"WebPage\",\"@id\":\"https:\/\/luchonoticias.com\/editor\/anuncia-medidas-urgentes-para-atender-la-situacion-de-ninos-y-adolescentes-indigenas-del-guaviare\/\",\"url\":\"https:\/\/luchonoticias.com\/editor\/anuncia-medidas-urgentes-para-atender-la-situacion-de-ninos-y-adolescentes-indigenas-del-guaviare\/\",\"name\":\"Anuncia medidas urgentes para atender la situaci\u00f3n de ni\u00f1os y adolescentes ind\u00edgenas del Guaviare -\",\"isPartOf\":{\"@id\":\"https:\/\/luchonoticias.com\/editor\/#website\"},\"datePublished\":\"2023-01-19T10:21:07+00:00\",\"dateModified\":\"2023-01-19T10:27:06+00:00\",\"breadcrumb\":{\"@id\":\"https:\/\/luchonoticias.com\/editor\/anuncia-medidas-urgentes-para-atender-la-situacion-de-ninos-y-adolescentes-indigenas-del-guaviare\/#breadcrumb\"},\"inLanguage\":\"es\",\"potentialAction\":[{\"@type\":\"ReadAction\",\"target\":[\"https:\/\/luchonoticias.com\/editor\/anuncia-medidas-urgentes-para-atender-la-situacion-de-ninos-y-adolescentes-indigenas-del-guaviare\/\"]}]},{\"@type\":\"BreadcrumbList\",\"@id\":\"https:\/\/luchonoticias.com\/editor\/anuncia-medidas-urgentes-para-atender-la-situacion-de-ninos-y-adolescentes-indigenas-del-guaviare\/#breadcrumb\",\"itemListElement\":[{\"@type\":\"ListItem\",\"position\":1,\"name\":\"Portada\",\"item\":\"https:\/\/luchonoticias.com\/editor\/\"},{\"@type\":\"ListItem\",\"position\":2,\"name\":\"Anuncia medidas urgentes para atender la situaci\u00f3n de ni\u00f1os y adolescentes ind\u00edgenas del Guaviare\"}]},{\"@type\":\"WebSite\",\"@id\":\"https:\/\/luchonoticias.com\/editor\/#website\",\"url\":\"https:\/\/luchonoticias.com\/editor\/\",\"name\":\"\",\"description\":\"\",\"publisher\":{\"@id\":\"https:\/\/luchonoticias.com\/editor\/#\/schema\/person\/7a7fd911f58561fd056dbac7b55af9cd\"},\"potentialAction\":[{\"@type\":\"SearchAction\",\"target\":{\"@type\":\"EntryPoint\",\"urlTemplate\":\"https:\/\/luchonoticias.com\/editor\/?s={search_term_string}\"},\"query-input\":{\"@type\":\"PropertyValueSpecification\",\"valueRequired\":true,\"valueName\":\"search_term_string\"}}],\"inLanguage\":\"es\"},{\"@type\":[\"Person\",\"Organization\"],\"@id\":\"https:\/\/luchonoticias.com\/editor\/#\/schema\/person\/7a7fd911f58561fd056dbac7b55af9cd\",\"name\":\"admin\",\"image\":{\"@type\":\"ImageObject\",\"inLanguage\":\"es\",\"@id\":\"https:\/\/luchonoticias.com\/editor\/#\/schema\/person\/image\/\",\"url\":\"https:\/\/luchonoticias.com\/editor\/wp-content\/uploads\/2024\/02\/cropped-cropped-logolu.webp\",\"contentUrl\":\"https:\/\/luchonoticias.com\/editor\/wp-content\/uploads\/2024\/02\/cropped-cropped-logolu.webp\",\"width\":382,\"height\":170,\"caption\":\"admin\"},\"logo\":{\"@id\":\"https:\/\/luchonoticias.com\/editor\/#\/schema\/person\/image\/\"},\"sameAs\":[\"https:\/\/www.facebook.com\/luchonoticiasneiva\"]},{\"@type\":\"Person\",\"@id\":\"https:\/\/luchonoticias.com\/editor\/#\/schema\/person\/29217990ddf6f14e35912b2866d591fb\",\"name\":\"Editor General\",\"image\":{\"@type\":\"ImageObject\",\"inLanguage\":\"es\",\"@id\":\"https:\/\/luchonoticias.com\/editor\/#\/schema\/person\/image\/\",\"url\":\"https:\/\/luchonoticias.com\/editor\/wp-content\/uploads\/2024\/02\/cropped-cropped-logolu-150x150.webp\",\"contentUrl\":\"https:\/\/luchonoticias.com\/editor\/wp-content\/uploads\/2024\/02\/cropped-cropped-logolu-150x150.webp\",\"caption\":\"Editor General\"},\"sameAs\":[\"https:\/\/luchonoticias.com\/\"],\"url\":\"https:\/\/luchonoticias.com\/editor\/author\/editor-general\/\"}]}<\/script>\n<!-- \/ Yoast SEO plugin. -->","yoast_head_json":{"title":"Anuncia medidas urgentes para atender la situaci\u00f3n de ni\u00f1os y adolescentes ind\u00edgenas del Guaviare -","robots":{"index":"index","follow":"follow","max-snippet":"max-snippet:-1","max-image-preview":"max-image-preview:large","max-video-preview":"max-video-preview:-1"},"canonical":"https:\/\/luchonoticias.com\/editor\/anuncia-medidas-urgentes-para-atender-la-situacion-de-ninos-y-adolescentes-indigenas-del-guaviare\/","og_locale":"es_ES","og_type":"article","og_title":"Anuncia medidas urgentes para atender la situaci\u00f3n de ni\u00f1os y adolescentes ind\u00edgenas del Guaviare -","og_url":"https:\/\/luchonoticias.com\/editor\/anuncia-medidas-urgentes-para-atender-la-situacion-de-ninos-y-adolescentes-indigenas-del-guaviare\/","article_publisher":"https:\/\/www.facebook.com\/luchonoticiasneiva","article_published_time":"2023-01-19T10:21:07+00:00","article_modified_time":"2023-01-19T10:27:06+00:00","author":"Editor General","twitter_card":"summary_large_image","twitter_misc":{"Escrito por":"Editor General","Tiempo de lectura":"11 minutos"},"schema":{"@context":"https:\/\/schema.org","@graph":[{"@type":"Article","@id":"https:\/\/luchonoticias.com\/editor\/anuncia-medidas-urgentes-para-atender-la-situacion-de-ninos-y-adolescentes-indigenas-del-guaviare\/#article","isPartOf":{"@id":"https:\/\/luchonoticias.com\/editor\/anuncia-medidas-urgentes-para-atender-la-situacion-de-ninos-y-adolescentes-indigenas-del-guaviare\/"},"author":{"name":"Editor General","@id":"https:\/\/luchonoticias.com\/editor\/#\/schema\/person\/29217990ddf6f14e35912b2866d591fb"},"headline":"Anuncia medidas urgentes para atender la situaci\u00f3n de ni\u00f1os y adolescentes ind\u00edgenas del Guaviare","datePublished":"2023-01-19T10:21:07+00:00","dateModified":"2023-01-19T10:27:06+00:00","mainEntityOfPage":{"@id":"https:\/\/luchonoticias.com\/editor\/anuncia-medidas-urgentes-para-atender-la-situacion-de-ninos-y-adolescentes-indigenas-del-guaviare\/"},"wordCount":2265,"commentCount":0,"publisher":{"@id":"https:\/\/luchonoticias.com\/editor\/#\/schema\/person\/7a7fd911f58561fd056dbac7b55af9cd"},"articleSection":["Destacado","Nacional"],"inLanguage":"es","potentialAction":[{"@type":"CommentAction","name":"Comment","target":["https:\/\/luchonoticias.com\/editor\/anuncia-medidas-urgentes-para-atender-la-situacion-de-ninos-y-adolescentes-indigenas-del-guaviare\/#respond"]}]},{"@type":"WebPage","@id":"https:\/\/luchonoticias.com\/editor\/anuncia-medidas-urgentes-para-atender-la-situacion-de-ninos-y-adolescentes-indigenas-del-guaviare\/","url":"https:\/\/luchonoticias.com\/editor\/anuncia-medidas-urgentes-para-atender-la-situacion-de-ninos-y-adolescentes-indigenas-del-guaviare\/","name":"Anuncia medidas urgentes para atender la situaci\u00f3n de ni\u00f1os y adolescentes ind\u00edgenas del Guaviare -","isPartOf":{"@id":"https:\/\/luchonoticias.com\/editor\/#website"},"datePublished":"2023-01-19T10:21:07+00:00","dateModified":"2023-01-19T10:27:06+00:00","breadcrumb":{"@id":"https:\/\/luchonoticias.com\/editor\/anuncia-medidas-urgentes-para-atender-la-situacion-de-ninos-y-adolescentes-indigenas-del-guaviare\/#breadcrumb"},"inLanguage":"es","potentialAction":[{"@type":"ReadAction","target":["https:\/\/luchonoticias.com\/editor\/anuncia-medidas-urgentes-para-atender-la-situacion-de-ninos-y-adolescentes-indigenas-del-guaviare\/"]}]},{"@type":"BreadcrumbList","@id":"https:\/\/luchonoticias.com\/editor\/anuncia-medidas-urgentes-para-atender-la-situacion-de-ninos-y-adolescentes-indigenas-del-guaviare\/#breadcrumb","itemListElement":[{"@type":"ListItem","position":1,"name":"Portada","item":"https:\/\/luchonoticias.com\/editor\/"},{"@type":"ListItem","position":2,"name":"Anuncia medidas urgentes para atender la situaci\u00f3n de ni\u00f1os y adolescentes ind\u00edgenas del Guaviare"}]},{"@type":"WebSite","@id":"https:\/\/luchonoticias.com\/editor\/#website","url":"https:\/\/luchonoticias.com\/editor\/","name":"","description":"","publisher":{"@id":"https:\/\/luchonoticias.com\/editor\/#\/schema\/person\/7a7fd911f58561fd056dbac7b55af9cd"},"potentialAction":[{"@type":"SearchAction","target":{"@type":"EntryPoint","urlTemplate":"https:\/\/luchonoticias.com\/editor\/?s={search_term_string}"},"query-input":{"@type":"PropertyValueSpecification","valueRequired":true,"valueName":"search_term_string"}}],"inLanguage":"es"},{"@type":["Person","Organization"],"@id":"https:\/\/luchonoticias.com\/editor\/#\/schema\/person\/7a7fd911f58561fd056dbac7b55af9cd","name":"admin","image":{"@type":"ImageObject","inLanguage":"es","@id":"https:\/\/luchonoticias.com\/editor\/#\/schema\/person\/image\/","url":"https:\/\/luchonoticias.com\/editor\/wp-content\/uploads\/2024\/02\/cropped-cropped-logolu.webp","contentUrl":"https:\/\/luchonoticias.com\/editor\/wp-content\/uploads\/2024\/02\/cropped-cropped-logolu.webp","width":382,"height":170,"caption":"admin"},"logo":{"@id":"https:\/\/luchonoticias.com\/editor\/#\/schema\/person\/image\/"},"sameAs":["https:\/\/www.facebook.com\/luchonoticiasneiva"]},{"@type":"Person","@id":"https:\/\/luchonoticias.com\/editor\/#\/schema\/person\/29217990ddf6f14e35912b2866d591fb","name":"Editor General","image":{"@type":"ImageObject","inLanguage":"es","@id":"https:\/\/luchonoticias.com\/editor\/#\/schema\/person\/image\/","url":"https:\/\/luchonoticias.com\/editor\/wp-content\/uploads\/2024\/02\/cropped-cropped-logolu-150x150.webp","contentUrl":"https:\/\/luchonoticias.com\/editor\/wp-content\/uploads\/2024\/02\/cropped-cropped-logolu-150x150.webp","caption":"Editor General"},"sameAs":["https:\/\/luchonoticias.com\/"],"url":"https:\/\/luchonoticias.com\/editor\/author\/editor-general\/"}]}},"_links":{"self":[{"href":"https:\/\/luchonoticias.com\/editor\/wp-json\/wp\/v2\/posts\/44486","targetHints":{"allow":["GET"]}}],"collection":[{"href":"https:\/\/luchonoticias.com\/editor\/wp-json\/wp\/v2\/posts"}],"about":[{"href":"https:\/\/luchonoticias.com\/editor\/wp-json\/wp\/v2\/types\/post"}],"author":[{"embeddable":true,"href":"https:\/\/luchonoticias.com\/editor\/wp-json\/wp\/v2\/users\/2"}],"replies":[{"embeddable":true,"href":"https:\/\/luchonoticias.com\/editor\/wp-json\/wp\/v2\/comments?post=44486"}],"version-history":[{"count":0,"href":"https:\/\/luchonoticias.com\/editor\/wp-json\/wp\/v2\/posts\/44486\/revisions"}],"wp:attachment":[{"href":"https:\/\/luchonoticias.com\/editor\/wp-json\/wp\/v2\/media?parent=44486"}],"wp:term":[{"taxonomy":"category","embeddable":true,"href":"https:\/\/luchonoticias.com\/editor\/wp-json\/wp\/v2\/categories?post=44486"},{"taxonomy":"post_tag","embeddable":true,"href":"https:\/\/luchonoticias.com\/editor\/wp-json\/wp\/v2\/tags?post=44486"}],"curies":[{"name":"wp","href":"https:\/\/api.w.org\/{rel}","templated":true}]}}