{"id":44633,"date":"2023-01-21T03:33:01","date_gmt":"2023-01-21T08:33:01","guid":{"rendered":"https:\/\/luchonoticias.com\/?p=44633"},"modified":"2023-01-21T03:33:03","modified_gmt":"2023-01-21T08:33:03","slug":"menor-de-11-meses-muere-tras-caer-de-un-tercer-piso-en-palestina-huila","status":"publish","type":"post","link":"https:\/\/luchonoticias.com\/editor\/menor-de-11-meses-muere-tras-caer-de-un-tercer-piso-en-palestina-huila\/","title":{"rendered":"Menor de 11 meses muere tras caer de un tercer piso en Palestina, Huila"},"content":{"rendered":"\n<p>En las ultimas horas, las autoridades del Departamento del Huila, dieron a conocer que el d\u00eda de ayer ocurri\u00f3 un lamentable hecho donde un bebe de tan solo 11 meses de vida, falleci\u00f3 a causa de caer de un tercer pisos.<\/p>\n\n\n\n<p>Seg\u00fan lo establecido por este medio de comunicaci\u00f3n, el hecho que tiene consternado el sur del Huila, aparentemente sucedi\u00f3 en un descuido de sus padres, el cual el menor en su inocencia aprovecho para acercarse a una de las ventanas de donde viv\u00eda y accidentalmente cay\u00f3 de una altura de aproximadamente 10 metros.<\/p>\n\n\n\n<p>Finalmente se conoci\u00f3 que tras la ca\u00edda del menor, fue trasladado hasta el Hospital del municipio de Pitalito, donde peses a los grandes esfuerzos de los galenos, el infante no logr\u00f3 sobrevivir motivo al fuerte golpe que recibi\u00f3 en su cabeza. Las autoridades investigan el hecho.<\/p>\n","protected":false},"excerpt":{"rendered":"<p>En las ultimas horas, las autoridades del Departamento del Huila, dieron a conocer que el d\u00eda de ayer ocurri\u00f3 un lamentable hecho donde un bebe de tan solo 11 meses de vida, falleci\u00f3 a causa de caer de un tercer pisos. Seg\u00fan lo establecido por este medio de comunicaci\u00f3n, el hecho que tiene consternado el [&hellip;]<\/p>\n","protected":false},"author":2,"featured_media":0,"comment_status":"open","ping_status":"open","sticky":false,"template":"","format":"standard","meta":{"footnotes":""},"categories":[36,29],"tags":[],"class_list":["post-44633","post","type-post","status-publish","format-standard","hentry","category-destacado","category-judicial"],"yoast_head":"<!-- This site is optimized with the Yoast SEO plugin v26.6 - https:\/\/yoast.com\/wordpress\/plugins\/seo\/ -->\n<title>Menor de 11 meses muere tras caer de un tercer piso en Palestina, Huila -<\/title>\n<meta name=\"robots\" content=\"index, follow, max-snippet:-1, max-image-preview:large, max-video-preview:-1\" \/>\n<link rel=\"canonical\" href=\"https:\/\/luchonoticias.com\/editor\/menor-de-11-meses-muere-tras-caer-de-un-tercer-piso-en-palestina-huila\/\" \/>\n<meta property=\"og:locale\" content=\"es_ES\" \/>\n<meta property=\"og:type\" content=\"article\" \/>\n<meta property=\"og:title\" content=\"Menor de 11 meses muere tras caer de un tercer piso en Palestina, Huila -\" \/>\n<meta property=\"og:url\" content=\"https:\/\/luchonoticias.com\/editor\/menor-de-11-meses-muere-tras-caer-de-un-tercer-piso-en-palestina-huila\/\" \/>\n<meta property=\"article:publisher\" content=\"https:\/\/www.facebook.com\/luchonoticiasneiva\" \/>\n<meta property=\"article:published_time\" content=\"2023-01-21T08:33:01+00:00\" \/>\n<meta property=\"article:modified_time\" content=\"2023-01-21T08:33:03+00:00\" \/>\n<meta name=\"author\" content=\"Editor General\" \/>\n<meta name=\"twitter:card\" content=\"summary_large_image\" \/>\n<meta name=\"twitter:label1\" content=\"Escrito por\" \/>\n\t<meta name=\"twitter:data1\" content=\"Editor General\" \/>\n\t<meta name=\"twitter:label2\" content=\"Tiempo de lectura\" \/>\n\t<meta name=\"twitter:data2\" content=\"1 minuto\" \/>\n<script type=\"application\/ld+json\" class=\"yoast-schema-graph\">{\"@context\":\"https:\/\/schema.org\",\"@graph\":[{\"@type\":\"Article\",\"@id\":\"https:\/\/luchonoticias.com\/editor\/menor-de-11-meses-muere-tras-caer-de-un-tercer-piso-en-palestina-huila\/#article\",\"isPartOf\":{\"@id\":\"https:\/\/luchonoticias.com\/editor\/menor-de-11-meses-muere-tras-caer-de-un-tercer-piso-en-palestina-huila\/\"},\"author\":{\"name\":\"Editor General\",\"@id\":\"https:\/\/luchonoticias.com\/editor\/#\/schema\/person\/29217990ddf6f14e35912b2866d591fb\"},\"headline\":\"Menor de 11 meses muere tras caer de un tercer piso en Palestina, Huila\",\"datePublished\":\"2023-01-21T08:33:01+00:00\",\"dateModified\":\"2023-01-21T08:33:03+00:00\",\"mainEntityOfPage\":{\"@id\":\"https:\/\/luchonoticias.com\/editor\/menor-de-11-meses-muere-tras-caer-de-un-tercer-piso-en-palestina-huila\/\"},\"wordCount\":156,\"commentCount\":0,\"publisher\":{\"@id\":\"https:\/\/luchonoticias.com\/editor\/#\/schema\/person\/7a7fd911f58561fd056dbac7b55af9cd\"},\"articleSection\":[\"Destacado\",\"Judicial\"],\"inLanguage\":\"es\",\"potentialAction\":[{\"@type\":\"CommentAction\",\"name\":\"Comment\",\"target\":[\"https:\/\/luchonoticias.com\/editor\/menor-de-11-meses-muere-tras-caer-de-un-tercer-piso-en-palestina-huila\/#respond\"]}]},{\"@type\":\"WebPage\",\"@id\":\"https:\/\/luchonoticias.com\/editor\/menor-de-11-meses-muere-tras-caer-de-un-tercer-piso-en-palestina-huila\/\",\"url\":\"https:\/\/luchonoticias.com\/editor\/menor-de-11-meses-muere-tras-caer-de-un-tercer-piso-en-palestina-huila\/\",\"name\":\"Menor de 11 meses muere tras caer de un tercer piso en Palestina, Huila -\",\"isPartOf\":{\"@id\":\"https:\/\/luchonoticias.com\/editor\/#website\"},\"datePublished\":\"2023-01-21T08:33:01+00:00\",\"dateModified\":\"2023-01-21T08:33:03+00:00\",\"breadcrumb\":{\"@id\":\"https:\/\/luchonoticias.com\/editor\/menor-de-11-meses-muere-tras-caer-de-un-tercer-piso-en-palestina-huila\/#breadcrumb\"},\"inLanguage\":\"es\",\"potentialAction\":[{\"@type\":\"ReadAction\",\"target\":[\"https:\/\/luchonoticias.com\/editor\/menor-de-11-meses-muere-tras-caer-de-un-tercer-piso-en-palestina-huila\/\"]}]},{\"@type\":\"BreadcrumbList\",\"@id\":\"https:\/\/luchonoticias.com\/editor\/menor-de-11-meses-muere-tras-caer-de-un-tercer-piso-en-palestina-huila\/#breadcrumb\",\"itemListElement\":[{\"@type\":\"ListItem\",\"position\":1,\"name\":\"Portada\",\"item\":\"https:\/\/luchonoticias.com\/editor\/\"},{\"@type\":\"ListItem\",\"position\":2,\"name\":\"Menor de 11 meses muere tras caer de un tercer piso en Palestina, Huila\"}]},{\"@type\":\"WebSite\",\"@id\":\"https:\/\/luchonoticias.com\/editor\/#website\",\"url\":\"https:\/\/luchonoticias.com\/editor\/\",\"name\":\"\",\"description\":\"\",\"publisher\":{\"@id\":\"https:\/\/luchonoticias.com\/editor\/#\/schema\/person\/7a7fd911f58561fd056dbac7b55af9cd\"},\"potentialAction\":[{\"@type\":\"SearchAction\",\"target\":{\"@type\":\"EntryPoint\",\"urlTemplate\":\"https:\/\/luchonoticias.com\/editor\/?s={search_term_string}\"},\"query-input\":{\"@type\":\"PropertyValueSpecification\",\"valueRequired\":true,\"valueName\":\"search_term_string\"}}],\"inLanguage\":\"es\"},{\"@type\":[\"Person\",\"Organization\"],\"@id\":\"https:\/\/luchonoticias.com\/editor\/#\/schema\/person\/7a7fd911f58561fd056dbac7b55af9cd\",\"name\":\"admin\",\"image\":{\"@type\":\"ImageObject\",\"inLanguage\":\"es\",\"@id\":\"https:\/\/luchonoticias.com\/editor\/#\/schema\/person\/image\/\",\"url\":\"https:\/\/luchonoticias.com\/editor\/wp-content\/uploads\/2024\/02\/cropped-cropped-logolu.webp\",\"contentUrl\":\"https:\/\/luchonoticias.com\/editor\/wp-content\/uploads\/2024\/02\/cropped-cropped-logolu.webp\",\"width\":382,\"height\":170,\"caption\":\"admin\"},\"logo\":{\"@id\":\"https:\/\/luchonoticias.com\/editor\/#\/schema\/person\/image\/\"},\"sameAs\":[\"https:\/\/www.facebook.com\/luchonoticiasneiva\"]},{\"@type\":\"Person\",\"@id\":\"https:\/\/luchonoticias.com\/editor\/#\/schema\/person\/29217990ddf6f14e35912b2866d591fb\",\"name\":\"Editor General\",\"image\":{\"@type\":\"ImageObject\",\"inLanguage\":\"es\",\"@id\":\"https:\/\/luchonoticias.com\/editor\/#\/schema\/person\/image\/\",\"url\":\"https:\/\/luchonoticias.com\/editor\/wp-content\/uploads\/2024\/02\/cropped-cropped-logolu-150x150.webp\",\"contentUrl\":\"https:\/\/luchonoticias.com\/editor\/wp-content\/uploads\/2024\/02\/cropped-cropped-logolu-150x150.webp\",\"caption\":\"Editor General\"},\"sameAs\":[\"https:\/\/luchonoticias.com\/\"],\"url\":\"https:\/\/luchonoticias.com\/editor\/author\/editor-general\/\"}]}<\/script>\n<!-- \/ Yoast SEO plugin. -->","yoast_head_json":{"title":"Menor de 11 meses muere tras caer de un tercer piso en Palestina, Huila -","robots":{"index":"index","follow":"follow","max-snippet":"max-snippet:-1","max-image-preview":"max-image-preview:large","max-video-preview":"max-video-preview:-1"},"canonical":"https:\/\/luchonoticias.com\/editor\/menor-de-11-meses-muere-tras-caer-de-un-tercer-piso-en-palestina-huila\/","og_locale":"es_ES","og_type":"article","og_title":"Menor de 11 meses muere tras caer de un tercer piso en Palestina, Huila -","og_url":"https:\/\/luchonoticias.com\/editor\/menor-de-11-meses-muere-tras-caer-de-un-tercer-piso-en-palestina-huila\/","article_publisher":"https:\/\/www.facebook.com\/luchonoticiasneiva","article_published_time":"2023-01-21T08:33:01+00:00","article_modified_time":"2023-01-21T08:33:03+00:00","author":"Editor General","twitter_card":"summary_large_image","twitter_misc":{"Escrito por":"Editor General","Tiempo de lectura":"1 minuto"},"schema":{"@context":"https:\/\/schema.org","@graph":[{"@type":"Article","@id":"https:\/\/luchonoticias.com\/editor\/menor-de-11-meses-muere-tras-caer-de-un-tercer-piso-en-palestina-huila\/#article","isPartOf":{"@id":"https:\/\/luchonoticias.com\/editor\/menor-de-11-meses-muere-tras-caer-de-un-tercer-piso-en-palestina-huila\/"},"author":{"name":"Editor General","@id":"https:\/\/luchonoticias.com\/editor\/#\/schema\/person\/29217990ddf6f14e35912b2866d591fb"},"headline":"Menor de 11 meses muere tras caer de un tercer piso en Palestina, Huila","datePublished":"2023-01-21T08:33:01+00:00","dateModified":"2023-01-21T08:33:03+00:00","mainEntityOfPage":{"@id":"https:\/\/luchonoticias.com\/editor\/menor-de-11-meses-muere-tras-caer-de-un-tercer-piso-en-palestina-huila\/"},"wordCount":156,"commentCount":0,"publisher":{"@id":"https:\/\/luchonoticias.com\/editor\/#\/schema\/person\/7a7fd911f58561fd056dbac7b55af9cd"},"articleSection":["Destacado","Judicial"],"inLanguage":"es","potentialAction":[{"@type":"CommentAction","name":"Comment","target":["https:\/\/luchonoticias.com\/editor\/menor-de-11-meses-muere-tras-caer-de-un-tercer-piso-en-palestina-huila\/#respond"]}]},{"@type":"WebPage","@id":"https:\/\/luchonoticias.com\/editor\/menor-de-11-meses-muere-tras-caer-de-un-tercer-piso-en-palestina-huila\/","url":"https:\/\/luchonoticias.com\/editor\/menor-de-11-meses-muere-tras-caer-de-un-tercer-piso-en-palestina-huila\/","name":"Menor de 11 meses muere tras caer de un tercer piso en Palestina, Huila -","isPartOf":{"@id":"https:\/\/luchonoticias.com\/editor\/#website"},"datePublished":"2023-01-21T08:33:01+00:00","dateModified":"2023-01-21T08:33:03+00:00","breadcrumb":{"@id":"https:\/\/luchonoticias.com\/editor\/menor-de-11-meses-muere-tras-caer-de-un-tercer-piso-en-palestina-huila\/#breadcrumb"},"inLanguage":"es","potentialAction":[{"@type":"ReadAction","target":["https:\/\/luchonoticias.com\/editor\/menor-de-11-meses-muere-tras-caer-de-un-tercer-piso-en-palestina-huila\/"]}]},{"@type":"BreadcrumbList","@id":"https:\/\/luchonoticias.com\/editor\/menor-de-11-meses-muere-tras-caer-de-un-tercer-piso-en-palestina-huila\/#breadcrumb","itemListElement":[{"@type":"ListItem","position":1,"name":"Portada","item":"https:\/\/luchonoticias.com\/editor\/"},{"@type":"ListItem","position":2,"name":"Menor de 11 meses muere tras caer de un tercer piso en Palestina, Huila"}]},{"@type":"WebSite","@id":"https:\/\/luchonoticias.com\/editor\/#website","url":"https:\/\/luchonoticias.com\/editor\/","name":"","description":"","publisher":{"@id":"https:\/\/luchonoticias.com\/editor\/#\/schema\/person\/7a7fd911f58561fd056dbac7b55af9cd"},"potentialAction":[{"@type":"SearchAction","target":{"@type":"EntryPoint","urlTemplate":"https:\/\/luchonoticias.com\/editor\/?s={search_term_string}"},"query-input":{"@type":"PropertyValueSpecification","valueRequired":true,"valueName":"search_term_string"}}],"inLanguage":"es"},{"@type":["Person","Organization"],"@id":"https:\/\/luchonoticias.com\/editor\/#\/schema\/person\/7a7fd911f58561fd056dbac7b55af9cd","name":"admin","image":{"@type":"ImageObject","inLanguage":"es","@id":"https:\/\/luchonoticias.com\/editor\/#\/schema\/person\/image\/","url":"https:\/\/luchonoticias.com\/editor\/wp-content\/uploads\/2024\/02\/cropped-cropped-logolu.webp","contentUrl":"https:\/\/luchonoticias.com\/editor\/wp-content\/uploads\/2024\/02\/cropped-cropped-logolu.webp","width":382,"height":170,"caption":"admin"},"logo":{"@id":"https:\/\/luchonoticias.com\/editor\/#\/schema\/person\/image\/"},"sameAs":["https:\/\/www.facebook.com\/luchonoticiasneiva"]},{"@type":"Person","@id":"https:\/\/luchonoticias.com\/editor\/#\/schema\/person\/29217990ddf6f14e35912b2866d591fb","name":"Editor General","image":{"@type":"ImageObject","inLanguage":"es","@id":"https:\/\/luchonoticias.com\/editor\/#\/schema\/person\/image\/","url":"https:\/\/luchonoticias.com\/editor\/wp-content\/uploads\/2024\/02\/cropped-cropped-logolu-150x150.webp","contentUrl":"https:\/\/luchonoticias.com\/editor\/wp-content\/uploads\/2024\/02\/cropped-cropped-logolu-150x150.webp","caption":"Editor General"},"sameAs":["https:\/\/luchonoticias.com\/"],"url":"https:\/\/luchonoticias.com\/editor\/author\/editor-general\/"}]}},"_links":{"self":[{"href":"https:\/\/luchonoticias.com\/editor\/wp-json\/wp\/v2\/posts\/44633","targetHints":{"allow":["GET"]}}],"collection":[{"href":"https:\/\/luchonoticias.com\/editor\/wp-json\/wp\/v2\/posts"}],"about":[{"href":"https:\/\/luchonoticias.com\/editor\/wp-json\/wp\/v2\/types\/post"}],"author":[{"embeddable":true,"href":"https:\/\/luchonoticias.com\/editor\/wp-json\/wp\/v2\/users\/2"}],"replies":[{"embeddable":true,"href":"https:\/\/luchonoticias.com\/editor\/wp-json\/wp\/v2\/comments?post=44633"}],"version-history":[{"count":0,"href":"https:\/\/luchonoticias.com\/editor\/wp-json\/wp\/v2\/posts\/44633\/revisions"}],"wp:attachment":[{"href":"https:\/\/luchonoticias.com\/editor\/wp-json\/wp\/v2\/media?parent=44633"}],"wp:term":[{"taxonomy":"category","embeddable":true,"href":"https:\/\/luchonoticias.com\/editor\/wp-json\/wp\/v2\/categories?post=44633"},{"taxonomy":"post_tag","embeddable":true,"href":"https:\/\/luchonoticias.com\/editor\/wp-json\/wp\/v2\/tags?post=44633"}],"curies":[{"name":"wp","href":"https:\/\/api.w.org\/{rel}","templated":true}]}}