{"id":44636,"date":"2023-01-21T03:41:07","date_gmt":"2023-01-21T08:41:07","guid":{"rendered":"https:\/\/luchonoticias.com\/?p=44636"},"modified":"2023-01-21T03:41:08","modified_gmt":"2023-01-21T08:41:08","slug":"procuraduria-confirmo-sancion-de-destitucion-e-inhabilidad-por-10-anos-contra-aida-merlano","status":"publish","type":"post","link":"https:\/\/luchonoticias.com\/editor\/procuraduria-confirmo-sancion-de-destitucion-e-inhabilidad-por-10-anos-contra-aida-merlano\/","title":{"rendered":"Procuradur\u00eda confirm\u00f3 sanci\u00f3n de destituci\u00f3n e inhabilidad por 10 a\u00f1os contra Aida Merlano"},"content":{"rendered":"\n<p>La Procuradur\u00eda General de la Naci\u00f3n confirm\u00f3 la totalidad del fallo proferido en \u00fanica instancia contra la excongresista Aida Merlano Rebolledo, destituida e inhabilitada por 10 a\u00f1os, y neg\u00f3 las pretensiones del recurso con el que pretend\u00eda reponer lo decidido en 2020.<\/p>\n\n\n\n<p>Una Sala de segunda instancia y doble conformidad compuesta por las Delegadas Disciplinaria de Instrucci\u00f3n, la Segunda para la Vigilancia Administrativa, para la Fuerza P\u00fablica y la de Funciones Mixtas para el Ministerio P\u00fablico en Asuntos Penales se\u00f1al\u00f3 que no existen elementos jur\u00eddicos que avalen lo solicitado por la defensa.<\/p>\n\n\n\n<p>La decisi\u00f3n de la Procuradur\u00eda contra el recurso de reposici\u00f3n contra el fallo de \u00fanica instancia fue mantener de manera \u00edntegra lo expuesto y confirmar que Merlano Rebolledo despleg\u00f3 toda una serie de actividades para corromper las elecciones del 11 de marzo de 2018, pagando a los ciudadanos por los votos en favor de las aspiraciones pol\u00edticas que ten\u00eda al Senado de la Rep\u00fablica.<\/p>\n\n\n\n<p>Sobre su rol, el Ente de control sostuvo que la Corte Constitucional reconoci\u00f3 su competencia para sancionar disciplinariamente a los funcionarios de elecci\u00f3n popular por actos de corrupci\u00f3n, lo mismo que en su momento hizo el Consejo de Estado, por lo que desvirtu\u00f3 los argumentos presentados en ese sentido.<\/p>\n\n\n\n<p>Finalmente, la Entidad indic\u00f3 que en todo momento se respet\u00f3 el derecho fundamental al debido proceso y que el asunto pasa a ser cosa juzgada.<\/p>\n","protected":false},"excerpt":{"rendered":"<p>La Procuradur\u00eda General de la Naci\u00f3n confirm\u00f3 la totalidad del fallo proferido en \u00fanica instancia contra la excongresista Aida Merlano Rebolledo, destituida e inhabilitada por 10 a\u00f1os, y neg\u00f3 las pretensiones del recurso con el que pretend\u00eda reponer lo decidido en 2020. Una Sala de segunda instancia y doble conformidad compuesta por las Delegadas Disciplinaria [&hellip;]<\/p>\n","protected":false},"author":2,"featured_media":0,"comment_status":"open","ping_status":"open","sticky":false,"template":"","format":"standard","meta":{"footnotes":""},"categories":[36,32],"tags":[],"class_list":["post-44636","post","type-post","status-publish","format-standard","hentry","category-destacado","category-nacional"],"yoast_head":"<!-- This site is optimized with the Yoast SEO plugin v26.6 - https:\/\/yoast.com\/wordpress\/plugins\/seo\/ -->\n<title>Procuradur\u00eda confirm\u00f3 sanci\u00f3n de destituci\u00f3n e inhabilidad por 10 a\u00f1os contra Aida Merlano -<\/title>\n<meta name=\"robots\" content=\"index, follow, max-snippet:-1, max-image-preview:large, max-video-preview:-1\" \/>\n<link rel=\"canonical\" href=\"https:\/\/luchonoticias.com\/editor\/procuraduria-confirmo-sancion-de-destitucion-e-inhabilidad-por-10-anos-contra-aida-merlano\/\" \/>\n<meta property=\"og:locale\" content=\"es_ES\" \/>\n<meta property=\"og:type\" content=\"article\" \/>\n<meta property=\"og:title\" content=\"Procuradur\u00eda confirm\u00f3 sanci\u00f3n de destituci\u00f3n e inhabilidad por 10 a\u00f1os contra Aida Merlano -\" \/>\n<meta property=\"og:url\" content=\"https:\/\/luchonoticias.com\/editor\/procuraduria-confirmo-sancion-de-destitucion-e-inhabilidad-por-10-anos-contra-aida-merlano\/\" \/>\n<meta property=\"article:publisher\" content=\"https:\/\/www.facebook.com\/luchonoticiasneiva\" \/>\n<meta property=\"article:published_time\" content=\"2023-01-21T08:41:07+00:00\" \/>\n<meta property=\"article:modified_time\" content=\"2023-01-21T08:41:08+00:00\" \/>\n<meta name=\"author\" content=\"Editor General\" \/>\n<meta name=\"twitter:card\" content=\"summary_large_image\" \/>\n<meta name=\"twitter:label1\" content=\"Escrito por\" \/>\n\t<meta name=\"twitter:data1\" content=\"Editor General\" \/>\n\t<meta name=\"twitter:label2\" content=\"Tiempo de lectura\" \/>\n\t<meta name=\"twitter:data2\" content=\"1 minuto\" \/>\n<script type=\"application\/ld+json\" class=\"yoast-schema-graph\">{\"@context\":\"https:\/\/schema.org\",\"@graph\":[{\"@type\":\"Article\",\"@id\":\"https:\/\/luchonoticias.com\/editor\/procuraduria-confirmo-sancion-de-destitucion-e-inhabilidad-por-10-anos-contra-aida-merlano\/#article\",\"isPartOf\":{\"@id\":\"https:\/\/luchonoticias.com\/editor\/procuraduria-confirmo-sancion-de-destitucion-e-inhabilidad-por-10-anos-contra-aida-merlano\/\"},\"author\":{\"name\":\"Editor General\",\"@id\":\"https:\/\/luchonoticias.com\/editor\/#\/schema\/person\/29217990ddf6f14e35912b2866d591fb\"},\"headline\":\"Procuradur\u00eda confirm\u00f3 sanci\u00f3n de destituci\u00f3n e inhabilidad por 10 a\u00f1os contra Aida Merlano\",\"datePublished\":\"2023-01-21T08:41:07+00:00\",\"dateModified\":\"2023-01-21T08:41:08+00:00\",\"mainEntityOfPage\":{\"@id\":\"https:\/\/luchonoticias.com\/editor\/procuraduria-confirmo-sancion-de-destitucion-e-inhabilidad-por-10-anos-contra-aida-merlano\/\"},\"wordCount\":259,\"commentCount\":0,\"publisher\":{\"@id\":\"https:\/\/luchonoticias.com\/editor\/#\/schema\/person\/7a7fd911f58561fd056dbac7b55af9cd\"},\"articleSection\":[\"Destacado\",\"Nacional\"],\"inLanguage\":\"es\",\"potentialAction\":[{\"@type\":\"CommentAction\",\"name\":\"Comment\",\"target\":[\"https:\/\/luchonoticias.com\/editor\/procuraduria-confirmo-sancion-de-destitucion-e-inhabilidad-por-10-anos-contra-aida-merlano\/#respond\"]}]},{\"@type\":\"WebPage\",\"@id\":\"https:\/\/luchonoticias.com\/editor\/procuraduria-confirmo-sancion-de-destitucion-e-inhabilidad-por-10-anos-contra-aida-merlano\/\",\"url\":\"https:\/\/luchonoticias.com\/editor\/procuraduria-confirmo-sancion-de-destitucion-e-inhabilidad-por-10-anos-contra-aida-merlano\/\",\"name\":\"Procuradur\u00eda confirm\u00f3 sanci\u00f3n de destituci\u00f3n e inhabilidad por 10 a\u00f1os contra Aida Merlano -\",\"isPartOf\":{\"@id\":\"https:\/\/luchonoticias.com\/editor\/#website\"},\"datePublished\":\"2023-01-21T08:41:07+00:00\",\"dateModified\":\"2023-01-21T08:41:08+00:00\",\"breadcrumb\":{\"@id\":\"https:\/\/luchonoticias.com\/editor\/procuraduria-confirmo-sancion-de-destitucion-e-inhabilidad-por-10-anos-contra-aida-merlano\/#breadcrumb\"},\"inLanguage\":\"es\",\"potentialAction\":[{\"@type\":\"ReadAction\",\"target\":[\"https:\/\/luchonoticias.com\/editor\/procuraduria-confirmo-sancion-de-destitucion-e-inhabilidad-por-10-anos-contra-aida-merlano\/\"]}]},{\"@type\":\"BreadcrumbList\",\"@id\":\"https:\/\/luchonoticias.com\/editor\/procuraduria-confirmo-sancion-de-destitucion-e-inhabilidad-por-10-anos-contra-aida-merlano\/#breadcrumb\",\"itemListElement\":[{\"@type\":\"ListItem\",\"position\":1,\"name\":\"Portada\",\"item\":\"https:\/\/luchonoticias.com\/editor\/\"},{\"@type\":\"ListItem\",\"position\":2,\"name\":\"Procuradur\u00eda confirm\u00f3 sanci\u00f3n de destituci\u00f3n e inhabilidad por 10 a\u00f1os contra Aida Merlano\"}]},{\"@type\":\"WebSite\",\"@id\":\"https:\/\/luchonoticias.com\/editor\/#website\",\"url\":\"https:\/\/luchonoticias.com\/editor\/\",\"name\":\"\",\"description\":\"\",\"publisher\":{\"@id\":\"https:\/\/luchonoticias.com\/editor\/#\/schema\/person\/7a7fd911f58561fd056dbac7b55af9cd\"},\"potentialAction\":[{\"@type\":\"SearchAction\",\"target\":{\"@type\":\"EntryPoint\",\"urlTemplate\":\"https:\/\/luchonoticias.com\/editor\/?s={search_term_string}\"},\"query-input\":{\"@type\":\"PropertyValueSpecification\",\"valueRequired\":true,\"valueName\":\"search_term_string\"}}],\"inLanguage\":\"es\"},{\"@type\":[\"Person\",\"Organization\"],\"@id\":\"https:\/\/luchonoticias.com\/editor\/#\/schema\/person\/7a7fd911f58561fd056dbac7b55af9cd\",\"name\":\"admin\",\"image\":{\"@type\":\"ImageObject\",\"inLanguage\":\"es\",\"@id\":\"https:\/\/luchonoticias.com\/editor\/#\/schema\/person\/image\/\",\"url\":\"https:\/\/luchonoticias.com\/editor\/wp-content\/uploads\/2024\/02\/cropped-cropped-logolu.webp\",\"contentUrl\":\"https:\/\/luchonoticias.com\/editor\/wp-content\/uploads\/2024\/02\/cropped-cropped-logolu.webp\",\"width\":382,\"height\":170,\"caption\":\"admin\"},\"logo\":{\"@id\":\"https:\/\/luchonoticias.com\/editor\/#\/schema\/person\/image\/\"},\"sameAs\":[\"https:\/\/www.facebook.com\/luchonoticiasneiva\"]},{\"@type\":\"Person\",\"@id\":\"https:\/\/luchonoticias.com\/editor\/#\/schema\/person\/29217990ddf6f14e35912b2866d591fb\",\"name\":\"Editor General\",\"image\":{\"@type\":\"ImageObject\",\"inLanguage\":\"es\",\"@id\":\"https:\/\/luchonoticias.com\/editor\/#\/schema\/person\/image\/\",\"url\":\"https:\/\/luchonoticias.com\/editor\/wp-content\/uploads\/2024\/02\/cropped-cropped-logolu-150x150.webp\",\"contentUrl\":\"https:\/\/luchonoticias.com\/editor\/wp-content\/uploads\/2024\/02\/cropped-cropped-logolu-150x150.webp\",\"caption\":\"Editor General\"},\"sameAs\":[\"https:\/\/luchonoticias.com\/\"],\"url\":\"https:\/\/luchonoticias.com\/editor\/author\/editor-general\/\"}]}<\/script>\n<!-- \/ Yoast SEO plugin. -->","yoast_head_json":{"title":"Procuradur\u00eda confirm\u00f3 sanci\u00f3n de destituci\u00f3n e inhabilidad por 10 a\u00f1os contra Aida Merlano -","robots":{"index":"index","follow":"follow","max-snippet":"max-snippet:-1","max-image-preview":"max-image-preview:large","max-video-preview":"max-video-preview:-1"},"canonical":"https:\/\/luchonoticias.com\/editor\/procuraduria-confirmo-sancion-de-destitucion-e-inhabilidad-por-10-anos-contra-aida-merlano\/","og_locale":"es_ES","og_type":"article","og_title":"Procuradur\u00eda confirm\u00f3 sanci\u00f3n de destituci\u00f3n e inhabilidad por 10 a\u00f1os contra Aida Merlano -","og_url":"https:\/\/luchonoticias.com\/editor\/procuraduria-confirmo-sancion-de-destitucion-e-inhabilidad-por-10-anos-contra-aida-merlano\/","article_publisher":"https:\/\/www.facebook.com\/luchonoticiasneiva","article_published_time":"2023-01-21T08:41:07+00:00","article_modified_time":"2023-01-21T08:41:08+00:00","author":"Editor General","twitter_card":"summary_large_image","twitter_misc":{"Escrito por":"Editor General","Tiempo de lectura":"1 minuto"},"schema":{"@context":"https:\/\/schema.org","@graph":[{"@type":"Article","@id":"https:\/\/luchonoticias.com\/editor\/procuraduria-confirmo-sancion-de-destitucion-e-inhabilidad-por-10-anos-contra-aida-merlano\/#article","isPartOf":{"@id":"https:\/\/luchonoticias.com\/editor\/procuraduria-confirmo-sancion-de-destitucion-e-inhabilidad-por-10-anos-contra-aida-merlano\/"},"author":{"name":"Editor General","@id":"https:\/\/luchonoticias.com\/editor\/#\/schema\/person\/29217990ddf6f14e35912b2866d591fb"},"headline":"Procuradur\u00eda confirm\u00f3 sanci\u00f3n de destituci\u00f3n e inhabilidad por 10 a\u00f1os contra Aida Merlano","datePublished":"2023-01-21T08:41:07+00:00","dateModified":"2023-01-21T08:41:08+00:00","mainEntityOfPage":{"@id":"https:\/\/luchonoticias.com\/editor\/procuraduria-confirmo-sancion-de-destitucion-e-inhabilidad-por-10-anos-contra-aida-merlano\/"},"wordCount":259,"commentCount":0,"publisher":{"@id":"https:\/\/luchonoticias.com\/editor\/#\/schema\/person\/7a7fd911f58561fd056dbac7b55af9cd"},"articleSection":["Destacado","Nacional"],"inLanguage":"es","potentialAction":[{"@type":"CommentAction","name":"Comment","target":["https:\/\/luchonoticias.com\/editor\/procuraduria-confirmo-sancion-de-destitucion-e-inhabilidad-por-10-anos-contra-aida-merlano\/#respond"]}]},{"@type":"WebPage","@id":"https:\/\/luchonoticias.com\/editor\/procuraduria-confirmo-sancion-de-destitucion-e-inhabilidad-por-10-anos-contra-aida-merlano\/","url":"https:\/\/luchonoticias.com\/editor\/procuraduria-confirmo-sancion-de-destitucion-e-inhabilidad-por-10-anos-contra-aida-merlano\/","name":"Procuradur\u00eda confirm\u00f3 sanci\u00f3n de destituci\u00f3n e inhabilidad por 10 a\u00f1os contra Aida Merlano -","isPartOf":{"@id":"https:\/\/luchonoticias.com\/editor\/#website"},"datePublished":"2023-01-21T08:41:07+00:00","dateModified":"2023-01-21T08:41:08+00:00","breadcrumb":{"@id":"https:\/\/luchonoticias.com\/editor\/procuraduria-confirmo-sancion-de-destitucion-e-inhabilidad-por-10-anos-contra-aida-merlano\/#breadcrumb"},"inLanguage":"es","potentialAction":[{"@type":"ReadAction","target":["https:\/\/luchonoticias.com\/editor\/procuraduria-confirmo-sancion-de-destitucion-e-inhabilidad-por-10-anos-contra-aida-merlano\/"]}]},{"@type":"BreadcrumbList","@id":"https:\/\/luchonoticias.com\/editor\/procuraduria-confirmo-sancion-de-destitucion-e-inhabilidad-por-10-anos-contra-aida-merlano\/#breadcrumb","itemListElement":[{"@type":"ListItem","position":1,"name":"Portada","item":"https:\/\/luchonoticias.com\/editor\/"},{"@type":"ListItem","position":2,"name":"Procuradur\u00eda confirm\u00f3 sanci\u00f3n de destituci\u00f3n e inhabilidad por 10 a\u00f1os contra Aida Merlano"}]},{"@type":"WebSite","@id":"https:\/\/luchonoticias.com\/editor\/#website","url":"https:\/\/luchonoticias.com\/editor\/","name":"","description":"","publisher":{"@id":"https:\/\/luchonoticias.com\/editor\/#\/schema\/person\/7a7fd911f58561fd056dbac7b55af9cd"},"potentialAction":[{"@type":"SearchAction","target":{"@type":"EntryPoint","urlTemplate":"https:\/\/luchonoticias.com\/editor\/?s={search_term_string}"},"query-input":{"@type":"PropertyValueSpecification","valueRequired":true,"valueName":"search_term_string"}}],"inLanguage":"es"},{"@type":["Person","Organization"],"@id":"https:\/\/luchonoticias.com\/editor\/#\/schema\/person\/7a7fd911f58561fd056dbac7b55af9cd","name":"admin","image":{"@type":"ImageObject","inLanguage":"es","@id":"https:\/\/luchonoticias.com\/editor\/#\/schema\/person\/image\/","url":"https:\/\/luchonoticias.com\/editor\/wp-content\/uploads\/2024\/02\/cropped-cropped-logolu.webp","contentUrl":"https:\/\/luchonoticias.com\/editor\/wp-content\/uploads\/2024\/02\/cropped-cropped-logolu.webp","width":382,"height":170,"caption":"admin"},"logo":{"@id":"https:\/\/luchonoticias.com\/editor\/#\/schema\/person\/image\/"},"sameAs":["https:\/\/www.facebook.com\/luchonoticiasneiva"]},{"@type":"Person","@id":"https:\/\/luchonoticias.com\/editor\/#\/schema\/person\/29217990ddf6f14e35912b2866d591fb","name":"Editor General","image":{"@type":"ImageObject","inLanguage":"es","@id":"https:\/\/luchonoticias.com\/editor\/#\/schema\/person\/image\/","url":"https:\/\/luchonoticias.com\/editor\/wp-content\/uploads\/2024\/02\/cropped-cropped-logolu-150x150.webp","contentUrl":"https:\/\/luchonoticias.com\/editor\/wp-content\/uploads\/2024\/02\/cropped-cropped-logolu-150x150.webp","caption":"Editor General"},"sameAs":["https:\/\/luchonoticias.com\/"],"url":"https:\/\/luchonoticias.com\/editor\/author\/editor-general\/"}]}},"_links":{"self":[{"href":"https:\/\/luchonoticias.com\/editor\/wp-json\/wp\/v2\/posts\/44636","targetHints":{"allow":["GET"]}}],"collection":[{"href":"https:\/\/luchonoticias.com\/editor\/wp-json\/wp\/v2\/posts"}],"about":[{"href":"https:\/\/luchonoticias.com\/editor\/wp-json\/wp\/v2\/types\/post"}],"author":[{"embeddable":true,"href":"https:\/\/luchonoticias.com\/editor\/wp-json\/wp\/v2\/users\/2"}],"replies":[{"embeddable":true,"href":"https:\/\/luchonoticias.com\/editor\/wp-json\/wp\/v2\/comments?post=44636"}],"version-history":[{"count":0,"href":"https:\/\/luchonoticias.com\/editor\/wp-json\/wp\/v2\/posts\/44636\/revisions"}],"wp:attachment":[{"href":"https:\/\/luchonoticias.com\/editor\/wp-json\/wp\/v2\/media?parent=44636"}],"wp:term":[{"taxonomy":"category","embeddable":true,"href":"https:\/\/luchonoticias.com\/editor\/wp-json\/wp\/v2\/categories?post=44636"},{"taxonomy":"post_tag","embeddable":true,"href":"https:\/\/luchonoticias.com\/editor\/wp-json\/wp\/v2\/tags?post=44636"}],"curies":[{"name":"wp","href":"https:\/\/api.w.org\/{rel}","templated":true}]}}