{"id":44642,"date":"2023-01-21T04:18:09","date_gmt":"2023-01-21T09:18:09","guid":{"rendered":"https:\/\/luchonoticias.com\/?p=44642"},"modified":"2023-01-21T04:18:10","modified_gmt":"2023-01-21T09:18:10","slug":"petro-regresa-de-urgencia-a-colombia-para-consejo-extraordinario-en-narino","status":"publish","type":"post","link":"https:\/\/luchonoticias.com\/editor\/petro-regresa-de-urgencia-a-colombia-para-consejo-extraordinario-en-narino\/","title":{"rendered":"Petro regresa de urgencia a Colombia para consejo extraordinario en Nari\u00f1o"},"content":{"rendered":"\n<p>El Presidente Gustavo Petro mediante una publicaci\u00f3n en Twitter, inform\u00f3 que este s\u00e1bado&nbsp; se convoc\u00f3 a un Consejo de Ministros Extraordinario en el municipio de Ipiales-Nari\u00f1o, con el objetivo de atender la situaci\u00f3n del suroccidente del pa\u00eds.<\/p>\n\n\n\n<p>\u201cConvoqu\u00e9 un Consejo de Ministros extraordinario en Ipiales, Nari\u00f1o, para atender la situaci\u00f3n del suroccidente del pa\u00eds. Regreso de inmediato a Colombia\u201d, dijo en Twitter.<\/p>\n\n\n\n<p>El sur del pa\u00eds ha sido escenario en las \u00faltimas semanas de varios desprendimientos de tierra provocados por las fuertes lluvias y que han supuesto el cierre total de la v\u00eda Panamericana desde hace once d\u00edas tras el alud registrado en el municipio de Rosas, en el departamento del Cauca.<\/p>\n\n\n\n<p>En la visita del Presidente Petro, se podr\u00eda tener en consideraci\u00f3n las solicitudes que hicieron con anterioridad las C\u00e1maras de Comercio de Nari\u00f1o y el gobernador Jhon Rojas; en el sentido de que el gobierno declare&nbsp; la emergencia&nbsp; econ\u00f3mica, social y ambiental en el departamento, y as\u00ed poder disponer f\u00e1cilmente de recursos&nbsp; econ\u00f3micos y otro tipo de acciones para enfrentar la actual emergencia natural que bloque\u00f3 la v\u00eda panamericana que conecta a los departamentos de Cauca y Nari\u00f1o con el interior del Pa\u00eds.<\/p>\n","protected":false},"excerpt":{"rendered":"<p>El Presidente Gustavo Petro mediante una publicaci\u00f3n en Twitter, inform\u00f3 que este s\u00e1bado&nbsp; se convoc\u00f3 a un Consejo de Ministros Extraordinario en el municipio de Ipiales-Nari\u00f1o, con el objetivo de atender la situaci\u00f3n del suroccidente del pa\u00eds. \u201cConvoqu\u00e9 un Consejo de Ministros extraordinario en Ipiales, Nari\u00f1o, para atender la situaci\u00f3n del suroccidente del pa\u00eds. Regreso [&hellip;]<\/p>\n","protected":false},"author":2,"featured_media":0,"comment_status":"open","ping_status":"open","sticky":false,"template":"","format":"standard","meta":{"footnotes":""},"categories":[36,32],"tags":[],"class_list":["post-44642","post","type-post","status-publish","format-standard","hentry","category-destacado","category-nacional"],"yoast_head":"<!-- This site is optimized with the Yoast SEO plugin v26.6 - https:\/\/yoast.com\/wordpress\/plugins\/seo\/ -->\n<title>Petro regresa de urgencia a Colombia para consejo extraordinario en Nari\u00f1o -<\/title>\n<meta name=\"robots\" content=\"index, follow, max-snippet:-1, max-image-preview:large, max-video-preview:-1\" \/>\n<link rel=\"canonical\" href=\"https:\/\/luchonoticias.com\/editor\/petro-regresa-de-urgencia-a-colombia-para-consejo-extraordinario-en-narino\/\" \/>\n<meta property=\"og:locale\" content=\"es_ES\" \/>\n<meta property=\"og:type\" content=\"article\" \/>\n<meta property=\"og:title\" content=\"Petro regresa de urgencia a Colombia para consejo extraordinario en Nari\u00f1o -\" \/>\n<meta property=\"og:url\" content=\"https:\/\/luchonoticias.com\/editor\/petro-regresa-de-urgencia-a-colombia-para-consejo-extraordinario-en-narino\/\" \/>\n<meta property=\"article:publisher\" content=\"https:\/\/www.facebook.com\/luchonoticiasneiva\" \/>\n<meta property=\"article:published_time\" content=\"2023-01-21T09:18:09+00:00\" \/>\n<meta property=\"article:modified_time\" content=\"2023-01-21T09:18:10+00:00\" \/>\n<meta name=\"author\" content=\"Editor General\" \/>\n<meta name=\"twitter:card\" content=\"summary_large_image\" \/>\n<meta name=\"twitter:label1\" content=\"Escrito por\" \/>\n\t<meta name=\"twitter:data1\" content=\"Editor General\" \/>\n\t<meta name=\"twitter:label2\" content=\"Tiempo de lectura\" \/>\n\t<meta name=\"twitter:data2\" content=\"1 minuto\" \/>\n<script type=\"application\/ld+json\" class=\"yoast-schema-graph\">{\"@context\":\"https:\/\/schema.org\",\"@graph\":[{\"@type\":\"Article\",\"@id\":\"https:\/\/luchonoticias.com\/editor\/petro-regresa-de-urgencia-a-colombia-para-consejo-extraordinario-en-narino\/#article\",\"isPartOf\":{\"@id\":\"https:\/\/luchonoticias.com\/editor\/petro-regresa-de-urgencia-a-colombia-para-consejo-extraordinario-en-narino\/\"},\"author\":{\"name\":\"Editor General\",\"@id\":\"https:\/\/luchonoticias.com\/editor\/#\/schema\/person\/29217990ddf6f14e35912b2866d591fb\"},\"headline\":\"Petro regresa de urgencia a Colombia para consejo extraordinario en Nari\u00f1o\",\"datePublished\":\"2023-01-21T09:18:09+00:00\",\"dateModified\":\"2023-01-21T09:18:10+00:00\",\"mainEntityOfPage\":{\"@id\":\"https:\/\/luchonoticias.com\/editor\/petro-regresa-de-urgencia-a-colombia-para-consejo-extraordinario-en-narino\/\"},\"wordCount\":232,\"commentCount\":0,\"publisher\":{\"@id\":\"https:\/\/luchonoticias.com\/editor\/#\/schema\/person\/7a7fd911f58561fd056dbac7b55af9cd\"},\"articleSection\":[\"Destacado\",\"Nacional\"],\"inLanguage\":\"es\",\"potentialAction\":[{\"@type\":\"CommentAction\",\"name\":\"Comment\",\"target\":[\"https:\/\/luchonoticias.com\/editor\/petro-regresa-de-urgencia-a-colombia-para-consejo-extraordinario-en-narino\/#respond\"]}]},{\"@type\":\"WebPage\",\"@id\":\"https:\/\/luchonoticias.com\/editor\/petro-regresa-de-urgencia-a-colombia-para-consejo-extraordinario-en-narino\/\",\"url\":\"https:\/\/luchonoticias.com\/editor\/petro-regresa-de-urgencia-a-colombia-para-consejo-extraordinario-en-narino\/\",\"name\":\"Petro regresa de urgencia a Colombia para consejo extraordinario en Nari\u00f1o -\",\"isPartOf\":{\"@id\":\"https:\/\/luchonoticias.com\/editor\/#website\"},\"datePublished\":\"2023-01-21T09:18:09+00:00\",\"dateModified\":\"2023-01-21T09:18:10+00:00\",\"breadcrumb\":{\"@id\":\"https:\/\/luchonoticias.com\/editor\/petro-regresa-de-urgencia-a-colombia-para-consejo-extraordinario-en-narino\/#breadcrumb\"},\"inLanguage\":\"es\",\"potentialAction\":[{\"@type\":\"ReadAction\",\"target\":[\"https:\/\/luchonoticias.com\/editor\/petro-regresa-de-urgencia-a-colombia-para-consejo-extraordinario-en-narino\/\"]}]},{\"@type\":\"BreadcrumbList\",\"@id\":\"https:\/\/luchonoticias.com\/editor\/petro-regresa-de-urgencia-a-colombia-para-consejo-extraordinario-en-narino\/#breadcrumb\",\"itemListElement\":[{\"@type\":\"ListItem\",\"position\":1,\"name\":\"Portada\",\"item\":\"https:\/\/luchonoticias.com\/editor\/\"},{\"@type\":\"ListItem\",\"position\":2,\"name\":\"Petro regresa de urgencia a Colombia para consejo extraordinario en Nari\u00f1o\"}]},{\"@type\":\"WebSite\",\"@id\":\"https:\/\/luchonoticias.com\/editor\/#website\",\"url\":\"https:\/\/luchonoticias.com\/editor\/\",\"name\":\"\",\"description\":\"\",\"publisher\":{\"@id\":\"https:\/\/luchonoticias.com\/editor\/#\/schema\/person\/7a7fd911f58561fd056dbac7b55af9cd\"},\"potentialAction\":[{\"@type\":\"SearchAction\",\"target\":{\"@type\":\"EntryPoint\",\"urlTemplate\":\"https:\/\/luchonoticias.com\/editor\/?s={search_term_string}\"},\"query-input\":{\"@type\":\"PropertyValueSpecification\",\"valueRequired\":true,\"valueName\":\"search_term_string\"}}],\"inLanguage\":\"es\"},{\"@type\":[\"Person\",\"Organization\"],\"@id\":\"https:\/\/luchonoticias.com\/editor\/#\/schema\/person\/7a7fd911f58561fd056dbac7b55af9cd\",\"name\":\"admin\",\"image\":{\"@type\":\"ImageObject\",\"inLanguage\":\"es\",\"@id\":\"https:\/\/luchonoticias.com\/editor\/#\/schema\/person\/image\/\",\"url\":\"https:\/\/luchonoticias.com\/editor\/wp-content\/uploads\/2024\/02\/cropped-cropped-logolu.webp\",\"contentUrl\":\"https:\/\/luchonoticias.com\/editor\/wp-content\/uploads\/2024\/02\/cropped-cropped-logolu.webp\",\"width\":382,\"height\":170,\"caption\":\"admin\"},\"logo\":{\"@id\":\"https:\/\/luchonoticias.com\/editor\/#\/schema\/person\/image\/\"},\"sameAs\":[\"https:\/\/www.facebook.com\/luchonoticiasneiva\"]},{\"@type\":\"Person\",\"@id\":\"https:\/\/luchonoticias.com\/editor\/#\/schema\/person\/29217990ddf6f14e35912b2866d591fb\",\"name\":\"Editor General\",\"image\":{\"@type\":\"ImageObject\",\"inLanguage\":\"es\",\"@id\":\"https:\/\/luchonoticias.com\/editor\/#\/schema\/person\/image\/\",\"url\":\"https:\/\/luchonoticias.com\/editor\/wp-content\/uploads\/2024\/02\/cropped-cropped-logolu-150x150.webp\",\"contentUrl\":\"https:\/\/luchonoticias.com\/editor\/wp-content\/uploads\/2024\/02\/cropped-cropped-logolu-150x150.webp\",\"caption\":\"Editor General\"},\"sameAs\":[\"https:\/\/luchonoticias.com\/\"],\"url\":\"https:\/\/luchonoticias.com\/editor\/author\/editor-general\/\"}]}<\/script>\n<!-- \/ Yoast SEO plugin. -->","yoast_head_json":{"title":"Petro regresa de urgencia a Colombia para consejo extraordinario en Nari\u00f1o -","robots":{"index":"index","follow":"follow","max-snippet":"max-snippet:-1","max-image-preview":"max-image-preview:large","max-video-preview":"max-video-preview:-1"},"canonical":"https:\/\/luchonoticias.com\/editor\/petro-regresa-de-urgencia-a-colombia-para-consejo-extraordinario-en-narino\/","og_locale":"es_ES","og_type":"article","og_title":"Petro regresa de urgencia a Colombia para consejo extraordinario en Nari\u00f1o -","og_url":"https:\/\/luchonoticias.com\/editor\/petro-regresa-de-urgencia-a-colombia-para-consejo-extraordinario-en-narino\/","article_publisher":"https:\/\/www.facebook.com\/luchonoticiasneiva","article_published_time":"2023-01-21T09:18:09+00:00","article_modified_time":"2023-01-21T09:18:10+00:00","author":"Editor General","twitter_card":"summary_large_image","twitter_misc":{"Escrito por":"Editor General","Tiempo de lectura":"1 minuto"},"schema":{"@context":"https:\/\/schema.org","@graph":[{"@type":"Article","@id":"https:\/\/luchonoticias.com\/editor\/petro-regresa-de-urgencia-a-colombia-para-consejo-extraordinario-en-narino\/#article","isPartOf":{"@id":"https:\/\/luchonoticias.com\/editor\/petro-regresa-de-urgencia-a-colombia-para-consejo-extraordinario-en-narino\/"},"author":{"name":"Editor General","@id":"https:\/\/luchonoticias.com\/editor\/#\/schema\/person\/29217990ddf6f14e35912b2866d591fb"},"headline":"Petro regresa de urgencia a Colombia para consejo extraordinario en Nari\u00f1o","datePublished":"2023-01-21T09:18:09+00:00","dateModified":"2023-01-21T09:18:10+00:00","mainEntityOfPage":{"@id":"https:\/\/luchonoticias.com\/editor\/petro-regresa-de-urgencia-a-colombia-para-consejo-extraordinario-en-narino\/"},"wordCount":232,"commentCount":0,"publisher":{"@id":"https:\/\/luchonoticias.com\/editor\/#\/schema\/person\/7a7fd911f58561fd056dbac7b55af9cd"},"articleSection":["Destacado","Nacional"],"inLanguage":"es","potentialAction":[{"@type":"CommentAction","name":"Comment","target":["https:\/\/luchonoticias.com\/editor\/petro-regresa-de-urgencia-a-colombia-para-consejo-extraordinario-en-narino\/#respond"]}]},{"@type":"WebPage","@id":"https:\/\/luchonoticias.com\/editor\/petro-regresa-de-urgencia-a-colombia-para-consejo-extraordinario-en-narino\/","url":"https:\/\/luchonoticias.com\/editor\/petro-regresa-de-urgencia-a-colombia-para-consejo-extraordinario-en-narino\/","name":"Petro regresa de urgencia a Colombia para consejo extraordinario en Nari\u00f1o -","isPartOf":{"@id":"https:\/\/luchonoticias.com\/editor\/#website"},"datePublished":"2023-01-21T09:18:09+00:00","dateModified":"2023-01-21T09:18:10+00:00","breadcrumb":{"@id":"https:\/\/luchonoticias.com\/editor\/petro-regresa-de-urgencia-a-colombia-para-consejo-extraordinario-en-narino\/#breadcrumb"},"inLanguage":"es","potentialAction":[{"@type":"ReadAction","target":["https:\/\/luchonoticias.com\/editor\/petro-regresa-de-urgencia-a-colombia-para-consejo-extraordinario-en-narino\/"]}]},{"@type":"BreadcrumbList","@id":"https:\/\/luchonoticias.com\/editor\/petro-regresa-de-urgencia-a-colombia-para-consejo-extraordinario-en-narino\/#breadcrumb","itemListElement":[{"@type":"ListItem","position":1,"name":"Portada","item":"https:\/\/luchonoticias.com\/editor\/"},{"@type":"ListItem","position":2,"name":"Petro regresa de urgencia a Colombia para consejo extraordinario en Nari\u00f1o"}]},{"@type":"WebSite","@id":"https:\/\/luchonoticias.com\/editor\/#website","url":"https:\/\/luchonoticias.com\/editor\/","name":"","description":"","publisher":{"@id":"https:\/\/luchonoticias.com\/editor\/#\/schema\/person\/7a7fd911f58561fd056dbac7b55af9cd"},"potentialAction":[{"@type":"SearchAction","target":{"@type":"EntryPoint","urlTemplate":"https:\/\/luchonoticias.com\/editor\/?s={search_term_string}"},"query-input":{"@type":"PropertyValueSpecification","valueRequired":true,"valueName":"search_term_string"}}],"inLanguage":"es"},{"@type":["Person","Organization"],"@id":"https:\/\/luchonoticias.com\/editor\/#\/schema\/person\/7a7fd911f58561fd056dbac7b55af9cd","name":"admin","image":{"@type":"ImageObject","inLanguage":"es","@id":"https:\/\/luchonoticias.com\/editor\/#\/schema\/person\/image\/","url":"https:\/\/luchonoticias.com\/editor\/wp-content\/uploads\/2024\/02\/cropped-cropped-logolu.webp","contentUrl":"https:\/\/luchonoticias.com\/editor\/wp-content\/uploads\/2024\/02\/cropped-cropped-logolu.webp","width":382,"height":170,"caption":"admin"},"logo":{"@id":"https:\/\/luchonoticias.com\/editor\/#\/schema\/person\/image\/"},"sameAs":["https:\/\/www.facebook.com\/luchonoticiasneiva"]},{"@type":"Person","@id":"https:\/\/luchonoticias.com\/editor\/#\/schema\/person\/29217990ddf6f14e35912b2866d591fb","name":"Editor General","image":{"@type":"ImageObject","inLanguage":"es","@id":"https:\/\/luchonoticias.com\/editor\/#\/schema\/person\/image\/","url":"https:\/\/luchonoticias.com\/editor\/wp-content\/uploads\/2024\/02\/cropped-cropped-logolu-150x150.webp","contentUrl":"https:\/\/luchonoticias.com\/editor\/wp-content\/uploads\/2024\/02\/cropped-cropped-logolu-150x150.webp","caption":"Editor General"},"sameAs":["https:\/\/luchonoticias.com\/"],"url":"https:\/\/luchonoticias.com\/editor\/author\/editor-general\/"}]}},"_links":{"self":[{"href":"https:\/\/luchonoticias.com\/editor\/wp-json\/wp\/v2\/posts\/44642","targetHints":{"allow":["GET"]}}],"collection":[{"href":"https:\/\/luchonoticias.com\/editor\/wp-json\/wp\/v2\/posts"}],"about":[{"href":"https:\/\/luchonoticias.com\/editor\/wp-json\/wp\/v2\/types\/post"}],"author":[{"embeddable":true,"href":"https:\/\/luchonoticias.com\/editor\/wp-json\/wp\/v2\/users\/2"}],"replies":[{"embeddable":true,"href":"https:\/\/luchonoticias.com\/editor\/wp-json\/wp\/v2\/comments?post=44642"}],"version-history":[{"count":0,"href":"https:\/\/luchonoticias.com\/editor\/wp-json\/wp\/v2\/posts\/44642\/revisions"}],"wp:attachment":[{"href":"https:\/\/luchonoticias.com\/editor\/wp-json\/wp\/v2\/media?parent=44642"}],"wp:term":[{"taxonomy":"category","embeddable":true,"href":"https:\/\/luchonoticias.com\/editor\/wp-json\/wp\/v2\/categories?post=44642"},{"taxonomy":"post_tag","embeddable":true,"href":"https:\/\/luchonoticias.com\/editor\/wp-json\/wp\/v2\/tags?post=44642"}],"curies":[{"name":"wp","href":"https:\/\/api.w.org\/{rel}","templated":true}]}}