{"id":44648,"date":"2023-01-21T08:35:47","date_gmt":"2023-01-21T13:35:47","guid":{"rendered":"https:\/\/luchonoticias.com\/?p=44648"},"modified":"2023-01-21T08:35:48","modified_gmt":"2023-01-21T13:35:48","slug":"colombia-recibe-a-peru-en-el-suramericano-sub-20","status":"publish","type":"post","link":"https:\/\/luchonoticias.com\/editor\/colombia-recibe-a-peru-en-el-suramericano-sub-20\/","title":{"rendered":"Colombia recibe a Per\u00fa en el Suramericano sub &#8211; 20"},"content":{"rendered":"\n<p>Despu\u00e9s del empate en el debut frente a Paraguay, la&nbsp;<strong>Selecci\u00f3n Colombia Sub 20 qued\u00f3 lista&nbsp;<\/strong>para su siguiente reto en el Suramericano que ser\u00e1 esta noche ante Per\u00fa.<\/p>\n\n\n\n<p>El d\u00eda posterior al partido que marc\u00f3 el inicio para la \u201camarilla\u201d en el campeonato, se dividi\u00f3 en&nbsp;<strong>un trabajo de recuperaci\u00f3n en horas de la ma\u00f1ana y movilidad en la tarde,<\/strong>&nbsp;cuando visitaron el campo de entrenamiento del Am\u00e9rica de Cali, en Cascajal.<\/p>\n\n\n\n<p>\u201c<strong>No es f\u00e1cil ese primer partido en este tipo de torneos,&nbsp;<\/strong>eso lo tenemos claro y por eso sabemos que cosas como est\u00e1s pasan. Esperamos que nos sigan acompa\u00f1ando en este camino, que el p\u00fablico siga asistiendo al estadio y nos apoyen, estamos jugando de local y eso es fundamental\u201d, expres\u00f3 Juan Carlos Ram\u00edrez, asistente t\u00e9cnico del equipo.<\/p>\n\n\n\n<p>Por su parte Juan Castilla, jugador del Houston Dynamo, quien ingres\u00f3 al partido en el segundo tiempo, manifest\u00f3, \u201c<strong>Ya nosotros estamos pensando en Per\u00fa,<\/strong>&nbsp;es nuestro pr\u00f3ximo rival y all\u00ed tenemos que estar concentrados. Los enfrentamos en unos amistosos hace poco, pero nosotros ahora estamos m\u00e1s unidos como familia, hemos trabajado m\u00e1s y estamos m\u00e1s consolidados como equipo\u201d.<\/p>\n\n\n\n<p>La Selecci\u00f3n Colombia Sub 20 jugar\u00e1 este s\u00e1bado a las 6:30 de la tarde, en el Pascual Guerrero.<\/p>\n\n\n\n<p>Con informaci\u00f3n y foto de la Federaci\u00f3n Colombiana de F\u00fatbol.<\/p>\n","protected":false},"excerpt":{"rendered":"<p>Despu\u00e9s del empate en el debut frente a Paraguay, la&nbsp;Selecci\u00f3n Colombia Sub 20 qued\u00f3 lista&nbsp;para su siguiente reto en el Suramericano que ser\u00e1 esta noche ante Per\u00fa. El d\u00eda posterior al partido que marc\u00f3 el inicio para la \u201camarilla\u201d en el campeonato, se dividi\u00f3 en&nbsp;un trabajo de recuperaci\u00f3n en horas de la ma\u00f1ana y movilidad [&hellip;]<\/p>\n","protected":false},"author":2,"featured_media":0,"comment_status":"open","ping_status":"open","sticky":false,"template":"","format":"standard","meta":{"footnotes":""},"categories":[34],"tags":[],"class_list":["post-44648","post","type-post","status-publish","format-standard","hentry","category-deportes"],"yoast_head":"<!-- This site is optimized with the Yoast SEO plugin v26.6 - https:\/\/yoast.com\/wordpress\/plugins\/seo\/ -->\n<title>Colombia recibe a Per\u00fa en el Suramericano sub - 20 -<\/title>\n<meta name=\"robots\" content=\"index, follow, max-snippet:-1, max-image-preview:large, max-video-preview:-1\" \/>\n<link rel=\"canonical\" href=\"https:\/\/luchonoticias.com\/editor\/colombia-recibe-a-peru-en-el-suramericano-sub-20\/\" \/>\n<meta property=\"og:locale\" content=\"es_ES\" \/>\n<meta property=\"og:type\" content=\"article\" \/>\n<meta property=\"og:title\" content=\"Colombia recibe a Per\u00fa en el Suramericano sub - 20 -\" \/>\n<meta property=\"og:url\" content=\"https:\/\/luchonoticias.com\/editor\/colombia-recibe-a-peru-en-el-suramericano-sub-20\/\" \/>\n<meta property=\"article:publisher\" content=\"https:\/\/www.facebook.com\/luchonoticiasneiva\" \/>\n<meta property=\"article:published_time\" content=\"2023-01-21T13:35:47+00:00\" \/>\n<meta property=\"article:modified_time\" content=\"2023-01-21T13:35:48+00:00\" \/>\n<meta name=\"author\" content=\"Editor General\" \/>\n<meta name=\"twitter:card\" content=\"summary_large_image\" \/>\n<meta name=\"twitter:label1\" content=\"Escrito por\" \/>\n\t<meta name=\"twitter:data1\" content=\"Editor General\" \/>\n\t<meta name=\"twitter:label2\" content=\"Tiempo de lectura\" \/>\n\t<meta name=\"twitter:data2\" content=\"1 minuto\" \/>\n<script type=\"application\/ld+json\" class=\"yoast-schema-graph\">{\"@context\":\"https:\/\/schema.org\",\"@graph\":[{\"@type\":\"Article\",\"@id\":\"https:\/\/luchonoticias.com\/editor\/colombia-recibe-a-peru-en-el-suramericano-sub-20\/#article\",\"isPartOf\":{\"@id\":\"https:\/\/luchonoticias.com\/editor\/colombia-recibe-a-peru-en-el-suramericano-sub-20\/\"},\"author\":{\"name\":\"Editor General\",\"@id\":\"https:\/\/luchonoticias.com\/editor\/#\/schema\/person\/29217990ddf6f14e35912b2866d591fb\"},\"headline\":\"Colombia recibe a Per\u00fa en el Suramericano sub &#8211; 20\",\"datePublished\":\"2023-01-21T13:35:47+00:00\",\"dateModified\":\"2023-01-21T13:35:48+00:00\",\"mainEntityOfPage\":{\"@id\":\"https:\/\/luchonoticias.com\/editor\/colombia-recibe-a-peru-en-el-suramericano-sub-20\/\"},\"wordCount\":250,\"commentCount\":0,\"publisher\":{\"@id\":\"https:\/\/luchonoticias.com\/editor\/#\/schema\/person\/7a7fd911f58561fd056dbac7b55af9cd\"},\"articleSection\":[\"Deportes\"],\"inLanguage\":\"es\",\"potentialAction\":[{\"@type\":\"CommentAction\",\"name\":\"Comment\",\"target\":[\"https:\/\/luchonoticias.com\/editor\/colombia-recibe-a-peru-en-el-suramericano-sub-20\/#respond\"]}]},{\"@type\":\"WebPage\",\"@id\":\"https:\/\/luchonoticias.com\/editor\/colombia-recibe-a-peru-en-el-suramericano-sub-20\/\",\"url\":\"https:\/\/luchonoticias.com\/editor\/colombia-recibe-a-peru-en-el-suramericano-sub-20\/\",\"name\":\"Colombia recibe a Per\u00fa en el Suramericano sub - 20 -\",\"isPartOf\":{\"@id\":\"https:\/\/luchonoticias.com\/editor\/#website\"},\"datePublished\":\"2023-01-21T13:35:47+00:00\",\"dateModified\":\"2023-01-21T13:35:48+00:00\",\"breadcrumb\":{\"@id\":\"https:\/\/luchonoticias.com\/editor\/colombia-recibe-a-peru-en-el-suramericano-sub-20\/#breadcrumb\"},\"inLanguage\":\"es\",\"potentialAction\":[{\"@type\":\"ReadAction\",\"target\":[\"https:\/\/luchonoticias.com\/editor\/colombia-recibe-a-peru-en-el-suramericano-sub-20\/\"]}]},{\"@type\":\"BreadcrumbList\",\"@id\":\"https:\/\/luchonoticias.com\/editor\/colombia-recibe-a-peru-en-el-suramericano-sub-20\/#breadcrumb\",\"itemListElement\":[{\"@type\":\"ListItem\",\"position\":1,\"name\":\"Portada\",\"item\":\"https:\/\/luchonoticias.com\/editor\/\"},{\"@type\":\"ListItem\",\"position\":2,\"name\":\"Colombia recibe a Per\u00fa en el Suramericano sub &#8211; 20\"}]},{\"@type\":\"WebSite\",\"@id\":\"https:\/\/luchonoticias.com\/editor\/#website\",\"url\":\"https:\/\/luchonoticias.com\/editor\/\",\"name\":\"\",\"description\":\"\",\"publisher\":{\"@id\":\"https:\/\/luchonoticias.com\/editor\/#\/schema\/person\/7a7fd911f58561fd056dbac7b55af9cd\"},\"potentialAction\":[{\"@type\":\"SearchAction\",\"target\":{\"@type\":\"EntryPoint\",\"urlTemplate\":\"https:\/\/luchonoticias.com\/editor\/?s={search_term_string}\"},\"query-input\":{\"@type\":\"PropertyValueSpecification\",\"valueRequired\":true,\"valueName\":\"search_term_string\"}}],\"inLanguage\":\"es\"},{\"@type\":[\"Person\",\"Organization\"],\"@id\":\"https:\/\/luchonoticias.com\/editor\/#\/schema\/person\/7a7fd911f58561fd056dbac7b55af9cd\",\"name\":\"admin\",\"image\":{\"@type\":\"ImageObject\",\"inLanguage\":\"es\",\"@id\":\"https:\/\/luchonoticias.com\/editor\/#\/schema\/person\/image\/\",\"url\":\"https:\/\/luchonoticias.com\/editor\/wp-content\/uploads\/2024\/02\/cropped-cropped-logolu.webp\",\"contentUrl\":\"https:\/\/luchonoticias.com\/editor\/wp-content\/uploads\/2024\/02\/cropped-cropped-logolu.webp\",\"width\":382,\"height\":170,\"caption\":\"admin\"},\"logo\":{\"@id\":\"https:\/\/luchonoticias.com\/editor\/#\/schema\/person\/image\/\"},\"sameAs\":[\"https:\/\/www.facebook.com\/luchonoticiasneiva\"]},{\"@type\":\"Person\",\"@id\":\"https:\/\/luchonoticias.com\/editor\/#\/schema\/person\/29217990ddf6f14e35912b2866d591fb\",\"name\":\"Editor General\",\"image\":{\"@type\":\"ImageObject\",\"inLanguage\":\"es\",\"@id\":\"https:\/\/luchonoticias.com\/editor\/#\/schema\/person\/image\/\",\"url\":\"https:\/\/luchonoticias.com\/editor\/wp-content\/uploads\/2024\/02\/cropped-cropped-logolu-150x150.webp\",\"contentUrl\":\"https:\/\/luchonoticias.com\/editor\/wp-content\/uploads\/2024\/02\/cropped-cropped-logolu-150x150.webp\",\"caption\":\"Editor General\"},\"sameAs\":[\"https:\/\/luchonoticias.com\/\"],\"url\":\"https:\/\/luchonoticias.com\/editor\/author\/editor-general\/\"}]}<\/script>\n<!-- \/ Yoast SEO plugin. -->","yoast_head_json":{"title":"Colombia recibe a Per\u00fa en el Suramericano sub - 20 -","robots":{"index":"index","follow":"follow","max-snippet":"max-snippet:-1","max-image-preview":"max-image-preview:large","max-video-preview":"max-video-preview:-1"},"canonical":"https:\/\/luchonoticias.com\/editor\/colombia-recibe-a-peru-en-el-suramericano-sub-20\/","og_locale":"es_ES","og_type":"article","og_title":"Colombia recibe a Per\u00fa en el Suramericano sub - 20 -","og_url":"https:\/\/luchonoticias.com\/editor\/colombia-recibe-a-peru-en-el-suramericano-sub-20\/","article_publisher":"https:\/\/www.facebook.com\/luchonoticiasneiva","article_published_time":"2023-01-21T13:35:47+00:00","article_modified_time":"2023-01-21T13:35:48+00:00","author":"Editor General","twitter_card":"summary_large_image","twitter_misc":{"Escrito por":"Editor General","Tiempo de lectura":"1 minuto"},"schema":{"@context":"https:\/\/schema.org","@graph":[{"@type":"Article","@id":"https:\/\/luchonoticias.com\/editor\/colombia-recibe-a-peru-en-el-suramericano-sub-20\/#article","isPartOf":{"@id":"https:\/\/luchonoticias.com\/editor\/colombia-recibe-a-peru-en-el-suramericano-sub-20\/"},"author":{"name":"Editor General","@id":"https:\/\/luchonoticias.com\/editor\/#\/schema\/person\/29217990ddf6f14e35912b2866d591fb"},"headline":"Colombia recibe a Per\u00fa en el Suramericano sub &#8211; 20","datePublished":"2023-01-21T13:35:47+00:00","dateModified":"2023-01-21T13:35:48+00:00","mainEntityOfPage":{"@id":"https:\/\/luchonoticias.com\/editor\/colombia-recibe-a-peru-en-el-suramericano-sub-20\/"},"wordCount":250,"commentCount":0,"publisher":{"@id":"https:\/\/luchonoticias.com\/editor\/#\/schema\/person\/7a7fd911f58561fd056dbac7b55af9cd"},"articleSection":["Deportes"],"inLanguage":"es","potentialAction":[{"@type":"CommentAction","name":"Comment","target":["https:\/\/luchonoticias.com\/editor\/colombia-recibe-a-peru-en-el-suramericano-sub-20\/#respond"]}]},{"@type":"WebPage","@id":"https:\/\/luchonoticias.com\/editor\/colombia-recibe-a-peru-en-el-suramericano-sub-20\/","url":"https:\/\/luchonoticias.com\/editor\/colombia-recibe-a-peru-en-el-suramericano-sub-20\/","name":"Colombia recibe a Per\u00fa en el Suramericano sub - 20 -","isPartOf":{"@id":"https:\/\/luchonoticias.com\/editor\/#website"},"datePublished":"2023-01-21T13:35:47+00:00","dateModified":"2023-01-21T13:35:48+00:00","breadcrumb":{"@id":"https:\/\/luchonoticias.com\/editor\/colombia-recibe-a-peru-en-el-suramericano-sub-20\/#breadcrumb"},"inLanguage":"es","potentialAction":[{"@type":"ReadAction","target":["https:\/\/luchonoticias.com\/editor\/colombia-recibe-a-peru-en-el-suramericano-sub-20\/"]}]},{"@type":"BreadcrumbList","@id":"https:\/\/luchonoticias.com\/editor\/colombia-recibe-a-peru-en-el-suramericano-sub-20\/#breadcrumb","itemListElement":[{"@type":"ListItem","position":1,"name":"Portada","item":"https:\/\/luchonoticias.com\/editor\/"},{"@type":"ListItem","position":2,"name":"Colombia recibe a Per\u00fa en el Suramericano sub &#8211; 20"}]},{"@type":"WebSite","@id":"https:\/\/luchonoticias.com\/editor\/#website","url":"https:\/\/luchonoticias.com\/editor\/","name":"","description":"","publisher":{"@id":"https:\/\/luchonoticias.com\/editor\/#\/schema\/person\/7a7fd911f58561fd056dbac7b55af9cd"},"potentialAction":[{"@type":"SearchAction","target":{"@type":"EntryPoint","urlTemplate":"https:\/\/luchonoticias.com\/editor\/?s={search_term_string}"},"query-input":{"@type":"PropertyValueSpecification","valueRequired":true,"valueName":"search_term_string"}}],"inLanguage":"es"},{"@type":["Person","Organization"],"@id":"https:\/\/luchonoticias.com\/editor\/#\/schema\/person\/7a7fd911f58561fd056dbac7b55af9cd","name":"admin","image":{"@type":"ImageObject","inLanguage":"es","@id":"https:\/\/luchonoticias.com\/editor\/#\/schema\/person\/image\/","url":"https:\/\/luchonoticias.com\/editor\/wp-content\/uploads\/2024\/02\/cropped-cropped-logolu.webp","contentUrl":"https:\/\/luchonoticias.com\/editor\/wp-content\/uploads\/2024\/02\/cropped-cropped-logolu.webp","width":382,"height":170,"caption":"admin"},"logo":{"@id":"https:\/\/luchonoticias.com\/editor\/#\/schema\/person\/image\/"},"sameAs":["https:\/\/www.facebook.com\/luchonoticiasneiva"]},{"@type":"Person","@id":"https:\/\/luchonoticias.com\/editor\/#\/schema\/person\/29217990ddf6f14e35912b2866d591fb","name":"Editor General","image":{"@type":"ImageObject","inLanguage":"es","@id":"https:\/\/luchonoticias.com\/editor\/#\/schema\/person\/image\/","url":"https:\/\/luchonoticias.com\/editor\/wp-content\/uploads\/2024\/02\/cropped-cropped-logolu-150x150.webp","contentUrl":"https:\/\/luchonoticias.com\/editor\/wp-content\/uploads\/2024\/02\/cropped-cropped-logolu-150x150.webp","caption":"Editor General"},"sameAs":["https:\/\/luchonoticias.com\/"],"url":"https:\/\/luchonoticias.com\/editor\/author\/editor-general\/"}]}},"_links":{"self":[{"href":"https:\/\/luchonoticias.com\/editor\/wp-json\/wp\/v2\/posts\/44648","targetHints":{"allow":["GET"]}}],"collection":[{"href":"https:\/\/luchonoticias.com\/editor\/wp-json\/wp\/v2\/posts"}],"about":[{"href":"https:\/\/luchonoticias.com\/editor\/wp-json\/wp\/v2\/types\/post"}],"author":[{"embeddable":true,"href":"https:\/\/luchonoticias.com\/editor\/wp-json\/wp\/v2\/users\/2"}],"replies":[{"embeddable":true,"href":"https:\/\/luchonoticias.com\/editor\/wp-json\/wp\/v2\/comments?post=44648"}],"version-history":[{"count":0,"href":"https:\/\/luchonoticias.com\/editor\/wp-json\/wp\/v2\/posts\/44648\/revisions"}],"wp:attachment":[{"href":"https:\/\/luchonoticias.com\/editor\/wp-json\/wp\/v2\/media?parent=44648"}],"wp:term":[{"taxonomy":"category","embeddable":true,"href":"https:\/\/luchonoticias.com\/editor\/wp-json\/wp\/v2\/categories?post=44648"},{"taxonomy":"post_tag","embeddable":true,"href":"https:\/\/luchonoticias.com\/editor\/wp-json\/wp\/v2\/tags?post=44648"}],"curies":[{"name":"wp","href":"https:\/\/api.w.org\/{rel}","templated":true}]}}