{"id":44654,"date":"2023-01-21T09:16:39","date_gmt":"2023-01-21T14:16:39","guid":{"rendered":"https:\/\/luchonoticias.com\/?p=44654"},"modified":"2023-01-21T09:16:40","modified_gmt":"2023-01-21T14:16:40","slug":"listo-el-afiche-oficial-de-las-fiestas-del-san-pedro","status":"publish","type":"post","link":"https:\/\/luchonoticias.com\/editor\/listo-el-afiche-oficial-de-las-fiestas-del-san-pedro\/","title":{"rendered":"Listo el afiche oficial de las fiestas del San Pedro"},"content":{"rendered":"\n<p><strong>\u201cLa grandeza de nuestro folclor\u201d<\/strong>, la propuesta del arquitecto y artista neivano Germ\u00e1n David Camacho, fue&nbsp;<strong>escogida como ganadora<\/strong>&nbsp;entre las 26 presentadas a la&nbsp;<strong>convocatoria nacional para seleccionar el dise\u00f1o del afiche oficial<\/strong>&nbsp;de la edici\u00f3n 62 del Festival del Bambuco en San Juan y San Pedro 2023.<\/p>\n\n\n\n<p>La determinaci\u00f3n del jurado calificador&nbsp;<strong>destac\u00f3 la creatividad de la propuesta, su efectividad en la comunicaci\u00f3n clara del mensaje, as\u00ed como su funcionalidad&nbsp;<\/strong>para el prop\u00f3sito de divulgaci\u00f3n de las festividades del Huila, que este a\u00f1o llegan a su edici\u00f3n 62.<\/p>\n\n\n\n<p>La&nbsp;<strong>invitaci\u00f3n a presentar las propuestas fue abierta desde noviembre<\/strong>&nbsp;pasado por parte de la Secretar\u00eda de Cultura y Turismo, y Corposanpedro, y cerr\u00f3 el pasado 13 de enero, en un hecho considerado como hist\u00f3rico al seleccionar con suficiente anticipaci\u00f3n el m\u00e1s importante elemento de promoci\u00f3n de nuestras fiestas.<\/p>\n\n\n\n<p>El jurado calificador&nbsp;<strong>tuvo en cuenta los criterios de identidad en torno a la evocaci\u00f3n de las tradiciones y manifestaciones art\u00edsticas del Huila<\/strong>, creatividad (originalidad e innovaci\u00f3n), dise\u00f1o y estilo, efectividad en la comunicaci\u00f3n clara del mensaje, y funcionalidad en el uso de la pieza seleccionada.<\/p>\n\n\n\n<p>Tras revisar las 26 propuestas presentadas y con base en los criterios mencionados, se realiz\u00f3 la preselecci\u00f3n de cinco de ellas.<\/p>\n\n\n\n<p>\u201cFinalmente, de manera un\u00e1nime decidimos que la propuesta ganadora es \u2018La grandeza de nuestro folclor\u2019, de Germ\u00e1n David Camacho Guevara, la cual representa y cumple con par\u00e1metros de la convocatoria y con los criterios designado para su evaluaci\u00f3n\u201d, indica el jurado en el acta correspondiente, en una determinaci\u00f3n que permitir\u00e1 llevar una importante promoci\u00f3n del Festival en todos los escenarios.<\/p>\n\n\n\n<div data-wp-interactive=\"core\/file\" class=\"wp-block-file\"><object data-wp-bind--hidden=\"!state.hasPdfPreview\" hidden class=\"wp-block-file__embed\" data=\"https:\/\/luchonoticias.com\/wp-content\/uploads\/2023\/01\/Propuesta-seleccionada-Autor-German-David-Camacho-Guevara.pdf\" type=\"application\/pdf\" style=\"width:100%;height:600px\" aria-label=\"Incrustado de Propuesta-seleccionada-Autor-German-David-Camacho-Guevara.\"><\/object><a id=\"wp-block-file--media-a6810611-619c-48ae-a3c5-519394e3b0fa\" href=\"https:\/\/luchonoticias.com\/wp-content\/uploads\/2023\/01\/Propuesta-seleccionada-Autor-German-David-Camacho-Guevara.pdf\">Propuesta-seleccionada-Autor-German-David-Camacho-Guevara<\/a><a href=\"https:\/\/luchonoticias.com\/wp-content\/uploads\/2023\/01\/Propuesta-seleccionada-Autor-German-David-Camacho-Guevara.pdf\" class=\"wp-block-file__button wp-element-button\" download aria-describedby=\"wp-block-file--media-a6810611-619c-48ae-a3c5-519394e3b0fa\">Descarga<\/a><\/div>\n\n\n\n<h5 class=\"wp-block-heading\">Sobre el afiche<\/h5>\n\n\n\n<p>\u201cLa grandeza de nuestro folclor\u201d es el nombre de la propuesta, en la que&nbsp;<strong>el autor utiliz\u00f3 \u201cprogramas digitales de dibujo<\/strong>&nbsp;(Photoshop \u2013 Corel) para la generaci\u00f3n de los elementos del afiche en vectores de usos m\u00faltiples\u201d.<\/p>\n\n\n\n<p>De acuerdo con el autor,&nbsp;<strong>el concepto que define su obra&nbsp;<\/strong>es el hecho de que \u201ccomo territorio huilense nos une nuestra cultura sin importar el tiempo o las circunstancias. Incontables memorias e historias que se cristalizan en cada uno de nosotros, pues este escenario nos vincula con un sentimiento fraternal, nost\u00e1lgico y caluroso como el cielo que nos cubre\u201d.<\/p>\n\n\n\n<p>Seg\u00fan su planteamiento, \u201cel Festival del Bambuco permite compartir la cultura hacia un colectivo social, donde se encuentra esa amalgama de recuerdos que tanto cari\u00f1o y regocijo nos produce, un altar a la belleza, los colores, sabores, la diversidad y las tradiciones que anualmente reviven al dejarnos llevar por la vibrante melod\u00eda del sanjuanero huilense, que renace en sus tradicionales instrumentos y despliega todo nuestro sentir\u201d.<\/p>\n\n\n\n<p><\/p>\n","protected":false},"excerpt":{"rendered":"<p>\u201cLa grandeza de nuestro folclor\u201d, la propuesta del arquitecto y artista neivano Germ\u00e1n David Camacho, fue&nbsp;escogida como ganadora&nbsp;entre las 26 presentadas a la&nbsp;convocatoria nacional para seleccionar el dise\u00f1o del afiche oficial&nbsp;de la edici\u00f3n 62 del Festival del Bambuco en San Juan y San Pedro 2023. La determinaci\u00f3n del jurado calificador&nbsp;destac\u00f3 la creatividad de la propuesta, [&hellip;]<\/p>\n","protected":false},"author":2,"featured_media":0,"comment_status":"open","ping_status":"open","sticky":false,"template":"","format":"standard","meta":{"footnotes":""},"categories":[33],"tags":[],"class_list":["post-44654","post","type-post","status-publish","format-standard","hentry","category-huila"],"yoast_head":"<!-- This site is optimized with the Yoast SEO plugin v26.6 - https:\/\/yoast.com\/wordpress\/plugins\/seo\/ -->\n<title>Listo el afiche oficial de las fiestas del San Pedro -<\/title>\n<meta name=\"robots\" content=\"index, follow, max-snippet:-1, max-image-preview:large, max-video-preview:-1\" \/>\n<link rel=\"canonical\" href=\"https:\/\/luchonoticias.com\/editor\/listo-el-afiche-oficial-de-las-fiestas-del-san-pedro\/\" \/>\n<meta property=\"og:locale\" content=\"es_ES\" \/>\n<meta property=\"og:type\" content=\"article\" \/>\n<meta property=\"og:title\" content=\"Listo el afiche oficial de las fiestas del San Pedro -\" \/>\n<meta property=\"og:url\" content=\"https:\/\/luchonoticias.com\/editor\/listo-el-afiche-oficial-de-las-fiestas-del-san-pedro\/\" \/>\n<meta property=\"article:publisher\" content=\"https:\/\/www.facebook.com\/luchonoticiasneiva\" \/>\n<meta property=\"article:published_time\" content=\"2023-01-21T14:16:39+00:00\" \/>\n<meta property=\"article:modified_time\" content=\"2023-01-21T14:16:40+00:00\" \/>\n<meta name=\"author\" content=\"Editor General\" \/>\n<meta name=\"twitter:card\" content=\"summary_large_image\" \/>\n<meta name=\"twitter:label1\" content=\"Escrito por\" \/>\n\t<meta name=\"twitter:data1\" content=\"Editor General\" \/>\n\t<meta name=\"twitter:label2\" content=\"Tiempo de lectura\" \/>\n\t<meta name=\"twitter:data2\" content=\"2 minutos\" \/>\n<script type=\"application\/ld+json\" class=\"yoast-schema-graph\">{\"@context\":\"https:\/\/schema.org\",\"@graph\":[{\"@type\":\"Article\",\"@id\":\"https:\/\/luchonoticias.com\/editor\/listo-el-afiche-oficial-de-las-fiestas-del-san-pedro\/#article\",\"isPartOf\":{\"@id\":\"https:\/\/luchonoticias.com\/editor\/listo-el-afiche-oficial-de-las-fiestas-del-san-pedro\/\"},\"author\":{\"name\":\"Editor General\",\"@id\":\"https:\/\/luchonoticias.com\/editor\/#\/schema\/person\/29217990ddf6f14e35912b2866d591fb\"},\"headline\":\"Listo el afiche oficial de las fiestas del San Pedro\",\"datePublished\":\"2023-01-21T14:16:39+00:00\",\"dateModified\":\"2023-01-21T14:16:40+00:00\",\"mainEntityOfPage\":{\"@id\":\"https:\/\/luchonoticias.com\/editor\/listo-el-afiche-oficial-de-las-fiestas-del-san-pedro\/\"},\"wordCount\":483,\"commentCount\":0,\"publisher\":{\"@id\":\"https:\/\/luchonoticias.com\/editor\/#\/schema\/person\/7a7fd911f58561fd056dbac7b55af9cd\"},\"articleSection\":[\"Huila\"],\"inLanguage\":\"es\",\"potentialAction\":[{\"@type\":\"CommentAction\",\"name\":\"Comment\",\"target\":[\"https:\/\/luchonoticias.com\/editor\/listo-el-afiche-oficial-de-las-fiestas-del-san-pedro\/#respond\"]}]},{\"@type\":\"WebPage\",\"@id\":\"https:\/\/luchonoticias.com\/editor\/listo-el-afiche-oficial-de-las-fiestas-del-san-pedro\/\",\"url\":\"https:\/\/luchonoticias.com\/editor\/listo-el-afiche-oficial-de-las-fiestas-del-san-pedro\/\",\"name\":\"Listo el afiche oficial de las fiestas del San Pedro -\",\"isPartOf\":{\"@id\":\"https:\/\/luchonoticias.com\/editor\/#website\"},\"datePublished\":\"2023-01-21T14:16:39+00:00\",\"dateModified\":\"2023-01-21T14:16:40+00:00\",\"breadcrumb\":{\"@id\":\"https:\/\/luchonoticias.com\/editor\/listo-el-afiche-oficial-de-las-fiestas-del-san-pedro\/#breadcrumb\"},\"inLanguage\":\"es\",\"potentialAction\":[{\"@type\":\"ReadAction\",\"target\":[\"https:\/\/luchonoticias.com\/editor\/listo-el-afiche-oficial-de-las-fiestas-del-san-pedro\/\"]}]},{\"@type\":\"BreadcrumbList\",\"@id\":\"https:\/\/luchonoticias.com\/editor\/listo-el-afiche-oficial-de-las-fiestas-del-san-pedro\/#breadcrumb\",\"itemListElement\":[{\"@type\":\"ListItem\",\"position\":1,\"name\":\"Portada\",\"item\":\"https:\/\/luchonoticias.com\/editor\/\"},{\"@type\":\"ListItem\",\"position\":2,\"name\":\"Listo el afiche oficial de las fiestas del San Pedro\"}]},{\"@type\":\"WebSite\",\"@id\":\"https:\/\/luchonoticias.com\/editor\/#website\",\"url\":\"https:\/\/luchonoticias.com\/editor\/\",\"name\":\"\",\"description\":\"\",\"publisher\":{\"@id\":\"https:\/\/luchonoticias.com\/editor\/#\/schema\/person\/7a7fd911f58561fd056dbac7b55af9cd\"},\"potentialAction\":[{\"@type\":\"SearchAction\",\"target\":{\"@type\":\"EntryPoint\",\"urlTemplate\":\"https:\/\/luchonoticias.com\/editor\/?s={search_term_string}\"},\"query-input\":{\"@type\":\"PropertyValueSpecification\",\"valueRequired\":true,\"valueName\":\"search_term_string\"}}],\"inLanguage\":\"es\"},{\"@type\":[\"Person\",\"Organization\"],\"@id\":\"https:\/\/luchonoticias.com\/editor\/#\/schema\/person\/7a7fd911f58561fd056dbac7b55af9cd\",\"name\":\"admin\",\"image\":{\"@type\":\"ImageObject\",\"inLanguage\":\"es\",\"@id\":\"https:\/\/luchonoticias.com\/editor\/#\/schema\/person\/image\/\",\"url\":\"https:\/\/luchonoticias.com\/editor\/wp-content\/uploads\/2024\/02\/cropped-cropped-logolu.webp\",\"contentUrl\":\"https:\/\/luchonoticias.com\/editor\/wp-content\/uploads\/2024\/02\/cropped-cropped-logolu.webp\",\"width\":382,\"height\":170,\"caption\":\"admin\"},\"logo\":{\"@id\":\"https:\/\/luchonoticias.com\/editor\/#\/schema\/person\/image\/\"},\"sameAs\":[\"https:\/\/www.facebook.com\/luchonoticiasneiva\"]},{\"@type\":\"Person\",\"@id\":\"https:\/\/luchonoticias.com\/editor\/#\/schema\/person\/29217990ddf6f14e35912b2866d591fb\",\"name\":\"Editor General\",\"image\":{\"@type\":\"ImageObject\",\"inLanguage\":\"es\",\"@id\":\"https:\/\/luchonoticias.com\/editor\/#\/schema\/person\/image\/\",\"url\":\"https:\/\/luchonoticias.com\/editor\/wp-content\/uploads\/2024\/02\/cropped-cropped-logolu-150x150.webp\",\"contentUrl\":\"https:\/\/luchonoticias.com\/editor\/wp-content\/uploads\/2024\/02\/cropped-cropped-logolu-150x150.webp\",\"caption\":\"Editor General\"},\"sameAs\":[\"https:\/\/luchonoticias.com\/\"],\"url\":\"https:\/\/luchonoticias.com\/editor\/author\/editor-general\/\"}]}<\/script>\n<!-- \/ Yoast SEO plugin. -->","yoast_head_json":{"title":"Listo el afiche oficial de las fiestas del San Pedro -","robots":{"index":"index","follow":"follow","max-snippet":"max-snippet:-1","max-image-preview":"max-image-preview:large","max-video-preview":"max-video-preview:-1"},"canonical":"https:\/\/luchonoticias.com\/editor\/listo-el-afiche-oficial-de-las-fiestas-del-san-pedro\/","og_locale":"es_ES","og_type":"article","og_title":"Listo el afiche oficial de las fiestas del San Pedro -","og_url":"https:\/\/luchonoticias.com\/editor\/listo-el-afiche-oficial-de-las-fiestas-del-san-pedro\/","article_publisher":"https:\/\/www.facebook.com\/luchonoticiasneiva","article_published_time":"2023-01-21T14:16:39+00:00","article_modified_time":"2023-01-21T14:16:40+00:00","author":"Editor General","twitter_card":"summary_large_image","twitter_misc":{"Escrito por":"Editor General","Tiempo de lectura":"2 minutos"},"schema":{"@context":"https:\/\/schema.org","@graph":[{"@type":"Article","@id":"https:\/\/luchonoticias.com\/editor\/listo-el-afiche-oficial-de-las-fiestas-del-san-pedro\/#article","isPartOf":{"@id":"https:\/\/luchonoticias.com\/editor\/listo-el-afiche-oficial-de-las-fiestas-del-san-pedro\/"},"author":{"name":"Editor General","@id":"https:\/\/luchonoticias.com\/editor\/#\/schema\/person\/29217990ddf6f14e35912b2866d591fb"},"headline":"Listo el afiche oficial de las fiestas del San Pedro","datePublished":"2023-01-21T14:16:39+00:00","dateModified":"2023-01-21T14:16:40+00:00","mainEntityOfPage":{"@id":"https:\/\/luchonoticias.com\/editor\/listo-el-afiche-oficial-de-las-fiestas-del-san-pedro\/"},"wordCount":483,"commentCount":0,"publisher":{"@id":"https:\/\/luchonoticias.com\/editor\/#\/schema\/person\/7a7fd911f58561fd056dbac7b55af9cd"},"articleSection":["Huila"],"inLanguage":"es","potentialAction":[{"@type":"CommentAction","name":"Comment","target":["https:\/\/luchonoticias.com\/editor\/listo-el-afiche-oficial-de-las-fiestas-del-san-pedro\/#respond"]}]},{"@type":"WebPage","@id":"https:\/\/luchonoticias.com\/editor\/listo-el-afiche-oficial-de-las-fiestas-del-san-pedro\/","url":"https:\/\/luchonoticias.com\/editor\/listo-el-afiche-oficial-de-las-fiestas-del-san-pedro\/","name":"Listo el afiche oficial de las fiestas del San Pedro -","isPartOf":{"@id":"https:\/\/luchonoticias.com\/editor\/#website"},"datePublished":"2023-01-21T14:16:39+00:00","dateModified":"2023-01-21T14:16:40+00:00","breadcrumb":{"@id":"https:\/\/luchonoticias.com\/editor\/listo-el-afiche-oficial-de-las-fiestas-del-san-pedro\/#breadcrumb"},"inLanguage":"es","potentialAction":[{"@type":"ReadAction","target":["https:\/\/luchonoticias.com\/editor\/listo-el-afiche-oficial-de-las-fiestas-del-san-pedro\/"]}]},{"@type":"BreadcrumbList","@id":"https:\/\/luchonoticias.com\/editor\/listo-el-afiche-oficial-de-las-fiestas-del-san-pedro\/#breadcrumb","itemListElement":[{"@type":"ListItem","position":1,"name":"Portada","item":"https:\/\/luchonoticias.com\/editor\/"},{"@type":"ListItem","position":2,"name":"Listo el afiche oficial de las fiestas del San Pedro"}]},{"@type":"WebSite","@id":"https:\/\/luchonoticias.com\/editor\/#website","url":"https:\/\/luchonoticias.com\/editor\/","name":"","description":"","publisher":{"@id":"https:\/\/luchonoticias.com\/editor\/#\/schema\/person\/7a7fd911f58561fd056dbac7b55af9cd"},"potentialAction":[{"@type":"SearchAction","target":{"@type":"EntryPoint","urlTemplate":"https:\/\/luchonoticias.com\/editor\/?s={search_term_string}"},"query-input":{"@type":"PropertyValueSpecification","valueRequired":true,"valueName":"search_term_string"}}],"inLanguage":"es"},{"@type":["Person","Organization"],"@id":"https:\/\/luchonoticias.com\/editor\/#\/schema\/person\/7a7fd911f58561fd056dbac7b55af9cd","name":"admin","image":{"@type":"ImageObject","inLanguage":"es","@id":"https:\/\/luchonoticias.com\/editor\/#\/schema\/person\/image\/","url":"https:\/\/luchonoticias.com\/editor\/wp-content\/uploads\/2024\/02\/cropped-cropped-logolu.webp","contentUrl":"https:\/\/luchonoticias.com\/editor\/wp-content\/uploads\/2024\/02\/cropped-cropped-logolu.webp","width":382,"height":170,"caption":"admin"},"logo":{"@id":"https:\/\/luchonoticias.com\/editor\/#\/schema\/person\/image\/"},"sameAs":["https:\/\/www.facebook.com\/luchonoticiasneiva"]},{"@type":"Person","@id":"https:\/\/luchonoticias.com\/editor\/#\/schema\/person\/29217990ddf6f14e35912b2866d591fb","name":"Editor General","image":{"@type":"ImageObject","inLanguage":"es","@id":"https:\/\/luchonoticias.com\/editor\/#\/schema\/person\/image\/","url":"https:\/\/luchonoticias.com\/editor\/wp-content\/uploads\/2024\/02\/cropped-cropped-logolu-150x150.webp","contentUrl":"https:\/\/luchonoticias.com\/editor\/wp-content\/uploads\/2024\/02\/cropped-cropped-logolu-150x150.webp","caption":"Editor General"},"sameAs":["https:\/\/luchonoticias.com\/"],"url":"https:\/\/luchonoticias.com\/editor\/author\/editor-general\/"}]}},"_links":{"self":[{"href":"https:\/\/luchonoticias.com\/editor\/wp-json\/wp\/v2\/posts\/44654","targetHints":{"allow":["GET"]}}],"collection":[{"href":"https:\/\/luchonoticias.com\/editor\/wp-json\/wp\/v2\/posts"}],"about":[{"href":"https:\/\/luchonoticias.com\/editor\/wp-json\/wp\/v2\/types\/post"}],"author":[{"embeddable":true,"href":"https:\/\/luchonoticias.com\/editor\/wp-json\/wp\/v2\/users\/2"}],"replies":[{"embeddable":true,"href":"https:\/\/luchonoticias.com\/editor\/wp-json\/wp\/v2\/comments?post=44654"}],"version-history":[{"count":0,"href":"https:\/\/luchonoticias.com\/editor\/wp-json\/wp\/v2\/posts\/44654\/revisions"}],"wp:attachment":[{"href":"https:\/\/luchonoticias.com\/editor\/wp-json\/wp\/v2\/media?parent=44654"}],"wp:term":[{"taxonomy":"category","embeddable":true,"href":"https:\/\/luchonoticias.com\/editor\/wp-json\/wp\/v2\/categories?post=44654"},{"taxonomy":"post_tag","embeddable":true,"href":"https:\/\/luchonoticias.com\/editor\/wp-json\/wp\/v2\/tags?post=44654"}],"curies":[{"name":"wp","href":"https:\/\/api.w.org\/{rel}","templated":true}]}}