{"id":44662,"date":"2023-01-21T12:49:24","date_gmt":"2023-01-21T17:49:24","guid":{"rendered":"https:\/\/luchonoticias.com\/?p=44662"},"modified":"2023-01-21T12:49:25","modified_gmt":"2023-01-21T17:49:25","slug":"sujeto-buscado-por-homicidio-en-el-popayan-fue-capturado-en-pitalito-huila","status":"publish","type":"post","link":"https:\/\/luchonoticias.com\/editor\/sujeto-buscado-por-homicidio-en-el-popayan-fue-capturado-en-pitalito-huila\/","title":{"rendered":"Sujeto buscado por homicidio en el Popay\u00e1n, fue capturado en Pitalito, Huila"},"content":{"rendered":"\n<p>El Departamento de Polic\u00eda Huila, dieron a conocer la captura de Nicol\u00e1s G\u00f3mez Viafara, quien es requerido por las autoridades judiciales de Popay\u00e1n, Cauca, por un hecho de sangre el a\u00f1o anterior.<\/p>\n\n\n\n<p>\u201cInvestigadores de la Polic\u00eda Judicial del departamento de Polic\u00eda Huila, hicieron efectiva una orden de captura contra Nicol\u00e1s G\u00f3mez Viafara por el delito de homicidio, orden de captura emanada por el juzgado cuarto penal municipal de Popay\u00e1n Cauca\u201d, revelaron las autoridades.<\/p>\n\n\n\n<p>Finalmente, las fuentes oficiales dieron a conocer G\u00f3mez Viafara oriundo de Cali en el Valle del Cauca, fue capturado en el barrio San Antonio del municipio de Pitalito y dejado a disposici\u00f3n de la Fiscal\u00eda 7 Local Unidad de Vida de Popay\u00e1n.<\/p>\n","protected":false},"excerpt":{"rendered":"<p>El Departamento de Polic\u00eda Huila, dieron a conocer la captura de Nicol\u00e1s G\u00f3mez Viafara, quien es requerido por las autoridades judiciales de Popay\u00e1n, Cauca, por un hecho de sangre el a\u00f1o anterior. \u201cInvestigadores de la Polic\u00eda Judicial del departamento de Polic\u00eda Huila, hicieron efectiva una orden de captura contra Nicol\u00e1s G\u00f3mez Viafara por el delito [&hellip;]<\/p>\n","protected":false},"author":2,"featured_media":0,"comment_status":"open","ping_status":"open","sticky":false,"template":"","format":"standard","meta":{"footnotes":""},"categories":[36,29],"tags":[],"class_list":["post-44662","post","type-post","status-publish","format-standard","hentry","category-destacado","category-judicial"],"yoast_head":"<!-- This site is optimized with the Yoast SEO plugin v26.6 - https:\/\/yoast.com\/wordpress\/plugins\/seo\/ -->\n<title>Sujeto buscado por homicidio en el Popay\u00e1n, fue capturado en Pitalito, Huila -<\/title>\n<meta name=\"robots\" content=\"index, follow, max-snippet:-1, max-image-preview:large, max-video-preview:-1\" \/>\n<link rel=\"canonical\" href=\"https:\/\/luchonoticias.com\/editor\/sujeto-buscado-por-homicidio-en-el-popayan-fue-capturado-en-pitalito-huila\/\" \/>\n<meta property=\"og:locale\" content=\"es_ES\" \/>\n<meta property=\"og:type\" content=\"article\" \/>\n<meta property=\"og:title\" content=\"Sujeto buscado por homicidio en el Popay\u00e1n, fue capturado en Pitalito, Huila -\" \/>\n<meta property=\"og:url\" content=\"https:\/\/luchonoticias.com\/editor\/sujeto-buscado-por-homicidio-en-el-popayan-fue-capturado-en-pitalito-huila\/\" \/>\n<meta property=\"article:publisher\" content=\"https:\/\/www.facebook.com\/luchonoticiasneiva\" \/>\n<meta property=\"article:published_time\" content=\"2023-01-21T17:49:24+00:00\" \/>\n<meta property=\"article:modified_time\" content=\"2023-01-21T17:49:25+00:00\" \/>\n<meta name=\"author\" content=\"Editor General\" \/>\n<meta name=\"twitter:card\" content=\"summary_large_image\" \/>\n<meta name=\"twitter:label1\" content=\"Escrito por\" \/>\n\t<meta name=\"twitter:data1\" content=\"Editor General\" \/>\n\t<meta name=\"twitter:label2\" content=\"Tiempo de lectura\" \/>\n\t<meta name=\"twitter:data2\" content=\"1 minuto\" \/>\n<script type=\"application\/ld+json\" class=\"yoast-schema-graph\">{\"@context\":\"https:\/\/schema.org\",\"@graph\":[{\"@type\":\"Article\",\"@id\":\"https:\/\/luchonoticias.com\/editor\/sujeto-buscado-por-homicidio-en-el-popayan-fue-capturado-en-pitalito-huila\/#article\",\"isPartOf\":{\"@id\":\"https:\/\/luchonoticias.com\/editor\/sujeto-buscado-por-homicidio-en-el-popayan-fue-capturado-en-pitalito-huila\/\"},\"author\":{\"name\":\"Editor General\",\"@id\":\"https:\/\/luchonoticias.com\/editor\/#\/schema\/person\/29217990ddf6f14e35912b2866d591fb\"},\"headline\":\"Sujeto buscado por homicidio en el Popay\u00e1n, fue capturado en Pitalito, Huila\",\"datePublished\":\"2023-01-21T17:49:24+00:00\",\"dateModified\":\"2023-01-21T17:49:25+00:00\",\"mainEntityOfPage\":{\"@id\":\"https:\/\/luchonoticias.com\/editor\/sujeto-buscado-por-homicidio-en-el-popayan-fue-capturado-en-pitalito-huila\/\"},\"wordCount\":141,\"commentCount\":0,\"publisher\":{\"@id\":\"https:\/\/luchonoticias.com\/editor\/#\/schema\/person\/7a7fd911f58561fd056dbac7b55af9cd\"},\"articleSection\":[\"Destacado\",\"Judicial\"],\"inLanguage\":\"es\",\"potentialAction\":[{\"@type\":\"CommentAction\",\"name\":\"Comment\",\"target\":[\"https:\/\/luchonoticias.com\/editor\/sujeto-buscado-por-homicidio-en-el-popayan-fue-capturado-en-pitalito-huila\/#respond\"]}]},{\"@type\":\"WebPage\",\"@id\":\"https:\/\/luchonoticias.com\/editor\/sujeto-buscado-por-homicidio-en-el-popayan-fue-capturado-en-pitalito-huila\/\",\"url\":\"https:\/\/luchonoticias.com\/editor\/sujeto-buscado-por-homicidio-en-el-popayan-fue-capturado-en-pitalito-huila\/\",\"name\":\"Sujeto buscado por homicidio en el Popay\u00e1n, fue capturado en Pitalito, Huila -\",\"isPartOf\":{\"@id\":\"https:\/\/luchonoticias.com\/editor\/#website\"},\"datePublished\":\"2023-01-21T17:49:24+00:00\",\"dateModified\":\"2023-01-21T17:49:25+00:00\",\"breadcrumb\":{\"@id\":\"https:\/\/luchonoticias.com\/editor\/sujeto-buscado-por-homicidio-en-el-popayan-fue-capturado-en-pitalito-huila\/#breadcrumb\"},\"inLanguage\":\"es\",\"potentialAction\":[{\"@type\":\"ReadAction\",\"target\":[\"https:\/\/luchonoticias.com\/editor\/sujeto-buscado-por-homicidio-en-el-popayan-fue-capturado-en-pitalito-huila\/\"]}]},{\"@type\":\"BreadcrumbList\",\"@id\":\"https:\/\/luchonoticias.com\/editor\/sujeto-buscado-por-homicidio-en-el-popayan-fue-capturado-en-pitalito-huila\/#breadcrumb\",\"itemListElement\":[{\"@type\":\"ListItem\",\"position\":1,\"name\":\"Portada\",\"item\":\"https:\/\/luchonoticias.com\/editor\/\"},{\"@type\":\"ListItem\",\"position\":2,\"name\":\"Sujeto buscado por homicidio en el Popay\u00e1n, fue capturado en Pitalito, Huila\"}]},{\"@type\":\"WebSite\",\"@id\":\"https:\/\/luchonoticias.com\/editor\/#website\",\"url\":\"https:\/\/luchonoticias.com\/editor\/\",\"name\":\"\",\"description\":\"\",\"publisher\":{\"@id\":\"https:\/\/luchonoticias.com\/editor\/#\/schema\/person\/7a7fd911f58561fd056dbac7b55af9cd\"},\"potentialAction\":[{\"@type\":\"SearchAction\",\"target\":{\"@type\":\"EntryPoint\",\"urlTemplate\":\"https:\/\/luchonoticias.com\/editor\/?s={search_term_string}\"},\"query-input\":{\"@type\":\"PropertyValueSpecification\",\"valueRequired\":true,\"valueName\":\"search_term_string\"}}],\"inLanguage\":\"es\"},{\"@type\":[\"Person\",\"Organization\"],\"@id\":\"https:\/\/luchonoticias.com\/editor\/#\/schema\/person\/7a7fd911f58561fd056dbac7b55af9cd\",\"name\":\"admin\",\"image\":{\"@type\":\"ImageObject\",\"inLanguage\":\"es\",\"@id\":\"https:\/\/luchonoticias.com\/editor\/#\/schema\/person\/image\/\",\"url\":\"https:\/\/luchonoticias.com\/editor\/wp-content\/uploads\/2024\/02\/cropped-cropped-logolu.webp\",\"contentUrl\":\"https:\/\/luchonoticias.com\/editor\/wp-content\/uploads\/2024\/02\/cropped-cropped-logolu.webp\",\"width\":382,\"height\":170,\"caption\":\"admin\"},\"logo\":{\"@id\":\"https:\/\/luchonoticias.com\/editor\/#\/schema\/person\/image\/\"},\"sameAs\":[\"https:\/\/www.facebook.com\/luchonoticiasneiva\"]},{\"@type\":\"Person\",\"@id\":\"https:\/\/luchonoticias.com\/editor\/#\/schema\/person\/29217990ddf6f14e35912b2866d591fb\",\"name\":\"Editor General\",\"image\":{\"@type\":\"ImageObject\",\"inLanguage\":\"es\",\"@id\":\"https:\/\/luchonoticias.com\/editor\/#\/schema\/person\/image\/\",\"url\":\"https:\/\/luchonoticias.com\/editor\/wp-content\/uploads\/2024\/02\/cropped-cropped-logolu-150x150.webp\",\"contentUrl\":\"https:\/\/luchonoticias.com\/editor\/wp-content\/uploads\/2024\/02\/cropped-cropped-logolu-150x150.webp\",\"caption\":\"Editor General\"},\"sameAs\":[\"https:\/\/luchonoticias.com\/\"],\"url\":\"https:\/\/luchonoticias.com\/editor\/author\/editor-general\/\"}]}<\/script>\n<!-- \/ Yoast SEO plugin. -->","yoast_head_json":{"title":"Sujeto buscado por homicidio en el Popay\u00e1n, fue capturado en Pitalito, Huila -","robots":{"index":"index","follow":"follow","max-snippet":"max-snippet:-1","max-image-preview":"max-image-preview:large","max-video-preview":"max-video-preview:-1"},"canonical":"https:\/\/luchonoticias.com\/editor\/sujeto-buscado-por-homicidio-en-el-popayan-fue-capturado-en-pitalito-huila\/","og_locale":"es_ES","og_type":"article","og_title":"Sujeto buscado por homicidio en el Popay\u00e1n, fue capturado en Pitalito, Huila -","og_url":"https:\/\/luchonoticias.com\/editor\/sujeto-buscado-por-homicidio-en-el-popayan-fue-capturado-en-pitalito-huila\/","article_publisher":"https:\/\/www.facebook.com\/luchonoticiasneiva","article_published_time":"2023-01-21T17:49:24+00:00","article_modified_time":"2023-01-21T17:49:25+00:00","author":"Editor General","twitter_card":"summary_large_image","twitter_misc":{"Escrito por":"Editor General","Tiempo de lectura":"1 minuto"},"schema":{"@context":"https:\/\/schema.org","@graph":[{"@type":"Article","@id":"https:\/\/luchonoticias.com\/editor\/sujeto-buscado-por-homicidio-en-el-popayan-fue-capturado-en-pitalito-huila\/#article","isPartOf":{"@id":"https:\/\/luchonoticias.com\/editor\/sujeto-buscado-por-homicidio-en-el-popayan-fue-capturado-en-pitalito-huila\/"},"author":{"name":"Editor General","@id":"https:\/\/luchonoticias.com\/editor\/#\/schema\/person\/29217990ddf6f14e35912b2866d591fb"},"headline":"Sujeto buscado por homicidio en el Popay\u00e1n, fue capturado en Pitalito, Huila","datePublished":"2023-01-21T17:49:24+00:00","dateModified":"2023-01-21T17:49:25+00:00","mainEntityOfPage":{"@id":"https:\/\/luchonoticias.com\/editor\/sujeto-buscado-por-homicidio-en-el-popayan-fue-capturado-en-pitalito-huila\/"},"wordCount":141,"commentCount":0,"publisher":{"@id":"https:\/\/luchonoticias.com\/editor\/#\/schema\/person\/7a7fd911f58561fd056dbac7b55af9cd"},"articleSection":["Destacado","Judicial"],"inLanguage":"es","potentialAction":[{"@type":"CommentAction","name":"Comment","target":["https:\/\/luchonoticias.com\/editor\/sujeto-buscado-por-homicidio-en-el-popayan-fue-capturado-en-pitalito-huila\/#respond"]}]},{"@type":"WebPage","@id":"https:\/\/luchonoticias.com\/editor\/sujeto-buscado-por-homicidio-en-el-popayan-fue-capturado-en-pitalito-huila\/","url":"https:\/\/luchonoticias.com\/editor\/sujeto-buscado-por-homicidio-en-el-popayan-fue-capturado-en-pitalito-huila\/","name":"Sujeto buscado por homicidio en el Popay\u00e1n, fue capturado en Pitalito, Huila -","isPartOf":{"@id":"https:\/\/luchonoticias.com\/editor\/#website"},"datePublished":"2023-01-21T17:49:24+00:00","dateModified":"2023-01-21T17:49:25+00:00","breadcrumb":{"@id":"https:\/\/luchonoticias.com\/editor\/sujeto-buscado-por-homicidio-en-el-popayan-fue-capturado-en-pitalito-huila\/#breadcrumb"},"inLanguage":"es","potentialAction":[{"@type":"ReadAction","target":["https:\/\/luchonoticias.com\/editor\/sujeto-buscado-por-homicidio-en-el-popayan-fue-capturado-en-pitalito-huila\/"]}]},{"@type":"BreadcrumbList","@id":"https:\/\/luchonoticias.com\/editor\/sujeto-buscado-por-homicidio-en-el-popayan-fue-capturado-en-pitalito-huila\/#breadcrumb","itemListElement":[{"@type":"ListItem","position":1,"name":"Portada","item":"https:\/\/luchonoticias.com\/editor\/"},{"@type":"ListItem","position":2,"name":"Sujeto buscado por homicidio en el Popay\u00e1n, fue capturado en Pitalito, Huila"}]},{"@type":"WebSite","@id":"https:\/\/luchonoticias.com\/editor\/#website","url":"https:\/\/luchonoticias.com\/editor\/","name":"","description":"","publisher":{"@id":"https:\/\/luchonoticias.com\/editor\/#\/schema\/person\/7a7fd911f58561fd056dbac7b55af9cd"},"potentialAction":[{"@type":"SearchAction","target":{"@type":"EntryPoint","urlTemplate":"https:\/\/luchonoticias.com\/editor\/?s={search_term_string}"},"query-input":{"@type":"PropertyValueSpecification","valueRequired":true,"valueName":"search_term_string"}}],"inLanguage":"es"},{"@type":["Person","Organization"],"@id":"https:\/\/luchonoticias.com\/editor\/#\/schema\/person\/7a7fd911f58561fd056dbac7b55af9cd","name":"admin","image":{"@type":"ImageObject","inLanguage":"es","@id":"https:\/\/luchonoticias.com\/editor\/#\/schema\/person\/image\/","url":"https:\/\/luchonoticias.com\/editor\/wp-content\/uploads\/2024\/02\/cropped-cropped-logolu.webp","contentUrl":"https:\/\/luchonoticias.com\/editor\/wp-content\/uploads\/2024\/02\/cropped-cropped-logolu.webp","width":382,"height":170,"caption":"admin"},"logo":{"@id":"https:\/\/luchonoticias.com\/editor\/#\/schema\/person\/image\/"},"sameAs":["https:\/\/www.facebook.com\/luchonoticiasneiva"]},{"@type":"Person","@id":"https:\/\/luchonoticias.com\/editor\/#\/schema\/person\/29217990ddf6f14e35912b2866d591fb","name":"Editor General","image":{"@type":"ImageObject","inLanguage":"es","@id":"https:\/\/luchonoticias.com\/editor\/#\/schema\/person\/image\/","url":"https:\/\/luchonoticias.com\/editor\/wp-content\/uploads\/2024\/02\/cropped-cropped-logolu-150x150.webp","contentUrl":"https:\/\/luchonoticias.com\/editor\/wp-content\/uploads\/2024\/02\/cropped-cropped-logolu-150x150.webp","caption":"Editor General"},"sameAs":["https:\/\/luchonoticias.com\/"],"url":"https:\/\/luchonoticias.com\/editor\/author\/editor-general\/"}]}},"_links":{"self":[{"href":"https:\/\/luchonoticias.com\/editor\/wp-json\/wp\/v2\/posts\/44662","targetHints":{"allow":["GET"]}}],"collection":[{"href":"https:\/\/luchonoticias.com\/editor\/wp-json\/wp\/v2\/posts"}],"about":[{"href":"https:\/\/luchonoticias.com\/editor\/wp-json\/wp\/v2\/types\/post"}],"author":[{"embeddable":true,"href":"https:\/\/luchonoticias.com\/editor\/wp-json\/wp\/v2\/users\/2"}],"replies":[{"embeddable":true,"href":"https:\/\/luchonoticias.com\/editor\/wp-json\/wp\/v2\/comments?post=44662"}],"version-history":[{"count":0,"href":"https:\/\/luchonoticias.com\/editor\/wp-json\/wp\/v2\/posts\/44662\/revisions"}],"wp:attachment":[{"href":"https:\/\/luchonoticias.com\/editor\/wp-json\/wp\/v2\/media?parent=44662"}],"wp:term":[{"taxonomy":"category","embeddable":true,"href":"https:\/\/luchonoticias.com\/editor\/wp-json\/wp\/v2\/categories?post=44662"},{"taxonomy":"post_tag","embeddable":true,"href":"https:\/\/luchonoticias.com\/editor\/wp-json\/wp\/v2\/tags?post=44662"}],"curies":[{"name":"wp","href":"https:\/\/api.w.org\/{rel}","templated":true}]}}