{"id":44672,"date":"2023-01-21T13:09:11","date_gmt":"2023-01-21T18:09:11","guid":{"rendered":"https:\/\/luchonoticias.com\/?p=44672"},"modified":"2023-01-21T13:09:12","modified_gmt":"2023-01-21T18:09:12","slug":"finaliza-reunion-extraordinaria-de-mesa-de-dialogos-de-paz-entre-el-gobierno-de-colombia-y-el-eln","status":"publish","type":"post","link":"https:\/\/luchonoticias.com\/editor\/finaliza-reunion-extraordinaria-de-mesa-de-dialogos-de-paz-entre-el-gobierno-de-colombia-y-el-eln\/","title":{"rendered":"Finaliza reuni\u00f3n extraordinaria de Mesa de Di\u00e1logos de Paz entre el Gobierno de Colombia y el ELN"},"content":{"rendered":"\n<p>El Gobierno Nacional, dio a conocer que dieron por culminado el primer ciclo de reuniones de la Mesa de Di\u00e1logos por La Paz, con el Ej\u00e9rcito de Liberaci\u00f3n Nacional (ELN), donde lograron grandes acuerdos como el cese al fuego bilateral.<\/p>\n\n\n\n<p>Asimismo, en un comunicado, se conoci\u00f3 que ya se fij\u00f3 el segundo ciclo de negociaciones para el pr\u00f3ximo 13 de febrero en M\u00e9xico.<\/p>\n\n\n\n<p>\u201cSe abordar\u00e1 el tema de la participaci\u00f3n de la sociedad en la construcci\u00f3n de la paz. De manera simult\u00e1nea, se empezar\u00e1 a tratar y acordar un cese al fuego bilateral. Adem\u00e1s, se har\u00e1 un examen conjunto de los logros y dificultades en la implementaci\u00f3n de los acuerdos realizados durante el primer ciclo\u201d, indicaron en el informe oficial.<\/p>\n\n\n\n<p><strong>Mesa de Di\u00e1logos con franqueza y profundidad<\/strong><\/p>\n\n\n\n<p>Asimismo, el Gobierno Nacional de Colombia, dio a conocer que los delegados de la Mesa de Di\u00e1logos valoran la franqueza y la profundidad que tuvo el proceso de discusi\u00f3n y conviene en mantener los mecanismos de comunicaci\u00f3n durante los periodos en los cuales no est\u00e1 reunida.<\/p>\n\n\n\n<p>\u201cAs\u00ed mismo, la Mesa de Di\u00e1logos pone de presente que esta reuni\u00f3n extraordinaria contribuy\u00f3 a ratificar y fortalecer los principios sobre los cuales se adelantan estos di\u00e1logos: los acuerdos son para cumplirlos, bilateralidad, car\u00e1cter pol\u00edtico, reconocimiento mutuo, confianza y buena fe. Las partes agradecen la comprensi\u00f3n de los medios de comunicaci\u00f3n por respetar el car\u00e1cter reservado que se requiere sobre algunos asuntos y su buena disposici\u00f3n para difundir los logros, alcances y superaci\u00f3n de dificultades en la Mesa de Di\u00e1logos\u201d, agregaron.<\/p>\n\n\n\n<p><strong>Valoraci\u00f3n a la propuestas, cr\u00edticas y sugerencias<\/strong><\/p>\n\n\n\n<p>Finalmente, fue resaltado el trabajo de los delegados de la Mesa, quienes expresaron el valor que le dieron a todas las propuestas, cr\u00edticas, sugerencias, exigencias e iniciativas provenientes de la sociedad colombiana para un buen desarrollo de este proceso.<\/p>\n\n\n\n<p>\u201cDe igual manera, resalta la movilizaci\u00f3n de las comunidades, como las que participan en la Caravana Humanitaria, en pro de la construcci\u00f3n de caminos ciertos y duraderos hacia la paz. Las partes reconocen la hospitalidad y el cuidadoso esmero en la coordinaci\u00f3n de todas las actividades para el buen suceso de las conversaciones por parte de la Rep\u00fablica Bolivariana de Venezuela y valoran la disposici\u00f3n de los Estados Unidos Mexicanos para ser anfitri\u00f3n del segundo ciclo de estos di\u00e1logos de paz\u201d, concluyeron.<\/p>\n\n\n\n<p>As\u00ed mismo, agradecen a los acompa\u00f1antes permanentes: la Conferencia Episcopal de Colombia y el Secretario General de las Naciones Unidas, a trav\u00e9s de su Representante Especial en Colombia y en particular, al Consejo de Seguridad de la ONU por su compromiso con este proceso de paz.<\/p>\n","protected":false},"excerpt":{"rendered":"<p>El Gobierno Nacional, dio a conocer que dieron por culminado el primer ciclo de reuniones de la Mesa de Di\u00e1logos por La Paz, con el Ej\u00e9rcito de Liberaci\u00f3n Nacional (ELN), donde lograron grandes acuerdos como el cese al fuego bilateral. Asimismo, en un comunicado, se conoci\u00f3 que ya se fij\u00f3 el segundo ciclo de negociaciones [&hellip;]<\/p>\n","protected":false},"author":2,"featured_media":0,"comment_status":"open","ping_status":"open","sticky":false,"template":"","format":"standard","meta":{"footnotes":""},"categories":[36,32],"tags":[],"class_list":["post-44672","post","type-post","status-publish","format-standard","hentry","category-destacado","category-nacional"],"yoast_head":"<!-- This site is optimized with the Yoast SEO plugin v26.6 - https:\/\/yoast.com\/wordpress\/plugins\/seo\/ -->\n<title>Finaliza reuni\u00f3n extraordinaria de Mesa de Di\u00e1logos de Paz entre el Gobierno de Colombia y el ELN -<\/title>\n<meta name=\"robots\" content=\"index, follow, max-snippet:-1, max-image-preview:large, max-video-preview:-1\" \/>\n<link rel=\"canonical\" href=\"https:\/\/luchonoticias.com\/editor\/finaliza-reunion-extraordinaria-de-mesa-de-dialogos-de-paz-entre-el-gobierno-de-colombia-y-el-eln\/\" \/>\n<meta property=\"og:locale\" content=\"es_ES\" \/>\n<meta property=\"og:type\" content=\"article\" \/>\n<meta property=\"og:title\" content=\"Finaliza reuni\u00f3n extraordinaria de Mesa de Di\u00e1logos de Paz entre el Gobierno de Colombia y el ELN -\" \/>\n<meta property=\"og:url\" content=\"https:\/\/luchonoticias.com\/editor\/finaliza-reunion-extraordinaria-de-mesa-de-dialogos-de-paz-entre-el-gobierno-de-colombia-y-el-eln\/\" \/>\n<meta property=\"article:publisher\" content=\"https:\/\/www.facebook.com\/luchonoticiasneiva\" \/>\n<meta property=\"article:published_time\" content=\"2023-01-21T18:09:11+00:00\" \/>\n<meta property=\"article:modified_time\" content=\"2023-01-21T18:09:12+00:00\" \/>\n<meta name=\"author\" content=\"Editor General\" \/>\n<meta name=\"twitter:card\" content=\"summary_large_image\" \/>\n<meta name=\"twitter:label1\" content=\"Escrito por\" \/>\n\t<meta name=\"twitter:data1\" content=\"Editor General\" \/>\n\t<meta name=\"twitter:label2\" content=\"Tiempo de lectura\" \/>\n\t<meta name=\"twitter:data2\" content=\"2 minutos\" \/>\n<script type=\"application\/ld+json\" class=\"yoast-schema-graph\">{\"@context\":\"https:\/\/schema.org\",\"@graph\":[{\"@type\":\"Article\",\"@id\":\"https:\/\/luchonoticias.com\/editor\/finaliza-reunion-extraordinaria-de-mesa-de-dialogos-de-paz-entre-el-gobierno-de-colombia-y-el-eln\/#article\",\"isPartOf\":{\"@id\":\"https:\/\/luchonoticias.com\/editor\/finaliza-reunion-extraordinaria-de-mesa-de-dialogos-de-paz-entre-el-gobierno-de-colombia-y-el-eln\/\"},\"author\":{\"name\":\"Editor General\",\"@id\":\"https:\/\/luchonoticias.com\/editor\/#\/schema\/person\/29217990ddf6f14e35912b2866d591fb\"},\"headline\":\"Finaliza reuni\u00f3n extraordinaria de Mesa de Di\u00e1logos de Paz entre el Gobierno de Colombia y el ELN\",\"datePublished\":\"2023-01-21T18:09:11+00:00\",\"dateModified\":\"2023-01-21T18:09:12+00:00\",\"mainEntityOfPage\":{\"@id\":\"https:\/\/luchonoticias.com\/editor\/finaliza-reunion-extraordinaria-de-mesa-de-dialogos-de-paz-entre-el-gobierno-de-colombia-y-el-eln\/\"},\"wordCount\":483,\"commentCount\":0,\"publisher\":{\"@id\":\"https:\/\/luchonoticias.com\/editor\/#\/schema\/person\/7a7fd911f58561fd056dbac7b55af9cd\"},\"articleSection\":[\"Destacado\",\"Nacional\"],\"inLanguage\":\"es\",\"potentialAction\":[{\"@type\":\"CommentAction\",\"name\":\"Comment\",\"target\":[\"https:\/\/luchonoticias.com\/editor\/finaliza-reunion-extraordinaria-de-mesa-de-dialogos-de-paz-entre-el-gobierno-de-colombia-y-el-eln\/#respond\"]}]},{\"@type\":\"WebPage\",\"@id\":\"https:\/\/luchonoticias.com\/editor\/finaliza-reunion-extraordinaria-de-mesa-de-dialogos-de-paz-entre-el-gobierno-de-colombia-y-el-eln\/\",\"url\":\"https:\/\/luchonoticias.com\/editor\/finaliza-reunion-extraordinaria-de-mesa-de-dialogos-de-paz-entre-el-gobierno-de-colombia-y-el-eln\/\",\"name\":\"Finaliza reuni\u00f3n extraordinaria de Mesa de Di\u00e1logos de Paz entre el Gobierno de Colombia y el ELN -\",\"isPartOf\":{\"@id\":\"https:\/\/luchonoticias.com\/editor\/#website\"},\"datePublished\":\"2023-01-21T18:09:11+00:00\",\"dateModified\":\"2023-01-21T18:09:12+00:00\",\"breadcrumb\":{\"@id\":\"https:\/\/luchonoticias.com\/editor\/finaliza-reunion-extraordinaria-de-mesa-de-dialogos-de-paz-entre-el-gobierno-de-colombia-y-el-eln\/#breadcrumb\"},\"inLanguage\":\"es\",\"potentialAction\":[{\"@type\":\"ReadAction\",\"target\":[\"https:\/\/luchonoticias.com\/editor\/finaliza-reunion-extraordinaria-de-mesa-de-dialogos-de-paz-entre-el-gobierno-de-colombia-y-el-eln\/\"]}]},{\"@type\":\"BreadcrumbList\",\"@id\":\"https:\/\/luchonoticias.com\/editor\/finaliza-reunion-extraordinaria-de-mesa-de-dialogos-de-paz-entre-el-gobierno-de-colombia-y-el-eln\/#breadcrumb\",\"itemListElement\":[{\"@type\":\"ListItem\",\"position\":1,\"name\":\"Portada\",\"item\":\"https:\/\/luchonoticias.com\/editor\/\"},{\"@type\":\"ListItem\",\"position\":2,\"name\":\"Finaliza reuni\u00f3n extraordinaria de Mesa de Di\u00e1logos de Paz entre el Gobierno de Colombia y el ELN\"}]},{\"@type\":\"WebSite\",\"@id\":\"https:\/\/luchonoticias.com\/editor\/#website\",\"url\":\"https:\/\/luchonoticias.com\/editor\/\",\"name\":\"\",\"description\":\"\",\"publisher\":{\"@id\":\"https:\/\/luchonoticias.com\/editor\/#\/schema\/person\/7a7fd911f58561fd056dbac7b55af9cd\"},\"potentialAction\":[{\"@type\":\"SearchAction\",\"target\":{\"@type\":\"EntryPoint\",\"urlTemplate\":\"https:\/\/luchonoticias.com\/editor\/?s={search_term_string}\"},\"query-input\":{\"@type\":\"PropertyValueSpecification\",\"valueRequired\":true,\"valueName\":\"search_term_string\"}}],\"inLanguage\":\"es\"},{\"@type\":[\"Person\",\"Organization\"],\"@id\":\"https:\/\/luchonoticias.com\/editor\/#\/schema\/person\/7a7fd911f58561fd056dbac7b55af9cd\",\"name\":\"admin\",\"image\":{\"@type\":\"ImageObject\",\"inLanguage\":\"es\",\"@id\":\"https:\/\/luchonoticias.com\/editor\/#\/schema\/person\/image\/\",\"url\":\"https:\/\/luchonoticias.com\/editor\/wp-content\/uploads\/2024\/02\/cropped-cropped-logolu.webp\",\"contentUrl\":\"https:\/\/luchonoticias.com\/editor\/wp-content\/uploads\/2024\/02\/cropped-cropped-logolu.webp\",\"width\":382,\"height\":170,\"caption\":\"admin\"},\"logo\":{\"@id\":\"https:\/\/luchonoticias.com\/editor\/#\/schema\/person\/image\/\"},\"sameAs\":[\"https:\/\/www.facebook.com\/luchonoticiasneiva\"]},{\"@type\":\"Person\",\"@id\":\"https:\/\/luchonoticias.com\/editor\/#\/schema\/person\/29217990ddf6f14e35912b2866d591fb\",\"name\":\"Editor General\",\"image\":{\"@type\":\"ImageObject\",\"inLanguage\":\"es\",\"@id\":\"https:\/\/luchonoticias.com\/editor\/#\/schema\/person\/image\/\",\"url\":\"https:\/\/luchonoticias.com\/editor\/wp-content\/uploads\/2024\/02\/cropped-cropped-logolu-150x150.webp\",\"contentUrl\":\"https:\/\/luchonoticias.com\/editor\/wp-content\/uploads\/2024\/02\/cropped-cropped-logolu-150x150.webp\",\"caption\":\"Editor General\"},\"sameAs\":[\"https:\/\/luchonoticias.com\/\"],\"url\":\"https:\/\/luchonoticias.com\/editor\/author\/editor-general\/\"}]}<\/script>\n<!-- \/ Yoast SEO plugin. -->","yoast_head_json":{"title":"Finaliza reuni\u00f3n extraordinaria de Mesa de Di\u00e1logos de Paz entre el Gobierno de Colombia y el ELN -","robots":{"index":"index","follow":"follow","max-snippet":"max-snippet:-1","max-image-preview":"max-image-preview:large","max-video-preview":"max-video-preview:-1"},"canonical":"https:\/\/luchonoticias.com\/editor\/finaliza-reunion-extraordinaria-de-mesa-de-dialogos-de-paz-entre-el-gobierno-de-colombia-y-el-eln\/","og_locale":"es_ES","og_type":"article","og_title":"Finaliza reuni\u00f3n extraordinaria de Mesa de Di\u00e1logos de Paz entre el Gobierno de Colombia y el ELN -","og_url":"https:\/\/luchonoticias.com\/editor\/finaliza-reunion-extraordinaria-de-mesa-de-dialogos-de-paz-entre-el-gobierno-de-colombia-y-el-eln\/","article_publisher":"https:\/\/www.facebook.com\/luchonoticiasneiva","article_published_time":"2023-01-21T18:09:11+00:00","article_modified_time":"2023-01-21T18:09:12+00:00","author":"Editor General","twitter_card":"summary_large_image","twitter_misc":{"Escrito por":"Editor General","Tiempo de lectura":"2 minutos"},"schema":{"@context":"https:\/\/schema.org","@graph":[{"@type":"Article","@id":"https:\/\/luchonoticias.com\/editor\/finaliza-reunion-extraordinaria-de-mesa-de-dialogos-de-paz-entre-el-gobierno-de-colombia-y-el-eln\/#article","isPartOf":{"@id":"https:\/\/luchonoticias.com\/editor\/finaliza-reunion-extraordinaria-de-mesa-de-dialogos-de-paz-entre-el-gobierno-de-colombia-y-el-eln\/"},"author":{"name":"Editor General","@id":"https:\/\/luchonoticias.com\/editor\/#\/schema\/person\/29217990ddf6f14e35912b2866d591fb"},"headline":"Finaliza reuni\u00f3n extraordinaria de Mesa de Di\u00e1logos de Paz entre el Gobierno de Colombia y el ELN","datePublished":"2023-01-21T18:09:11+00:00","dateModified":"2023-01-21T18:09:12+00:00","mainEntityOfPage":{"@id":"https:\/\/luchonoticias.com\/editor\/finaliza-reunion-extraordinaria-de-mesa-de-dialogos-de-paz-entre-el-gobierno-de-colombia-y-el-eln\/"},"wordCount":483,"commentCount":0,"publisher":{"@id":"https:\/\/luchonoticias.com\/editor\/#\/schema\/person\/7a7fd911f58561fd056dbac7b55af9cd"},"articleSection":["Destacado","Nacional"],"inLanguage":"es","potentialAction":[{"@type":"CommentAction","name":"Comment","target":["https:\/\/luchonoticias.com\/editor\/finaliza-reunion-extraordinaria-de-mesa-de-dialogos-de-paz-entre-el-gobierno-de-colombia-y-el-eln\/#respond"]}]},{"@type":"WebPage","@id":"https:\/\/luchonoticias.com\/editor\/finaliza-reunion-extraordinaria-de-mesa-de-dialogos-de-paz-entre-el-gobierno-de-colombia-y-el-eln\/","url":"https:\/\/luchonoticias.com\/editor\/finaliza-reunion-extraordinaria-de-mesa-de-dialogos-de-paz-entre-el-gobierno-de-colombia-y-el-eln\/","name":"Finaliza reuni\u00f3n extraordinaria de Mesa de Di\u00e1logos de Paz entre el Gobierno de Colombia y el ELN -","isPartOf":{"@id":"https:\/\/luchonoticias.com\/editor\/#website"},"datePublished":"2023-01-21T18:09:11+00:00","dateModified":"2023-01-21T18:09:12+00:00","breadcrumb":{"@id":"https:\/\/luchonoticias.com\/editor\/finaliza-reunion-extraordinaria-de-mesa-de-dialogos-de-paz-entre-el-gobierno-de-colombia-y-el-eln\/#breadcrumb"},"inLanguage":"es","potentialAction":[{"@type":"ReadAction","target":["https:\/\/luchonoticias.com\/editor\/finaliza-reunion-extraordinaria-de-mesa-de-dialogos-de-paz-entre-el-gobierno-de-colombia-y-el-eln\/"]}]},{"@type":"BreadcrumbList","@id":"https:\/\/luchonoticias.com\/editor\/finaliza-reunion-extraordinaria-de-mesa-de-dialogos-de-paz-entre-el-gobierno-de-colombia-y-el-eln\/#breadcrumb","itemListElement":[{"@type":"ListItem","position":1,"name":"Portada","item":"https:\/\/luchonoticias.com\/editor\/"},{"@type":"ListItem","position":2,"name":"Finaliza reuni\u00f3n extraordinaria de Mesa de Di\u00e1logos de Paz entre el Gobierno de Colombia y el ELN"}]},{"@type":"WebSite","@id":"https:\/\/luchonoticias.com\/editor\/#website","url":"https:\/\/luchonoticias.com\/editor\/","name":"","description":"","publisher":{"@id":"https:\/\/luchonoticias.com\/editor\/#\/schema\/person\/7a7fd911f58561fd056dbac7b55af9cd"},"potentialAction":[{"@type":"SearchAction","target":{"@type":"EntryPoint","urlTemplate":"https:\/\/luchonoticias.com\/editor\/?s={search_term_string}"},"query-input":{"@type":"PropertyValueSpecification","valueRequired":true,"valueName":"search_term_string"}}],"inLanguage":"es"},{"@type":["Person","Organization"],"@id":"https:\/\/luchonoticias.com\/editor\/#\/schema\/person\/7a7fd911f58561fd056dbac7b55af9cd","name":"admin","image":{"@type":"ImageObject","inLanguage":"es","@id":"https:\/\/luchonoticias.com\/editor\/#\/schema\/person\/image\/","url":"https:\/\/luchonoticias.com\/editor\/wp-content\/uploads\/2024\/02\/cropped-cropped-logolu.webp","contentUrl":"https:\/\/luchonoticias.com\/editor\/wp-content\/uploads\/2024\/02\/cropped-cropped-logolu.webp","width":382,"height":170,"caption":"admin"},"logo":{"@id":"https:\/\/luchonoticias.com\/editor\/#\/schema\/person\/image\/"},"sameAs":["https:\/\/www.facebook.com\/luchonoticiasneiva"]},{"@type":"Person","@id":"https:\/\/luchonoticias.com\/editor\/#\/schema\/person\/29217990ddf6f14e35912b2866d591fb","name":"Editor General","image":{"@type":"ImageObject","inLanguage":"es","@id":"https:\/\/luchonoticias.com\/editor\/#\/schema\/person\/image\/","url":"https:\/\/luchonoticias.com\/editor\/wp-content\/uploads\/2024\/02\/cropped-cropped-logolu-150x150.webp","contentUrl":"https:\/\/luchonoticias.com\/editor\/wp-content\/uploads\/2024\/02\/cropped-cropped-logolu-150x150.webp","caption":"Editor General"},"sameAs":["https:\/\/luchonoticias.com\/"],"url":"https:\/\/luchonoticias.com\/editor\/author\/editor-general\/"}]}},"_links":{"self":[{"href":"https:\/\/luchonoticias.com\/editor\/wp-json\/wp\/v2\/posts\/44672","targetHints":{"allow":["GET"]}}],"collection":[{"href":"https:\/\/luchonoticias.com\/editor\/wp-json\/wp\/v2\/posts"}],"about":[{"href":"https:\/\/luchonoticias.com\/editor\/wp-json\/wp\/v2\/types\/post"}],"author":[{"embeddable":true,"href":"https:\/\/luchonoticias.com\/editor\/wp-json\/wp\/v2\/users\/2"}],"replies":[{"embeddable":true,"href":"https:\/\/luchonoticias.com\/editor\/wp-json\/wp\/v2\/comments?post=44672"}],"version-history":[{"count":0,"href":"https:\/\/luchonoticias.com\/editor\/wp-json\/wp\/v2\/posts\/44672\/revisions"}],"wp:attachment":[{"href":"https:\/\/luchonoticias.com\/editor\/wp-json\/wp\/v2\/media?parent=44672"}],"wp:term":[{"taxonomy":"category","embeddable":true,"href":"https:\/\/luchonoticias.com\/editor\/wp-json\/wp\/v2\/categories?post=44672"},{"taxonomy":"post_tag","embeddable":true,"href":"https:\/\/luchonoticias.com\/editor\/wp-json\/wp\/v2\/tags?post=44672"}],"curies":[{"name":"wp","href":"https:\/\/api.w.org\/{rel}","templated":true}]}}