{"id":44692,"date":"2023-01-22T07:21:10","date_gmt":"2023-01-22T12:21:10","guid":{"rendered":"https:\/\/luchonoticias.com\/?p=44692"},"modified":"2023-01-22T07:21:11","modified_gmt":"2023-01-22T12:21:11","slug":"llegan-45-carrotanques-a-narino-para-mitigar-crisis-de-combustibles","status":"publish","type":"post","link":"https:\/\/luchonoticias.com\/editor\/llegan-45-carrotanques-a-narino-para-mitigar-crisis-de-combustibles\/","title":{"rendered":"Llegan 45 carrotanques a Nari\u00f1o para mitigar crisis de combustibles"},"content":{"rendered":"\n<p>La ministra de Minas y Energ\u00eda, Irene V\u00e9lez, anunci\u00f3 la llegada de m\u00e1s de 45 carrotanques, que contienen 450 mil galones de combustibles l\u00edquidos, para abastecer al sur del pa\u00eds, luego del derrumbe en la v\u00eda Panamericana a la altura del municipio de Rosas, Cauca.<\/p>\n\n\n\n<p>\u201cRecibimos la caravana con 45 carrotanques que llegan al Puente Rumichaca, frontera con Ecuador. Son 450 mil galones de combustibles l\u00edquidos procedentes de Neiva que nos permitir\u00e1n seguir cumpliendo con las metas de abastecimiento para el departamento\u201d.<\/p>\n\n\n\n<p>Asimismo, la Ministra tambi\u00e9n inform\u00f3 que ma\u00f1ana, desde la ciudad de Barranquilla, llegar\u00e1 a Tumaco un barco con un mill\u00f3n de galones de combustibles para el abastecimiento de Nari\u00f1o y Cauca.<\/p>\n","protected":false},"excerpt":{"rendered":"<p>La ministra de Minas y Energ\u00eda, Irene V\u00e9lez, anunci\u00f3 la llegada de m\u00e1s de 45 carrotanques, que contienen 450 mil galones de combustibles l\u00edquidos, para abastecer al sur del pa\u00eds, luego del derrumbe en la v\u00eda Panamericana a la altura del municipio de Rosas, Cauca. \u201cRecibimos la caravana con 45 carrotanques que llegan al Puente [&hellip;]<\/p>\n","protected":false},"author":2,"featured_media":0,"comment_status":"open","ping_status":"open","sticky":false,"template":"","format":"standard","meta":{"footnotes":""},"categories":[28,36],"tags":[],"class_list":["post-44692","post","type-post","status-publish","format-standard","hentry","category-actualidad","category-destacado"],"yoast_head":"<!-- This site is optimized with the Yoast SEO plugin v26.6 - https:\/\/yoast.com\/wordpress\/plugins\/seo\/ -->\n<title>Llegan 45 carrotanques a Nari\u00f1o para mitigar crisis de combustibles -<\/title>\n<meta name=\"robots\" content=\"index, follow, max-snippet:-1, max-image-preview:large, max-video-preview:-1\" \/>\n<link rel=\"canonical\" href=\"https:\/\/luchonoticias.com\/editor\/llegan-45-carrotanques-a-narino-para-mitigar-crisis-de-combustibles\/\" \/>\n<meta property=\"og:locale\" content=\"es_ES\" \/>\n<meta property=\"og:type\" content=\"article\" \/>\n<meta property=\"og:title\" content=\"Llegan 45 carrotanques a Nari\u00f1o para mitigar crisis de combustibles -\" \/>\n<meta property=\"og:url\" content=\"https:\/\/luchonoticias.com\/editor\/llegan-45-carrotanques-a-narino-para-mitigar-crisis-de-combustibles\/\" \/>\n<meta property=\"article:publisher\" content=\"https:\/\/www.facebook.com\/luchonoticiasneiva\" \/>\n<meta property=\"article:published_time\" content=\"2023-01-22T12:21:10+00:00\" \/>\n<meta property=\"article:modified_time\" content=\"2023-01-22T12:21:11+00:00\" \/>\n<meta name=\"author\" content=\"Editor General\" \/>\n<meta name=\"twitter:card\" content=\"summary_large_image\" \/>\n<meta name=\"twitter:label1\" content=\"Escrito por\" \/>\n\t<meta name=\"twitter:data1\" content=\"Editor General\" \/>\n\t<meta name=\"twitter:label2\" content=\"Tiempo de lectura\" \/>\n\t<meta name=\"twitter:data2\" content=\"1 minuto\" \/>\n<script type=\"application\/ld+json\" class=\"yoast-schema-graph\">{\"@context\":\"https:\/\/schema.org\",\"@graph\":[{\"@type\":\"Article\",\"@id\":\"https:\/\/luchonoticias.com\/editor\/llegan-45-carrotanques-a-narino-para-mitigar-crisis-de-combustibles\/#article\",\"isPartOf\":{\"@id\":\"https:\/\/luchonoticias.com\/editor\/llegan-45-carrotanques-a-narino-para-mitigar-crisis-de-combustibles\/\"},\"author\":{\"name\":\"Editor General\",\"@id\":\"https:\/\/luchonoticias.com\/editor\/#\/schema\/person\/29217990ddf6f14e35912b2866d591fb\"},\"headline\":\"Llegan 45 carrotanques a Nari\u00f1o para mitigar crisis de combustibles\",\"datePublished\":\"2023-01-22T12:21:10+00:00\",\"dateModified\":\"2023-01-22T12:21:11+00:00\",\"mainEntityOfPage\":{\"@id\":\"https:\/\/luchonoticias.com\/editor\/llegan-45-carrotanques-a-narino-para-mitigar-crisis-de-combustibles\/\"},\"wordCount\":131,\"commentCount\":0,\"publisher\":{\"@id\":\"https:\/\/luchonoticias.com\/editor\/#\/schema\/person\/7a7fd911f58561fd056dbac7b55af9cd\"},\"articleSection\":[\"Actualidad\",\"Destacado\"],\"inLanguage\":\"es\",\"potentialAction\":[{\"@type\":\"CommentAction\",\"name\":\"Comment\",\"target\":[\"https:\/\/luchonoticias.com\/editor\/llegan-45-carrotanques-a-narino-para-mitigar-crisis-de-combustibles\/#respond\"]}]},{\"@type\":\"WebPage\",\"@id\":\"https:\/\/luchonoticias.com\/editor\/llegan-45-carrotanques-a-narino-para-mitigar-crisis-de-combustibles\/\",\"url\":\"https:\/\/luchonoticias.com\/editor\/llegan-45-carrotanques-a-narino-para-mitigar-crisis-de-combustibles\/\",\"name\":\"Llegan 45 carrotanques a Nari\u00f1o para mitigar crisis de combustibles -\",\"isPartOf\":{\"@id\":\"https:\/\/luchonoticias.com\/editor\/#website\"},\"datePublished\":\"2023-01-22T12:21:10+00:00\",\"dateModified\":\"2023-01-22T12:21:11+00:00\",\"breadcrumb\":{\"@id\":\"https:\/\/luchonoticias.com\/editor\/llegan-45-carrotanques-a-narino-para-mitigar-crisis-de-combustibles\/#breadcrumb\"},\"inLanguage\":\"es\",\"potentialAction\":[{\"@type\":\"ReadAction\",\"target\":[\"https:\/\/luchonoticias.com\/editor\/llegan-45-carrotanques-a-narino-para-mitigar-crisis-de-combustibles\/\"]}]},{\"@type\":\"BreadcrumbList\",\"@id\":\"https:\/\/luchonoticias.com\/editor\/llegan-45-carrotanques-a-narino-para-mitigar-crisis-de-combustibles\/#breadcrumb\",\"itemListElement\":[{\"@type\":\"ListItem\",\"position\":1,\"name\":\"Portada\",\"item\":\"https:\/\/luchonoticias.com\/editor\/\"},{\"@type\":\"ListItem\",\"position\":2,\"name\":\"Llegan 45 carrotanques a Nari\u00f1o para mitigar crisis de combustibles\"}]},{\"@type\":\"WebSite\",\"@id\":\"https:\/\/luchonoticias.com\/editor\/#website\",\"url\":\"https:\/\/luchonoticias.com\/editor\/\",\"name\":\"\",\"description\":\"\",\"publisher\":{\"@id\":\"https:\/\/luchonoticias.com\/editor\/#\/schema\/person\/7a7fd911f58561fd056dbac7b55af9cd\"},\"potentialAction\":[{\"@type\":\"SearchAction\",\"target\":{\"@type\":\"EntryPoint\",\"urlTemplate\":\"https:\/\/luchonoticias.com\/editor\/?s={search_term_string}\"},\"query-input\":{\"@type\":\"PropertyValueSpecification\",\"valueRequired\":true,\"valueName\":\"search_term_string\"}}],\"inLanguage\":\"es\"},{\"@type\":[\"Person\",\"Organization\"],\"@id\":\"https:\/\/luchonoticias.com\/editor\/#\/schema\/person\/7a7fd911f58561fd056dbac7b55af9cd\",\"name\":\"admin\",\"image\":{\"@type\":\"ImageObject\",\"inLanguage\":\"es\",\"@id\":\"https:\/\/luchonoticias.com\/editor\/#\/schema\/person\/image\/\",\"url\":\"https:\/\/luchonoticias.com\/editor\/wp-content\/uploads\/2024\/02\/cropped-cropped-logolu.webp\",\"contentUrl\":\"https:\/\/luchonoticias.com\/editor\/wp-content\/uploads\/2024\/02\/cropped-cropped-logolu.webp\",\"width\":382,\"height\":170,\"caption\":\"admin\"},\"logo\":{\"@id\":\"https:\/\/luchonoticias.com\/editor\/#\/schema\/person\/image\/\"},\"sameAs\":[\"https:\/\/www.facebook.com\/luchonoticiasneiva\"]},{\"@type\":\"Person\",\"@id\":\"https:\/\/luchonoticias.com\/editor\/#\/schema\/person\/29217990ddf6f14e35912b2866d591fb\",\"name\":\"Editor General\",\"image\":{\"@type\":\"ImageObject\",\"inLanguage\":\"es\",\"@id\":\"https:\/\/luchonoticias.com\/editor\/#\/schema\/person\/image\/\",\"url\":\"https:\/\/luchonoticias.com\/editor\/wp-content\/uploads\/2024\/02\/cropped-cropped-logolu-150x150.webp\",\"contentUrl\":\"https:\/\/luchonoticias.com\/editor\/wp-content\/uploads\/2024\/02\/cropped-cropped-logolu-150x150.webp\",\"caption\":\"Editor General\"},\"sameAs\":[\"https:\/\/luchonoticias.com\/\"],\"url\":\"https:\/\/luchonoticias.com\/editor\/author\/editor-general\/\"}]}<\/script>\n<!-- \/ Yoast SEO plugin. -->","yoast_head_json":{"title":"Llegan 45 carrotanques a Nari\u00f1o para mitigar crisis de combustibles -","robots":{"index":"index","follow":"follow","max-snippet":"max-snippet:-1","max-image-preview":"max-image-preview:large","max-video-preview":"max-video-preview:-1"},"canonical":"https:\/\/luchonoticias.com\/editor\/llegan-45-carrotanques-a-narino-para-mitigar-crisis-de-combustibles\/","og_locale":"es_ES","og_type":"article","og_title":"Llegan 45 carrotanques a Nari\u00f1o para mitigar crisis de combustibles -","og_url":"https:\/\/luchonoticias.com\/editor\/llegan-45-carrotanques-a-narino-para-mitigar-crisis-de-combustibles\/","article_publisher":"https:\/\/www.facebook.com\/luchonoticiasneiva","article_published_time":"2023-01-22T12:21:10+00:00","article_modified_time":"2023-01-22T12:21:11+00:00","author":"Editor General","twitter_card":"summary_large_image","twitter_misc":{"Escrito por":"Editor General","Tiempo de lectura":"1 minuto"},"schema":{"@context":"https:\/\/schema.org","@graph":[{"@type":"Article","@id":"https:\/\/luchonoticias.com\/editor\/llegan-45-carrotanques-a-narino-para-mitigar-crisis-de-combustibles\/#article","isPartOf":{"@id":"https:\/\/luchonoticias.com\/editor\/llegan-45-carrotanques-a-narino-para-mitigar-crisis-de-combustibles\/"},"author":{"name":"Editor General","@id":"https:\/\/luchonoticias.com\/editor\/#\/schema\/person\/29217990ddf6f14e35912b2866d591fb"},"headline":"Llegan 45 carrotanques a Nari\u00f1o para mitigar crisis de combustibles","datePublished":"2023-01-22T12:21:10+00:00","dateModified":"2023-01-22T12:21:11+00:00","mainEntityOfPage":{"@id":"https:\/\/luchonoticias.com\/editor\/llegan-45-carrotanques-a-narino-para-mitigar-crisis-de-combustibles\/"},"wordCount":131,"commentCount":0,"publisher":{"@id":"https:\/\/luchonoticias.com\/editor\/#\/schema\/person\/7a7fd911f58561fd056dbac7b55af9cd"},"articleSection":["Actualidad","Destacado"],"inLanguage":"es","potentialAction":[{"@type":"CommentAction","name":"Comment","target":["https:\/\/luchonoticias.com\/editor\/llegan-45-carrotanques-a-narino-para-mitigar-crisis-de-combustibles\/#respond"]}]},{"@type":"WebPage","@id":"https:\/\/luchonoticias.com\/editor\/llegan-45-carrotanques-a-narino-para-mitigar-crisis-de-combustibles\/","url":"https:\/\/luchonoticias.com\/editor\/llegan-45-carrotanques-a-narino-para-mitigar-crisis-de-combustibles\/","name":"Llegan 45 carrotanques a Nari\u00f1o para mitigar crisis de combustibles -","isPartOf":{"@id":"https:\/\/luchonoticias.com\/editor\/#website"},"datePublished":"2023-01-22T12:21:10+00:00","dateModified":"2023-01-22T12:21:11+00:00","breadcrumb":{"@id":"https:\/\/luchonoticias.com\/editor\/llegan-45-carrotanques-a-narino-para-mitigar-crisis-de-combustibles\/#breadcrumb"},"inLanguage":"es","potentialAction":[{"@type":"ReadAction","target":["https:\/\/luchonoticias.com\/editor\/llegan-45-carrotanques-a-narino-para-mitigar-crisis-de-combustibles\/"]}]},{"@type":"BreadcrumbList","@id":"https:\/\/luchonoticias.com\/editor\/llegan-45-carrotanques-a-narino-para-mitigar-crisis-de-combustibles\/#breadcrumb","itemListElement":[{"@type":"ListItem","position":1,"name":"Portada","item":"https:\/\/luchonoticias.com\/editor\/"},{"@type":"ListItem","position":2,"name":"Llegan 45 carrotanques a Nari\u00f1o para mitigar crisis de combustibles"}]},{"@type":"WebSite","@id":"https:\/\/luchonoticias.com\/editor\/#website","url":"https:\/\/luchonoticias.com\/editor\/","name":"","description":"","publisher":{"@id":"https:\/\/luchonoticias.com\/editor\/#\/schema\/person\/7a7fd911f58561fd056dbac7b55af9cd"},"potentialAction":[{"@type":"SearchAction","target":{"@type":"EntryPoint","urlTemplate":"https:\/\/luchonoticias.com\/editor\/?s={search_term_string}"},"query-input":{"@type":"PropertyValueSpecification","valueRequired":true,"valueName":"search_term_string"}}],"inLanguage":"es"},{"@type":["Person","Organization"],"@id":"https:\/\/luchonoticias.com\/editor\/#\/schema\/person\/7a7fd911f58561fd056dbac7b55af9cd","name":"admin","image":{"@type":"ImageObject","inLanguage":"es","@id":"https:\/\/luchonoticias.com\/editor\/#\/schema\/person\/image\/","url":"https:\/\/luchonoticias.com\/editor\/wp-content\/uploads\/2024\/02\/cropped-cropped-logolu.webp","contentUrl":"https:\/\/luchonoticias.com\/editor\/wp-content\/uploads\/2024\/02\/cropped-cropped-logolu.webp","width":382,"height":170,"caption":"admin"},"logo":{"@id":"https:\/\/luchonoticias.com\/editor\/#\/schema\/person\/image\/"},"sameAs":["https:\/\/www.facebook.com\/luchonoticiasneiva"]},{"@type":"Person","@id":"https:\/\/luchonoticias.com\/editor\/#\/schema\/person\/29217990ddf6f14e35912b2866d591fb","name":"Editor General","image":{"@type":"ImageObject","inLanguage":"es","@id":"https:\/\/luchonoticias.com\/editor\/#\/schema\/person\/image\/","url":"https:\/\/luchonoticias.com\/editor\/wp-content\/uploads\/2024\/02\/cropped-cropped-logolu-150x150.webp","contentUrl":"https:\/\/luchonoticias.com\/editor\/wp-content\/uploads\/2024\/02\/cropped-cropped-logolu-150x150.webp","caption":"Editor General"},"sameAs":["https:\/\/luchonoticias.com\/"],"url":"https:\/\/luchonoticias.com\/editor\/author\/editor-general\/"}]}},"_links":{"self":[{"href":"https:\/\/luchonoticias.com\/editor\/wp-json\/wp\/v2\/posts\/44692","targetHints":{"allow":["GET"]}}],"collection":[{"href":"https:\/\/luchonoticias.com\/editor\/wp-json\/wp\/v2\/posts"}],"about":[{"href":"https:\/\/luchonoticias.com\/editor\/wp-json\/wp\/v2\/types\/post"}],"author":[{"embeddable":true,"href":"https:\/\/luchonoticias.com\/editor\/wp-json\/wp\/v2\/users\/2"}],"replies":[{"embeddable":true,"href":"https:\/\/luchonoticias.com\/editor\/wp-json\/wp\/v2\/comments?post=44692"}],"version-history":[{"count":0,"href":"https:\/\/luchonoticias.com\/editor\/wp-json\/wp\/v2\/posts\/44692\/revisions"}],"wp:attachment":[{"href":"https:\/\/luchonoticias.com\/editor\/wp-json\/wp\/v2\/media?parent=44692"}],"wp:term":[{"taxonomy":"category","embeddable":true,"href":"https:\/\/luchonoticias.com\/editor\/wp-json\/wp\/v2\/categories?post=44692"},{"taxonomy":"post_tag","embeddable":true,"href":"https:\/\/luchonoticias.com\/editor\/wp-json\/wp\/v2\/tags?post=44692"}],"curies":[{"name":"wp","href":"https:\/\/api.w.org\/{rel}","templated":true}]}}