{"id":44705,"date":"2023-01-22T12:06:31","date_gmt":"2023-01-22T17:06:31","guid":{"rendered":"https:\/\/luchonoticias.com\/?p=44705"},"modified":"2023-01-22T12:06:32","modified_gmt":"2023-01-22T17:06:32","slug":"un-sujeto-fue-capturado-transportando-cerca-de-233-kilos-de-marihuana-en-neiva","status":"publish","type":"post","link":"https:\/\/luchonoticias.com\/editor\/un-sujeto-fue-capturado-transportando-cerca-de-233-kilos-de-marihuana-en-neiva\/","title":{"rendered":"Un sujeto fue capturado transportando cerca de 233 kilos de marihuana en Neiva"},"content":{"rendered":"\n<p>La Polic\u00eda Metropolitana de Neiva, dieron a conocer que en las \u00faltimas horas, en desarrollo de actividades de investigaci\u00f3n criminal, lograron la captura de un sujeto de 32 a\u00f1os de edad, quien al parecer transportaba en un veh\u00edculo un importante alijo de estupefacientes.<\/p>\n\n\n\n<p>\u201cUnidades de nuestra Seccional de Investigaci\u00f3n Criminal SIJIN, logran la captura de Fabi\u00e1n Andr\u00e9s Usma Tovar de 32 a\u00f1os de edad, residente en el barrio san Francisco, quien transportaba en un veh\u00edculo marca Kia Picanto de placas GKZ 456 m\u00e1s de 233.000 gramos de Marihuana tipo Cripy. Este relevante operativo se realiza sobre la ruta 45 a la altura del Peaje Los Cauchos al sur de la ciudad de Neiva, en momentos en los cuales, unidades de la Seccional de Investigaci\u00f3n Criminal SIJIN, interceptan este veh\u00edculo, hallando la sustancia en su interior\u201d, afirmaron las autoridades en un comunicado.<\/p>\n\n\n\n<figure class=\"wp-block-gallery has-nested-images columns-default is-cropped wp-block-gallery-1 is-layout-flex wp-block-gallery-is-layout-flex\">\n<figure class=\"wp-block-image size-large\"><img decoding=\"async\" data-id=\"44707\" src=\"https:\/\/luchonoticias.com\/wp-content\/uploads\/2023\/01\/WhatsApp-Image-2023-01-22-at-11.09.59-AM-2-1024x574.jpeg\" alt=\"\" class=\"wp-image-44707\"\/><\/figure>\n\n\n\n<figure class=\"wp-block-image size-large\"><img decoding=\"async\" data-id=\"44708\" src=\"https:\/\/luchonoticias.com\/wp-content\/uploads\/2023\/01\/WhatsApp-Image-2023-01-22-at-11.09.59-AM-1-1024x574.jpeg\" alt=\"\" class=\"wp-image-44708\"\/><\/figure>\n<\/figure>\n\n\n\n<p><strong>Se movilizaba en veh\u00edculo hurtado<\/strong><\/p>\n\n\n\n<p>Asimismo, las fuentes oficiales dieron a conocer que, al momento de verificar la procedencia del veh\u00edculo, este reporta como hurtado.<\/p>\n\n\n\n<p>\u201cEs de anotar que este veh\u00edculo, despu\u00e9s de verificar sus n\u00fameros de chasis y motor, presenta inconsistencias en sus sistemas de identificaci\u00f3n, por lo cual, con la ayuda de nuestros peritos de automotores, se verifica su procedencia y si el mismo, habr\u00eda sido hurtado\u201d, indicaron.<\/p>\n\n\n\n<figure class=\"wp-block-gallery has-nested-images columns-default is-cropped wp-block-gallery-2 is-layout-flex wp-block-gallery-is-layout-flex\">\n<figure class=\"wp-block-image size-large\"><img decoding=\"async\" data-id=\"44709\" src=\"https:\/\/luchonoticias.com\/wp-content\/uploads\/2023\/01\/WhatsApp-Image-2023-01-22-at-11.09.59-AM-1024x574.jpeg\" alt=\"\" class=\"wp-image-44709\"\/><\/figure>\n\n\n\n<figure class=\"wp-block-image size-large\"><img decoding=\"async\" data-id=\"44710\" src=\"https:\/\/luchonoticias.com\/wp-content\/uploads\/2023\/01\/WhatsApp-Image-2023-01-22-at-11.09.58-AM-2-1024x574.jpeg\" alt=\"\" class=\"wp-image-44710\"\/><\/figure>\n\n\n\n<figure class=\"wp-block-image size-large\"><img decoding=\"async\" data-id=\"44711\" src=\"https:\/\/luchonoticias.com\/wp-content\/uploads\/2023\/01\/WhatsApp-Image-2023-01-22-at-11.09.57-AM-1-1024x574.jpeg\" alt=\"\" class=\"wp-image-44711\"\/><\/figure>\n<\/figure>\n\n\n\n<p><strong>Integrante de \u2018Los Frigor\u00edficos\u2019<\/strong><\/p>\n\n\n\n<p>Finalmente, las autoridades opitas dieron a conocer que el hombre implicado quien, seg\u00fan su historial judicial, fue uno de los capturados de la organizaci\u00f3n criminal \u2018Los Frigor\u00edficos\u2019 dedicados al hurto de semovientes en zona rural de Neiva, Aipe, Palermo, Rivera, Yaguar\u00e1, Teruel, Hobo, Gigante, Garz\u00f3n y Campoalegre, dej\u00e1ndolo finalmente a disposici\u00f3n de las autoridades competentes.<\/p>\n\n\n\n<p>\u201cEl capturado, quien registra anotaciones judiciales por los delitos de Concierto para delinquir, Hurto Calificado y Agravado, Abigeato y Porte de Estupefacientes, fue uno de los 15 capturados el d\u00eda 27 de octubre del a\u00f1o 2021, al integrar la organizaci\u00f3n criminal \u00abLos Frigor\u00edficos\u00bb dedicados al hurto de semovientes en zona rural de Neiva, Aipe, Palermo, Rivera, Yaguar\u00e1, Teruel, Hobo, Gigante, Garz\u00f3n y Campoalegre. Fue dejado a disposici\u00f3n ante un juez de control y garant\u00edas, quien en las pr\u00f3ximas horas definir\u00e1 su situaci\u00f3n jur\u00eddica\u201d, concluyeron. &nbsp;<\/p>\n","protected":false},"excerpt":{"rendered":"<p>La Polic\u00eda Metropolitana de Neiva, dieron a conocer que en las \u00faltimas horas, en desarrollo de actividades de investigaci\u00f3n criminal, lograron la captura de un sujeto de 32 a\u00f1os de edad, quien al parecer transportaba en un veh\u00edculo un importante alijo de estupefacientes. \u201cUnidades de nuestra Seccional de Investigaci\u00f3n Criminal SIJIN, logran la captura de [&hellip;]<\/p>\n","protected":false},"author":2,"featured_media":0,"comment_status":"open","ping_status":"open","sticky":false,"template":"","format":"standard","meta":{"footnotes":""},"categories":[36,29],"tags":[],"class_list":["post-44705","post","type-post","status-publish","format-standard","hentry","category-destacado","category-judicial"],"yoast_head":"<!-- This site is optimized with the Yoast SEO plugin v26.6 - https:\/\/yoast.com\/wordpress\/plugins\/seo\/ -->\n<title>Un sujeto fue capturado transportando cerca de 233 kilos de marihuana en Neiva -<\/title>\n<meta name=\"robots\" content=\"index, follow, max-snippet:-1, max-image-preview:large, max-video-preview:-1\" \/>\n<link rel=\"canonical\" href=\"https:\/\/luchonoticias.com\/editor\/un-sujeto-fue-capturado-transportando-cerca-de-233-kilos-de-marihuana-en-neiva\/\" \/>\n<meta property=\"og:locale\" content=\"es_ES\" \/>\n<meta property=\"og:type\" content=\"article\" \/>\n<meta property=\"og:title\" content=\"Un sujeto fue capturado transportando cerca de 233 kilos de marihuana en Neiva -\" \/>\n<meta property=\"og:url\" content=\"https:\/\/luchonoticias.com\/editor\/un-sujeto-fue-capturado-transportando-cerca-de-233-kilos-de-marihuana-en-neiva\/\" \/>\n<meta property=\"article:publisher\" content=\"https:\/\/www.facebook.com\/luchonoticiasneiva\" \/>\n<meta property=\"article:published_time\" content=\"2023-01-22T17:06:31+00:00\" \/>\n<meta property=\"article:modified_time\" content=\"2023-01-22T17:06:32+00:00\" \/>\n<meta property=\"og:image\" content=\"https:\/\/luchonoticias.com\/wp-content\/uploads\/2023\/01\/WhatsApp-Image-2023-01-22-at-11.09.59-AM-2-1024x574.jpeg\" \/>\n<meta name=\"author\" content=\"Editor General\" \/>\n<meta name=\"twitter:card\" content=\"summary_large_image\" \/>\n<meta name=\"twitter:label1\" content=\"Escrito por\" \/>\n\t<meta name=\"twitter:data1\" content=\"Editor General\" \/>\n\t<meta name=\"twitter:label2\" content=\"Tiempo de lectura\" \/>\n\t<meta name=\"twitter:data2\" content=\"2 minutos\" \/>\n<script type=\"application\/ld+json\" class=\"yoast-schema-graph\">{\"@context\":\"https:\/\/schema.org\",\"@graph\":[{\"@type\":\"Article\",\"@id\":\"https:\/\/luchonoticias.com\/editor\/un-sujeto-fue-capturado-transportando-cerca-de-233-kilos-de-marihuana-en-neiva\/#article\",\"isPartOf\":{\"@id\":\"https:\/\/luchonoticias.com\/editor\/un-sujeto-fue-capturado-transportando-cerca-de-233-kilos-de-marihuana-en-neiva\/\"},\"author\":{\"name\":\"Editor General\",\"@id\":\"https:\/\/luchonoticias.com\/editor\/#\/schema\/person\/29217990ddf6f14e35912b2866d591fb\"},\"headline\":\"Un sujeto fue capturado transportando cerca de 233 kilos de marihuana en Neiva\",\"datePublished\":\"2023-01-22T17:06:31+00:00\",\"dateModified\":\"2023-01-22T17:06:32+00:00\",\"mainEntityOfPage\":{\"@id\":\"https:\/\/luchonoticias.com\/editor\/un-sujeto-fue-capturado-transportando-cerca-de-233-kilos-de-marihuana-en-neiva\/\"},\"wordCount\":395,\"commentCount\":0,\"publisher\":{\"@id\":\"https:\/\/luchonoticias.com\/editor\/#\/schema\/person\/7a7fd911f58561fd056dbac7b55af9cd\"},\"image\":{\"@id\":\"https:\/\/luchonoticias.com\/editor\/un-sujeto-fue-capturado-transportando-cerca-de-233-kilos-de-marihuana-en-neiva\/#primaryimage\"},\"thumbnailUrl\":\"https:\/\/luchonoticias.com\/wp-content\/uploads\/2023\/01\/WhatsApp-Image-2023-01-22-at-11.09.59-AM-2-1024x574.jpeg\",\"articleSection\":[\"Destacado\",\"Judicial\"],\"inLanguage\":\"es\",\"potentialAction\":[{\"@type\":\"CommentAction\",\"name\":\"Comment\",\"target\":[\"https:\/\/luchonoticias.com\/editor\/un-sujeto-fue-capturado-transportando-cerca-de-233-kilos-de-marihuana-en-neiva\/#respond\"]}]},{\"@type\":\"WebPage\",\"@id\":\"https:\/\/luchonoticias.com\/editor\/un-sujeto-fue-capturado-transportando-cerca-de-233-kilos-de-marihuana-en-neiva\/\",\"url\":\"https:\/\/luchonoticias.com\/editor\/un-sujeto-fue-capturado-transportando-cerca-de-233-kilos-de-marihuana-en-neiva\/\",\"name\":\"Un sujeto fue capturado transportando cerca de 233 kilos de marihuana en Neiva -\",\"isPartOf\":{\"@id\":\"https:\/\/luchonoticias.com\/editor\/#website\"},\"primaryImageOfPage\":{\"@id\":\"https:\/\/luchonoticias.com\/editor\/un-sujeto-fue-capturado-transportando-cerca-de-233-kilos-de-marihuana-en-neiva\/#primaryimage\"},\"image\":{\"@id\":\"https:\/\/luchonoticias.com\/editor\/un-sujeto-fue-capturado-transportando-cerca-de-233-kilos-de-marihuana-en-neiva\/#primaryimage\"},\"thumbnailUrl\":\"https:\/\/luchonoticias.com\/wp-content\/uploads\/2023\/01\/WhatsApp-Image-2023-01-22-at-11.09.59-AM-2-1024x574.jpeg\",\"datePublished\":\"2023-01-22T17:06:31+00:00\",\"dateModified\":\"2023-01-22T17:06:32+00:00\",\"breadcrumb\":{\"@id\":\"https:\/\/luchonoticias.com\/editor\/un-sujeto-fue-capturado-transportando-cerca-de-233-kilos-de-marihuana-en-neiva\/#breadcrumb\"},\"inLanguage\":\"es\",\"potentialAction\":[{\"@type\":\"ReadAction\",\"target\":[\"https:\/\/luchonoticias.com\/editor\/un-sujeto-fue-capturado-transportando-cerca-de-233-kilos-de-marihuana-en-neiva\/\"]}]},{\"@type\":\"ImageObject\",\"inLanguage\":\"es\",\"@id\":\"https:\/\/luchonoticias.com\/editor\/un-sujeto-fue-capturado-transportando-cerca-de-233-kilos-de-marihuana-en-neiva\/#primaryimage\",\"url\":\"https:\/\/luchonoticias.com\/wp-content\/uploads\/2023\/01\/WhatsApp-Image-2023-01-22-at-11.09.59-AM-2-1024x574.jpeg\",\"contentUrl\":\"https:\/\/luchonoticias.com\/wp-content\/uploads\/2023\/01\/WhatsApp-Image-2023-01-22-at-11.09.59-AM-2-1024x574.jpeg\"},{\"@type\":\"BreadcrumbList\",\"@id\":\"https:\/\/luchonoticias.com\/editor\/un-sujeto-fue-capturado-transportando-cerca-de-233-kilos-de-marihuana-en-neiva\/#breadcrumb\",\"itemListElement\":[{\"@type\":\"ListItem\",\"position\":1,\"name\":\"Portada\",\"item\":\"https:\/\/luchonoticias.com\/editor\/\"},{\"@type\":\"ListItem\",\"position\":2,\"name\":\"Un sujeto fue capturado transportando cerca de 233 kilos de marihuana en Neiva\"}]},{\"@type\":\"WebSite\",\"@id\":\"https:\/\/luchonoticias.com\/editor\/#website\",\"url\":\"https:\/\/luchonoticias.com\/editor\/\",\"name\":\"\",\"description\":\"\",\"publisher\":{\"@id\":\"https:\/\/luchonoticias.com\/editor\/#\/schema\/person\/7a7fd911f58561fd056dbac7b55af9cd\"},\"potentialAction\":[{\"@type\":\"SearchAction\",\"target\":{\"@type\":\"EntryPoint\",\"urlTemplate\":\"https:\/\/luchonoticias.com\/editor\/?s={search_term_string}\"},\"query-input\":{\"@type\":\"PropertyValueSpecification\",\"valueRequired\":true,\"valueName\":\"search_term_string\"}}],\"inLanguage\":\"es\"},{\"@type\":[\"Person\",\"Organization\"],\"@id\":\"https:\/\/luchonoticias.com\/editor\/#\/schema\/person\/7a7fd911f58561fd056dbac7b55af9cd\",\"name\":\"admin\",\"image\":{\"@type\":\"ImageObject\",\"inLanguage\":\"es\",\"@id\":\"https:\/\/luchonoticias.com\/editor\/#\/schema\/person\/image\/\",\"url\":\"https:\/\/luchonoticias.com\/editor\/wp-content\/uploads\/2024\/02\/cropped-cropped-logolu.webp\",\"contentUrl\":\"https:\/\/luchonoticias.com\/editor\/wp-content\/uploads\/2024\/02\/cropped-cropped-logolu.webp\",\"width\":382,\"height\":170,\"caption\":\"admin\"},\"logo\":{\"@id\":\"https:\/\/luchonoticias.com\/editor\/#\/schema\/person\/image\/\"},\"sameAs\":[\"https:\/\/www.facebook.com\/luchonoticiasneiva\"]},{\"@type\":\"Person\",\"@id\":\"https:\/\/luchonoticias.com\/editor\/#\/schema\/person\/29217990ddf6f14e35912b2866d591fb\",\"name\":\"Editor General\",\"image\":{\"@type\":\"ImageObject\",\"inLanguage\":\"es\",\"@id\":\"https:\/\/luchonoticias.com\/editor\/#\/schema\/person\/image\/\",\"url\":\"https:\/\/luchonoticias.com\/editor\/wp-content\/uploads\/2024\/02\/cropped-cropped-logolu-150x150.webp\",\"contentUrl\":\"https:\/\/luchonoticias.com\/editor\/wp-content\/uploads\/2024\/02\/cropped-cropped-logolu-150x150.webp\",\"caption\":\"Editor General\"},\"sameAs\":[\"https:\/\/luchonoticias.com\/\"],\"url\":\"https:\/\/luchonoticias.com\/editor\/author\/editor-general\/\"}]}<\/script>\n<!-- \/ Yoast SEO plugin. -->","yoast_head_json":{"title":"Un sujeto fue capturado transportando cerca de 233 kilos de marihuana en Neiva -","robots":{"index":"index","follow":"follow","max-snippet":"max-snippet:-1","max-image-preview":"max-image-preview:large","max-video-preview":"max-video-preview:-1"},"canonical":"https:\/\/luchonoticias.com\/editor\/un-sujeto-fue-capturado-transportando-cerca-de-233-kilos-de-marihuana-en-neiva\/","og_locale":"es_ES","og_type":"article","og_title":"Un sujeto fue capturado transportando cerca de 233 kilos de marihuana en Neiva -","og_url":"https:\/\/luchonoticias.com\/editor\/un-sujeto-fue-capturado-transportando-cerca-de-233-kilos-de-marihuana-en-neiva\/","article_publisher":"https:\/\/www.facebook.com\/luchonoticiasneiva","article_published_time":"2023-01-22T17:06:31+00:00","article_modified_time":"2023-01-22T17:06:32+00:00","og_image":[{"url":"https:\/\/luchonoticias.com\/wp-content\/uploads\/2023\/01\/WhatsApp-Image-2023-01-22-at-11.09.59-AM-2-1024x574.jpeg","type":"","width":"","height":""}],"author":"Editor General","twitter_card":"summary_large_image","twitter_misc":{"Escrito por":"Editor General","Tiempo de lectura":"2 minutos"},"schema":{"@context":"https:\/\/schema.org","@graph":[{"@type":"Article","@id":"https:\/\/luchonoticias.com\/editor\/un-sujeto-fue-capturado-transportando-cerca-de-233-kilos-de-marihuana-en-neiva\/#article","isPartOf":{"@id":"https:\/\/luchonoticias.com\/editor\/un-sujeto-fue-capturado-transportando-cerca-de-233-kilos-de-marihuana-en-neiva\/"},"author":{"name":"Editor General","@id":"https:\/\/luchonoticias.com\/editor\/#\/schema\/person\/29217990ddf6f14e35912b2866d591fb"},"headline":"Un sujeto fue capturado transportando cerca de 233 kilos de marihuana en Neiva","datePublished":"2023-01-22T17:06:31+00:00","dateModified":"2023-01-22T17:06:32+00:00","mainEntityOfPage":{"@id":"https:\/\/luchonoticias.com\/editor\/un-sujeto-fue-capturado-transportando-cerca-de-233-kilos-de-marihuana-en-neiva\/"},"wordCount":395,"commentCount":0,"publisher":{"@id":"https:\/\/luchonoticias.com\/editor\/#\/schema\/person\/7a7fd911f58561fd056dbac7b55af9cd"},"image":{"@id":"https:\/\/luchonoticias.com\/editor\/un-sujeto-fue-capturado-transportando-cerca-de-233-kilos-de-marihuana-en-neiva\/#primaryimage"},"thumbnailUrl":"https:\/\/luchonoticias.com\/wp-content\/uploads\/2023\/01\/WhatsApp-Image-2023-01-22-at-11.09.59-AM-2-1024x574.jpeg","articleSection":["Destacado","Judicial"],"inLanguage":"es","potentialAction":[{"@type":"CommentAction","name":"Comment","target":["https:\/\/luchonoticias.com\/editor\/un-sujeto-fue-capturado-transportando-cerca-de-233-kilos-de-marihuana-en-neiva\/#respond"]}]},{"@type":"WebPage","@id":"https:\/\/luchonoticias.com\/editor\/un-sujeto-fue-capturado-transportando-cerca-de-233-kilos-de-marihuana-en-neiva\/","url":"https:\/\/luchonoticias.com\/editor\/un-sujeto-fue-capturado-transportando-cerca-de-233-kilos-de-marihuana-en-neiva\/","name":"Un sujeto fue capturado transportando cerca de 233 kilos de marihuana en Neiva -","isPartOf":{"@id":"https:\/\/luchonoticias.com\/editor\/#website"},"primaryImageOfPage":{"@id":"https:\/\/luchonoticias.com\/editor\/un-sujeto-fue-capturado-transportando-cerca-de-233-kilos-de-marihuana-en-neiva\/#primaryimage"},"image":{"@id":"https:\/\/luchonoticias.com\/editor\/un-sujeto-fue-capturado-transportando-cerca-de-233-kilos-de-marihuana-en-neiva\/#primaryimage"},"thumbnailUrl":"https:\/\/luchonoticias.com\/wp-content\/uploads\/2023\/01\/WhatsApp-Image-2023-01-22-at-11.09.59-AM-2-1024x574.jpeg","datePublished":"2023-01-22T17:06:31+00:00","dateModified":"2023-01-22T17:06:32+00:00","breadcrumb":{"@id":"https:\/\/luchonoticias.com\/editor\/un-sujeto-fue-capturado-transportando-cerca-de-233-kilos-de-marihuana-en-neiva\/#breadcrumb"},"inLanguage":"es","potentialAction":[{"@type":"ReadAction","target":["https:\/\/luchonoticias.com\/editor\/un-sujeto-fue-capturado-transportando-cerca-de-233-kilos-de-marihuana-en-neiva\/"]}]},{"@type":"ImageObject","inLanguage":"es","@id":"https:\/\/luchonoticias.com\/editor\/un-sujeto-fue-capturado-transportando-cerca-de-233-kilos-de-marihuana-en-neiva\/#primaryimage","url":"https:\/\/luchonoticias.com\/wp-content\/uploads\/2023\/01\/WhatsApp-Image-2023-01-22-at-11.09.59-AM-2-1024x574.jpeg","contentUrl":"https:\/\/luchonoticias.com\/wp-content\/uploads\/2023\/01\/WhatsApp-Image-2023-01-22-at-11.09.59-AM-2-1024x574.jpeg"},{"@type":"BreadcrumbList","@id":"https:\/\/luchonoticias.com\/editor\/un-sujeto-fue-capturado-transportando-cerca-de-233-kilos-de-marihuana-en-neiva\/#breadcrumb","itemListElement":[{"@type":"ListItem","position":1,"name":"Portada","item":"https:\/\/luchonoticias.com\/editor\/"},{"@type":"ListItem","position":2,"name":"Un sujeto fue capturado transportando cerca de 233 kilos de marihuana en Neiva"}]},{"@type":"WebSite","@id":"https:\/\/luchonoticias.com\/editor\/#website","url":"https:\/\/luchonoticias.com\/editor\/","name":"","description":"","publisher":{"@id":"https:\/\/luchonoticias.com\/editor\/#\/schema\/person\/7a7fd911f58561fd056dbac7b55af9cd"},"potentialAction":[{"@type":"SearchAction","target":{"@type":"EntryPoint","urlTemplate":"https:\/\/luchonoticias.com\/editor\/?s={search_term_string}"},"query-input":{"@type":"PropertyValueSpecification","valueRequired":true,"valueName":"search_term_string"}}],"inLanguage":"es"},{"@type":["Person","Organization"],"@id":"https:\/\/luchonoticias.com\/editor\/#\/schema\/person\/7a7fd911f58561fd056dbac7b55af9cd","name":"admin","image":{"@type":"ImageObject","inLanguage":"es","@id":"https:\/\/luchonoticias.com\/editor\/#\/schema\/person\/image\/","url":"https:\/\/luchonoticias.com\/editor\/wp-content\/uploads\/2024\/02\/cropped-cropped-logolu.webp","contentUrl":"https:\/\/luchonoticias.com\/editor\/wp-content\/uploads\/2024\/02\/cropped-cropped-logolu.webp","width":382,"height":170,"caption":"admin"},"logo":{"@id":"https:\/\/luchonoticias.com\/editor\/#\/schema\/person\/image\/"},"sameAs":["https:\/\/www.facebook.com\/luchonoticiasneiva"]},{"@type":"Person","@id":"https:\/\/luchonoticias.com\/editor\/#\/schema\/person\/29217990ddf6f14e35912b2866d591fb","name":"Editor General","image":{"@type":"ImageObject","inLanguage":"es","@id":"https:\/\/luchonoticias.com\/editor\/#\/schema\/person\/image\/","url":"https:\/\/luchonoticias.com\/editor\/wp-content\/uploads\/2024\/02\/cropped-cropped-logolu-150x150.webp","contentUrl":"https:\/\/luchonoticias.com\/editor\/wp-content\/uploads\/2024\/02\/cropped-cropped-logolu-150x150.webp","caption":"Editor General"},"sameAs":["https:\/\/luchonoticias.com\/"],"url":"https:\/\/luchonoticias.com\/editor\/author\/editor-general\/"}]}},"_links":{"self":[{"href":"https:\/\/luchonoticias.com\/editor\/wp-json\/wp\/v2\/posts\/44705","targetHints":{"allow":["GET"]}}],"collection":[{"href":"https:\/\/luchonoticias.com\/editor\/wp-json\/wp\/v2\/posts"}],"about":[{"href":"https:\/\/luchonoticias.com\/editor\/wp-json\/wp\/v2\/types\/post"}],"author":[{"embeddable":true,"href":"https:\/\/luchonoticias.com\/editor\/wp-json\/wp\/v2\/users\/2"}],"replies":[{"embeddable":true,"href":"https:\/\/luchonoticias.com\/editor\/wp-json\/wp\/v2\/comments?post=44705"}],"version-history":[{"count":0,"href":"https:\/\/luchonoticias.com\/editor\/wp-json\/wp\/v2\/posts\/44705\/revisions"}],"wp:attachment":[{"href":"https:\/\/luchonoticias.com\/editor\/wp-json\/wp\/v2\/media?parent=44705"}],"wp:term":[{"taxonomy":"category","embeddable":true,"href":"https:\/\/luchonoticias.com\/editor\/wp-json\/wp\/v2\/categories?post=44705"},{"taxonomy":"post_tag","embeddable":true,"href":"https:\/\/luchonoticias.com\/editor\/wp-json\/wp\/v2\/tags?post=44705"}],"curies":[{"name":"wp","href":"https:\/\/api.w.org\/{rel}","templated":true}]}}