{"id":44713,"date":"2023-01-22T12:11:48","date_gmt":"2023-01-22T17:11:48","guid":{"rendered":"https:\/\/luchonoticias.com\/?p=44713"},"modified":"2023-01-22T12:11:49","modified_gmt":"2023-01-22T17:11:49","slug":"murio-german-tovar-reconocido-actor-de-la-famosa-novela-colombiana-yo-soy-betty-la-fea","status":"publish","type":"post","link":"https:\/\/luchonoticias.com\/editor\/murio-german-tovar-reconocido-actor-de-la-famosa-novela-colombiana-yo-soy-betty-la-fea\/","title":{"rendered":"Muri\u00f3 Germ\u00e1n Tovar, reconocido actor de la famosa novela colombiana Yo soy Betty la fea"},"content":{"rendered":"\n<p>Como un gran actor e impulsor de las nuevas figuras de la actuaci\u00f3n, recuerdan sus compa\u00f1eros de set y amigos a Germ\u00e1n Tovar Cele\u00edta, quien falleci\u00f3 a sus 72 a\u00f1os de edad.<\/p>\n\n\n\n<p>Fue miembro de la Asociaci\u00f3n Colombiana de Actores (ACA) desde su fundaci\u00f3n, Tovar desempe\u00f1\u00f3 un rol clave en esta instituci\u00f3n y en la retina de los colombianos quedaron varios de los papeles que desempe\u00f1\u00f3 en la televisi\u00f3n colombiana.<\/p>\n\n\n\n<p>\u201cHoy parti\u00f3 nuestro querido colega y amigo Germ\u00e1n Tobar Cele\u00edta, gran compa\u00f1ero, miembro de ACA desde su fundaci\u00f3n, quien nos brind\u00f3 su apoyo en la secretar\u00eda de comunicaciones con compromiso y dedicaci\u00f3n. Abrazo solidario a su esposa Luc\u00eda y sus hijas Camila y Juanita con nuestro m\u00e1s profundo pesar\u201d, indicaron en un comunicado.<\/p>\n\n\n\n<p>Germ\u00e1n Tovar Cele\u00edta es recordado por su actuaci\u00f3n como \u201cJos\u00e9 Ambrosio Rosales\u201d, uno de los abogados de \u201cBetty la fea\u201d, tambi\u00e9n encarn\u00f3 varios personajes en exitosas series como \u201cCasados con hijos\u201d, \u201cSala de Urgencias\u201d y \u201cOki Doki\u201d.<\/p>\n","protected":false},"excerpt":{"rendered":"<p>Como un gran actor e impulsor de las nuevas figuras de la actuaci\u00f3n, recuerdan sus compa\u00f1eros de set y amigos a Germ\u00e1n Tovar Cele\u00edta, quien falleci\u00f3 a sus 72 a\u00f1os de edad. Fue miembro de la Asociaci\u00f3n Colombiana de Actores (ACA) desde su fundaci\u00f3n, Tovar desempe\u00f1\u00f3 un rol clave en esta instituci\u00f3n y en la [&hellip;]<\/p>\n","protected":false},"author":2,"featured_media":0,"comment_status":"open","ping_status":"open","sticky":false,"template":"","format":"standard","meta":{"footnotes":""},"categories":[28,36],"tags":[],"class_list":["post-44713","post","type-post","status-publish","format-standard","hentry","category-actualidad","category-destacado"],"yoast_head":"<!-- This site is optimized with the Yoast SEO plugin v26.6 - https:\/\/yoast.com\/wordpress\/plugins\/seo\/ -->\n<title>Muri\u00f3 Germ\u00e1n Tovar, reconocido actor de la famosa novela colombiana Yo soy Betty la fea -<\/title>\n<meta name=\"robots\" content=\"index, follow, max-snippet:-1, max-image-preview:large, max-video-preview:-1\" \/>\n<link rel=\"canonical\" href=\"https:\/\/luchonoticias.com\/editor\/murio-german-tovar-reconocido-actor-de-la-famosa-novela-colombiana-yo-soy-betty-la-fea\/\" \/>\n<meta property=\"og:locale\" content=\"es_ES\" \/>\n<meta property=\"og:type\" content=\"article\" \/>\n<meta property=\"og:title\" content=\"Muri\u00f3 Germ\u00e1n Tovar, reconocido actor de la famosa novela colombiana Yo soy Betty la fea -\" \/>\n<meta property=\"og:url\" content=\"https:\/\/luchonoticias.com\/editor\/murio-german-tovar-reconocido-actor-de-la-famosa-novela-colombiana-yo-soy-betty-la-fea\/\" \/>\n<meta property=\"article:publisher\" content=\"https:\/\/www.facebook.com\/luchonoticiasneiva\" \/>\n<meta property=\"article:published_time\" content=\"2023-01-22T17:11:48+00:00\" \/>\n<meta property=\"article:modified_time\" content=\"2023-01-22T17:11:49+00:00\" \/>\n<meta name=\"author\" content=\"Editor General\" \/>\n<meta name=\"twitter:card\" content=\"summary_large_image\" \/>\n<meta name=\"twitter:label1\" content=\"Escrito por\" \/>\n\t<meta name=\"twitter:data1\" content=\"Editor General\" \/>\n\t<meta name=\"twitter:label2\" content=\"Tiempo de lectura\" \/>\n\t<meta name=\"twitter:data2\" content=\"1 minuto\" \/>\n<script type=\"application\/ld+json\" class=\"yoast-schema-graph\">{\"@context\":\"https:\/\/schema.org\",\"@graph\":[{\"@type\":\"Article\",\"@id\":\"https:\/\/luchonoticias.com\/editor\/murio-german-tovar-reconocido-actor-de-la-famosa-novela-colombiana-yo-soy-betty-la-fea\/#article\",\"isPartOf\":{\"@id\":\"https:\/\/luchonoticias.com\/editor\/murio-german-tovar-reconocido-actor-de-la-famosa-novela-colombiana-yo-soy-betty-la-fea\/\"},\"author\":{\"name\":\"Editor General\",\"@id\":\"https:\/\/luchonoticias.com\/editor\/#\/schema\/person\/29217990ddf6f14e35912b2866d591fb\"},\"headline\":\"Muri\u00f3 Germ\u00e1n Tovar, reconocido actor de la famosa novela colombiana Yo soy Betty la fea\",\"datePublished\":\"2023-01-22T17:11:48+00:00\",\"dateModified\":\"2023-01-22T17:11:49+00:00\",\"mainEntityOfPage\":{\"@id\":\"https:\/\/luchonoticias.com\/editor\/murio-german-tovar-reconocido-actor-de-la-famosa-novela-colombiana-yo-soy-betty-la-fea\/\"},\"wordCount\":196,\"commentCount\":0,\"publisher\":{\"@id\":\"https:\/\/luchonoticias.com\/editor\/#\/schema\/person\/7a7fd911f58561fd056dbac7b55af9cd\"},\"articleSection\":[\"Actualidad\",\"Destacado\"],\"inLanguage\":\"es\",\"potentialAction\":[{\"@type\":\"CommentAction\",\"name\":\"Comment\",\"target\":[\"https:\/\/luchonoticias.com\/editor\/murio-german-tovar-reconocido-actor-de-la-famosa-novela-colombiana-yo-soy-betty-la-fea\/#respond\"]}]},{\"@type\":\"WebPage\",\"@id\":\"https:\/\/luchonoticias.com\/editor\/murio-german-tovar-reconocido-actor-de-la-famosa-novela-colombiana-yo-soy-betty-la-fea\/\",\"url\":\"https:\/\/luchonoticias.com\/editor\/murio-german-tovar-reconocido-actor-de-la-famosa-novela-colombiana-yo-soy-betty-la-fea\/\",\"name\":\"Muri\u00f3 Germ\u00e1n Tovar, reconocido actor de la famosa novela colombiana Yo soy Betty la fea -\",\"isPartOf\":{\"@id\":\"https:\/\/luchonoticias.com\/editor\/#website\"},\"datePublished\":\"2023-01-22T17:11:48+00:00\",\"dateModified\":\"2023-01-22T17:11:49+00:00\",\"breadcrumb\":{\"@id\":\"https:\/\/luchonoticias.com\/editor\/murio-german-tovar-reconocido-actor-de-la-famosa-novela-colombiana-yo-soy-betty-la-fea\/#breadcrumb\"},\"inLanguage\":\"es\",\"potentialAction\":[{\"@type\":\"ReadAction\",\"target\":[\"https:\/\/luchonoticias.com\/editor\/murio-german-tovar-reconocido-actor-de-la-famosa-novela-colombiana-yo-soy-betty-la-fea\/\"]}]},{\"@type\":\"BreadcrumbList\",\"@id\":\"https:\/\/luchonoticias.com\/editor\/murio-german-tovar-reconocido-actor-de-la-famosa-novela-colombiana-yo-soy-betty-la-fea\/#breadcrumb\",\"itemListElement\":[{\"@type\":\"ListItem\",\"position\":1,\"name\":\"Portada\",\"item\":\"https:\/\/luchonoticias.com\/editor\/\"},{\"@type\":\"ListItem\",\"position\":2,\"name\":\"Muri\u00f3 Germ\u00e1n Tovar, reconocido actor de la famosa novela colombiana Yo soy Betty la fea\"}]},{\"@type\":\"WebSite\",\"@id\":\"https:\/\/luchonoticias.com\/editor\/#website\",\"url\":\"https:\/\/luchonoticias.com\/editor\/\",\"name\":\"\",\"description\":\"\",\"publisher\":{\"@id\":\"https:\/\/luchonoticias.com\/editor\/#\/schema\/person\/7a7fd911f58561fd056dbac7b55af9cd\"},\"potentialAction\":[{\"@type\":\"SearchAction\",\"target\":{\"@type\":\"EntryPoint\",\"urlTemplate\":\"https:\/\/luchonoticias.com\/editor\/?s={search_term_string}\"},\"query-input\":{\"@type\":\"PropertyValueSpecification\",\"valueRequired\":true,\"valueName\":\"search_term_string\"}}],\"inLanguage\":\"es\"},{\"@type\":[\"Person\",\"Organization\"],\"@id\":\"https:\/\/luchonoticias.com\/editor\/#\/schema\/person\/7a7fd911f58561fd056dbac7b55af9cd\",\"name\":\"admin\",\"image\":{\"@type\":\"ImageObject\",\"inLanguage\":\"es\",\"@id\":\"https:\/\/luchonoticias.com\/editor\/#\/schema\/person\/image\/\",\"url\":\"https:\/\/luchonoticias.com\/editor\/wp-content\/uploads\/2024\/02\/cropped-cropped-logolu.webp\",\"contentUrl\":\"https:\/\/luchonoticias.com\/editor\/wp-content\/uploads\/2024\/02\/cropped-cropped-logolu.webp\",\"width\":382,\"height\":170,\"caption\":\"admin\"},\"logo\":{\"@id\":\"https:\/\/luchonoticias.com\/editor\/#\/schema\/person\/image\/\"},\"sameAs\":[\"https:\/\/www.facebook.com\/luchonoticiasneiva\"]},{\"@type\":\"Person\",\"@id\":\"https:\/\/luchonoticias.com\/editor\/#\/schema\/person\/29217990ddf6f14e35912b2866d591fb\",\"name\":\"Editor General\",\"image\":{\"@type\":\"ImageObject\",\"inLanguage\":\"es\",\"@id\":\"https:\/\/luchonoticias.com\/editor\/#\/schema\/person\/image\/\",\"url\":\"https:\/\/luchonoticias.com\/editor\/wp-content\/uploads\/2024\/02\/cropped-cropped-logolu-150x150.webp\",\"contentUrl\":\"https:\/\/luchonoticias.com\/editor\/wp-content\/uploads\/2024\/02\/cropped-cropped-logolu-150x150.webp\",\"caption\":\"Editor General\"},\"sameAs\":[\"https:\/\/luchonoticias.com\/\"],\"url\":\"https:\/\/luchonoticias.com\/editor\/author\/editor-general\/\"}]}<\/script>\n<!-- \/ Yoast SEO plugin. -->","yoast_head_json":{"title":"Muri\u00f3 Germ\u00e1n Tovar, reconocido actor de la famosa novela colombiana Yo soy Betty la fea -","robots":{"index":"index","follow":"follow","max-snippet":"max-snippet:-1","max-image-preview":"max-image-preview:large","max-video-preview":"max-video-preview:-1"},"canonical":"https:\/\/luchonoticias.com\/editor\/murio-german-tovar-reconocido-actor-de-la-famosa-novela-colombiana-yo-soy-betty-la-fea\/","og_locale":"es_ES","og_type":"article","og_title":"Muri\u00f3 Germ\u00e1n Tovar, reconocido actor de la famosa novela colombiana Yo soy Betty la fea -","og_url":"https:\/\/luchonoticias.com\/editor\/murio-german-tovar-reconocido-actor-de-la-famosa-novela-colombiana-yo-soy-betty-la-fea\/","article_publisher":"https:\/\/www.facebook.com\/luchonoticiasneiva","article_published_time":"2023-01-22T17:11:48+00:00","article_modified_time":"2023-01-22T17:11:49+00:00","author":"Editor General","twitter_card":"summary_large_image","twitter_misc":{"Escrito por":"Editor General","Tiempo de lectura":"1 minuto"},"schema":{"@context":"https:\/\/schema.org","@graph":[{"@type":"Article","@id":"https:\/\/luchonoticias.com\/editor\/murio-german-tovar-reconocido-actor-de-la-famosa-novela-colombiana-yo-soy-betty-la-fea\/#article","isPartOf":{"@id":"https:\/\/luchonoticias.com\/editor\/murio-german-tovar-reconocido-actor-de-la-famosa-novela-colombiana-yo-soy-betty-la-fea\/"},"author":{"name":"Editor General","@id":"https:\/\/luchonoticias.com\/editor\/#\/schema\/person\/29217990ddf6f14e35912b2866d591fb"},"headline":"Muri\u00f3 Germ\u00e1n Tovar, reconocido actor de la famosa novela colombiana Yo soy Betty la fea","datePublished":"2023-01-22T17:11:48+00:00","dateModified":"2023-01-22T17:11:49+00:00","mainEntityOfPage":{"@id":"https:\/\/luchonoticias.com\/editor\/murio-german-tovar-reconocido-actor-de-la-famosa-novela-colombiana-yo-soy-betty-la-fea\/"},"wordCount":196,"commentCount":0,"publisher":{"@id":"https:\/\/luchonoticias.com\/editor\/#\/schema\/person\/7a7fd911f58561fd056dbac7b55af9cd"},"articleSection":["Actualidad","Destacado"],"inLanguage":"es","potentialAction":[{"@type":"CommentAction","name":"Comment","target":["https:\/\/luchonoticias.com\/editor\/murio-german-tovar-reconocido-actor-de-la-famosa-novela-colombiana-yo-soy-betty-la-fea\/#respond"]}]},{"@type":"WebPage","@id":"https:\/\/luchonoticias.com\/editor\/murio-german-tovar-reconocido-actor-de-la-famosa-novela-colombiana-yo-soy-betty-la-fea\/","url":"https:\/\/luchonoticias.com\/editor\/murio-german-tovar-reconocido-actor-de-la-famosa-novela-colombiana-yo-soy-betty-la-fea\/","name":"Muri\u00f3 Germ\u00e1n Tovar, reconocido actor de la famosa novela colombiana Yo soy Betty la fea -","isPartOf":{"@id":"https:\/\/luchonoticias.com\/editor\/#website"},"datePublished":"2023-01-22T17:11:48+00:00","dateModified":"2023-01-22T17:11:49+00:00","breadcrumb":{"@id":"https:\/\/luchonoticias.com\/editor\/murio-german-tovar-reconocido-actor-de-la-famosa-novela-colombiana-yo-soy-betty-la-fea\/#breadcrumb"},"inLanguage":"es","potentialAction":[{"@type":"ReadAction","target":["https:\/\/luchonoticias.com\/editor\/murio-german-tovar-reconocido-actor-de-la-famosa-novela-colombiana-yo-soy-betty-la-fea\/"]}]},{"@type":"BreadcrumbList","@id":"https:\/\/luchonoticias.com\/editor\/murio-german-tovar-reconocido-actor-de-la-famosa-novela-colombiana-yo-soy-betty-la-fea\/#breadcrumb","itemListElement":[{"@type":"ListItem","position":1,"name":"Portada","item":"https:\/\/luchonoticias.com\/editor\/"},{"@type":"ListItem","position":2,"name":"Muri\u00f3 Germ\u00e1n Tovar, reconocido actor de la famosa novela colombiana Yo soy Betty la fea"}]},{"@type":"WebSite","@id":"https:\/\/luchonoticias.com\/editor\/#website","url":"https:\/\/luchonoticias.com\/editor\/","name":"","description":"","publisher":{"@id":"https:\/\/luchonoticias.com\/editor\/#\/schema\/person\/7a7fd911f58561fd056dbac7b55af9cd"},"potentialAction":[{"@type":"SearchAction","target":{"@type":"EntryPoint","urlTemplate":"https:\/\/luchonoticias.com\/editor\/?s={search_term_string}"},"query-input":{"@type":"PropertyValueSpecification","valueRequired":true,"valueName":"search_term_string"}}],"inLanguage":"es"},{"@type":["Person","Organization"],"@id":"https:\/\/luchonoticias.com\/editor\/#\/schema\/person\/7a7fd911f58561fd056dbac7b55af9cd","name":"admin","image":{"@type":"ImageObject","inLanguage":"es","@id":"https:\/\/luchonoticias.com\/editor\/#\/schema\/person\/image\/","url":"https:\/\/luchonoticias.com\/editor\/wp-content\/uploads\/2024\/02\/cropped-cropped-logolu.webp","contentUrl":"https:\/\/luchonoticias.com\/editor\/wp-content\/uploads\/2024\/02\/cropped-cropped-logolu.webp","width":382,"height":170,"caption":"admin"},"logo":{"@id":"https:\/\/luchonoticias.com\/editor\/#\/schema\/person\/image\/"},"sameAs":["https:\/\/www.facebook.com\/luchonoticiasneiva"]},{"@type":"Person","@id":"https:\/\/luchonoticias.com\/editor\/#\/schema\/person\/29217990ddf6f14e35912b2866d591fb","name":"Editor General","image":{"@type":"ImageObject","inLanguage":"es","@id":"https:\/\/luchonoticias.com\/editor\/#\/schema\/person\/image\/","url":"https:\/\/luchonoticias.com\/editor\/wp-content\/uploads\/2024\/02\/cropped-cropped-logolu-150x150.webp","contentUrl":"https:\/\/luchonoticias.com\/editor\/wp-content\/uploads\/2024\/02\/cropped-cropped-logolu-150x150.webp","caption":"Editor General"},"sameAs":["https:\/\/luchonoticias.com\/"],"url":"https:\/\/luchonoticias.com\/editor\/author\/editor-general\/"}]}},"_links":{"self":[{"href":"https:\/\/luchonoticias.com\/editor\/wp-json\/wp\/v2\/posts\/44713","targetHints":{"allow":["GET"]}}],"collection":[{"href":"https:\/\/luchonoticias.com\/editor\/wp-json\/wp\/v2\/posts"}],"about":[{"href":"https:\/\/luchonoticias.com\/editor\/wp-json\/wp\/v2\/types\/post"}],"author":[{"embeddable":true,"href":"https:\/\/luchonoticias.com\/editor\/wp-json\/wp\/v2\/users\/2"}],"replies":[{"embeddable":true,"href":"https:\/\/luchonoticias.com\/editor\/wp-json\/wp\/v2\/comments?post=44713"}],"version-history":[{"count":0,"href":"https:\/\/luchonoticias.com\/editor\/wp-json\/wp\/v2\/posts\/44713\/revisions"}],"wp:attachment":[{"href":"https:\/\/luchonoticias.com\/editor\/wp-json\/wp\/v2\/media?parent=44713"}],"wp:term":[{"taxonomy":"category","embeddable":true,"href":"https:\/\/luchonoticias.com\/editor\/wp-json\/wp\/v2\/categories?post=44713"},{"taxonomy":"post_tag","embeddable":true,"href":"https:\/\/luchonoticias.com\/editor\/wp-json\/wp\/v2\/tags?post=44713"}],"curies":[{"name":"wp","href":"https:\/\/api.w.org\/{rel}","templated":true}]}}