{"id":44716,"date":"2023-01-22T12:13:21","date_gmt":"2023-01-22T17:13:21","guid":{"rendered":"https:\/\/luchonoticias.com\/?p=44716"},"modified":"2023-01-22T12:13:22","modified_gmt":"2023-01-22T17:13:22","slug":"caravana-de-45-carrotanques-de-combustible-llego-por-frontera-con-ecuador-para-abastecer-a-narino","status":"publish","type":"post","link":"https:\/\/luchonoticias.com\/editor\/caravana-de-45-carrotanques-de-combustible-llego-por-frontera-con-ecuador-para-abastecer-a-narino\/","title":{"rendered":"Caravana de 45 carrotanques de combustible lleg\u00f3 por frontera con Ecuador para abastecer a Nari\u00f1o"},"content":{"rendered":"\n<p>El Gobierno Nacional confirm\u00f3 la llegada de 45 carrotanques con combustible al departamento de Nari\u00f1o, que pasaron por Ecuador, para enfrentar el desabastecimiento causado por la interrupci\u00f3n vial en el suroccidente del pa\u00eds.<\/p>\n\n\n\n<p>\u201cRecibimos la caravana con 45 carrotanques que llegan al Puente Rumichaca, frontera con Ecuador\u201d, indic\u00f3 la Ministra de Minas y Energ\u00eda, Irene V\u00e9lez.<\/p>\n\n\n\n<p>Agreg\u00f3 que el combustible l\u00edquido procedente de Neiva permitir\u00e1 \u201cseguir cumpliendo con las metas de abastecimiento para el departamento\u201d.<\/p>\n\n\n\n<p>Por su parte, el Ministerio de Transporte, se\u00f1al\u00f3 que \u201ccon \u00e9xito se logr\u00f3 llegar de la Rep\u00fablica del Ecuador con 460 mil galones de combustible que requer\u00eda con urgencia el departamento de Nari\u00f1o. Soluciones Internacionales en \u00e9poca de emergencia vial\u201d.<\/p>\n","protected":false},"excerpt":{"rendered":"<p>El Gobierno Nacional confirm\u00f3 la llegada de 45 carrotanques con combustible al departamento de Nari\u00f1o, que pasaron por Ecuador, para enfrentar el desabastecimiento causado por la interrupci\u00f3n vial en el suroccidente del pa\u00eds. \u201cRecibimos la caravana con 45 carrotanques que llegan al Puente Rumichaca, frontera con Ecuador\u201d, indic\u00f3 la Ministra de Minas y Energ\u00eda, Irene [&hellip;]<\/p>\n","protected":false},"author":2,"featured_media":0,"comment_status":"open","ping_status":"open","sticky":false,"template":"","format":"standard","meta":{"footnotes":""},"categories":[36,32],"tags":[],"class_list":["post-44716","post","type-post","status-publish","format-standard","hentry","category-destacado","category-nacional"],"yoast_head":"<!-- This site is optimized with the Yoast SEO plugin v26.6 - https:\/\/yoast.com\/wordpress\/plugins\/seo\/ -->\n<title>Caravana de 45 carrotanques de combustible lleg\u00f3 por frontera con Ecuador para abastecer a Nari\u00f1o -<\/title>\n<meta name=\"robots\" content=\"index, follow, max-snippet:-1, max-image-preview:large, max-video-preview:-1\" \/>\n<link rel=\"canonical\" href=\"https:\/\/luchonoticias.com\/editor\/caravana-de-45-carrotanques-de-combustible-llego-por-frontera-con-ecuador-para-abastecer-a-narino\/\" \/>\n<meta property=\"og:locale\" content=\"es_ES\" \/>\n<meta property=\"og:type\" content=\"article\" \/>\n<meta property=\"og:title\" content=\"Caravana de 45 carrotanques de combustible lleg\u00f3 por frontera con Ecuador para abastecer a Nari\u00f1o -\" \/>\n<meta property=\"og:url\" content=\"https:\/\/luchonoticias.com\/editor\/caravana-de-45-carrotanques-de-combustible-llego-por-frontera-con-ecuador-para-abastecer-a-narino\/\" \/>\n<meta property=\"article:publisher\" content=\"https:\/\/www.facebook.com\/luchonoticiasneiva\" \/>\n<meta property=\"article:published_time\" content=\"2023-01-22T17:13:21+00:00\" \/>\n<meta property=\"article:modified_time\" content=\"2023-01-22T17:13:22+00:00\" \/>\n<meta name=\"author\" content=\"Editor General\" \/>\n<meta name=\"twitter:card\" content=\"summary_large_image\" \/>\n<meta name=\"twitter:label1\" content=\"Escrito por\" \/>\n\t<meta name=\"twitter:data1\" content=\"Editor General\" \/>\n\t<meta name=\"twitter:label2\" content=\"Tiempo de lectura\" \/>\n\t<meta name=\"twitter:data2\" content=\"1 minuto\" \/>\n<script type=\"application\/ld+json\" class=\"yoast-schema-graph\">{\"@context\":\"https:\/\/schema.org\",\"@graph\":[{\"@type\":\"Article\",\"@id\":\"https:\/\/luchonoticias.com\/editor\/caravana-de-45-carrotanques-de-combustible-llego-por-frontera-con-ecuador-para-abastecer-a-narino\/#article\",\"isPartOf\":{\"@id\":\"https:\/\/luchonoticias.com\/editor\/caravana-de-45-carrotanques-de-combustible-llego-por-frontera-con-ecuador-para-abastecer-a-narino\/\"},\"author\":{\"name\":\"Editor General\",\"@id\":\"https:\/\/luchonoticias.com\/editor\/#\/schema\/person\/29217990ddf6f14e35912b2866d591fb\"},\"headline\":\"Caravana de 45 carrotanques de combustible lleg\u00f3 por frontera con Ecuador para abastecer a Nari\u00f1o\",\"datePublished\":\"2023-01-22T17:13:21+00:00\",\"dateModified\":\"2023-01-22T17:13:22+00:00\",\"mainEntityOfPage\":{\"@id\":\"https:\/\/luchonoticias.com\/editor\/caravana-de-45-carrotanques-de-combustible-llego-por-frontera-con-ecuador-para-abastecer-a-narino\/\"},\"wordCount\":137,\"commentCount\":0,\"publisher\":{\"@id\":\"https:\/\/luchonoticias.com\/editor\/#\/schema\/person\/7a7fd911f58561fd056dbac7b55af9cd\"},\"articleSection\":[\"Destacado\",\"Nacional\"],\"inLanguage\":\"es\",\"potentialAction\":[{\"@type\":\"CommentAction\",\"name\":\"Comment\",\"target\":[\"https:\/\/luchonoticias.com\/editor\/caravana-de-45-carrotanques-de-combustible-llego-por-frontera-con-ecuador-para-abastecer-a-narino\/#respond\"]}]},{\"@type\":\"WebPage\",\"@id\":\"https:\/\/luchonoticias.com\/editor\/caravana-de-45-carrotanques-de-combustible-llego-por-frontera-con-ecuador-para-abastecer-a-narino\/\",\"url\":\"https:\/\/luchonoticias.com\/editor\/caravana-de-45-carrotanques-de-combustible-llego-por-frontera-con-ecuador-para-abastecer-a-narino\/\",\"name\":\"Caravana de 45 carrotanques de combustible lleg\u00f3 por frontera con Ecuador para abastecer a Nari\u00f1o -\",\"isPartOf\":{\"@id\":\"https:\/\/luchonoticias.com\/editor\/#website\"},\"datePublished\":\"2023-01-22T17:13:21+00:00\",\"dateModified\":\"2023-01-22T17:13:22+00:00\",\"breadcrumb\":{\"@id\":\"https:\/\/luchonoticias.com\/editor\/caravana-de-45-carrotanques-de-combustible-llego-por-frontera-con-ecuador-para-abastecer-a-narino\/#breadcrumb\"},\"inLanguage\":\"es\",\"potentialAction\":[{\"@type\":\"ReadAction\",\"target\":[\"https:\/\/luchonoticias.com\/editor\/caravana-de-45-carrotanques-de-combustible-llego-por-frontera-con-ecuador-para-abastecer-a-narino\/\"]}]},{\"@type\":\"BreadcrumbList\",\"@id\":\"https:\/\/luchonoticias.com\/editor\/caravana-de-45-carrotanques-de-combustible-llego-por-frontera-con-ecuador-para-abastecer-a-narino\/#breadcrumb\",\"itemListElement\":[{\"@type\":\"ListItem\",\"position\":1,\"name\":\"Portada\",\"item\":\"https:\/\/luchonoticias.com\/editor\/\"},{\"@type\":\"ListItem\",\"position\":2,\"name\":\"Caravana de 45 carrotanques de combustible lleg\u00f3 por frontera con Ecuador para abastecer a Nari\u00f1o\"}]},{\"@type\":\"WebSite\",\"@id\":\"https:\/\/luchonoticias.com\/editor\/#website\",\"url\":\"https:\/\/luchonoticias.com\/editor\/\",\"name\":\"\",\"description\":\"\",\"publisher\":{\"@id\":\"https:\/\/luchonoticias.com\/editor\/#\/schema\/person\/7a7fd911f58561fd056dbac7b55af9cd\"},\"potentialAction\":[{\"@type\":\"SearchAction\",\"target\":{\"@type\":\"EntryPoint\",\"urlTemplate\":\"https:\/\/luchonoticias.com\/editor\/?s={search_term_string}\"},\"query-input\":{\"@type\":\"PropertyValueSpecification\",\"valueRequired\":true,\"valueName\":\"search_term_string\"}}],\"inLanguage\":\"es\"},{\"@type\":[\"Person\",\"Organization\"],\"@id\":\"https:\/\/luchonoticias.com\/editor\/#\/schema\/person\/7a7fd911f58561fd056dbac7b55af9cd\",\"name\":\"admin\",\"image\":{\"@type\":\"ImageObject\",\"inLanguage\":\"es\",\"@id\":\"https:\/\/luchonoticias.com\/editor\/#\/schema\/person\/image\/\",\"url\":\"https:\/\/luchonoticias.com\/editor\/wp-content\/uploads\/2024\/02\/cropped-cropped-logolu.webp\",\"contentUrl\":\"https:\/\/luchonoticias.com\/editor\/wp-content\/uploads\/2024\/02\/cropped-cropped-logolu.webp\",\"width\":382,\"height\":170,\"caption\":\"admin\"},\"logo\":{\"@id\":\"https:\/\/luchonoticias.com\/editor\/#\/schema\/person\/image\/\"},\"sameAs\":[\"https:\/\/www.facebook.com\/luchonoticiasneiva\"]},{\"@type\":\"Person\",\"@id\":\"https:\/\/luchonoticias.com\/editor\/#\/schema\/person\/29217990ddf6f14e35912b2866d591fb\",\"name\":\"Editor General\",\"image\":{\"@type\":\"ImageObject\",\"inLanguage\":\"es\",\"@id\":\"https:\/\/luchonoticias.com\/editor\/#\/schema\/person\/image\/\",\"url\":\"https:\/\/luchonoticias.com\/editor\/wp-content\/uploads\/2024\/02\/cropped-cropped-logolu-150x150.webp\",\"contentUrl\":\"https:\/\/luchonoticias.com\/editor\/wp-content\/uploads\/2024\/02\/cropped-cropped-logolu-150x150.webp\",\"caption\":\"Editor General\"},\"sameAs\":[\"https:\/\/luchonoticias.com\/\"],\"url\":\"https:\/\/luchonoticias.com\/editor\/author\/editor-general\/\"}]}<\/script>\n<!-- \/ Yoast SEO plugin. -->","yoast_head_json":{"title":"Caravana de 45 carrotanques de combustible lleg\u00f3 por frontera con Ecuador para abastecer a Nari\u00f1o -","robots":{"index":"index","follow":"follow","max-snippet":"max-snippet:-1","max-image-preview":"max-image-preview:large","max-video-preview":"max-video-preview:-1"},"canonical":"https:\/\/luchonoticias.com\/editor\/caravana-de-45-carrotanques-de-combustible-llego-por-frontera-con-ecuador-para-abastecer-a-narino\/","og_locale":"es_ES","og_type":"article","og_title":"Caravana de 45 carrotanques de combustible lleg\u00f3 por frontera con Ecuador para abastecer a Nari\u00f1o -","og_url":"https:\/\/luchonoticias.com\/editor\/caravana-de-45-carrotanques-de-combustible-llego-por-frontera-con-ecuador-para-abastecer-a-narino\/","article_publisher":"https:\/\/www.facebook.com\/luchonoticiasneiva","article_published_time":"2023-01-22T17:13:21+00:00","article_modified_time":"2023-01-22T17:13:22+00:00","author":"Editor General","twitter_card":"summary_large_image","twitter_misc":{"Escrito por":"Editor General","Tiempo de lectura":"1 minuto"},"schema":{"@context":"https:\/\/schema.org","@graph":[{"@type":"Article","@id":"https:\/\/luchonoticias.com\/editor\/caravana-de-45-carrotanques-de-combustible-llego-por-frontera-con-ecuador-para-abastecer-a-narino\/#article","isPartOf":{"@id":"https:\/\/luchonoticias.com\/editor\/caravana-de-45-carrotanques-de-combustible-llego-por-frontera-con-ecuador-para-abastecer-a-narino\/"},"author":{"name":"Editor General","@id":"https:\/\/luchonoticias.com\/editor\/#\/schema\/person\/29217990ddf6f14e35912b2866d591fb"},"headline":"Caravana de 45 carrotanques de combustible lleg\u00f3 por frontera con Ecuador para abastecer a Nari\u00f1o","datePublished":"2023-01-22T17:13:21+00:00","dateModified":"2023-01-22T17:13:22+00:00","mainEntityOfPage":{"@id":"https:\/\/luchonoticias.com\/editor\/caravana-de-45-carrotanques-de-combustible-llego-por-frontera-con-ecuador-para-abastecer-a-narino\/"},"wordCount":137,"commentCount":0,"publisher":{"@id":"https:\/\/luchonoticias.com\/editor\/#\/schema\/person\/7a7fd911f58561fd056dbac7b55af9cd"},"articleSection":["Destacado","Nacional"],"inLanguage":"es","potentialAction":[{"@type":"CommentAction","name":"Comment","target":["https:\/\/luchonoticias.com\/editor\/caravana-de-45-carrotanques-de-combustible-llego-por-frontera-con-ecuador-para-abastecer-a-narino\/#respond"]}]},{"@type":"WebPage","@id":"https:\/\/luchonoticias.com\/editor\/caravana-de-45-carrotanques-de-combustible-llego-por-frontera-con-ecuador-para-abastecer-a-narino\/","url":"https:\/\/luchonoticias.com\/editor\/caravana-de-45-carrotanques-de-combustible-llego-por-frontera-con-ecuador-para-abastecer-a-narino\/","name":"Caravana de 45 carrotanques de combustible lleg\u00f3 por frontera con Ecuador para abastecer a Nari\u00f1o -","isPartOf":{"@id":"https:\/\/luchonoticias.com\/editor\/#website"},"datePublished":"2023-01-22T17:13:21+00:00","dateModified":"2023-01-22T17:13:22+00:00","breadcrumb":{"@id":"https:\/\/luchonoticias.com\/editor\/caravana-de-45-carrotanques-de-combustible-llego-por-frontera-con-ecuador-para-abastecer-a-narino\/#breadcrumb"},"inLanguage":"es","potentialAction":[{"@type":"ReadAction","target":["https:\/\/luchonoticias.com\/editor\/caravana-de-45-carrotanques-de-combustible-llego-por-frontera-con-ecuador-para-abastecer-a-narino\/"]}]},{"@type":"BreadcrumbList","@id":"https:\/\/luchonoticias.com\/editor\/caravana-de-45-carrotanques-de-combustible-llego-por-frontera-con-ecuador-para-abastecer-a-narino\/#breadcrumb","itemListElement":[{"@type":"ListItem","position":1,"name":"Portada","item":"https:\/\/luchonoticias.com\/editor\/"},{"@type":"ListItem","position":2,"name":"Caravana de 45 carrotanques de combustible lleg\u00f3 por frontera con Ecuador para abastecer a Nari\u00f1o"}]},{"@type":"WebSite","@id":"https:\/\/luchonoticias.com\/editor\/#website","url":"https:\/\/luchonoticias.com\/editor\/","name":"","description":"","publisher":{"@id":"https:\/\/luchonoticias.com\/editor\/#\/schema\/person\/7a7fd911f58561fd056dbac7b55af9cd"},"potentialAction":[{"@type":"SearchAction","target":{"@type":"EntryPoint","urlTemplate":"https:\/\/luchonoticias.com\/editor\/?s={search_term_string}"},"query-input":{"@type":"PropertyValueSpecification","valueRequired":true,"valueName":"search_term_string"}}],"inLanguage":"es"},{"@type":["Person","Organization"],"@id":"https:\/\/luchonoticias.com\/editor\/#\/schema\/person\/7a7fd911f58561fd056dbac7b55af9cd","name":"admin","image":{"@type":"ImageObject","inLanguage":"es","@id":"https:\/\/luchonoticias.com\/editor\/#\/schema\/person\/image\/","url":"https:\/\/luchonoticias.com\/editor\/wp-content\/uploads\/2024\/02\/cropped-cropped-logolu.webp","contentUrl":"https:\/\/luchonoticias.com\/editor\/wp-content\/uploads\/2024\/02\/cropped-cropped-logolu.webp","width":382,"height":170,"caption":"admin"},"logo":{"@id":"https:\/\/luchonoticias.com\/editor\/#\/schema\/person\/image\/"},"sameAs":["https:\/\/www.facebook.com\/luchonoticiasneiva"]},{"@type":"Person","@id":"https:\/\/luchonoticias.com\/editor\/#\/schema\/person\/29217990ddf6f14e35912b2866d591fb","name":"Editor General","image":{"@type":"ImageObject","inLanguage":"es","@id":"https:\/\/luchonoticias.com\/editor\/#\/schema\/person\/image\/","url":"https:\/\/luchonoticias.com\/editor\/wp-content\/uploads\/2024\/02\/cropped-cropped-logolu-150x150.webp","contentUrl":"https:\/\/luchonoticias.com\/editor\/wp-content\/uploads\/2024\/02\/cropped-cropped-logolu-150x150.webp","caption":"Editor General"},"sameAs":["https:\/\/luchonoticias.com\/"],"url":"https:\/\/luchonoticias.com\/editor\/author\/editor-general\/"}]}},"_links":{"self":[{"href":"https:\/\/luchonoticias.com\/editor\/wp-json\/wp\/v2\/posts\/44716","targetHints":{"allow":["GET"]}}],"collection":[{"href":"https:\/\/luchonoticias.com\/editor\/wp-json\/wp\/v2\/posts"}],"about":[{"href":"https:\/\/luchonoticias.com\/editor\/wp-json\/wp\/v2\/types\/post"}],"author":[{"embeddable":true,"href":"https:\/\/luchonoticias.com\/editor\/wp-json\/wp\/v2\/users\/2"}],"replies":[{"embeddable":true,"href":"https:\/\/luchonoticias.com\/editor\/wp-json\/wp\/v2\/comments?post=44716"}],"version-history":[{"count":0,"href":"https:\/\/luchonoticias.com\/editor\/wp-json\/wp\/v2\/posts\/44716\/revisions"}],"wp:attachment":[{"href":"https:\/\/luchonoticias.com\/editor\/wp-json\/wp\/v2\/media?parent=44716"}],"wp:term":[{"taxonomy":"category","embeddable":true,"href":"https:\/\/luchonoticias.com\/editor\/wp-json\/wp\/v2\/categories?post=44716"},{"taxonomy":"post_tag","embeddable":true,"href":"https:\/\/luchonoticias.com\/editor\/wp-json\/wp\/v2\/tags?post=44716"}],"curies":[{"name":"wp","href":"https:\/\/api.w.org\/{rel}","templated":true}]}}