{"id":44724,"date":"2023-01-23T04:56:18","date_gmt":"2023-01-23T09:56:18","guid":{"rendered":"https:\/\/luchonoticias.com\/?p=44724"},"modified":"2023-01-23T04:56:19","modified_gmt":"2023-01-23T09:56:19","slug":"licencia-de-la-emisora-cultural-fue-recuperada","status":"publish","type":"post","link":"https:\/\/luchonoticias.com\/editor\/licencia-de-la-emisora-cultural-fue-recuperada\/","title":{"rendered":"Licencia de la emisora cultural fue recuperada"},"content":{"rendered":"\n<p>Luego de&nbsp;<strong>3 a\u00f1os de un proceso t\u00e9cnico, jur\u00eddico, financiero y log\u00edstico de actualizaci\u00f3n e inversiones<\/strong>, el gobierno \u201cHuila Crece\u201d logr\u00f3 la&nbsp;<strong>renovaci\u00f3n de la licencia de la Emisora Cultural del Huila<\/strong>&nbsp;a trav\u00e9s de la RESOLUCI\u00d3N N\u00daMERO 04681 DEL 30 DE DICIEMBRE DE 2022.<\/p>\n\n\n\n<p>\u201cPor la cual se otorga concesi\u00f3n mediante licencia al DEPARTAMENTO DEL HUILA, identificado con NIT. 800.103.913 \u2013 4, para la prestaci\u00f3n en gesti\u00f3n directa del Servicio P\u00fablico de Radiodifusi\u00f3n Sonora de Inter\u00e9s P\u00fablico, en Frecuencia Modulada (F.M.), en la ciudad de Neiva, departamento del Huila \u2013 C\u00f3digo de Expediente 53683\u201d, dice el documento del Ministerio de Tecnolog\u00edas de la Informaci\u00f3n y las Comunicaciones.<\/p>\n\n\n\n<p>Una&nbsp;<strong>deuda hist\u00f3rica que ten\u00eda la Gobernaci\u00f3n del Huila con los huilenses<\/strong>&nbsp;y que gracias a los esfuerzos de la actual Administraci\u00f3n es una realidad, estipulados en la resoluci\u00f3n expedida por el Ministerio P\u00fablico.<\/p>\n\n\n\n<p>\u201cDe acuerdo con la informaci\u00f3n certificada por el Grupo Interno de Trabajo de Cartera perteneciente a la Subdirecci\u00f3n Financiera del Ministerio que da cuenta del pago oportuno y completo de los derechos de concesi\u00f3n; el an\u00e1lisis t\u00e9cnico y generaci\u00f3n del Cuadro de Caracter\u00edsticas T\u00e9cnicas de Red por parte de la Agencia Nacional del Espectro y la validaci\u00f3n de la totalidad de los documentos realizada por la Subdirecci\u00f3n de Radiodifusi\u00f3n Sonora del Ministerio,<strong>&nbsp;se concluye que el DEPARTAMENTO DEL HUILA, cumple con los requisitos jur\u00eddicos, financieros y t\u00e9cnicos exigidos en la Ley 1341 de 2009 y en la Resoluci\u00f3n 2614 de 2022<\/strong>, por consiguiente, concept\u00faa favorablemente el otorgamiento de la concesi\u00f3n mediante licencia, para la prestaci\u00f3n en gesti\u00f3n directa, del Servicio de Radiodifusi\u00f3n Sonora de Inter\u00e9s P\u00fablico. En m\u00e9rito de lo expuesto, IV. RESUELVE ART\u00cdCULO 1. Otorgamiento de la Concesi\u00f3n. Otorgar al DEPARTAMENTO DEL HUILA, identificado con NIT 800.103.913 \u2013 4, en adelante concesionario, concesi\u00f3n mediante licencia para la prestaci\u00f3n en gesti\u00f3n directa del Servicio de Radiodifusi\u00f3n Sonora de Inter\u00e9s P\u00fablico, y autorizar la instalaci\u00f3n y operaci\u00f3n de la estaci\u00f3n en Frecuencia Modulada (F.M.) identificada con el C\u00f3digo de Expediente 53683, por el t\u00e9rmino de diez (10) a\u00f1os, contados a partir de la firmeza de la presente Resoluci\u00f3n\u201d.<\/p>\n\n\n\n<h5 class=\"wp-block-heading\">Proceso de modernizaci\u00f3n<\/h5>\n\n\n\n<p>Con el prop\u00f3sito de brindarle una transformaci\u00f3n total, la administraci\u00f3n de Duss\u00e1n L\u00f3pez, le dio un&nbsp;<strong>viraje fundamental a la emisora del departamento<\/strong>, con una&nbsp;<strong>nueva infraestructura y modernos equipos<\/strong>&nbsp;en cumplimiento de la reglamentaci\u00f3n.<\/p>\n\n\n\n<p>\u201cCuando llegamos a la Administraci\u00f3n,&nbsp;<strong>la encontramos en el \u00faltimo piso de la Biblioteca Departamental, en el \u00faltimo cuarto, estaba abandonada con equipos que no se utilizaban y obsoletos<\/strong>, entonces recurrimos a bajar todo para el primer piso para que fuera visible, en un espacio amplio y agradable haciendo parte de la oferta tur\u00edstica y cultural, entonces&nbsp;<strong>se est\u00e1 mejorando la se\u00f1al, la torre y se est\u00e1n invirtiendo importante recursos<\/strong>\u201d explic\u00f3 la secretaria General del gobierno \u201cHuila Crece\u201d, Liza Adriana Carvajal.<\/p>\n\n\n\n<p>Asimismo,&nbsp;<strong>se cuenta con una programaci\u00f3n musical actualizada<\/strong>&nbsp;que pueden disfrutar todos los grupos poblacionales, teniendo en cuenta el arraigo y la idiosincrasia huilense.<\/p>\n\n\n\n<p>\u201cEn este sentido desde la secretaria de Cultura y Turismo en articulaci\u00f3n con la Oficina de Comunicaciones del departamento,&nbsp;<strong>nos encontramos emitiendo programaci\u00f3n de expectativa para posicionar audiencia<\/strong>&nbsp;y luego arrancar progresivamente con la parrilla de programaci\u00f3n\u201d, indic\u00f3 la secretaria de Cultura y Turismo del Huila, Nelcy Tovar.<\/p>\n\n\n\n<p>Debido a la&nbsp;<strong>falta de renovaci\u00f3n de la licencia y la omisi\u00f3n en el adelanto&nbsp;<\/strong>de este proceso, la Secretar\u00eda de Cultura y Turismo recibi\u00f3 una notificaci\u00f3n con el Acto Administrativo N.\u00ba 726 del 30 de septiembre de 2020, donde se estipulaba el&nbsp;<strong>r\u00e9gimen sancionatorio<\/strong>&nbsp;aplicable de comprobarse el incumplimiento de las disposiciones legales, reglamentarias y regulatorias citadas en precedencia.<\/p>\n\n\n\n<p>De esta manera, el concesionario&nbsp;<strong>se hubiera visto abocado a la imposici\u00f3n de las sanciones<\/strong>&nbsp;previstas en el art\u00edculo 65 de la Ley 1341 de 2009, modificado por la ley 1753 de 2015.<\/p>\n","protected":false},"excerpt":{"rendered":"<p>Luego de&nbsp;3 a\u00f1os de un proceso t\u00e9cnico, jur\u00eddico, financiero y log\u00edstico de actualizaci\u00f3n e inversiones, el gobierno \u201cHuila Crece\u201d logr\u00f3 la&nbsp;renovaci\u00f3n de la licencia de la Emisora Cultural del Huila&nbsp;a trav\u00e9s de la RESOLUCI\u00d3N N\u00daMERO 04681 DEL 30 DE DICIEMBRE DE 2022. \u201cPor la cual se otorga concesi\u00f3n mediante licencia al DEPARTAMENTO DEL HUILA, identificado [&hellip;]<\/p>\n","protected":false},"author":2,"featured_media":0,"comment_status":"open","ping_status":"open","sticky":false,"template":"","format":"standard","meta":{"footnotes":""},"categories":[33],"tags":[],"class_list":["post-44724","post","type-post","status-publish","format-standard","hentry","category-huila"],"yoast_head":"<!-- This site is optimized with the Yoast SEO plugin v26.6 - https:\/\/yoast.com\/wordpress\/plugins\/seo\/ -->\n<title>Licencia de la emisora cultural fue recuperada -<\/title>\n<meta name=\"robots\" content=\"index, follow, max-snippet:-1, max-image-preview:large, max-video-preview:-1\" \/>\n<link rel=\"canonical\" href=\"https:\/\/luchonoticias.com\/editor\/licencia-de-la-emisora-cultural-fue-recuperada\/\" \/>\n<meta property=\"og:locale\" content=\"es_ES\" \/>\n<meta property=\"og:type\" content=\"article\" \/>\n<meta property=\"og:title\" content=\"Licencia de la emisora cultural fue recuperada -\" \/>\n<meta property=\"og:url\" content=\"https:\/\/luchonoticias.com\/editor\/licencia-de-la-emisora-cultural-fue-recuperada\/\" \/>\n<meta property=\"article:publisher\" content=\"https:\/\/www.facebook.com\/luchonoticiasneiva\" \/>\n<meta property=\"article:published_time\" content=\"2023-01-23T09:56:18+00:00\" \/>\n<meta property=\"article:modified_time\" content=\"2023-01-23T09:56:19+00:00\" \/>\n<meta name=\"author\" content=\"Editor General\" \/>\n<meta name=\"twitter:card\" content=\"summary_large_image\" \/>\n<meta name=\"twitter:label1\" content=\"Escrito por\" \/>\n\t<meta name=\"twitter:data1\" content=\"Editor General\" \/>\n\t<meta name=\"twitter:label2\" content=\"Tiempo de lectura\" \/>\n\t<meta name=\"twitter:data2\" content=\"4 minutos\" \/>\n<script type=\"application\/ld+json\" class=\"yoast-schema-graph\">{\"@context\":\"https:\/\/schema.org\",\"@graph\":[{\"@type\":\"Article\",\"@id\":\"https:\/\/luchonoticias.com\/editor\/licencia-de-la-emisora-cultural-fue-recuperada\/#article\",\"isPartOf\":{\"@id\":\"https:\/\/luchonoticias.com\/editor\/licencia-de-la-emisora-cultural-fue-recuperada\/\"},\"author\":{\"name\":\"Editor General\",\"@id\":\"https:\/\/luchonoticias.com\/editor\/#\/schema\/person\/29217990ddf6f14e35912b2866d591fb\"},\"headline\":\"Licencia de la emisora cultural fue recuperada\",\"datePublished\":\"2023-01-23T09:56:18+00:00\",\"dateModified\":\"2023-01-23T09:56:19+00:00\",\"mainEntityOfPage\":{\"@id\":\"https:\/\/luchonoticias.com\/editor\/licencia-de-la-emisora-cultural-fue-recuperada\/\"},\"wordCount\":720,\"commentCount\":0,\"publisher\":{\"@id\":\"https:\/\/luchonoticias.com\/editor\/#\/schema\/person\/7a7fd911f58561fd056dbac7b55af9cd\"},\"articleSection\":[\"Huila\"],\"inLanguage\":\"es\",\"potentialAction\":[{\"@type\":\"CommentAction\",\"name\":\"Comment\",\"target\":[\"https:\/\/luchonoticias.com\/editor\/licencia-de-la-emisora-cultural-fue-recuperada\/#respond\"]}]},{\"@type\":\"WebPage\",\"@id\":\"https:\/\/luchonoticias.com\/editor\/licencia-de-la-emisora-cultural-fue-recuperada\/\",\"url\":\"https:\/\/luchonoticias.com\/editor\/licencia-de-la-emisora-cultural-fue-recuperada\/\",\"name\":\"Licencia de la emisora cultural fue recuperada -\",\"isPartOf\":{\"@id\":\"https:\/\/luchonoticias.com\/editor\/#website\"},\"datePublished\":\"2023-01-23T09:56:18+00:00\",\"dateModified\":\"2023-01-23T09:56:19+00:00\",\"breadcrumb\":{\"@id\":\"https:\/\/luchonoticias.com\/editor\/licencia-de-la-emisora-cultural-fue-recuperada\/#breadcrumb\"},\"inLanguage\":\"es\",\"potentialAction\":[{\"@type\":\"ReadAction\",\"target\":[\"https:\/\/luchonoticias.com\/editor\/licencia-de-la-emisora-cultural-fue-recuperada\/\"]}]},{\"@type\":\"BreadcrumbList\",\"@id\":\"https:\/\/luchonoticias.com\/editor\/licencia-de-la-emisora-cultural-fue-recuperada\/#breadcrumb\",\"itemListElement\":[{\"@type\":\"ListItem\",\"position\":1,\"name\":\"Portada\",\"item\":\"https:\/\/luchonoticias.com\/editor\/\"},{\"@type\":\"ListItem\",\"position\":2,\"name\":\"Licencia de la emisora cultural fue recuperada\"}]},{\"@type\":\"WebSite\",\"@id\":\"https:\/\/luchonoticias.com\/editor\/#website\",\"url\":\"https:\/\/luchonoticias.com\/editor\/\",\"name\":\"\",\"description\":\"\",\"publisher\":{\"@id\":\"https:\/\/luchonoticias.com\/editor\/#\/schema\/person\/7a7fd911f58561fd056dbac7b55af9cd\"},\"potentialAction\":[{\"@type\":\"SearchAction\",\"target\":{\"@type\":\"EntryPoint\",\"urlTemplate\":\"https:\/\/luchonoticias.com\/editor\/?s={search_term_string}\"},\"query-input\":{\"@type\":\"PropertyValueSpecification\",\"valueRequired\":true,\"valueName\":\"search_term_string\"}}],\"inLanguage\":\"es\"},{\"@type\":[\"Person\",\"Organization\"],\"@id\":\"https:\/\/luchonoticias.com\/editor\/#\/schema\/person\/7a7fd911f58561fd056dbac7b55af9cd\",\"name\":\"admin\",\"image\":{\"@type\":\"ImageObject\",\"inLanguage\":\"es\",\"@id\":\"https:\/\/luchonoticias.com\/editor\/#\/schema\/person\/image\/\",\"url\":\"https:\/\/luchonoticias.com\/editor\/wp-content\/uploads\/2024\/02\/cropped-cropped-logolu.webp\",\"contentUrl\":\"https:\/\/luchonoticias.com\/editor\/wp-content\/uploads\/2024\/02\/cropped-cropped-logolu.webp\",\"width\":382,\"height\":170,\"caption\":\"admin\"},\"logo\":{\"@id\":\"https:\/\/luchonoticias.com\/editor\/#\/schema\/person\/image\/\"},\"sameAs\":[\"https:\/\/www.facebook.com\/luchonoticiasneiva\"]},{\"@type\":\"Person\",\"@id\":\"https:\/\/luchonoticias.com\/editor\/#\/schema\/person\/29217990ddf6f14e35912b2866d591fb\",\"name\":\"Editor General\",\"image\":{\"@type\":\"ImageObject\",\"inLanguage\":\"es\",\"@id\":\"https:\/\/luchonoticias.com\/editor\/#\/schema\/person\/image\/\",\"url\":\"https:\/\/luchonoticias.com\/editor\/wp-content\/uploads\/2024\/02\/cropped-cropped-logolu-150x150.webp\",\"contentUrl\":\"https:\/\/luchonoticias.com\/editor\/wp-content\/uploads\/2024\/02\/cropped-cropped-logolu-150x150.webp\",\"caption\":\"Editor General\"},\"sameAs\":[\"https:\/\/luchonoticias.com\/\"],\"url\":\"https:\/\/luchonoticias.com\/editor\/author\/editor-general\/\"}]}<\/script>\n<!-- \/ Yoast SEO plugin. -->","yoast_head_json":{"title":"Licencia de la emisora cultural fue recuperada -","robots":{"index":"index","follow":"follow","max-snippet":"max-snippet:-1","max-image-preview":"max-image-preview:large","max-video-preview":"max-video-preview:-1"},"canonical":"https:\/\/luchonoticias.com\/editor\/licencia-de-la-emisora-cultural-fue-recuperada\/","og_locale":"es_ES","og_type":"article","og_title":"Licencia de la emisora cultural fue recuperada -","og_url":"https:\/\/luchonoticias.com\/editor\/licencia-de-la-emisora-cultural-fue-recuperada\/","article_publisher":"https:\/\/www.facebook.com\/luchonoticiasneiva","article_published_time":"2023-01-23T09:56:18+00:00","article_modified_time":"2023-01-23T09:56:19+00:00","author":"Editor General","twitter_card":"summary_large_image","twitter_misc":{"Escrito por":"Editor General","Tiempo de lectura":"4 minutos"},"schema":{"@context":"https:\/\/schema.org","@graph":[{"@type":"Article","@id":"https:\/\/luchonoticias.com\/editor\/licencia-de-la-emisora-cultural-fue-recuperada\/#article","isPartOf":{"@id":"https:\/\/luchonoticias.com\/editor\/licencia-de-la-emisora-cultural-fue-recuperada\/"},"author":{"name":"Editor General","@id":"https:\/\/luchonoticias.com\/editor\/#\/schema\/person\/29217990ddf6f14e35912b2866d591fb"},"headline":"Licencia de la emisora cultural fue recuperada","datePublished":"2023-01-23T09:56:18+00:00","dateModified":"2023-01-23T09:56:19+00:00","mainEntityOfPage":{"@id":"https:\/\/luchonoticias.com\/editor\/licencia-de-la-emisora-cultural-fue-recuperada\/"},"wordCount":720,"commentCount":0,"publisher":{"@id":"https:\/\/luchonoticias.com\/editor\/#\/schema\/person\/7a7fd911f58561fd056dbac7b55af9cd"},"articleSection":["Huila"],"inLanguage":"es","potentialAction":[{"@type":"CommentAction","name":"Comment","target":["https:\/\/luchonoticias.com\/editor\/licencia-de-la-emisora-cultural-fue-recuperada\/#respond"]}]},{"@type":"WebPage","@id":"https:\/\/luchonoticias.com\/editor\/licencia-de-la-emisora-cultural-fue-recuperada\/","url":"https:\/\/luchonoticias.com\/editor\/licencia-de-la-emisora-cultural-fue-recuperada\/","name":"Licencia de la emisora cultural fue recuperada -","isPartOf":{"@id":"https:\/\/luchonoticias.com\/editor\/#website"},"datePublished":"2023-01-23T09:56:18+00:00","dateModified":"2023-01-23T09:56:19+00:00","breadcrumb":{"@id":"https:\/\/luchonoticias.com\/editor\/licencia-de-la-emisora-cultural-fue-recuperada\/#breadcrumb"},"inLanguage":"es","potentialAction":[{"@type":"ReadAction","target":["https:\/\/luchonoticias.com\/editor\/licencia-de-la-emisora-cultural-fue-recuperada\/"]}]},{"@type":"BreadcrumbList","@id":"https:\/\/luchonoticias.com\/editor\/licencia-de-la-emisora-cultural-fue-recuperada\/#breadcrumb","itemListElement":[{"@type":"ListItem","position":1,"name":"Portada","item":"https:\/\/luchonoticias.com\/editor\/"},{"@type":"ListItem","position":2,"name":"Licencia de la emisora cultural fue recuperada"}]},{"@type":"WebSite","@id":"https:\/\/luchonoticias.com\/editor\/#website","url":"https:\/\/luchonoticias.com\/editor\/","name":"","description":"","publisher":{"@id":"https:\/\/luchonoticias.com\/editor\/#\/schema\/person\/7a7fd911f58561fd056dbac7b55af9cd"},"potentialAction":[{"@type":"SearchAction","target":{"@type":"EntryPoint","urlTemplate":"https:\/\/luchonoticias.com\/editor\/?s={search_term_string}"},"query-input":{"@type":"PropertyValueSpecification","valueRequired":true,"valueName":"search_term_string"}}],"inLanguage":"es"},{"@type":["Person","Organization"],"@id":"https:\/\/luchonoticias.com\/editor\/#\/schema\/person\/7a7fd911f58561fd056dbac7b55af9cd","name":"admin","image":{"@type":"ImageObject","inLanguage":"es","@id":"https:\/\/luchonoticias.com\/editor\/#\/schema\/person\/image\/","url":"https:\/\/luchonoticias.com\/editor\/wp-content\/uploads\/2024\/02\/cropped-cropped-logolu.webp","contentUrl":"https:\/\/luchonoticias.com\/editor\/wp-content\/uploads\/2024\/02\/cropped-cropped-logolu.webp","width":382,"height":170,"caption":"admin"},"logo":{"@id":"https:\/\/luchonoticias.com\/editor\/#\/schema\/person\/image\/"},"sameAs":["https:\/\/www.facebook.com\/luchonoticiasneiva"]},{"@type":"Person","@id":"https:\/\/luchonoticias.com\/editor\/#\/schema\/person\/29217990ddf6f14e35912b2866d591fb","name":"Editor General","image":{"@type":"ImageObject","inLanguage":"es","@id":"https:\/\/luchonoticias.com\/editor\/#\/schema\/person\/image\/","url":"https:\/\/luchonoticias.com\/editor\/wp-content\/uploads\/2024\/02\/cropped-cropped-logolu-150x150.webp","contentUrl":"https:\/\/luchonoticias.com\/editor\/wp-content\/uploads\/2024\/02\/cropped-cropped-logolu-150x150.webp","caption":"Editor General"},"sameAs":["https:\/\/luchonoticias.com\/"],"url":"https:\/\/luchonoticias.com\/editor\/author\/editor-general\/"}]}},"_links":{"self":[{"href":"https:\/\/luchonoticias.com\/editor\/wp-json\/wp\/v2\/posts\/44724","targetHints":{"allow":["GET"]}}],"collection":[{"href":"https:\/\/luchonoticias.com\/editor\/wp-json\/wp\/v2\/posts"}],"about":[{"href":"https:\/\/luchonoticias.com\/editor\/wp-json\/wp\/v2\/types\/post"}],"author":[{"embeddable":true,"href":"https:\/\/luchonoticias.com\/editor\/wp-json\/wp\/v2\/users\/2"}],"replies":[{"embeddable":true,"href":"https:\/\/luchonoticias.com\/editor\/wp-json\/wp\/v2\/comments?post=44724"}],"version-history":[{"count":0,"href":"https:\/\/luchonoticias.com\/editor\/wp-json\/wp\/v2\/posts\/44724\/revisions"}],"wp:attachment":[{"href":"https:\/\/luchonoticias.com\/editor\/wp-json\/wp\/v2\/media?parent=44724"}],"wp:term":[{"taxonomy":"category","embeddable":true,"href":"https:\/\/luchonoticias.com\/editor\/wp-json\/wp\/v2\/categories?post=44724"},{"taxonomy":"post_tag","embeddable":true,"href":"https:\/\/luchonoticias.com\/editor\/wp-json\/wp\/v2\/tags?post=44724"}],"curies":[{"name":"wp","href":"https:\/\/api.w.org\/{rel}","templated":true}]}}