{"id":44733,"date":"2023-01-23T06:37:32","date_gmt":"2023-01-23T11:37:32","guid":{"rendered":"https:\/\/luchonoticias.com\/?p=44733"},"modified":"2023-01-23T06:37:33","modified_gmt":"2023-01-23T11:37:33","slug":"seis-capturados-y-seis-armas-incautadas-durante-dispositivo-de-seguridad-en-neiva","status":"publish","type":"post","link":"https:\/\/luchonoticias.com\/editor\/seis-capturados-y-seis-armas-incautadas-durante-dispositivo-de-seguridad-en-neiva\/","title":{"rendered":"Seis capturados y seis armas incautadas, durante dispositivo de seguridad en Neiva"},"content":{"rendered":"\n<p>Todo un dispositivo de seguridad se despleg\u00f3 este fin de semana en la capital huilense, por parte de las autoridades municipales; lo anterior con el objetivo de intensificar los patrullajes de vigilancia y evitar la comisi\u00f3n de hurtos y otros delitos que se han presentado en la ciudad.<\/p>\n\n\n\n<p>El trabajo articulado entre la Polic\u00eda Metropolitana, Ejercito Nacional y la Alcald\u00eda de Neiva, entrega como balance, la captura de seis personas que ya est\u00e1n cobijadas con medida intramural, asimismo, se logr\u00f3 la incautaci\u00f3n de seis armas de fuego que podr\u00edan haber puesto en riesgo la vida de los neivanos.<\/p>\n\n\n\n<figure class=\"wp-block-gallery has-nested-images columns-default is-cropped wp-block-gallery-1 is-layout-flex wp-block-gallery-is-layout-flex\">\n<figure class=\"wp-block-image size-large\"><img decoding=\"async\" data-id=\"44736\" src=\"https:\/\/luchonoticias.com\/wp-content\/uploads\/2023\/01\/WhatsApp-Image-2023-01-22-at-12.40.08-PM-1024x768.jpeg\" alt=\"\" class=\"wp-image-44736\"\/><\/figure>\n\n\n\n<figure class=\"wp-block-image size-large\"><img decoding=\"async\" data-id=\"44735\" src=\"https:\/\/luchonoticias.com\/wp-content\/uploads\/2023\/01\/WhatsApp-Image-2023-01-22-at-12.40.06-PM-1024x576.jpeg\" alt=\"\" class=\"wp-image-44735\"\/><\/figure>\n<\/figure>\n\n\n\n<p>En materia de movilidad, gracias a los controles de la Secretar\u00eda de Movilidad, se hicieron 70 inmovilizaciones a motocicletas y cerca de 121 comparendos, en las acciones de registro se detect\u00f3 que algunas de ellas est\u00e1n involucradas en delitos como el hurto y en otras los sistemas de identificaci\u00f3n estaban adulterados, lo cual presume que han sido hurtadas, precisamente en el control del d\u00eda jueves una de ellas, est\u00e1 reportada como robada y despu\u00e9s del respectivo proceso de verificaci\u00f3n se le har\u00e1 entrega a su propietario.<\/p>\n\n\n\n<p><strong>Trabajo en conjunto<\/strong><\/p>\n\n\n\n<p>Al respecto, el director de Convivencia y Seguridad, Andr\u00e9s Felipe Mart\u00ednez, destac\u00f3 la articulaci\u00f3n de esfuerzos entre las autoridades municipales y la Fuerza P\u00fablica para garantizar la seguridad en la ciudad, tanto en la zona urbana como rural, donde se han desarrollado diferentes operativos que permiten entregar estos resultados al d\u00eda de hoy.<\/p>\n\n\n\n<p>El funcionario, tambi\u00e9n destac\u00f3 la intervenci\u00f3n de puntos cr\u00edticos de la capital a petici\u00f3n de la comunidad, que se ha visto afectada por el alto consumo de drogas en diferentes sectores. Asegur\u00f3 que con el trabajo realizado se generar\u00e1n estrategias que abordar\u00e1n los diferentes frentes sociales con el prop\u00f3sito de frenar los delitos en la capital opita.<\/p>\n\n\n\n<figure class=\"wp-block-gallery has-nested-images columns-default is-cropped wp-block-gallery-2 is-layout-flex wp-block-gallery-is-layout-flex\">\n<figure class=\"wp-block-image size-large\"><img decoding=\"async\" data-id=\"44737\" src=\"https:\/\/luchonoticias.com\/wp-content\/uploads\/2023\/01\/WhatsApp-Image-2023-01-22-at-12.40.07-PM-1024x576.jpeg\" alt=\"\" class=\"wp-image-44737\"\/><\/figure>\n\n\n\n<figure class=\"wp-block-image size-large\"><img decoding=\"async\" data-id=\"44738\" src=\"https:\/\/luchonoticias.com\/wp-content\/uploads\/2023\/01\/WhatsApp-Image-2023-01-22-at-12.40.06-PM-1-1024x576.jpeg\" alt=\"\" class=\"wp-image-44738\"\/><\/figure>\n<\/figure>\n\n\n\n<p>\u201cHoy, le damos una importante noticia a los neivanos y es que estamos ganando en delitos como el homicidio que el a\u00f1o pasado ten\u00edamos una gran incidencia y en temas de hurto, vamos a seguir trabajando para tener una disminuci\u00f3n exhaustiva y significativa en cuanto a este delito\u201d manifest\u00f3 el director de Convivencia y Seguridad, Andr\u00e9s Felipe Mart\u00ednez.<\/p>\n\n\n\n<p>Por su parte Felipe Guerrero, director de Participaci\u00f3n Ciudadana, y Comunitaria de Neiva, dio un parte positivo y recalc\u00f3 el cumplimiento que est\u00e1 haciendo la Administraci\u00f3n Municipal a las peticiones que han hecho los l\u00edderes comunales en materia de seguridad al alcalde Gorky Mu\u00f1oz Calder\u00f3n.<\/p>\n","protected":false},"excerpt":{"rendered":"<p>Todo un dispositivo de seguridad se despleg\u00f3 este fin de semana en la capital huilense, por parte de las autoridades municipales; lo anterior con el objetivo de intensificar los patrullajes de vigilancia y evitar la comisi\u00f3n de hurtos y otros delitos que se han presentado en la ciudad. El trabajo articulado entre la Polic\u00eda Metropolitana, [&hellip;]<\/p>\n","protected":false},"author":2,"featured_media":0,"comment_status":"open","ping_status":"open","sticky":false,"template":"","format":"standard","meta":{"footnotes":""},"categories":[36,29],"tags":[],"class_list":["post-44733","post","type-post","status-publish","format-standard","hentry","category-destacado","category-judicial"],"yoast_head":"<!-- This site is optimized with the Yoast SEO plugin v26.6 - https:\/\/yoast.com\/wordpress\/plugins\/seo\/ -->\n<title>Seis capturados y seis armas incautadas, durante dispositivo de seguridad en Neiva -<\/title>\n<meta name=\"robots\" content=\"index, follow, max-snippet:-1, max-image-preview:large, max-video-preview:-1\" \/>\n<link rel=\"canonical\" href=\"https:\/\/luchonoticias.com\/editor\/seis-capturados-y-seis-armas-incautadas-durante-dispositivo-de-seguridad-en-neiva\/\" \/>\n<meta property=\"og:locale\" content=\"es_ES\" \/>\n<meta property=\"og:type\" content=\"article\" \/>\n<meta property=\"og:title\" content=\"Seis capturados y seis armas incautadas, durante dispositivo de seguridad en Neiva -\" \/>\n<meta property=\"og:url\" content=\"https:\/\/luchonoticias.com\/editor\/seis-capturados-y-seis-armas-incautadas-durante-dispositivo-de-seguridad-en-neiva\/\" \/>\n<meta property=\"article:publisher\" content=\"https:\/\/www.facebook.com\/luchonoticiasneiva\" \/>\n<meta property=\"article:published_time\" content=\"2023-01-23T11:37:32+00:00\" \/>\n<meta property=\"article:modified_time\" content=\"2023-01-23T11:37:33+00:00\" \/>\n<meta property=\"og:image\" content=\"https:\/\/luchonoticias.com\/wp-content\/uploads\/2023\/01\/WhatsApp-Image-2023-01-22-at-12.40.08-PM-1024x768.jpeg\" \/>\n<meta name=\"author\" content=\"Editor General\" \/>\n<meta name=\"twitter:card\" content=\"summary_large_image\" \/>\n<meta name=\"twitter:label1\" content=\"Escrito por\" \/>\n\t<meta name=\"twitter:data1\" content=\"Editor General\" \/>\n\t<meta name=\"twitter:label2\" content=\"Tiempo de lectura\" \/>\n\t<meta name=\"twitter:data2\" content=\"2 minutos\" \/>\n<script type=\"application\/ld+json\" class=\"yoast-schema-graph\">{\"@context\":\"https:\/\/schema.org\",\"@graph\":[{\"@type\":\"Article\",\"@id\":\"https:\/\/luchonoticias.com\/editor\/seis-capturados-y-seis-armas-incautadas-durante-dispositivo-de-seguridad-en-neiva\/#article\",\"isPartOf\":{\"@id\":\"https:\/\/luchonoticias.com\/editor\/seis-capturados-y-seis-armas-incautadas-durante-dispositivo-de-seguridad-en-neiva\/\"},\"author\":{\"name\":\"Editor General\",\"@id\":\"https:\/\/luchonoticias.com\/editor\/#\/schema\/person\/29217990ddf6f14e35912b2866d591fb\"},\"headline\":\"Seis capturados y seis armas incautadas, durante dispositivo de seguridad en Neiva\",\"datePublished\":\"2023-01-23T11:37:32+00:00\",\"dateModified\":\"2023-01-23T11:37:33+00:00\",\"mainEntityOfPage\":{\"@id\":\"https:\/\/luchonoticias.com\/editor\/seis-capturados-y-seis-armas-incautadas-durante-dispositivo-de-seguridad-en-neiva\/\"},\"wordCount\":444,\"commentCount\":0,\"publisher\":{\"@id\":\"https:\/\/luchonoticias.com\/editor\/#\/schema\/person\/7a7fd911f58561fd056dbac7b55af9cd\"},\"image\":{\"@id\":\"https:\/\/luchonoticias.com\/editor\/seis-capturados-y-seis-armas-incautadas-durante-dispositivo-de-seguridad-en-neiva\/#primaryimage\"},\"thumbnailUrl\":\"https:\/\/luchonoticias.com\/wp-content\/uploads\/2023\/01\/WhatsApp-Image-2023-01-22-at-12.40.08-PM-1024x768.jpeg\",\"articleSection\":[\"Destacado\",\"Judicial\"],\"inLanguage\":\"es\",\"potentialAction\":[{\"@type\":\"CommentAction\",\"name\":\"Comment\",\"target\":[\"https:\/\/luchonoticias.com\/editor\/seis-capturados-y-seis-armas-incautadas-durante-dispositivo-de-seguridad-en-neiva\/#respond\"]}]},{\"@type\":\"WebPage\",\"@id\":\"https:\/\/luchonoticias.com\/editor\/seis-capturados-y-seis-armas-incautadas-durante-dispositivo-de-seguridad-en-neiva\/\",\"url\":\"https:\/\/luchonoticias.com\/editor\/seis-capturados-y-seis-armas-incautadas-durante-dispositivo-de-seguridad-en-neiva\/\",\"name\":\"Seis capturados y seis armas incautadas, durante dispositivo de seguridad en Neiva -\",\"isPartOf\":{\"@id\":\"https:\/\/luchonoticias.com\/editor\/#website\"},\"primaryImageOfPage\":{\"@id\":\"https:\/\/luchonoticias.com\/editor\/seis-capturados-y-seis-armas-incautadas-durante-dispositivo-de-seguridad-en-neiva\/#primaryimage\"},\"image\":{\"@id\":\"https:\/\/luchonoticias.com\/editor\/seis-capturados-y-seis-armas-incautadas-durante-dispositivo-de-seguridad-en-neiva\/#primaryimage\"},\"thumbnailUrl\":\"https:\/\/luchonoticias.com\/wp-content\/uploads\/2023\/01\/WhatsApp-Image-2023-01-22-at-12.40.08-PM-1024x768.jpeg\",\"datePublished\":\"2023-01-23T11:37:32+00:00\",\"dateModified\":\"2023-01-23T11:37:33+00:00\",\"breadcrumb\":{\"@id\":\"https:\/\/luchonoticias.com\/editor\/seis-capturados-y-seis-armas-incautadas-durante-dispositivo-de-seguridad-en-neiva\/#breadcrumb\"},\"inLanguage\":\"es\",\"potentialAction\":[{\"@type\":\"ReadAction\",\"target\":[\"https:\/\/luchonoticias.com\/editor\/seis-capturados-y-seis-armas-incautadas-durante-dispositivo-de-seguridad-en-neiva\/\"]}]},{\"@type\":\"ImageObject\",\"inLanguage\":\"es\",\"@id\":\"https:\/\/luchonoticias.com\/editor\/seis-capturados-y-seis-armas-incautadas-durante-dispositivo-de-seguridad-en-neiva\/#primaryimage\",\"url\":\"https:\/\/luchonoticias.com\/wp-content\/uploads\/2023\/01\/WhatsApp-Image-2023-01-22-at-12.40.08-PM-1024x768.jpeg\",\"contentUrl\":\"https:\/\/luchonoticias.com\/wp-content\/uploads\/2023\/01\/WhatsApp-Image-2023-01-22-at-12.40.08-PM-1024x768.jpeg\"},{\"@type\":\"BreadcrumbList\",\"@id\":\"https:\/\/luchonoticias.com\/editor\/seis-capturados-y-seis-armas-incautadas-durante-dispositivo-de-seguridad-en-neiva\/#breadcrumb\",\"itemListElement\":[{\"@type\":\"ListItem\",\"position\":1,\"name\":\"Portada\",\"item\":\"https:\/\/luchonoticias.com\/editor\/\"},{\"@type\":\"ListItem\",\"position\":2,\"name\":\"Seis capturados y seis armas incautadas, durante dispositivo de seguridad en Neiva\"}]},{\"@type\":\"WebSite\",\"@id\":\"https:\/\/luchonoticias.com\/editor\/#website\",\"url\":\"https:\/\/luchonoticias.com\/editor\/\",\"name\":\"\",\"description\":\"\",\"publisher\":{\"@id\":\"https:\/\/luchonoticias.com\/editor\/#\/schema\/person\/7a7fd911f58561fd056dbac7b55af9cd\"},\"potentialAction\":[{\"@type\":\"SearchAction\",\"target\":{\"@type\":\"EntryPoint\",\"urlTemplate\":\"https:\/\/luchonoticias.com\/editor\/?s={search_term_string}\"},\"query-input\":{\"@type\":\"PropertyValueSpecification\",\"valueRequired\":true,\"valueName\":\"search_term_string\"}}],\"inLanguage\":\"es\"},{\"@type\":[\"Person\",\"Organization\"],\"@id\":\"https:\/\/luchonoticias.com\/editor\/#\/schema\/person\/7a7fd911f58561fd056dbac7b55af9cd\",\"name\":\"admin\",\"image\":{\"@type\":\"ImageObject\",\"inLanguage\":\"es\",\"@id\":\"https:\/\/luchonoticias.com\/editor\/#\/schema\/person\/image\/\",\"url\":\"https:\/\/luchonoticias.com\/editor\/wp-content\/uploads\/2024\/02\/cropped-cropped-logolu.webp\",\"contentUrl\":\"https:\/\/luchonoticias.com\/editor\/wp-content\/uploads\/2024\/02\/cropped-cropped-logolu.webp\",\"width\":382,\"height\":170,\"caption\":\"admin\"},\"logo\":{\"@id\":\"https:\/\/luchonoticias.com\/editor\/#\/schema\/person\/image\/\"},\"sameAs\":[\"https:\/\/www.facebook.com\/luchonoticiasneiva\"]},{\"@type\":\"Person\",\"@id\":\"https:\/\/luchonoticias.com\/editor\/#\/schema\/person\/29217990ddf6f14e35912b2866d591fb\",\"name\":\"Editor General\",\"image\":{\"@type\":\"ImageObject\",\"inLanguage\":\"es\",\"@id\":\"https:\/\/luchonoticias.com\/editor\/#\/schema\/person\/image\/\",\"url\":\"https:\/\/luchonoticias.com\/editor\/wp-content\/uploads\/2024\/02\/cropped-cropped-logolu-150x150.webp\",\"contentUrl\":\"https:\/\/luchonoticias.com\/editor\/wp-content\/uploads\/2024\/02\/cropped-cropped-logolu-150x150.webp\",\"caption\":\"Editor General\"},\"sameAs\":[\"https:\/\/luchonoticias.com\/\"],\"url\":\"https:\/\/luchonoticias.com\/editor\/author\/editor-general\/\"}]}<\/script>\n<!-- \/ Yoast SEO plugin. -->","yoast_head_json":{"title":"Seis capturados y seis armas incautadas, durante dispositivo de seguridad en Neiva -","robots":{"index":"index","follow":"follow","max-snippet":"max-snippet:-1","max-image-preview":"max-image-preview:large","max-video-preview":"max-video-preview:-1"},"canonical":"https:\/\/luchonoticias.com\/editor\/seis-capturados-y-seis-armas-incautadas-durante-dispositivo-de-seguridad-en-neiva\/","og_locale":"es_ES","og_type":"article","og_title":"Seis capturados y seis armas incautadas, durante dispositivo de seguridad en Neiva -","og_url":"https:\/\/luchonoticias.com\/editor\/seis-capturados-y-seis-armas-incautadas-durante-dispositivo-de-seguridad-en-neiva\/","article_publisher":"https:\/\/www.facebook.com\/luchonoticiasneiva","article_published_time":"2023-01-23T11:37:32+00:00","article_modified_time":"2023-01-23T11:37:33+00:00","og_image":[{"url":"https:\/\/luchonoticias.com\/wp-content\/uploads\/2023\/01\/WhatsApp-Image-2023-01-22-at-12.40.08-PM-1024x768.jpeg","type":"","width":"","height":""}],"author":"Editor General","twitter_card":"summary_large_image","twitter_misc":{"Escrito por":"Editor General","Tiempo de lectura":"2 minutos"},"schema":{"@context":"https:\/\/schema.org","@graph":[{"@type":"Article","@id":"https:\/\/luchonoticias.com\/editor\/seis-capturados-y-seis-armas-incautadas-durante-dispositivo-de-seguridad-en-neiva\/#article","isPartOf":{"@id":"https:\/\/luchonoticias.com\/editor\/seis-capturados-y-seis-armas-incautadas-durante-dispositivo-de-seguridad-en-neiva\/"},"author":{"name":"Editor General","@id":"https:\/\/luchonoticias.com\/editor\/#\/schema\/person\/29217990ddf6f14e35912b2866d591fb"},"headline":"Seis capturados y seis armas incautadas, durante dispositivo de seguridad en Neiva","datePublished":"2023-01-23T11:37:32+00:00","dateModified":"2023-01-23T11:37:33+00:00","mainEntityOfPage":{"@id":"https:\/\/luchonoticias.com\/editor\/seis-capturados-y-seis-armas-incautadas-durante-dispositivo-de-seguridad-en-neiva\/"},"wordCount":444,"commentCount":0,"publisher":{"@id":"https:\/\/luchonoticias.com\/editor\/#\/schema\/person\/7a7fd911f58561fd056dbac7b55af9cd"},"image":{"@id":"https:\/\/luchonoticias.com\/editor\/seis-capturados-y-seis-armas-incautadas-durante-dispositivo-de-seguridad-en-neiva\/#primaryimage"},"thumbnailUrl":"https:\/\/luchonoticias.com\/wp-content\/uploads\/2023\/01\/WhatsApp-Image-2023-01-22-at-12.40.08-PM-1024x768.jpeg","articleSection":["Destacado","Judicial"],"inLanguage":"es","potentialAction":[{"@type":"CommentAction","name":"Comment","target":["https:\/\/luchonoticias.com\/editor\/seis-capturados-y-seis-armas-incautadas-durante-dispositivo-de-seguridad-en-neiva\/#respond"]}]},{"@type":"WebPage","@id":"https:\/\/luchonoticias.com\/editor\/seis-capturados-y-seis-armas-incautadas-durante-dispositivo-de-seguridad-en-neiva\/","url":"https:\/\/luchonoticias.com\/editor\/seis-capturados-y-seis-armas-incautadas-durante-dispositivo-de-seguridad-en-neiva\/","name":"Seis capturados y seis armas incautadas, durante dispositivo de seguridad en Neiva -","isPartOf":{"@id":"https:\/\/luchonoticias.com\/editor\/#website"},"primaryImageOfPage":{"@id":"https:\/\/luchonoticias.com\/editor\/seis-capturados-y-seis-armas-incautadas-durante-dispositivo-de-seguridad-en-neiva\/#primaryimage"},"image":{"@id":"https:\/\/luchonoticias.com\/editor\/seis-capturados-y-seis-armas-incautadas-durante-dispositivo-de-seguridad-en-neiva\/#primaryimage"},"thumbnailUrl":"https:\/\/luchonoticias.com\/wp-content\/uploads\/2023\/01\/WhatsApp-Image-2023-01-22-at-12.40.08-PM-1024x768.jpeg","datePublished":"2023-01-23T11:37:32+00:00","dateModified":"2023-01-23T11:37:33+00:00","breadcrumb":{"@id":"https:\/\/luchonoticias.com\/editor\/seis-capturados-y-seis-armas-incautadas-durante-dispositivo-de-seguridad-en-neiva\/#breadcrumb"},"inLanguage":"es","potentialAction":[{"@type":"ReadAction","target":["https:\/\/luchonoticias.com\/editor\/seis-capturados-y-seis-armas-incautadas-durante-dispositivo-de-seguridad-en-neiva\/"]}]},{"@type":"ImageObject","inLanguage":"es","@id":"https:\/\/luchonoticias.com\/editor\/seis-capturados-y-seis-armas-incautadas-durante-dispositivo-de-seguridad-en-neiva\/#primaryimage","url":"https:\/\/luchonoticias.com\/wp-content\/uploads\/2023\/01\/WhatsApp-Image-2023-01-22-at-12.40.08-PM-1024x768.jpeg","contentUrl":"https:\/\/luchonoticias.com\/wp-content\/uploads\/2023\/01\/WhatsApp-Image-2023-01-22-at-12.40.08-PM-1024x768.jpeg"},{"@type":"BreadcrumbList","@id":"https:\/\/luchonoticias.com\/editor\/seis-capturados-y-seis-armas-incautadas-durante-dispositivo-de-seguridad-en-neiva\/#breadcrumb","itemListElement":[{"@type":"ListItem","position":1,"name":"Portada","item":"https:\/\/luchonoticias.com\/editor\/"},{"@type":"ListItem","position":2,"name":"Seis capturados y seis armas incautadas, durante dispositivo de seguridad en Neiva"}]},{"@type":"WebSite","@id":"https:\/\/luchonoticias.com\/editor\/#website","url":"https:\/\/luchonoticias.com\/editor\/","name":"","description":"","publisher":{"@id":"https:\/\/luchonoticias.com\/editor\/#\/schema\/person\/7a7fd911f58561fd056dbac7b55af9cd"},"potentialAction":[{"@type":"SearchAction","target":{"@type":"EntryPoint","urlTemplate":"https:\/\/luchonoticias.com\/editor\/?s={search_term_string}"},"query-input":{"@type":"PropertyValueSpecification","valueRequired":true,"valueName":"search_term_string"}}],"inLanguage":"es"},{"@type":["Person","Organization"],"@id":"https:\/\/luchonoticias.com\/editor\/#\/schema\/person\/7a7fd911f58561fd056dbac7b55af9cd","name":"admin","image":{"@type":"ImageObject","inLanguage":"es","@id":"https:\/\/luchonoticias.com\/editor\/#\/schema\/person\/image\/","url":"https:\/\/luchonoticias.com\/editor\/wp-content\/uploads\/2024\/02\/cropped-cropped-logolu.webp","contentUrl":"https:\/\/luchonoticias.com\/editor\/wp-content\/uploads\/2024\/02\/cropped-cropped-logolu.webp","width":382,"height":170,"caption":"admin"},"logo":{"@id":"https:\/\/luchonoticias.com\/editor\/#\/schema\/person\/image\/"},"sameAs":["https:\/\/www.facebook.com\/luchonoticiasneiva"]},{"@type":"Person","@id":"https:\/\/luchonoticias.com\/editor\/#\/schema\/person\/29217990ddf6f14e35912b2866d591fb","name":"Editor General","image":{"@type":"ImageObject","inLanguage":"es","@id":"https:\/\/luchonoticias.com\/editor\/#\/schema\/person\/image\/","url":"https:\/\/luchonoticias.com\/editor\/wp-content\/uploads\/2024\/02\/cropped-cropped-logolu-150x150.webp","contentUrl":"https:\/\/luchonoticias.com\/editor\/wp-content\/uploads\/2024\/02\/cropped-cropped-logolu-150x150.webp","caption":"Editor General"},"sameAs":["https:\/\/luchonoticias.com\/"],"url":"https:\/\/luchonoticias.com\/editor\/author\/editor-general\/"}]}},"_links":{"self":[{"href":"https:\/\/luchonoticias.com\/editor\/wp-json\/wp\/v2\/posts\/44733","targetHints":{"allow":["GET"]}}],"collection":[{"href":"https:\/\/luchonoticias.com\/editor\/wp-json\/wp\/v2\/posts"}],"about":[{"href":"https:\/\/luchonoticias.com\/editor\/wp-json\/wp\/v2\/types\/post"}],"author":[{"embeddable":true,"href":"https:\/\/luchonoticias.com\/editor\/wp-json\/wp\/v2\/users\/2"}],"replies":[{"embeddable":true,"href":"https:\/\/luchonoticias.com\/editor\/wp-json\/wp\/v2\/comments?post=44733"}],"version-history":[{"count":0,"href":"https:\/\/luchonoticias.com\/editor\/wp-json\/wp\/v2\/posts\/44733\/revisions"}],"wp:attachment":[{"href":"https:\/\/luchonoticias.com\/editor\/wp-json\/wp\/v2\/media?parent=44733"}],"wp:term":[{"taxonomy":"category","embeddable":true,"href":"https:\/\/luchonoticias.com\/editor\/wp-json\/wp\/v2\/categories?post=44733"},{"taxonomy":"post_tag","embeddable":true,"href":"https:\/\/luchonoticias.com\/editor\/wp-json\/wp\/v2\/tags?post=44733"}],"curies":[{"name":"wp","href":"https:\/\/api.w.org\/{rel}","templated":true}]}}