{"id":44740,"date":"2023-01-23T06:39:58","date_gmt":"2023-01-23T11:39:58","guid":{"rendered":"https:\/\/luchonoticias.com\/?p=44740"},"modified":"2023-01-23T06:39:59","modified_gmt":"2023-01-23T11:39:59","slug":"petro-anuncia-nueve-medidas-para-superar-la-crisis-del-suroccidente-del-pais-generada-por-interrupcion-vial","status":"publish","type":"post","link":"https:\/\/luchonoticias.com\/editor\/petro-anuncia-nueve-medidas-para-superar-la-crisis-del-suroccidente-del-pais-generada-por-interrupcion-vial\/","title":{"rendered":"Petro anuncia nueve medidas para superar la crisis del suroccidente del pa\u00eds generada por interrupci\u00f3n vial"},"content":{"rendered":"\n<p>Al concluir el Consejo Extraordinario de Ministros en el municipio de Ipiales (Nari\u00f1o), el Presidente Gustavo Petro anunci\u00f3 este domingo las medidas que el Gobierno Nacional tomar\u00e1 para superar la crisis del suroccidente del pa\u00eds generada por la interrupci\u00f3n vial, a ra\u00edz de los derrumbes en la poblaci\u00f3n de Rosas (Cauca).<\/p>\n\n\n\n<p>En tal sentido, el Jefe de Estado explic\u00f3 seis medidas a corto plazo, las cuales tienen que ver con apertura de v\u00edas alternativas, la compra de cosechas, el abastecimiento de combustibles, establecer un l\u00edmite al precio del gas licuado y otras acciones a largo plazo relacionadas con la construcci\u00f3n de la doble calzada, la agroindustrializaci\u00f3n de Nari\u00f1o y la ampliaci\u00f3n del puerto de Tumaco a la exportaci\u00f3n.<\/p>\n\n\n\n<p><strong>Soluciones a corto plazo<\/strong><\/p>\n\n\n\n<p>En primer lugar, el Mandatario de los colombianos indic\u00f3 que las soluciones a corto plazo tienen que ver con \u201cabrir unas v\u00edas alternativas que est\u00e1n en plena construcci\u00f3n; consideramos que terminar\u00e1n en 30 d\u00edas para permitir el transporte de carga y el transporte normal entre la regi\u00f3n y el resto del pa\u00eds\u201d.<\/p>\n\n\n\n<p>Para ponerle fin a la ola especulativa con el precio de los combustibles, el Jefe de Estado anunci\u00f3 que se aplicar\u00e1 un l\u00edmite con los siguientes costos: 8.916 pesos gal\u00f3n de gasolina y 8.396 pesos el gal\u00f3n de di\u00e9sel.<\/p>\n\n\n\n<p>En segundo lugar, dijo, \u201ccompraremos como Estado las cosechas del departamento de Nari\u00f1o\u201d, las cuales ser\u00e1n repartidas en algunas zonas del departamento con empobrecimiento y otras al resto del pa\u00eds.<\/p>\n\n\n\n<p>\u201cSe llevar\u00e1n a los territorios con mayores \u00edndices de hambre en toda Colombia\u201d, agreg\u00f3.<\/p>\n\n\n\n<p>Como tercera medida, el Presidente Petro hizo referencia a la compra de tierras \u201cen lugares cercanos a donde ocurri\u00f3 el desastre; habr\u00e1 una pedagog\u00eda con la comunidad, queremos que cada familia que antes del desastre ten\u00eda media hect\u00e1rea como propiedad, pase a tener 5 hect\u00e1reas de tierra f\u00e9rtil y pueda iniciar un proceso de mayor prosperidad familiar y productiva en la regi\u00f3n\u201d.<\/p>\n\n\n\n<figure class=\"wp-block-gallery has-nested-images columns-default is-cropped wp-block-gallery-1 is-layout-flex wp-block-gallery-is-layout-flex\">\n<figure class=\"wp-block-image size-large is-style-rounded\"><img decoding=\"async\" data-id=\"44742\" src=\"https:\/\/luchonoticias.com\/wp-content\/uploads\/2023\/01\/WhatsApp-Image-2023-01-22-at-2.59.32-PM-1024x682.jpeg\" alt=\"\" class=\"wp-image-44742\"\/><\/figure>\n<\/figure>\n\n\n\n<p>En lo que tiene que ver a la cuarta decisi\u00f3n, desde este domingo se instalan unas mesas con diferentes sectores que sufren por la interrupci\u00f3n de la comunicaci\u00f3n vial, en particular los transportadores y la industria lechera para la transformaci\u00f3n de este producto en Nari\u00f1o.<\/p>\n\n\n\n<p>\u201cHabr\u00e1 una (mesa) con la industria lechera, la transformaci\u00f3n de la leche en Nari\u00f1o. Buscamos que m\u00e1s de 400.000 toneladas de leche sean compradas por esta industria a los productores de leche del departamento, con el fin de ser transformadas, quesos, yogures, etc\u00e9tera. El Gobierno Nacional comprar\u00e1 la totalidad de esa transformaci\u00f3n y la llevar\u00e1 al resto del pa\u00eds para los programas contra el hambre en Colombia\u201d, explic\u00f3.<\/p>\n\n\n\n<p>Manifest\u00f3 que en la reuni\u00f3n con los transportadores se busca garantizar que \u201cel Gobierno pague los fletes del transporte de bienes menos perecederos producidos en Nari\u00f1o, de tal manera que salgan gratuitos para los productores agrarios en el departamento. Nuestro Gobierno asume los fletes, si logramos un acuerdo con las asociaciones de transportadores sobre su valor, su monto, etc\u00e9tera\u201d.<\/p>\n\n\n\n<p><strong>Abastecimiento de gasolina<\/strong><\/p>\n\n\n\n<p>Sobre la quinta medida, el Mandatario se refiri\u00f3 a la necesidad de garantizar el abastecimiento de gasolina.<\/p>\n\n\n\n<p>\u201cHoy estamos en un nivel de equilibrio, pero es fr\u00e1gil si sucede otro tipo de desastre natural sobre cualquiera de las carreteras que estamos usando. Vamos a aumentar las tra\u00eddas de combustible tanto del corredor mar\u00edtimo; hay un barco ya cumpliendo esa funci\u00f3n entre Buenaventura y Tumaco\u201d, se\u00f1al\u00f3.<\/p>\n\n\n\n<p>La sexta medida es que \u201cse limitar\u00e1 el precio del gas licuado, el GLP, que es muy usado por las familias nari\u00f1enses y del sur del Cauca. Una comisi\u00f3n del Ministerio de Minas va a establecer el precio l\u00edmite al que puede ser vendido en el departamento de Nari\u00f1o\u201d.<\/p>\n\n\n\n<p>El Mandatario dijo que estas seis medidas ser\u00e1n evaluadas para determinar si contribuyen a la superaci\u00f3n de la emergencia, de lo contrario, el Gobierno Nacional tomar\u00eda la decisi\u00f3n de declarar la Emergencia Econ\u00f3mica Nacional, como lo estipula la Constituci\u00f3n.<\/p>\n\n\n\n<figure class=\"wp-block-image size-large is-style-rounded\"><img decoding=\"async\" src=\"https:\/\/luchonoticias.com\/wp-content\/uploads\/2023\/01\/WhatsApp-Image-2023-01-22-at-2.59.31-PM-1-1024x682.jpeg\" alt=\"\" class=\"wp-image-44743\"\/><\/figure>\n\n\n\n<p><strong>Soluciones a largo plazo<\/strong><\/p>\n\n\n\n<p>Por otra parte, el Presidente Petro declar\u00f3 que \u201cla situaci\u00f3n de emergencia, de desastre, se va a ampliar a el sur del Cauca, que tambi\u00e9n ha quedado incomunicado, y al departamento del Putumayo, que tiene una dif\u00edcil comunicaci\u00f3n por el lado de Neiva.<\/p>\n\n\n\n<p>Precis\u00f3 que, dentro de una semana, si las medidas han funcionado, \u201ccomo lo esperamos, pues estaremos ya saliendo de la crisis inmediata y pasaremos a las soluciones de largo aliento que genera esta crisis\u201d.<\/p>\n\n\n\n<p>Se trata de la construcci\u00f3n de la doble calzada Popay\u00e1n-frontera, que permitir\u00e1 \u201cque nos convertimos en verdaderos exportadores desde estas regiones agrarias hacia toda Sudam\u00e9rica\u201d.<\/p>\n\n\n\n<p>En segundo lugar, la agroindustrializaci\u00f3n de la producci\u00f3n de Nari\u00f1o y del sur del Cauca en aspectos como la transformaci\u00f3n de la leche, la papa y otros productos, para lo cual se apoyar\u00e1 a los productores, lo que \u201cgarantizar\u00e1 una mayor prosperidad para el departamento y una mayor garant\u00eda de seguridad ante este tipo de desastres\u201d.<\/p>\n\n\n\n<p>A\u00f1adi\u00f3 que se va a plantear una negociaci\u00f3n para que el puerto de Tumaco se pueda abrir completamente a las exportaciones.<\/p>\n\n\n\n<p>\u201cEl puerto de Tumaco tiene que tomar una mayor dimensi\u00f3n de la que hoy tiene\u201d, expres\u00f3 el Presidente Petro y anot\u00f3 que se comenzar\u00e1 por un dragado para lograr al menos 13 metros de profundidad y que puedan llegar embarcaciones de mayor capacidad.<\/p>\n\n\n\n<p>\u201cEstas medidas de largo plazo, de largo aliento, son las que nos permitir\u00edan que la regi\u00f3n suroccidental pueda adquirir una mayor dimensi\u00f3n\u201d, expres\u00f3.<\/p>\n\n\n\n<p>Por \u00faltimo, anunci\u00f3 que el Ministerio de Minas va a estudiar el uso de la energ\u00eda geot\u00e9rmica, dada la actividad de volcanes que hay en la Cordillera Central nari\u00f1ense y caucana, con el fin de generar energ\u00edas limpias para la industrializaci\u00f3n de la regi\u00f3n e incluso para la exportaci\u00f3n en un futuro cercano.<\/p>\n","protected":false},"excerpt":{"rendered":"<p>Al concluir el Consejo Extraordinario de Ministros en el municipio de Ipiales (Nari\u00f1o), el Presidente Gustavo Petro anunci\u00f3 este domingo las medidas que el Gobierno Nacional tomar\u00e1 para superar la crisis del suroccidente del pa\u00eds generada por la interrupci\u00f3n vial, a ra\u00edz de los derrumbes en la poblaci\u00f3n de Rosas (Cauca). En tal sentido, el [&hellip;]<\/p>\n","protected":false},"author":2,"featured_media":0,"comment_status":"open","ping_status":"open","sticky":false,"template":"","format":"standard","meta":{"footnotes":""},"categories":[36,32],"tags":[],"class_list":["post-44740","post","type-post","status-publish","format-standard","hentry","category-destacado","category-nacional"],"yoast_head":"<!-- This site is optimized with the Yoast SEO plugin v26.6 - https:\/\/yoast.com\/wordpress\/plugins\/seo\/ -->\n<title>Petro anuncia nueve medidas para superar la crisis del suroccidente del pa\u00eds generada por interrupci\u00f3n vial -<\/title>\n<meta name=\"robots\" content=\"index, follow, max-snippet:-1, max-image-preview:large, max-video-preview:-1\" \/>\n<link rel=\"canonical\" href=\"https:\/\/luchonoticias.com\/editor\/petro-anuncia-nueve-medidas-para-superar-la-crisis-del-suroccidente-del-pais-generada-por-interrupcion-vial\/\" \/>\n<meta property=\"og:locale\" content=\"es_ES\" \/>\n<meta property=\"og:type\" content=\"article\" \/>\n<meta property=\"og:title\" content=\"Petro anuncia nueve medidas para superar la crisis del suroccidente del pa\u00eds generada por interrupci\u00f3n vial -\" \/>\n<meta property=\"og:url\" content=\"https:\/\/luchonoticias.com\/editor\/petro-anuncia-nueve-medidas-para-superar-la-crisis-del-suroccidente-del-pais-generada-por-interrupcion-vial\/\" \/>\n<meta property=\"article:publisher\" content=\"https:\/\/www.facebook.com\/luchonoticiasneiva\" \/>\n<meta property=\"article:published_time\" content=\"2023-01-23T11:39:58+00:00\" \/>\n<meta property=\"article:modified_time\" content=\"2023-01-23T11:39:59+00:00\" \/>\n<meta property=\"og:image\" content=\"https:\/\/luchonoticias.com\/wp-content\/uploads\/2023\/01\/WhatsApp-Image-2023-01-22-at-2.59.32-PM-1024x682.jpeg\" \/>\n<meta name=\"author\" content=\"Editor General\" \/>\n<meta name=\"twitter:card\" content=\"summary_large_image\" \/>\n<meta name=\"twitter:label1\" content=\"Escrito por\" \/>\n\t<meta name=\"twitter:data1\" content=\"Editor General\" \/>\n\t<meta name=\"twitter:label2\" content=\"Tiempo de lectura\" \/>\n\t<meta name=\"twitter:data2\" content=\"5 minutos\" \/>\n<script type=\"application\/ld+json\" class=\"yoast-schema-graph\">{\"@context\":\"https:\/\/schema.org\",\"@graph\":[{\"@type\":\"Article\",\"@id\":\"https:\/\/luchonoticias.com\/editor\/petro-anuncia-nueve-medidas-para-superar-la-crisis-del-suroccidente-del-pais-generada-por-interrupcion-vial\/#article\",\"isPartOf\":{\"@id\":\"https:\/\/luchonoticias.com\/editor\/petro-anuncia-nueve-medidas-para-superar-la-crisis-del-suroccidente-del-pais-generada-por-interrupcion-vial\/\"},\"author\":{\"name\":\"Editor General\",\"@id\":\"https:\/\/luchonoticias.com\/editor\/#\/schema\/person\/29217990ddf6f14e35912b2866d591fb\"},\"headline\":\"Petro anuncia nueve medidas para superar la crisis del suroccidente del pa\u00eds generada por interrupci\u00f3n vial\",\"datePublished\":\"2023-01-23T11:39:58+00:00\",\"dateModified\":\"2023-01-23T11:39:59+00:00\",\"mainEntityOfPage\":{\"@id\":\"https:\/\/luchonoticias.com\/editor\/petro-anuncia-nueve-medidas-para-superar-la-crisis-del-suroccidente-del-pais-generada-por-interrupcion-vial\/\"},\"wordCount\":1048,\"commentCount\":0,\"publisher\":{\"@id\":\"https:\/\/luchonoticias.com\/editor\/#\/schema\/person\/7a7fd911f58561fd056dbac7b55af9cd\"},\"image\":{\"@id\":\"https:\/\/luchonoticias.com\/editor\/petro-anuncia-nueve-medidas-para-superar-la-crisis-del-suroccidente-del-pais-generada-por-interrupcion-vial\/#primaryimage\"},\"thumbnailUrl\":\"https:\/\/luchonoticias.com\/wp-content\/uploads\/2023\/01\/WhatsApp-Image-2023-01-22-at-2.59.32-PM-1024x682.jpeg\",\"articleSection\":[\"Destacado\",\"Nacional\"],\"inLanguage\":\"es\",\"potentialAction\":[{\"@type\":\"CommentAction\",\"name\":\"Comment\",\"target\":[\"https:\/\/luchonoticias.com\/editor\/petro-anuncia-nueve-medidas-para-superar-la-crisis-del-suroccidente-del-pais-generada-por-interrupcion-vial\/#respond\"]}]},{\"@type\":\"WebPage\",\"@id\":\"https:\/\/luchonoticias.com\/editor\/petro-anuncia-nueve-medidas-para-superar-la-crisis-del-suroccidente-del-pais-generada-por-interrupcion-vial\/\",\"url\":\"https:\/\/luchonoticias.com\/editor\/petro-anuncia-nueve-medidas-para-superar-la-crisis-del-suroccidente-del-pais-generada-por-interrupcion-vial\/\",\"name\":\"Petro anuncia nueve medidas para superar la crisis del suroccidente del pa\u00eds generada por interrupci\u00f3n vial -\",\"isPartOf\":{\"@id\":\"https:\/\/luchonoticias.com\/editor\/#website\"},\"primaryImageOfPage\":{\"@id\":\"https:\/\/luchonoticias.com\/editor\/petro-anuncia-nueve-medidas-para-superar-la-crisis-del-suroccidente-del-pais-generada-por-interrupcion-vial\/#primaryimage\"},\"image\":{\"@id\":\"https:\/\/luchonoticias.com\/editor\/petro-anuncia-nueve-medidas-para-superar-la-crisis-del-suroccidente-del-pais-generada-por-interrupcion-vial\/#primaryimage\"},\"thumbnailUrl\":\"https:\/\/luchonoticias.com\/wp-content\/uploads\/2023\/01\/WhatsApp-Image-2023-01-22-at-2.59.32-PM-1024x682.jpeg\",\"datePublished\":\"2023-01-23T11:39:58+00:00\",\"dateModified\":\"2023-01-23T11:39:59+00:00\",\"breadcrumb\":{\"@id\":\"https:\/\/luchonoticias.com\/editor\/petro-anuncia-nueve-medidas-para-superar-la-crisis-del-suroccidente-del-pais-generada-por-interrupcion-vial\/#breadcrumb\"},\"inLanguage\":\"es\",\"potentialAction\":[{\"@type\":\"ReadAction\",\"target\":[\"https:\/\/luchonoticias.com\/editor\/petro-anuncia-nueve-medidas-para-superar-la-crisis-del-suroccidente-del-pais-generada-por-interrupcion-vial\/\"]}]},{\"@type\":\"ImageObject\",\"inLanguage\":\"es\",\"@id\":\"https:\/\/luchonoticias.com\/editor\/petro-anuncia-nueve-medidas-para-superar-la-crisis-del-suroccidente-del-pais-generada-por-interrupcion-vial\/#primaryimage\",\"url\":\"https:\/\/luchonoticias.com\/wp-content\/uploads\/2023\/01\/WhatsApp-Image-2023-01-22-at-2.59.32-PM-1024x682.jpeg\",\"contentUrl\":\"https:\/\/luchonoticias.com\/wp-content\/uploads\/2023\/01\/WhatsApp-Image-2023-01-22-at-2.59.32-PM-1024x682.jpeg\"},{\"@type\":\"BreadcrumbList\",\"@id\":\"https:\/\/luchonoticias.com\/editor\/petro-anuncia-nueve-medidas-para-superar-la-crisis-del-suroccidente-del-pais-generada-por-interrupcion-vial\/#breadcrumb\",\"itemListElement\":[{\"@type\":\"ListItem\",\"position\":1,\"name\":\"Portada\",\"item\":\"https:\/\/luchonoticias.com\/editor\/\"},{\"@type\":\"ListItem\",\"position\":2,\"name\":\"Petro anuncia nueve medidas para superar la crisis del suroccidente del pa\u00eds generada por interrupci\u00f3n vial\"}]},{\"@type\":\"WebSite\",\"@id\":\"https:\/\/luchonoticias.com\/editor\/#website\",\"url\":\"https:\/\/luchonoticias.com\/editor\/\",\"name\":\"\",\"description\":\"\",\"publisher\":{\"@id\":\"https:\/\/luchonoticias.com\/editor\/#\/schema\/person\/7a7fd911f58561fd056dbac7b55af9cd\"},\"potentialAction\":[{\"@type\":\"SearchAction\",\"target\":{\"@type\":\"EntryPoint\",\"urlTemplate\":\"https:\/\/luchonoticias.com\/editor\/?s={search_term_string}\"},\"query-input\":{\"@type\":\"PropertyValueSpecification\",\"valueRequired\":true,\"valueName\":\"search_term_string\"}}],\"inLanguage\":\"es\"},{\"@type\":[\"Person\",\"Organization\"],\"@id\":\"https:\/\/luchonoticias.com\/editor\/#\/schema\/person\/7a7fd911f58561fd056dbac7b55af9cd\",\"name\":\"admin\",\"image\":{\"@type\":\"ImageObject\",\"inLanguage\":\"es\",\"@id\":\"https:\/\/luchonoticias.com\/editor\/#\/schema\/person\/image\/\",\"url\":\"https:\/\/luchonoticias.com\/editor\/wp-content\/uploads\/2024\/02\/cropped-cropped-logolu.webp\",\"contentUrl\":\"https:\/\/luchonoticias.com\/editor\/wp-content\/uploads\/2024\/02\/cropped-cropped-logolu.webp\",\"width\":382,\"height\":170,\"caption\":\"admin\"},\"logo\":{\"@id\":\"https:\/\/luchonoticias.com\/editor\/#\/schema\/person\/image\/\"},\"sameAs\":[\"https:\/\/www.facebook.com\/luchonoticiasneiva\"]},{\"@type\":\"Person\",\"@id\":\"https:\/\/luchonoticias.com\/editor\/#\/schema\/person\/29217990ddf6f14e35912b2866d591fb\",\"name\":\"Editor General\",\"image\":{\"@type\":\"ImageObject\",\"inLanguage\":\"es\",\"@id\":\"https:\/\/luchonoticias.com\/editor\/#\/schema\/person\/image\/\",\"url\":\"https:\/\/luchonoticias.com\/editor\/wp-content\/uploads\/2024\/02\/cropped-cropped-logolu-150x150.webp\",\"contentUrl\":\"https:\/\/luchonoticias.com\/editor\/wp-content\/uploads\/2024\/02\/cropped-cropped-logolu-150x150.webp\",\"caption\":\"Editor General\"},\"sameAs\":[\"https:\/\/luchonoticias.com\/\"],\"url\":\"https:\/\/luchonoticias.com\/editor\/author\/editor-general\/\"}]}<\/script>\n<!-- \/ Yoast SEO plugin. -->","yoast_head_json":{"title":"Petro anuncia nueve medidas para superar la crisis del suroccidente del pa\u00eds generada por interrupci\u00f3n vial -","robots":{"index":"index","follow":"follow","max-snippet":"max-snippet:-1","max-image-preview":"max-image-preview:large","max-video-preview":"max-video-preview:-1"},"canonical":"https:\/\/luchonoticias.com\/editor\/petro-anuncia-nueve-medidas-para-superar-la-crisis-del-suroccidente-del-pais-generada-por-interrupcion-vial\/","og_locale":"es_ES","og_type":"article","og_title":"Petro anuncia nueve medidas para superar la crisis del suroccidente del pa\u00eds generada por interrupci\u00f3n vial -","og_url":"https:\/\/luchonoticias.com\/editor\/petro-anuncia-nueve-medidas-para-superar-la-crisis-del-suroccidente-del-pais-generada-por-interrupcion-vial\/","article_publisher":"https:\/\/www.facebook.com\/luchonoticiasneiva","article_published_time":"2023-01-23T11:39:58+00:00","article_modified_time":"2023-01-23T11:39:59+00:00","og_image":[{"url":"https:\/\/luchonoticias.com\/wp-content\/uploads\/2023\/01\/WhatsApp-Image-2023-01-22-at-2.59.32-PM-1024x682.jpeg","type":"","width":"","height":""}],"author":"Editor General","twitter_card":"summary_large_image","twitter_misc":{"Escrito por":"Editor General","Tiempo de lectura":"5 minutos"},"schema":{"@context":"https:\/\/schema.org","@graph":[{"@type":"Article","@id":"https:\/\/luchonoticias.com\/editor\/petro-anuncia-nueve-medidas-para-superar-la-crisis-del-suroccidente-del-pais-generada-por-interrupcion-vial\/#article","isPartOf":{"@id":"https:\/\/luchonoticias.com\/editor\/petro-anuncia-nueve-medidas-para-superar-la-crisis-del-suroccidente-del-pais-generada-por-interrupcion-vial\/"},"author":{"name":"Editor General","@id":"https:\/\/luchonoticias.com\/editor\/#\/schema\/person\/29217990ddf6f14e35912b2866d591fb"},"headline":"Petro anuncia nueve medidas para superar la crisis del suroccidente del pa\u00eds generada por interrupci\u00f3n vial","datePublished":"2023-01-23T11:39:58+00:00","dateModified":"2023-01-23T11:39:59+00:00","mainEntityOfPage":{"@id":"https:\/\/luchonoticias.com\/editor\/petro-anuncia-nueve-medidas-para-superar-la-crisis-del-suroccidente-del-pais-generada-por-interrupcion-vial\/"},"wordCount":1048,"commentCount":0,"publisher":{"@id":"https:\/\/luchonoticias.com\/editor\/#\/schema\/person\/7a7fd911f58561fd056dbac7b55af9cd"},"image":{"@id":"https:\/\/luchonoticias.com\/editor\/petro-anuncia-nueve-medidas-para-superar-la-crisis-del-suroccidente-del-pais-generada-por-interrupcion-vial\/#primaryimage"},"thumbnailUrl":"https:\/\/luchonoticias.com\/wp-content\/uploads\/2023\/01\/WhatsApp-Image-2023-01-22-at-2.59.32-PM-1024x682.jpeg","articleSection":["Destacado","Nacional"],"inLanguage":"es","potentialAction":[{"@type":"CommentAction","name":"Comment","target":["https:\/\/luchonoticias.com\/editor\/petro-anuncia-nueve-medidas-para-superar-la-crisis-del-suroccidente-del-pais-generada-por-interrupcion-vial\/#respond"]}]},{"@type":"WebPage","@id":"https:\/\/luchonoticias.com\/editor\/petro-anuncia-nueve-medidas-para-superar-la-crisis-del-suroccidente-del-pais-generada-por-interrupcion-vial\/","url":"https:\/\/luchonoticias.com\/editor\/petro-anuncia-nueve-medidas-para-superar-la-crisis-del-suroccidente-del-pais-generada-por-interrupcion-vial\/","name":"Petro anuncia nueve medidas para superar la crisis del suroccidente del pa\u00eds generada por interrupci\u00f3n vial -","isPartOf":{"@id":"https:\/\/luchonoticias.com\/editor\/#website"},"primaryImageOfPage":{"@id":"https:\/\/luchonoticias.com\/editor\/petro-anuncia-nueve-medidas-para-superar-la-crisis-del-suroccidente-del-pais-generada-por-interrupcion-vial\/#primaryimage"},"image":{"@id":"https:\/\/luchonoticias.com\/editor\/petro-anuncia-nueve-medidas-para-superar-la-crisis-del-suroccidente-del-pais-generada-por-interrupcion-vial\/#primaryimage"},"thumbnailUrl":"https:\/\/luchonoticias.com\/wp-content\/uploads\/2023\/01\/WhatsApp-Image-2023-01-22-at-2.59.32-PM-1024x682.jpeg","datePublished":"2023-01-23T11:39:58+00:00","dateModified":"2023-01-23T11:39:59+00:00","breadcrumb":{"@id":"https:\/\/luchonoticias.com\/editor\/petro-anuncia-nueve-medidas-para-superar-la-crisis-del-suroccidente-del-pais-generada-por-interrupcion-vial\/#breadcrumb"},"inLanguage":"es","potentialAction":[{"@type":"ReadAction","target":["https:\/\/luchonoticias.com\/editor\/petro-anuncia-nueve-medidas-para-superar-la-crisis-del-suroccidente-del-pais-generada-por-interrupcion-vial\/"]}]},{"@type":"ImageObject","inLanguage":"es","@id":"https:\/\/luchonoticias.com\/editor\/petro-anuncia-nueve-medidas-para-superar-la-crisis-del-suroccidente-del-pais-generada-por-interrupcion-vial\/#primaryimage","url":"https:\/\/luchonoticias.com\/wp-content\/uploads\/2023\/01\/WhatsApp-Image-2023-01-22-at-2.59.32-PM-1024x682.jpeg","contentUrl":"https:\/\/luchonoticias.com\/wp-content\/uploads\/2023\/01\/WhatsApp-Image-2023-01-22-at-2.59.32-PM-1024x682.jpeg"},{"@type":"BreadcrumbList","@id":"https:\/\/luchonoticias.com\/editor\/petro-anuncia-nueve-medidas-para-superar-la-crisis-del-suroccidente-del-pais-generada-por-interrupcion-vial\/#breadcrumb","itemListElement":[{"@type":"ListItem","position":1,"name":"Portada","item":"https:\/\/luchonoticias.com\/editor\/"},{"@type":"ListItem","position":2,"name":"Petro anuncia nueve medidas para superar la crisis del suroccidente del pa\u00eds generada por interrupci\u00f3n vial"}]},{"@type":"WebSite","@id":"https:\/\/luchonoticias.com\/editor\/#website","url":"https:\/\/luchonoticias.com\/editor\/","name":"","description":"","publisher":{"@id":"https:\/\/luchonoticias.com\/editor\/#\/schema\/person\/7a7fd911f58561fd056dbac7b55af9cd"},"potentialAction":[{"@type":"SearchAction","target":{"@type":"EntryPoint","urlTemplate":"https:\/\/luchonoticias.com\/editor\/?s={search_term_string}"},"query-input":{"@type":"PropertyValueSpecification","valueRequired":true,"valueName":"search_term_string"}}],"inLanguage":"es"},{"@type":["Person","Organization"],"@id":"https:\/\/luchonoticias.com\/editor\/#\/schema\/person\/7a7fd911f58561fd056dbac7b55af9cd","name":"admin","image":{"@type":"ImageObject","inLanguage":"es","@id":"https:\/\/luchonoticias.com\/editor\/#\/schema\/person\/image\/","url":"https:\/\/luchonoticias.com\/editor\/wp-content\/uploads\/2024\/02\/cropped-cropped-logolu.webp","contentUrl":"https:\/\/luchonoticias.com\/editor\/wp-content\/uploads\/2024\/02\/cropped-cropped-logolu.webp","width":382,"height":170,"caption":"admin"},"logo":{"@id":"https:\/\/luchonoticias.com\/editor\/#\/schema\/person\/image\/"},"sameAs":["https:\/\/www.facebook.com\/luchonoticiasneiva"]},{"@type":"Person","@id":"https:\/\/luchonoticias.com\/editor\/#\/schema\/person\/29217990ddf6f14e35912b2866d591fb","name":"Editor General","image":{"@type":"ImageObject","inLanguage":"es","@id":"https:\/\/luchonoticias.com\/editor\/#\/schema\/person\/image\/","url":"https:\/\/luchonoticias.com\/editor\/wp-content\/uploads\/2024\/02\/cropped-cropped-logolu-150x150.webp","contentUrl":"https:\/\/luchonoticias.com\/editor\/wp-content\/uploads\/2024\/02\/cropped-cropped-logolu-150x150.webp","caption":"Editor General"},"sameAs":["https:\/\/luchonoticias.com\/"],"url":"https:\/\/luchonoticias.com\/editor\/author\/editor-general\/"}]}},"_links":{"self":[{"href":"https:\/\/luchonoticias.com\/editor\/wp-json\/wp\/v2\/posts\/44740","targetHints":{"allow":["GET"]}}],"collection":[{"href":"https:\/\/luchonoticias.com\/editor\/wp-json\/wp\/v2\/posts"}],"about":[{"href":"https:\/\/luchonoticias.com\/editor\/wp-json\/wp\/v2\/types\/post"}],"author":[{"embeddable":true,"href":"https:\/\/luchonoticias.com\/editor\/wp-json\/wp\/v2\/users\/2"}],"replies":[{"embeddable":true,"href":"https:\/\/luchonoticias.com\/editor\/wp-json\/wp\/v2\/comments?post=44740"}],"version-history":[{"count":0,"href":"https:\/\/luchonoticias.com\/editor\/wp-json\/wp\/v2\/posts\/44740\/revisions"}],"wp:attachment":[{"href":"https:\/\/luchonoticias.com\/editor\/wp-json\/wp\/v2\/media?parent=44740"}],"wp:term":[{"taxonomy":"category","embeddable":true,"href":"https:\/\/luchonoticias.com\/editor\/wp-json\/wp\/v2\/categories?post=44740"},{"taxonomy":"post_tag","embeddable":true,"href":"https:\/\/luchonoticias.com\/editor\/wp-json\/wp\/v2\/tags?post=44740"}],"curies":[{"name":"wp","href":"https:\/\/api.w.org\/{rel}","templated":true}]}}