{"id":44745,"date":"2023-01-23T06:51:16","date_gmt":"2023-01-23T11:51:16","guid":{"rendered":"https:\/\/luchonoticias.com\/?p=44745"},"modified":"2023-01-23T06:51:17","modified_gmt":"2023-01-23T11:51:17","slug":"duros-operativos-contra-la-delincuencia-en-el-huila-durante-el-fin-de-semana","status":"publish","type":"post","link":"https:\/\/luchonoticias.com\/editor\/duros-operativos-contra-la-delincuencia-en-el-huila-durante-el-fin-de-semana\/","title":{"rendered":"Duros operativos contra la delincuencia en el Huila durante el fin de semana"},"content":{"rendered":"\n<p>En los distintos planes de registro, control y solicitud de antecedentes que se desplegaron durante el presente fin de semana por el Departamento de Polic\u00eda Huila, se lograron importantes resultados en favor de la convivencia y seguridad ciudadana, que dejaron como resultado destacados la captura de 20 personas, de las cuales, 8 fueron por tr\u00e1fico de estupefacientes, 3 por porte ilegal de armas de fuego, 3 por receptaci\u00f3n, 3 por violencia intrafamiliar y 3 por otros delitos.<\/p>\n\n\n\n<p>Igualmente se logr\u00f3 la recuperaci\u00f3n de 8 motocicletas, la incautaci\u00f3n de 2 armas de fuego, 5 armas traum\u00e1ticas y 87 armas blancas entre navajas, cuchillos, pu\u00f1ales y machetes, los cuales eran portados en sitios abiertos al p\u00fablico representando un peligro para quienes frecuentan estos sitios.<\/p>\n\n\n\n<figure class=\"wp-block-gallery has-nested-images columns-default is-cropped wp-block-gallery-1 is-layout-flex wp-block-gallery-is-layout-flex\">\n<figure class=\"wp-block-image size-large\"><img decoding=\"async\" data-id=\"44748\" src=\"https:\/\/luchonoticias.com\/wp-content\/uploads\/2023\/01\/WhatsApp-Image-2023-01-22-at-5.28.54-PM-766x1024.jpeg\" alt=\"\" class=\"wp-image-44748\"\/><\/figure>\n\n\n\n<figure class=\"wp-block-image size-large\"><img decoding=\"async\" data-id=\"44749\" src=\"https:\/\/luchonoticias.com\/wp-content\/uploads\/2023\/01\/WhatsApp-Image-2023-01-22-at-5.28.52-PM-1024x1024.jpeg\" alt=\"\" class=\"wp-image-44749\"\/><\/figure>\n\n\n\n<figure class=\"wp-block-image size-large\"><img decoding=\"async\" data-id=\"44747\" src=\"https:\/\/luchonoticias.com\/wp-content\/uploads\/2023\/01\/WhatsApp-Image-2023-01-22-at-5.28.51-PM-1-1024x576.jpeg\" alt=\"\" class=\"wp-image-44747\"\/><\/figure>\n<\/figure>\n\n\n\n<p>En la lucha frontal que esta unidad policial viene adelantando contra el tr\u00e1fico local de estupefacientes, se logr\u00f3 la incautaci\u00f3n de 205 kilos de marihuana que pueden representar m\u00e1s de 212 mil dosis, 54 dosis de base de coca y sus derivados y 30 gramos de drogas sint\u00e9ticas.<\/p>\n\n\n\n<p>En lo que concierne a la aplicaci\u00f3n del C\u00f3digo de Convivencia y Seguridad Ciudadana se impusieron un total de 112 comparendos por comportamientos contrarios a la convivencia, teniendo como faltas m\u00e1s recurrentes los relacionados con la afectaci\u00f3n a la vida y la integridad, el porte de sustancias prohibidas en espacios p\u00fablicos y 4 suspensiones de la actividad econ\u00f3mica o cierres a establecimientos p\u00fablicos.<\/p>\n","protected":false},"excerpt":{"rendered":"<p>En los distintos planes de registro, control y solicitud de antecedentes que se desplegaron durante el presente fin de semana por el Departamento de Polic\u00eda Huila, se lograron importantes resultados en favor de la convivencia y seguridad ciudadana, que dejaron como resultado destacados la captura de 20 personas, de las cuales, 8 fueron por tr\u00e1fico [&hellip;]<\/p>\n","protected":false},"author":2,"featured_media":0,"comment_status":"open","ping_status":"open","sticky":false,"template":"","format":"standard","meta":{"footnotes":""},"categories":[36,29],"tags":[],"class_list":["post-44745","post","type-post","status-publish","format-standard","hentry","category-destacado","category-judicial"],"yoast_head":"<!-- This site is optimized with the Yoast SEO plugin v26.6 - https:\/\/yoast.com\/wordpress\/plugins\/seo\/ -->\n<title>Duros operativos contra la delincuencia en el Huila durante el fin de semana -<\/title>\n<meta name=\"robots\" content=\"index, follow, max-snippet:-1, max-image-preview:large, max-video-preview:-1\" \/>\n<link rel=\"canonical\" href=\"https:\/\/luchonoticias.com\/editor\/duros-operativos-contra-la-delincuencia-en-el-huila-durante-el-fin-de-semana\/\" \/>\n<meta property=\"og:locale\" content=\"es_ES\" \/>\n<meta property=\"og:type\" content=\"article\" \/>\n<meta property=\"og:title\" content=\"Duros operativos contra la delincuencia en el Huila durante el fin de semana -\" \/>\n<meta property=\"og:url\" content=\"https:\/\/luchonoticias.com\/editor\/duros-operativos-contra-la-delincuencia-en-el-huila-durante-el-fin-de-semana\/\" \/>\n<meta property=\"article:publisher\" content=\"https:\/\/www.facebook.com\/luchonoticiasneiva\" \/>\n<meta property=\"article:published_time\" content=\"2023-01-23T11:51:16+00:00\" \/>\n<meta property=\"article:modified_time\" content=\"2023-01-23T11:51:17+00:00\" \/>\n<meta property=\"og:image\" content=\"https:\/\/luchonoticias.com\/wp-content\/uploads\/2023\/01\/WhatsApp-Image-2023-01-22-at-5.28.54-PM-766x1024.jpeg\" \/>\n<meta name=\"author\" content=\"Editor General\" \/>\n<meta name=\"twitter:card\" content=\"summary_large_image\" \/>\n<meta name=\"twitter:label1\" content=\"Escrito por\" \/>\n\t<meta name=\"twitter:data1\" content=\"Editor General\" \/>\n\t<meta name=\"twitter:label2\" content=\"Tiempo de lectura\" \/>\n\t<meta name=\"twitter:data2\" content=\"1 minuto\" \/>\n<script type=\"application\/ld+json\" class=\"yoast-schema-graph\">{\"@context\":\"https:\/\/schema.org\",\"@graph\":[{\"@type\":\"Article\",\"@id\":\"https:\/\/luchonoticias.com\/editor\/duros-operativos-contra-la-delincuencia-en-el-huila-durante-el-fin-de-semana\/#article\",\"isPartOf\":{\"@id\":\"https:\/\/luchonoticias.com\/editor\/duros-operativos-contra-la-delincuencia-en-el-huila-durante-el-fin-de-semana\/\"},\"author\":{\"name\":\"Editor General\",\"@id\":\"https:\/\/luchonoticias.com\/editor\/#\/schema\/person\/29217990ddf6f14e35912b2866d591fb\"},\"headline\":\"Duros operativos contra la delincuencia en el Huila durante el fin de semana\",\"datePublished\":\"2023-01-23T11:51:16+00:00\",\"dateModified\":\"2023-01-23T11:51:17+00:00\",\"mainEntityOfPage\":{\"@id\":\"https:\/\/luchonoticias.com\/editor\/duros-operativos-contra-la-delincuencia-en-el-huila-durante-el-fin-de-semana\/\"},\"wordCount\":249,\"commentCount\":0,\"publisher\":{\"@id\":\"https:\/\/luchonoticias.com\/editor\/#\/schema\/person\/7a7fd911f58561fd056dbac7b55af9cd\"},\"image\":{\"@id\":\"https:\/\/luchonoticias.com\/editor\/duros-operativos-contra-la-delincuencia-en-el-huila-durante-el-fin-de-semana\/#primaryimage\"},\"thumbnailUrl\":\"https:\/\/luchonoticias.com\/wp-content\/uploads\/2023\/01\/WhatsApp-Image-2023-01-22-at-5.28.54-PM-766x1024.jpeg\",\"articleSection\":[\"Destacado\",\"Judicial\"],\"inLanguage\":\"es\",\"potentialAction\":[{\"@type\":\"CommentAction\",\"name\":\"Comment\",\"target\":[\"https:\/\/luchonoticias.com\/editor\/duros-operativos-contra-la-delincuencia-en-el-huila-durante-el-fin-de-semana\/#respond\"]}]},{\"@type\":\"WebPage\",\"@id\":\"https:\/\/luchonoticias.com\/editor\/duros-operativos-contra-la-delincuencia-en-el-huila-durante-el-fin-de-semana\/\",\"url\":\"https:\/\/luchonoticias.com\/editor\/duros-operativos-contra-la-delincuencia-en-el-huila-durante-el-fin-de-semana\/\",\"name\":\"Duros operativos contra la delincuencia en el Huila durante el fin de semana -\",\"isPartOf\":{\"@id\":\"https:\/\/luchonoticias.com\/editor\/#website\"},\"primaryImageOfPage\":{\"@id\":\"https:\/\/luchonoticias.com\/editor\/duros-operativos-contra-la-delincuencia-en-el-huila-durante-el-fin-de-semana\/#primaryimage\"},\"image\":{\"@id\":\"https:\/\/luchonoticias.com\/editor\/duros-operativos-contra-la-delincuencia-en-el-huila-durante-el-fin-de-semana\/#primaryimage\"},\"thumbnailUrl\":\"https:\/\/luchonoticias.com\/wp-content\/uploads\/2023\/01\/WhatsApp-Image-2023-01-22-at-5.28.54-PM-766x1024.jpeg\",\"datePublished\":\"2023-01-23T11:51:16+00:00\",\"dateModified\":\"2023-01-23T11:51:17+00:00\",\"breadcrumb\":{\"@id\":\"https:\/\/luchonoticias.com\/editor\/duros-operativos-contra-la-delincuencia-en-el-huila-durante-el-fin-de-semana\/#breadcrumb\"},\"inLanguage\":\"es\",\"potentialAction\":[{\"@type\":\"ReadAction\",\"target\":[\"https:\/\/luchonoticias.com\/editor\/duros-operativos-contra-la-delincuencia-en-el-huila-durante-el-fin-de-semana\/\"]}]},{\"@type\":\"ImageObject\",\"inLanguage\":\"es\",\"@id\":\"https:\/\/luchonoticias.com\/editor\/duros-operativos-contra-la-delincuencia-en-el-huila-durante-el-fin-de-semana\/#primaryimage\",\"url\":\"https:\/\/luchonoticias.com\/wp-content\/uploads\/2023\/01\/WhatsApp-Image-2023-01-22-at-5.28.54-PM-766x1024.jpeg\",\"contentUrl\":\"https:\/\/luchonoticias.com\/wp-content\/uploads\/2023\/01\/WhatsApp-Image-2023-01-22-at-5.28.54-PM-766x1024.jpeg\"},{\"@type\":\"BreadcrumbList\",\"@id\":\"https:\/\/luchonoticias.com\/editor\/duros-operativos-contra-la-delincuencia-en-el-huila-durante-el-fin-de-semana\/#breadcrumb\",\"itemListElement\":[{\"@type\":\"ListItem\",\"position\":1,\"name\":\"Portada\",\"item\":\"https:\/\/luchonoticias.com\/editor\/\"},{\"@type\":\"ListItem\",\"position\":2,\"name\":\"Duros operativos contra la delincuencia en el Huila durante el fin de semana\"}]},{\"@type\":\"WebSite\",\"@id\":\"https:\/\/luchonoticias.com\/editor\/#website\",\"url\":\"https:\/\/luchonoticias.com\/editor\/\",\"name\":\"\",\"description\":\"\",\"publisher\":{\"@id\":\"https:\/\/luchonoticias.com\/editor\/#\/schema\/person\/7a7fd911f58561fd056dbac7b55af9cd\"},\"potentialAction\":[{\"@type\":\"SearchAction\",\"target\":{\"@type\":\"EntryPoint\",\"urlTemplate\":\"https:\/\/luchonoticias.com\/editor\/?s={search_term_string}\"},\"query-input\":{\"@type\":\"PropertyValueSpecification\",\"valueRequired\":true,\"valueName\":\"search_term_string\"}}],\"inLanguage\":\"es\"},{\"@type\":[\"Person\",\"Organization\"],\"@id\":\"https:\/\/luchonoticias.com\/editor\/#\/schema\/person\/7a7fd911f58561fd056dbac7b55af9cd\",\"name\":\"admin\",\"image\":{\"@type\":\"ImageObject\",\"inLanguage\":\"es\",\"@id\":\"https:\/\/luchonoticias.com\/editor\/#\/schema\/person\/image\/\",\"url\":\"https:\/\/luchonoticias.com\/editor\/wp-content\/uploads\/2024\/02\/cropped-cropped-logolu.webp\",\"contentUrl\":\"https:\/\/luchonoticias.com\/editor\/wp-content\/uploads\/2024\/02\/cropped-cropped-logolu.webp\",\"width\":382,\"height\":170,\"caption\":\"admin\"},\"logo\":{\"@id\":\"https:\/\/luchonoticias.com\/editor\/#\/schema\/person\/image\/\"},\"sameAs\":[\"https:\/\/www.facebook.com\/luchonoticiasneiva\"]},{\"@type\":\"Person\",\"@id\":\"https:\/\/luchonoticias.com\/editor\/#\/schema\/person\/29217990ddf6f14e35912b2866d591fb\",\"name\":\"Editor General\",\"image\":{\"@type\":\"ImageObject\",\"inLanguage\":\"es\",\"@id\":\"https:\/\/luchonoticias.com\/editor\/#\/schema\/person\/image\/\",\"url\":\"https:\/\/luchonoticias.com\/editor\/wp-content\/uploads\/2024\/02\/cropped-cropped-logolu-150x150.webp\",\"contentUrl\":\"https:\/\/luchonoticias.com\/editor\/wp-content\/uploads\/2024\/02\/cropped-cropped-logolu-150x150.webp\",\"caption\":\"Editor General\"},\"sameAs\":[\"https:\/\/luchonoticias.com\/\"],\"url\":\"https:\/\/luchonoticias.com\/editor\/author\/editor-general\/\"}]}<\/script>\n<!-- \/ Yoast SEO plugin. -->","yoast_head_json":{"title":"Duros operativos contra la delincuencia en el Huila durante el fin de semana -","robots":{"index":"index","follow":"follow","max-snippet":"max-snippet:-1","max-image-preview":"max-image-preview:large","max-video-preview":"max-video-preview:-1"},"canonical":"https:\/\/luchonoticias.com\/editor\/duros-operativos-contra-la-delincuencia-en-el-huila-durante-el-fin-de-semana\/","og_locale":"es_ES","og_type":"article","og_title":"Duros operativos contra la delincuencia en el Huila durante el fin de semana -","og_url":"https:\/\/luchonoticias.com\/editor\/duros-operativos-contra-la-delincuencia-en-el-huila-durante-el-fin-de-semana\/","article_publisher":"https:\/\/www.facebook.com\/luchonoticiasneiva","article_published_time":"2023-01-23T11:51:16+00:00","article_modified_time":"2023-01-23T11:51:17+00:00","og_image":[{"url":"https:\/\/luchonoticias.com\/wp-content\/uploads\/2023\/01\/WhatsApp-Image-2023-01-22-at-5.28.54-PM-766x1024.jpeg","type":"","width":"","height":""}],"author":"Editor General","twitter_card":"summary_large_image","twitter_misc":{"Escrito por":"Editor General","Tiempo de lectura":"1 minuto"},"schema":{"@context":"https:\/\/schema.org","@graph":[{"@type":"Article","@id":"https:\/\/luchonoticias.com\/editor\/duros-operativos-contra-la-delincuencia-en-el-huila-durante-el-fin-de-semana\/#article","isPartOf":{"@id":"https:\/\/luchonoticias.com\/editor\/duros-operativos-contra-la-delincuencia-en-el-huila-durante-el-fin-de-semana\/"},"author":{"name":"Editor General","@id":"https:\/\/luchonoticias.com\/editor\/#\/schema\/person\/29217990ddf6f14e35912b2866d591fb"},"headline":"Duros operativos contra la delincuencia en el Huila durante el fin de semana","datePublished":"2023-01-23T11:51:16+00:00","dateModified":"2023-01-23T11:51:17+00:00","mainEntityOfPage":{"@id":"https:\/\/luchonoticias.com\/editor\/duros-operativos-contra-la-delincuencia-en-el-huila-durante-el-fin-de-semana\/"},"wordCount":249,"commentCount":0,"publisher":{"@id":"https:\/\/luchonoticias.com\/editor\/#\/schema\/person\/7a7fd911f58561fd056dbac7b55af9cd"},"image":{"@id":"https:\/\/luchonoticias.com\/editor\/duros-operativos-contra-la-delincuencia-en-el-huila-durante-el-fin-de-semana\/#primaryimage"},"thumbnailUrl":"https:\/\/luchonoticias.com\/wp-content\/uploads\/2023\/01\/WhatsApp-Image-2023-01-22-at-5.28.54-PM-766x1024.jpeg","articleSection":["Destacado","Judicial"],"inLanguage":"es","potentialAction":[{"@type":"CommentAction","name":"Comment","target":["https:\/\/luchonoticias.com\/editor\/duros-operativos-contra-la-delincuencia-en-el-huila-durante-el-fin-de-semana\/#respond"]}]},{"@type":"WebPage","@id":"https:\/\/luchonoticias.com\/editor\/duros-operativos-contra-la-delincuencia-en-el-huila-durante-el-fin-de-semana\/","url":"https:\/\/luchonoticias.com\/editor\/duros-operativos-contra-la-delincuencia-en-el-huila-durante-el-fin-de-semana\/","name":"Duros operativos contra la delincuencia en el Huila durante el fin de semana -","isPartOf":{"@id":"https:\/\/luchonoticias.com\/editor\/#website"},"primaryImageOfPage":{"@id":"https:\/\/luchonoticias.com\/editor\/duros-operativos-contra-la-delincuencia-en-el-huila-durante-el-fin-de-semana\/#primaryimage"},"image":{"@id":"https:\/\/luchonoticias.com\/editor\/duros-operativos-contra-la-delincuencia-en-el-huila-durante-el-fin-de-semana\/#primaryimage"},"thumbnailUrl":"https:\/\/luchonoticias.com\/wp-content\/uploads\/2023\/01\/WhatsApp-Image-2023-01-22-at-5.28.54-PM-766x1024.jpeg","datePublished":"2023-01-23T11:51:16+00:00","dateModified":"2023-01-23T11:51:17+00:00","breadcrumb":{"@id":"https:\/\/luchonoticias.com\/editor\/duros-operativos-contra-la-delincuencia-en-el-huila-durante-el-fin-de-semana\/#breadcrumb"},"inLanguage":"es","potentialAction":[{"@type":"ReadAction","target":["https:\/\/luchonoticias.com\/editor\/duros-operativos-contra-la-delincuencia-en-el-huila-durante-el-fin-de-semana\/"]}]},{"@type":"ImageObject","inLanguage":"es","@id":"https:\/\/luchonoticias.com\/editor\/duros-operativos-contra-la-delincuencia-en-el-huila-durante-el-fin-de-semana\/#primaryimage","url":"https:\/\/luchonoticias.com\/wp-content\/uploads\/2023\/01\/WhatsApp-Image-2023-01-22-at-5.28.54-PM-766x1024.jpeg","contentUrl":"https:\/\/luchonoticias.com\/wp-content\/uploads\/2023\/01\/WhatsApp-Image-2023-01-22-at-5.28.54-PM-766x1024.jpeg"},{"@type":"BreadcrumbList","@id":"https:\/\/luchonoticias.com\/editor\/duros-operativos-contra-la-delincuencia-en-el-huila-durante-el-fin-de-semana\/#breadcrumb","itemListElement":[{"@type":"ListItem","position":1,"name":"Portada","item":"https:\/\/luchonoticias.com\/editor\/"},{"@type":"ListItem","position":2,"name":"Duros operativos contra la delincuencia en el Huila durante el fin de semana"}]},{"@type":"WebSite","@id":"https:\/\/luchonoticias.com\/editor\/#website","url":"https:\/\/luchonoticias.com\/editor\/","name":"","description":"","publisher":{"@id":"https:\/\/luchonoticias.com\/editor\/#\/schema\/person\/7a7fd911f58561fd056dbac7b55af9cd"},"potentialAction":[{"@type":"SearchAction","target":{"@type":"EntryPoint","urlTemplate":"https:\/\/luchonoticias.com\/editor\/?s={search_term_string}"},"query-input":{"@type":"PropertyValueSpecification","valueRequired":true,"valueName":"search_term_string"}}],"inLanguage":"es"},{"@type":["Person","Organization"],"@id":"https:\/\/luchonoticias.com\/editor\/#\/schema\/person\/7a7fd911f58561fd056dbac7b55af9cd","name":"admin","image":{"@type":"ImageObject","inLanguage":"es","@id":"https:\/\/luchonoticias.com\/editor\/#\/schema\/person\/image\/","url":"https:\/\/luchonoticias.com\/editor\/wp-content\/uploads\/2024\/02\/cropped-cropped-logolu.webp","contentUrl":"https:\/\/luchonoticias.com\/editor\/wp-content\/uploads\/2024\/02\/cropped-cropped-logolu.webp","width":382,"height":170,"caption":"admin"},"logo":{"@id":"https:\/\/luchonoticias.com\/editor\/#\/schema\/person\/image\/"},"sameAs":["https:\/\/www.facebook.com\/luchonoticiasneiva"]},{"@type":"Person","@id":"https:\/\/luchonoticias.com\/editor\/#\/schema\/person\/29217990ddf6f14e35912b2866d591fb","name":"Editor General","image":{"@type":"ImageObject","inLanguage":"es","@id":"https:\/\/luchonoticias.com\/editor\/#\/schema\/person\/image\/","url":"https:\/\/luchonoticias.com\/editor\/wp-content\/uploads\/2024\/02\/cropped-cropped-logolu-150x150.webp","contentUrl":"https:\/\/luchonoticias.com\/editor\/wp-content\/uploads\/2024\/02\/cropped-cropped-logolu-150x150.webp","caption":"Editor General"},"sameAs":["https:\/\/luchonoticias.com\/"],"url":"https:\/\/luchonoticias.com\/editor\/author\/editor-general\/"}]}},"_links":{"self":[{"href":"https:\/\/luchonoticias.com\/editor\/wp-json\/wp\/v2\/posts\/44745","targetHints":{"allow":["GET"]}}],"collection":[{"href":"https:\/\/luchonoticias.com\/editor\/wp-json\/wp\/v2\/posts"}],"about":[{"href":"https:\/\/luchonoticias.com\/editor\/wp-json\/wp\/v2\/types\/post"}],"author":[{"embeddable":true,"href":"https:\/\/luchonoticias.com\/editor\/wp-json\/wp\/v2\/users\/2"}],"replies":[{"embeddable":true,"href":"https:\/\/luchonoticias.com\/editor\/wp-json\/wp\/v2\/comments?post=44745"}],"version-history":[{"count":0,"href":"https:\/\/luchonoticias.com\/editor\/wp-json\/wp\/v2\/posts\/44745\/revisions"}],"wp:attachment":[{"href":"https:\/\/luchonoticias.com\/editor\/wp-json\/wp\/v2\/media?parent=44745"}],"wp:term":[{"taxonomy":"category","embeddable":true,"href":"https:\/\/luchonoticias.com\/editor\/wp-json\/wp\/v2\/categories?post=44745"},{"taxonomy":"post_tag","embeddable":true,"href":"https:\/\/luchonoticias.com\/editor\/wp-json\/wp\/v2\/tags?post=44745"}],"curies":[{"name":"wp","href":"https:\/\/api.w.org\/{rel}","templated":true}]}}