{"id":44751,"date":"2023-01-23T06:53:21","date_gmt":"2023-01-23T11:53:21","guid":{"rendered":"https:\/\/luchonoticias.com\/?p=44751"},"modified":"2023-01-23T06:53:21","modified_gmt":"2023-01-23T11:53:21","slug":"en-neiva-sera-la-premiacion-al-deportista-del-ano-acord","status":"publish","type":"post","link":"https:\/\/luchonoticias.com\/editor\/en-neiva-sera-la-premiacion-al-deportista-del-ano-acord\/","title":{"rendered":"En Neiva ser\u00e1 la premiaci\u00f3n al Deportista del A\u00f1o ACORD"},"content":{"rendered":"\n<p>Este a\u00f1o la edici\u00f3n n\u00famero 63 del Deportista del A\u00f1o tendr\u00e1 el apoyo oficial de la Alcald\u00eda de Neiva a trav\u00e9s de la Oficina de Internacionalizaci\u00f3n y Proyectos.<\/p>\n\n\n\n<p>El evento de talla nacional se celebrar\u00e1 el 31 de enero en la capital opita como un homenaje a quienes dedican su vida al deporte.<\/p>\n\n\n\n<p>\u201cLa Asociaci\u00f3n Colombiana de Periodistas Deportivos premia cada a\u00f1o a los mejores deportistas, a los mejores entrenadores en diferentes categor\u00edas y que bueno que Neiva siga siendo escenario de estos importantes eventos nacionales\u201d, as\u00ed lo dio a conocer el jefe de la Oficina de Internacionalizaci\u00f3n y Proyectos, Rafael S\u00e1nchez.<\/p>\n\n\n\n<p><strong>Escenario<\/strong><\/p>\n\n\n\n<p>El funcionario revel\u00f3 que el evento tendr\u00e1 lugar este 31 de enero a partir de las 6:30 p.m. sobre el Malec\u00f3n del r\u00edo Magdalena, m\u00e1s exactamente en el Monumento La Gaitana.<\/p>\n\n\n\n<p>\u201cEs un evento que tendr\u00e1 la presencia de la ministra de deportes, Mar\u00eda Isabel Urrutia, 20 delegaciones nacionales de todas las regiones del pa\u00eds, tendremos la premiaci\u00f3n de m\u00e1s de 20 deportistas en diferentes categor\u00edas\u201d, sostuvo el funcionario.<\/p>\n\n\n\n<p><strong>Neiva, ciudad de eventos<\/strong><\/p>\n\n\n\n<p>Indic\u00f3 Rafael S\u00e1nchez que, con estos eventos se busca dinamizar la econom\u00eda y sobre todo, permite promocionar la marca ciudad \u2018Neiva, Vida y Paz\u2019 a nivel nacional.<\/p>\n\n\n\n<p>&nbsp;\u201cTendremos un reto con el alcalde Gorky Mu\u00f1oz Calder\u00f3n, con ACORD Colombia, con Faiver Hoyos, y es que este evento permita promocionar lo que somos como ciudad, que sigamos siendo visitados por adelantar otros eventos de alto impacto en el pa\u00eds\u201d, sostuvo el funcionario.<\/p>\n\n\n\n<p>Por su parte, Faiver Hoyos Hern\u00e1ndez, presidente de la Asociaci\u00f3n Colombia de Periodistas Deportivos-ACORD, detall\u00f3 que el deporte colombiano tendr\u00e1 la mejor gala para elegir a los mejores deportistas tanto del sistema ol\u00edmpico como paral\u00edmpico.<\/p>\n\n\n\n<p>\u201cEl evento en Neiva no solo trae una gala, sino que trae una capacitaci\u00f3n en temas como legislaci\u00f3n deportiva, el futuro del periodismo deportivo en Colombia, hacia d\u00f3nde van las grandes tendencias en materia de redes, tendremos tambi\u00e9n un contexto importante del deporte colombiano en medio de la marca \u2018Neiva, Vida y Paz\u2019\u201d, puntualiz\u00f3 el presidente de ACORD.<\/p>\n","protected":false},"excerpt":{"rendered":"<p>Este a\u00f1o la edici\u00f3n n\u00famero 63 del Deportista del A\u00f1o tendr\u00e1 el apoyo oficial de la Alcald\u00eda de Neiva a trav\u00e9s de la Oficina de Internacionalizaci\u00f3n y Proyectos. El evento de talla nacional se celebrar\u00e1 el 31 de enero en la capital opita como un homenaje a quienes dedican su vida al deporte. \u201cLa Asociaci\u00f3n [&hellip;]<\/p>\n","protected":false},"author":2,"featured_media":0,"comment_status":"open","ping_status":"open","sticky":false,"template":"","format":"standard","meta":{"footnotes":""},"categories":[36,31],"tags":[],"class_list":["post-44751","post","type-post","status-publish","format-standard","hentry","category-destacado","category-local"],"yoast_head":"<!-- This site is optimized with the Yoast SEO plugin v26.6 - https:\/\/yoast.com\/wordpress\/plugins\/seo\/ -->\n<title>En Neiva ser\u00e1 la premiaci\u00f3n al Deportista del A\u00f1o ACORD -<\/title>\n<meta name=\"robots\" content=\"index, follow, max-snippet:-1, max-image-preview:large, max-video-preview:-1\" \/>\n<link rel=\"canonical\" href=\"https:\/\/luchonoticias.com\/editor\/en-neiva-sera-la-premiacion-al-deportista-del-ano-acord\/\" \/>\n<meta property=\"og:locale\" content=\"es_ES\" \/>\n<meta property=\"og:type\" content=\"article\" \/>\n<meta property=\"og:title\" content=\"En Neiva ser\u00e1 la premiaci\u00f3n al Deportista del A\u00f1o ACORD -\" \/>\n<meta property=\"og:url\" content=\"https:\/\/luchonoticias.com\/editor\/en-neiva-sera-la-premiacion-al-deportista-del-ano-acord\/\" \/>\n<meta property=\"article:publisher\" content=\"https:\/\/www.facebook.com\/luchonoticiasneiva\" \/>\n<meta property=\"article:published_time\" content=\"2023-01-23T11:53:21+00:00\" \/>\n<meta name=\"author\" content=\"Editor General\" \/>\n<meta name=\"twitter:card\" content=\"summary_large_image\" \/>\n<meta name=\"twitter:label1\" content=\"Escrito por\" \/>\n\t<meta name=\"twitter:data1\" content=\"Editor General\" \/>\n\t<meta name=\"twitter:label2\" content=\"Tiempo de lectura\" \/>\n\t<meta name=\"twitter:data2\" content=\"2 minutos\" \/>\n<script type=\"application\/ld+json\" class=\"yoast-schema-graph\">{\"@context\":\"https:\/\/schema.org\",\"@graph\":[{\"@type\":\"Article\",\"@id\":\"https:\/\/luchonoticias.com\/editor\/en-neiva-sera-la-premiacion-al-deportista-del-ano-acord\/#article\",\"isPartOf\":{\"@id\":\"https:\/\/luchonoticias.com\/editor\/en-neiva-sera-la-premiacion-al-deportista-del-ano-acord\/\"},\"author\":{\"name\":\"Editor General\",\"@id\":\"https:\/\/luchonoticias.com\/editor\/#\/schema\/person\/29217990ddf6f14e35912b2866d591fb\"},\"headline\":\"En Neiva ser\u00e1 la premiaci\u00f3n al Deportista del A\u00f1o ACORD\",\"datePublished\":\"2023-01-23T11:53:21+00:00\",\"mainEntityOfPage\":{\"@id\":\"https:\/\/luchonoticias.com\/editor\/en-neiva-sera-la-premiacion-al-deportista-del-ano-acord\/\"},\"wordCount\":381,\"commentCount\":0,\"publisher\":{\"@id\":\"https:\/\/luchonoticias.com\/editor\/#\/schema\/person\/7a7fd911f58561fd056dbac7b55af9cd\"},\"articleSection\":[\"Destacado\",\"Local\"],\"inLanguage\":\"es\",\"potentialAction\":[{\"@type\":\"CommentAction\",\"name\":\"Comment\",\"target\":[\"https:\/\/luchonoticias.com\/editor\/en-neiva-sera-la-premiacion-al-deportista-del-ano-acord\/#respond\"]}]},{\"@type\":\"WebPage\",\"@id\":\"https:\/\/luchonoticias.com\/editor\/en-neiva-sera-la-premiacion-al-deportista-del-ano-acord\/\",\"url\":\"https:\/\/luchonoticias.com\/editor\/en-neiva-sera-la-premiacion-al-deportista-del-ano-acord\/\",\"name\":\"En Neiva ser\u00e1 la premiaci\u00f3n al Deportista del A\u00f1o ACORD -\",\"isPartOf\":{\"@id\":\"https:\/\/luchonoticias.com\/editor\/#website\"},\"datePublished\":\"2023-01-23T11:53:21+00:00\",\"breadcrumb\":{\"@id\":\"https:\/\/luchonoticias.com\/editor\/en-neiva-sera-la-premiacion-al-deportista-del-ano-acord\/#breadcrumb\"},\"inLanguage\":\"es\",\"potentialAction\":[{\"@type\":\"ReadAction\",\"target\":[\"https:\/\/luchonoticias.com\/editor\/en-neiva-sera-la-premiacion-al-deportista-del-ano-acord\/\"]}]},{\"@type\":\"BreadcrumbList\",\"@id\":\"https:\/\/luchonoticias.com\/editor\/en-neiva-sera-la-premiacion-al-deportista-del-ano-acord\/#breadcrumb\",\"itemListElement\":[{\"@type\":\"ListItem\",\"position\":1,\"name\":\"Portada\",\"item\":\"https:\/\/luchonoticias.com\/editor\/\"},{\"@type\":\"ListItem\",\"position\":2,\"name\":\"En Neiva ser\u00e1 la premiaci\u00f3n al Deportista del A\u00f1o ACORD\"}]},{\"@type\":\"WebSite\",\"@id\":\"https:\/\/luchonoticias.com\/editor\/#website\",\"url\":\"https:\/\/luchonoticias.com\/editor\/\",\"name\":\"\",\"description\":\"\",\"publisher\":{\"@id\":\"https:\/\/luchonoticias.com\/editor\/#\/schema\/person\/7a7fd911f58561fd056dbac7b55af9cd\"},\"potentialAction\":[{\"@type\":\"SearchAction\",\"target\":{\"@type\":\"EntryPoint\",\"urlTemplate\":\"https:\/\/luchonoticias.com\/editor\/?s={search_term_string}\"},\"query-input\":{\"@type\":\"PropertyValueSpecification\",\"valueRequired\":true,\"valueName\":\"search_term_string\"}}],\"inLanguage\":\"es\"},{\"@type\":[\"Person\",\"Organization\"],\"@id\":\"https:\/\/luchonoticias.com\/editor\/#\/schema\/person\/7a7fd911f58561fd056dbac7b55af9cd\",\"name\":\"admin\",\"image\":{\"@type\":\"ImageObject\",\"inLanguage\":\"es\",\"@id\":\"https:\/\/luchonoticias.com\/editor\/#\/schema\/person\/image\/\",\"url\":\"https:\/\/luchonoticias.com\/editor\/wp-content\/uploads\/2024\/02\/cropped-cropped-logolu.webp\",\"contentUrl\":\"https:\/\/luchonoticias.com\/editor\/wp-content\/uploads\/2024\/02\/cropped-cropped-logolu.webp\",\"width\":382,\"height\":170,\"caption\":\"admin\"},\"logo\":{\"@id\":\"https:\/\/luchonoticias.com\/editor\/#\/schema\/person\/image\/\"},\"sameAs\":[\"https:\/\/www.facebook.com\/luchonoticiasneiva\"]},{\"@type\":\"Person\",\"@id\":\"https:\/\/luchonoticias.com\/editor\/#\/schema\/person\/29217990ddf6f14e35912b2866d591fb\",\"name\":\"Editor General\",\"image\":{\"@type\":\"ImageObject\",\"inLanguage\":\"es\",\"@id\":\"https:\/\/luchonoticias.com\/editor\/#\/schema\/person\/image\/\",\"url\":\"https:\/\/luchonoticias.com\/editor\/wp-content\/uploads\/2024\/02\/cropped-cropped-logolu-150x150.webp\",\"contentUrl\":\"https:\/\/luchonoticias.com\/editor\/wp-content\/uploads\/2024\/02\/cropped-cropped-logolu-150x150.webp\",\"caption\":\"Editor General\"},\"sameAs\":[\"https:\/\/luchonoticias.com\/\"],\"url\":\"https:\/\/luchonoticias.com\/editor\/author\/editor-general\/\"}]}<\/script>\n<!-- \/ Yoast SEO plugin. -->","yoast_head_json":{"title":"En Neiva ser\u00e1 la premiaci\u00f3n al Deportista del A\u00f1o ACORD -","robots":{"index":"index","follow":"follow","max-snippet":"max-snippet:-1","max-image-preview":"max-image-preview:large","max-video-preview":"max-video-preview:-1"},"canonical":"https:\/\/luchonoticias.com\/editor\/en-neiva-sera-la-premiacion-al-deportista-del-ano-acord\/","og_locale":"es_ES","og_type":"article","og_title":"En Neiva ser\u00e1 la premiaci\u00f3n al Deportista del A\u00f1o ACORD -","og_url":"https:\/\/luchonoticias.com\/editor\/en-neiva-sera-la-premiacion-al-deportista-del-ano-acord\/","article_publisher":"https:\/\/www.facebook.com\/luchonoticiasneiva","article_published_time":"2023-01-23T11:53:21+00:00","author":"Editor General","twitter_card":"summary_large_image","twitter_misc":{"Escrito por":"Editor General","Tiempo de lectura":"2 minutos"},"schema":{"@context":"https:\/\/schema.org","@graph":[{"@type":"Article","@id":"https:\/\/luchonoticias.com\/editor\/en-neiva-sera-la-premiacion-al-deportista-del-ano-acord\/#article","isPartOf":{"@id":"https:\/\/luchonoticias.com\/editor\/en-neiva-sera-la-premiacion-al-deportista-del-ano-acord\/"},"author":{"name":"Editor General","@id":"https:\/\/luchonoticias.com\/editor\/#\/schema\/person\/29217990ddf6f14e35912b2866d591fb"},"headline":"En Neiva ser\u00e1 la premiaci\u00f3n al Deportista del A\u00f1o ACORD","datePublished":"2023-01-23T11:53:21+00:00","mainEntityOfPage":{"@id":"https:\/\/luchonoticias.com\/editor\/en-neiva-sera-la-premiacion-al-deportista-del-ano-acord\/"},"wordCount":381,"commentCount":0,"publisher":{"@id":"https:\/\/luchonoticias.com\/editor\/#\/schema\/person\/7a7fd911f58561fd056dbac7b55af9cd"},"articleSection":["Destacado","Local"],"inLanguage":"es","potentialAction":[{"@type":"CommentAction","name":"Comment","target":["https:\/\/luchonoticias.com\/editor\/en-neiva-sera-la-premiacion-al-deportista-del-ano-acord\/#respond"]}]},{"@type":"WebPage","@id":"https:\/\/luchonoticias.com\/editor\/en-neiva-sera-la-premiacion-al-deportista-del-ano-acord\/","url":"https:\/\/luchonoticias.com\/editor\/en-neiva-sera-la-premiacion-al-deportista-del-ano-acord\/","name":"En Neiva ser\u00e1 la premiaci\u00f3n al Deportista del A\u00f1o ACORD -","isPartOf":{"@id":"https:\/\/luchonoticias.com\/editor\/#website"},"datePublished":"2023-01-23T11:53:21+00:00","breadcrumb":{"@id":"https:\/\/luchonoticias.com\/editor\/en-neiva-sera-la-premiacion-al-deportista-del-ano-acord\/#breadcrumb"},"inLanguage":"es","potentialAction":[{"@type":"ReadAction","target":["https:\/\/luchonoticias.com\/editor\/en-neiva-sera-la-premiacion-al-deportista-del-ano-acord\/"]}]},{"@type":"BreadcrumbList","@id":"https:\/\/luchonoticias.com\/editor\/en-neiva-sera-la-premiacion-al-deportista-del-ano-acord\/#breadcrumb","itemListElement":[{"@type":"ListItem","position":1,"name":"Portada","item":"https:\/\/luchonoticias.com\/editor\/"},{"@type":"ListItem","position":2,"name":"En Neiva ser\u00e1 la premiaci\u00f3n al Deportista del A\u00f1o ACORD"}]},{"@type":"WebSite","@id":"https:\/\/luchonoticias.com\/editor\/#website","url":"https:\/\/luchonoticias.com\/editor\/","name":"","description":"","publisher":{"@id":"https:\/\/luchonoticias.com\/editor\/#\/schema\/person\/7a7fd911f58561fd056dbac7b55af9cd"},"potentialAction":[{"@type":"SearchAction","target":{"@type":"EntryPoint","urlTemplate":"https:\/\/luchonoticias.com\/editor\/?s={search_term_string}"},"query-input":{"@type":"PropertyValueSpecification","valueRequired":true,"valueName":"search_term_string"}}],"inLanguage":"es"},{"@type":["Person","Organization"],"@id":"https:\/\/luchonoticias.com\/editor\/#\/schema\/person\/7a7fd911f58561fd056dbac7b55af9cd","name":"admin","image":{"@type":"ImageObject","inLanguage":"es","@id":"https:\/\/luchonoticias.com\/editor\/#\/schema\/person\/image\/","url":"https:\/\/luchonoticias.com\/editor\/wp-content\/uploads\/2024\/02\/cropped-cropped-logolu.webp","contentUrl":"https:\/\/luchonoticias.com\/editor\/wp-content\/uploads\/2024\/02\/cropped-cropped-logolu.webp","width":382,"height":170,"caption":"admin"},"logo":{"@id":"https:\/\/luchonoticias.com\/editor\/#\/schema\/person\/image\/"},"sameAs":["https:\/\/www.facebook.com\/luchonoticiasneiva"]},{"@type":"Person","@id":"https:\/\/luchonoticias.com\/editor\/#\/schema\/person\/29217990ddf6f14e35912b2866d591fb","name":"Editor General","image":{"@type":"ImageObject","inLanguage":"es","@id":"https:\/\/luchonoticias.com\/editor\/#\/schema\/person\/image\/","url":"https:\/\/luchonoticias.com\/editor\/wp-content\/uploads\/2024\/02\/cropped-cropped-logolu-150x150.webp","contentUrl":"https:\/\/luchonoticias.com\/editor\/wp-content\/uploads\/2024\/02\/cropped-cropped-logolu-150x150.webp","caption":"Editor General"},"sameAs":["https:\/\/luchonoticias.com\/"],"url":"https:\/\/luchonoticias.com\/editor\/author\/editor-general\/"}]}},"_links":{"self":[{"href":"https:\/\/luchonoticias.com\/editor\/wp-json\/wp\/v2\/posts\/44751","targetHints":{"allow":["GET"]}}],"collection":[{"href":"https:\/\/luchonoticias.com\/editor\/wp-json\/wp\/v2\/posts"}],"about":[{"href":"https:\/\/luchonoticias.com\/editor\/wp-json\/wp\/v2\/types\/post"}],"author":[{"embeddable":true,"href":"https:\/\/luchonoticias.com\/editor\/wp-json\/wp\/v2\/users\/2"}],"replies":[{"embeddable":true,"href":"https:\/\/luchonoticias.com\/editor\/wp-json\/wp\/v2\/comments?post=44751"}],"version-history":[{"count":0,"href":"https:\/\/luchonoticias.com\/editor\/wp-json\/wp\/v2\/posts\/44751\/revisions"}],"wp:attachment":[{"href":"https:\/\/luchonoticias.com\/editor\/wp-json\/wp\/v2\/media?parent=44751"}],"wp:term":[{"taxonomy":"category","embeddable":true,"href":"https:\/\/luchonoticias.com\/editor\/wp-json\/wp\/v2\/categories?post=44751"},{"taxonomy":"post_tag","embeddable":true,"href":"https:\/\/luchonoticias.com\/editor\/wp-json\/wp\/v2\/tags?post=44751"}],"curies":[{"name":"wp","href":"https:\/\/api.w.org\/{rel}","templated":true}]}}