{"id":44754,"date":"2023-01-23T07:05:56","date_gmt":"2023-01-23T12:05:56","guid":{"rendered":"https:\/\/luchonoticias.com\/?p=44754"},"modified":"2023-01-23T07:05:57","modified_gmt":"2023-01-23T12:05:57","slug":"a-la-carcel-por-su-participacion-en-la-planeacion-financiacion-y-logistica-del-homicidio-del-fiscal-de-paraguay","status":"publish","type":"post","link":"https:\/\/luchonoticias.com\/editor\/a-la-carcel-por-su-participacion-en-la-planeacion-financiacion-y-logistica-del-homicidio-del-fiscal-de-paraguay\/","title":{"rendered":"A la c\u00e1rcel por su participaci\u00f3n en la planeaci\u00f3n, financiaci\u00f3n y log\u00edstica del homicidio del fiscal de Paraguay"},"content":{"rendered":"\n<p>La Fiscal\u00eda General de la Naci\u00f3n present\u00f3 ante un juez de control de garant\u00edas a Margareth Lizeth Chac\u00f3n Z\u00fa\u00f1iga, por su posible participaci\u00f3n en el homicidio del fiscal de Paraguay Marcelo Daniel Pecci Albertini, ocurrido el 10 de mayo de 2022, en la playa privada de un hotel ubicado en Isla Bar\u00fa, en Cartagena del Bol\u00edvar.<\/p>\n\n\n\n<p>\u201cEsta persona se habr\u00eda concertado con su esposo y cu\u00f1ado, Andr\u00e9s Felipe y Ram\u00f3n Emilio P\u00e9rez Hoyos, respectivamente, para planear y definir aspectos determinantes en la log\u00edstica y financiaci\u00f3n del crimen\u201d, indicaron los entes acusatorios.<\/p>\n\n\n\n<p><strong>Material de prueba y evidencia<\/strong><\/p>\n\n\n\n<p>En lo revelado por la Fiscal\u00eda, se logr\u00f3 establecer que durante la investigaci\u00f3n realizada, obtuvieron abundante material de prueba y evidencia t\u00e9cnica, que dan cuenta de que Chac\u00f3n Z\u00fa\u00f1iga, al parecer, dispuso de una camioneta de su propiedad para asistir a varias reuniones en Medell\u00edn y Cartagena, en las que se ultimaron detalles para ejecutar el asesinato.<\/p>\n\n\n\n<p>\u201cDe igual manera, se estableci\u00f3 que el veh\u00edculo tambi\u00e9n habr\u00eda sido usado como \u2018caja fuerte\u2019 para trasladar de una ciudad a otra el arma de fuego utilizada para perpetrar el homicidio y el dinero para cubrir los gastos del todo el entramado criminal. La investigaci\u00f3n permiti\u00f3 conocer que el 8 de mayo de 2022, en un encuentro que se realiz\u00f3 en un restaurante de Cartagena, esta mujer presuntamente insisti\u00f3 para que el asesinato se ejecutara, y explic\u00f3 que ten\u00edan que actuar r\u00e1pido porque el plan vacacional del fiscal Pecci y de su esposa estaba pr\u00f3ximo a terminar. Estas manifestaciones las habr\u00eda hecho frente a los hermanos P\u00e9rez Hoyos y a Francisco Luis Correa Galeano, el se\u00f1alado articulador de los autores materiales, actualmente privado de la libertad y acusado\u201d, revelaron.<\/p>\n\n\n\n<figure class=\"wp-block-video\"><video controls src=\"https:\/\/luchonoticias.com\/wp-content\/uploads\/2023\/01\/WhatsApp-Video-2023-01-22-at-8.52.30-PM-1.mp4\"><\/video><figcaption class=\"wp-element-caption\">Momentos de la captura de la implicada.<\/figcaption><\/figure>\n\n\n\n<p>En ese sentido, un fiscal delegado ante tribunal, con asignaci\u00f3n especial para el caso del fiscal Pecci, imput\u00f3 a Margareth Lizeth Chac\u00f3n Z\u00fa\u00f1iga los delitos de homicidio agravado; y fabricaci\u00f3n, tr\u00e1fico, porte o tenencia de armas de fuego, accesorios, partes o municiones. La procesada no acept\u00f3 los cargos y deber\u00e1 cumplir medida de aseguramiento privativa de la libertad en centro carcelario.<\/p>\n\n\n\n<p>El pasado 16 de enero, la Fiscal\u00eda judicializ\u00f3 a Andr\u00e9s Felipe y Ram\u00f3n Emilio P\u00e9rez Hoyos, quienes aceptaron su participaci\u00f3n en este evento delictivo.<\/p>\n","protected":false},"excerpt":{"rendered":"<p>La Fiscal\u00eda General de la Naci\u00f3n present\u00f3 ante un juez de control de garant\u00edas a Margareth Lizeth Chac\u00f3n Z\u00fa\u00f1iga, por su posible participaci\u00f3n en el homicidio del fiscal de Paraguay Marcelo Daniel Pecci Albertini, ocurrido el 10 de mayo de 2022, en la playa privada de un hotel ubicado en Isla Bar\u00fa, en Cartagena del [&hellip;]<\/p>\n","protected":false},"author":2,"featured_media":0,"comment_status":"open","ping_status":"open","sticky":false,"template":"","format":"standard","meta":{"footnotes":""},"categories":[28,36],"tags":[],"class_list":["post-44754","post","type-post","status-publish","format-standard","hentry","category-actualidad","category-destacado"],"yoast_head":"<!-- This site is optimized with the Yoast SEO plugin v26.6 - https:\/\/yoast.com\/wordpress\/plugins\/seo\/ -->\n<title>A la c\u00e1rcel por su participaci\u00f3n en la planeaci\u00f3n, financiaci\u00f3n y log\u00edstica del homicidio del fiscal de Paraguay -<\/title>\n<meta name=\"robots\" content=\"index, follow, max-snippet:-1, max-image-preview:large, max-video-preview:-1\" \/>\n<link rel=\"canonical\" href=\"https:\/\/luchonoticias.com\/editor\/a-la-carcel-por-su-participacion-en-la-planeacion-financiacion-y-logistica-del-homicidio-del-fiscal-de-paraguay\/\" \/>\n<meta property=\"og:locale\" content=\"es_ES\" \/>\n<meta property=\"og:type\" content=\"article\" \/>\n<meta property=\"og:title\" content=\"A la c\u00e1rcel por su participaci\u00f3n en la planeaci\u00f3n, financiaci\u00f3n y log\u00edstica del homicidio del fiscal de Paraguay -\" \/>\n<meta property=\"og:url\" content=\"https:\/\/luchonoticias.com\/editor\/a-la-carcel-por-su-participacion-en-la-planeacion-financiacion-y-logistica-del-homicidio-del-fiscal-de-paraguay\/\" \/>\n<meta property=\"article:publisher\" content=\"https:\/\/www.facebook.com\/luchonoticiasneiva\" \/>\n<meta property=\"article:published_time\" content=\"2023-01-23T12:05:56+00:00\" \/>\n<meta property=\"article:modified_time\" content=\"2023-01-23T12:05:57+00:00\" \/>\n<meta name=\"author\" content=\"Editor General\" \/>\n<meta name=\"twitter:card\" content=\"summary_large_image\" \/>\n<meta name=\"twitter:label1\" content=\"Escrito por\" \/>\n\t<meta name=\"twitter:data1\" content=\"Editor General\" \/>\n\t<meta name=\"twitter:label2\" content=\"Tiempo de lectura\" \/>\n\t<meta name=\"twitter:data2\" content=\"2 minutos\" \/>\n<script type=\"application\/ld+json\" class=\"yoast-schema-graph\">{\"@context\":\"https:\/\/schema.org\",\"@graph\":[{\"@type\":\"Article\",\"@id\":\"https:\/\/luchonoticias.com\/editor\/a-la-carcel-por-su-participacion-en-la-planeacion-financiacion-y-logistica-del-homicidio-del-fiscal-de-paraguay\/#article\",\"isPartOf\":{\"@id\":\"https:\/\/luchonoticias.com\/editor\/a-la-carcel-por-su-participacion-en-la-planeacion-financiacion-y-logistica-del-homicidio-del-fiscal-de-paraguay\/\"},\"author\":{\"name\":\"Editor General\",\"@id\":\"https:\/\/luchonoticias.com\/editor\/#\/schema\/person\/29217990ddf6f14e35912b2866d591fb\"},\"headline\":\"A la c\u00e1rcel por su participaci\u00f3n en la planeaci\u00f3n, financiaci\u00f3n y log\u00edstica del homicidio del fiscal de Paraguay\",\"datePublished\":\"2023-01-23T12:05:56+00:00\",\"dateModified\":\"2023-01-23T12:05:57+00:00\",\"mainEntityOfPage\":{\"@id\":\"https:\/\/luchonoticias.com\/editor\/a-la-carcel-por-su-participacion-en-la-planeacion-financiacion-y-logistica-del-homicidio-del-fiscal-de-paraguay\/\"},\"wordCount\":432,\"commentCount\":0,\"publisher\":{\"@id\":\"https:\/\/luchonoticias.com\/editor\/#\/schema\/person\/7a7fd911f58561fd056dbac7b55af9cd\"},\"articleSection\":[\"Actualidad\",\"Destacado\"],\"inLanguage\":\"es\",\"potentialAction\":[{\"@type\":\"CommentAction\",\"name\":\"Comment\",\"target\":[\"https:\/\/luchonoticias.com\/editor\/a-la-carcel-por-su-participacion-en-la-planeacion-financiacion-y-logistica-del-homicidio-del-fiscal-de-paraguay\/#respond\"]}]},{\"@type\":\"WebPage\",\"@id\":\"https:\/\/luchonoticias.com\/editor\/a-la-carcel-por-su-participacion-en-la-planeacion-financiacion-y-logistica-del-homicidio-del-fiscal-de-paraguay\/\",\"url\":\"https:\/\/luchonoticias.com\/editor\/a-la-carcel-por-su-participacion-en-la-planeacion-financiacion-y-logistica-del-homicidio-del-fiscal-de-paraguay\/\",\"name\":\"A la c\u00e1rcel por su participaci\u00f3n en la planeaci\u00f3n, financiaci\u00f3n y log\u00edstica del homicidio del fiscal de Paraguay -\",\"isPartOf\":{\"@id\":\"https:\/\/luchonoticias.com\/editor\/#website\"},\"datePublished\":\"2023-01-23T12:05:56+00:00\",\"dateModified\":\"2023-01-23T12:05:57+00:00\",\"breadcrumb\":{\"@id\":\"https:\/\/luchonoticias.com\/editor\/a-la-carcel-por-su-participacion-en-la-planeacion-financiacion-y-logistica-del-homicidio-del-fiscal-de-paraguay\/#breadcrumb\"},\"inLanguage\":\"es\",\"potentialAction\":[{\"@type\":\"ReadAction\",\"target\":[\"https:\/\/luchonoticias.com\/editor\/a-la-carcel-por-su-participacion-en-la-planeacion-financiacion-y-logistica-del-homicidio-del-fiscal-de-paraguay\/\"]}]},{\"@type\":\"BreadcrumbList\",\"@id\":\"https:\/\/luchonoticias.com\/editor\/a-la-carcel-por-su-participacion-en-la-planeacion-financiacion-y-logistica-del-homicidio-del-fiscal-de-paraguay\/#breadcrumb\",\"itemListElement\":[{\"@type\":\"ListItem\",\"position\":1,\"name\":\"Portada\",\"item\":\"https:\/\/luchonoticias.com\/editor\/\"},{\"@type\":\"ListItem\",\"position\":2,\"name\":\"A la c\u00e1rcel por su participaci\u00f3n en la planeaci\u00f3n, financiaci\u00f3n y log\u00edstica del homicidio del fiscal de Paraguay\"}]},{\"@type\":\"WebSite\",\"@id\":\"https:\/\/luchonoticias.com\/editor\/#website\",\"url\":\"https:\/\/luchonoticias.com\/editor\/\",\"name\":\"\",\"description\":\"\",\"publisher\":{\"@id\":\"https:\/\/luchonoticias.com\/editor\/#\/schema\/person\/7a7fd911f58561fd056dbac7b55af9cd\"},\"potentialAction\":[{\"@type\":\"SearchAction\",\"target\":{\"@type\":\"EntryPoint\",\"urlTemplate\":\"https:\/\/luchonoticias.com\/editor\/?s={search_term_string}\"},\"query-input\":{\"@type\":\"PropertyValueSpecification\",\"valueRequired\":true,\"valueName\":\"search_term_string\"}}],\"inLanguage\":\"es\"},{\"@type\":[\"Person\",\"Organization\"],\"@id\":\"https:\/\/luchonoticias.com\/editor\/#\/schema\/person\/7a7fd911f58561fd056dbac7b55af9cd\",\"name\":\"admin\",\"image\":{\"@type\":\"ImageObject\",\"inLanguage\":\"es\",\"@id\":\"https:\/\/luchonoticias.com\/editor\/#\/schema\/person\/image\/\",\"url\":\"https:\/\/luchonoticias.com\/editor\/wp-content\/uploads\/2024\/02\/cropped-cropped-logolu.webp\",\"contentUrl\":\"https:\/\/luchonoticias.com\/editor\/wp-content\/uploads\/2024\/02\/cropped-cropped-logolu.webp\",\"width\":382,\"height\":170,\"caption\":\"admin\"},\"logo\":{\"@id\":\"https:\/\/luchonoticias.com\/editor\/#\/schema\/person\/image\/\"},\"sameAs\":[\"https:\/\/www.facebook.com\/luchonoticiasneiva\"]},{\"@type\":\"Person\",\"@id\":\"https:\/\/luchonoticias.com\/editor\/#\/schema\/person\/29217990ddf6f14e35912b2866d591fb\",\"name\":\"Editor General\",\"image\":{\"@type\":\"ImageObject\",\"inLanguage\":\"es\",\"@id\":\"https:\/\/luchonoticias.com\/editor\/#\/schema\/person\/image\/\",\"url\":\"https:\/\/luchonoticias.com\/editor\/wp-content\/uploads\/2024\/02\/cropped-cropped-logolu-150x150.webp\",\"contentUrl\":\"https:\/\/luchonoticias.com\/editor\/wp-content\/uploads\/2024\/02\/cropped-cropped-logolu-150x150.webp\",\"caption\":\"Editor General\"},\"sameAs\":[\"https:\/\/luchonoticias.com\/\"],\"url\":\"https:\/\/luchonoticias.com\/editor\/author\/editor-general\/\"}]}<\/script>\n<!-- \/ Yoast SEO plugin. -->","yoast_head_json":{"title":"A la c\u00e1rcel por su participaci\u00f3n en la planeaci\u00f3n, financiaci\u00f3n y log\u00edstica del homicidio del fiscal de Paraguay -","robots":{"index":"index","follow":"follow","max-snippet":"max-snippet:-1","max-image-preview":"max-image-preview:large","max-video-preview":"max-video-preview:-1"},"canonical":"https:\/\/luchonoticias.com\/editor\/a-la-carcel-por-su-participacion-en-la-planeacion-financiacion-y-logistica-del-homicidio-del-fiscal-de-paraguay\/","og_locale":"es_ES","og_type":"article","og_title":"A la c\u00e1rcel por su participaci\u00f3n en la planeaci\u00f3n, financiaci\u00f3n y log\u00edstica del homicidio del fiscal de Paraguay -","og_url":"https:\/\/luchonoticias.com\/editor\/a-la-carcel-por-su-participacion-en-la-planeacion-financiacion-y-logistica-del-homicidio-del-fiscal-de-paraguay\/","article_publisher":"https:\/\/www.facebook.com\/luchonoticiasneiva","article_published_time":"2023-01-23T12:05:56+00:00","article_modified_time":"2023-01-23T12:05:57+00:00","author":"Editor General","twitter_card":"summary_large_image","twitter_misc":{"Escrito por":"Editor General","Tiempo de lectura":"2 minutos"},"schema":{"@context":"https:\/\/schema.org","@graph":[{"@type":"Article","@id":"https:\/\/luchonoticias.com\/editor\/a-la-carcel-por-su-participacion-en-la-planeacion-financiacion-y-logistica-del-homicidio-del-fiscal-de-paraguay\/#article","isPartOf":{"@id":"https:\/\/luchonoticias.com\/editor\/a-la-carcel-por-su-participacion-en-la-planeacion-financiacion-y-logistica-del-homicidio-del-fiscal-de-paraguay\/"},"author":{"name":"Editor General","@id":"https:\/\/luchonoticias.com\/editor\/#\/schema\/person\/29217990ddf6f14e35912b2866d591fb"},"headline":"A la c\u00e1rcel por su participaci\u00f3n en la planeaci\u00f3n, financiaci\u00f3n y log\u00edstica del homicidio del fiscal de Paraguay","datePublished":"2023-01-23T12:05:56+00:00","dateModified":"2023-01-23T12:05:57+00:00","mainEntityOfPage":{"@id":"https:\/\/luchonoticias.com\/editor\/a-la-carcel-por-su-participacion-en-la-planeacion-financiacion-y-logistica-del-homicidio-del-fiscal-de-paraguay\/"},"wordCount":432,"commentCount":0,"publisher":{"@id":"https:\/\/luchonoticias.com\/editor\/#\/schema\/person\/7a7fd911f58561fd056dbac7b55af9cd"},"articleSection":["Actualidad","Destacado"],"inLanguage":"es","potentialAction":[{"@type":"CommentAction","name":"Comment","target":["https:\/\/luchonoticias.com\/editor\/a-la-carcel-por-su-participacion-en-la-planeacion-financiacion-y-logistica-del-homicidio-del-fiscal-de-paraguay\/#respond"]}]},{"@type":"WebPage","@id":"https:\/\/luchonoticias.com\/editor\/a-la-carcel-por-su-participacion-en-la-planeacion-financiacion-y-logistica-del-homicidio-del-fiscal-de-paraguay\/","url":"https:\/\/luchonoticias.com\/editor\/a-la-carcel-por-su-participacion-en-la-planeacion-financiacion-y-logistica-del-homicidio-del-fiscal-de-paraguay\/","name":"A la c\u00e1rcel por su participaci\u00f3n en la planeaci\u00f3n, financiaci\u00f3n y log\u00edstica del homicidio del fiscal de Paraguay -","isPartOf":{"@id":"https:\/\/luchonoticias.com\/editor\/#website"},"datePublished":"2023-01-23T12:05:56+00:00","dateModified":"2023-01-23T12:05:57+00:00","breadcrumb":{"@id":"https:\/\/luchonoticias.com\/editor\/a-la-carcel-por-su-participacion-en-la-planeacion-financiacion-y-logistica-del-homicidio-del-fiscal-de-paraguay\/#breadcrumb"},"inLanguage":"es","potentialAction":[{"@type":"ReadAction","target":["https:\/\/luchonoticias.com\/editor\/a-la-carcel-por-su-participacion-en-la-planeacion-financiacion-y-logistica-del-homicidio-del-fiscal-de-paraguay\/"]}]},{"@type":"BreadcrumbList","@id":"https:\/\/luchonoticias.com\/editor\/a-la-carcel-por-su-participacion-en-la-planeacion-financiacion-y-logistica-del-homicidio-del-fiscal-de-paraguay\/#breadcrumb","itemListElement":[{"@type":"ListItem","position":1,"name":"Portada","item":"https:\/\/luchonoticias.com\/editor\/"},{"@type":"ListItem","position":2,"name":"A la c\u00e1rcel por su participaci\u00f3n en la planeaci\u00f3n, financiaci\u00f3n y log\u00edstica del homicidio del fiscal de Paraguay"}]},{"@type":"WebSite","@id":"https:\/\/luchonoticias.com\/editor\/#website","url":"https:\/\/luchonoticias.com\/editor\/","name":"","description":"","publisher":{"@id":"https:\/\/luchonoticias.com\/editor\/#\/schema\/person\/7a7fd911f58561fd056dbac7b55af9cd"},"potentialAction":[{"@type":"SearchAction","target":{"@type":"EntryPoint","urlTemplate":"https:\/\/luchonoticias.com\/editor\/?s={search_term_string}"},"query-input":{"@type":"PropertyValueSpecification","valueRequired":true,"valueName":"search_term_string"}}],"inLanguage":"es"},{"@type":["Person","Organization"],"@id":"https:\/\/luchonoticias.com\/editor\/#\/schema\/person\/7a7fd911f58561fd056dbac7b55af9cd","name":"admin","image":{"@type":"ImageObject","inLanguage":"es","@id":"https:\/\/luchonoticias.com\/editor\/#\/schema\/person\/image\/","url":"https:\/\/luchonoticias.com\/editor\/wp-content\/uploads\/2024\/02\/cropped-cropped-logolu.webp","contentUrl":"https:\/\/luchonoticias.com\/editor\/wp-content\/uploads\/2024\/02\/cropped-cropped-logolu.webp","width":382,"height":170,"caption":"admin"},"logo":{"@id":"https:\/\/luchonoticias.com\/editor\/#\/schema\/person\/image\/"},"sameAs":["https:\/\/www.facebook.com\/luchonoticiasneiva"]},{"@type":"Person","@id":"https:\/\/luchonoticias.com\/editor\/#\/schema\/person\/29217990ddf6f14e35912b2866d591fb","name":"Editor General","image":{"@type":"ImageObject","inLanguage":"es","@id":"https:\/\/luchonoticias.com\/editor\/#\/schema\/person\/image\/","url":"https:\/\/luchonoticias.com\/editor\/wp-content\/uploads\/2024\/02\/cropped-cropped-logolu-150x150.webp","contentUrl":"https:\/\/luchonoticias.com\/editor\/wp-content\/uploads\/2024\/02\/cropped-cropped-logolu-150x150.webp","caption":"Editor General"},"sameAs":["https:\/\/luchonoticias.com\/"],"url":"https:\/\/luchonoticias.com\/editor\/author\/editor-general\/"}]}},"_links":{"self":[{"href":"https:\/\/luchonoticias.com\/editor\/wp-json\/wp\/v2\/posts\/44754","targetHints":{"allow":["GET"]}}],"collection":[{"href":"https:\/\/luchonoticias.com\/editor\/wp-json\/wp\/v2\/posts"}],"about":[{"href":"https:\/\/luchonoticias.com\/editor\/wp-json\/wp\/v2\/types\/post"}],"author":[{"embeddable":true,"href":"https:\/\/luchonoticias.com\/editor\/wp-json\/wp\/v2\/users\/2"}],"replies":[{"embeddable":true,"href":"https:\/\/luchonoticias.com\/editor\/wp-json\/wp\/v2\/comments?post=44754"}],"version-history":[{"count":0,"href":"https:\/\/luchonoticias.com\/editor\/wp-json\/wp\/v2\/posts\/44754\/revisions"}],"wp:attachment":[{"href":"https:\/\/luchonoticias.com\/editor\/wp-json\/wp\/v2\/media?parent=44754"}],"wp:term":[{"taxonomy":"category","embeddable":true,"href":"https:\/\/luchonoticias.com\/editor\/wp-json\/wp\/v2\/categories?post=44754"},{"taxonomy":"post_tag","embeddable":true,"href":"https:\/\/luchonoticias.com\/editor\/wp-json\/wp\/v2\/tags?post=44754"}],"curies":[{"name":"wp","href":"https:\/\/api.w.org\/{rel}","templated":true}]}}