{"id":44758,"date":"2023-01-23T07:20:48","date_gmt":"2023-01-23T12:20:48","guid":{"rendered":"https:\/\/luchonoticias.com\/?p=44758"},"modified":"2023-01-23T07:20:49","modified_gmt":"2023-01-23T12:20:49","slug":"cayo-alias-delta-presunto-temido-delincuente-de-pitalito","status":"publish","type":"post","link":"https:\/\/luchonoticias.com\/editor\/cayo-alias-delta-presunto-temido-delincuente-de-pitalito\/","title":{"rendered":"Cay\u00f3 alias \u2018Delta\u2019 presunto temido delincuente de Pitalito"},"content":{"rendered":"\n<p>Como Efr\u00e9n Leonardo Guevara de 26 a\u00f1os de edad, es identificada la persona que fue capturada por unidades de la SIJIN del Valle de Laboyos, cuando se movilizaba por el barrio Brisas del Guarapas, portando dos armas y una bolsa pl\u00e1stica con m\u00e1s de 500 gramos de marihuana.&nbsp;&nbsp;<\/p>\n\n\n\n<p>\u201cLabores de la Seccional de Inteligencia contra actores criminales recurrentes en el municipio de Pitalito, permitieron la captura de un hombre conocido con el alias de \u2018Delta\u2019, el cual, fue abordado por unidades del Modelo Nacional de Vigilancia Comunitaria por Cuadrantes en el barrio Brisas del Guarapas, portando dos armas\u00a0 y una bolsa pl\u00e1stica con m\u00e1s de 500 gramos de marihuana\u201d, indicaron las autoridades huilenses.<\/p>\n\n\n\n<figure class=\"wp-block-image size-large\"><img decoding=\"async\" src=\"https:\/\/luchonoticias.com\/wp-content\/uploads\/2023\/01\/WhatsApp-Image-2023-01-22-at-11.30.28-AM-1024x768.jpeg\" alt=\"\" class=\"wp-image-44759\"\/><\/figure>\n\n\n\n<p>En el informe oficial, el Departamento de Polic\u00eda Huila tambi\u00e9n revel\u00f3 que seg\u00fan labores de inteligencia y por informaci\u00f3n ciudadana, alias \u2018Delta\u2019, es un reconocido actor criminal, que ten\u00eda amenazado a un l\u00edder comunitario de la zona, por lo que se evita que atenten contra la integridad de esta persona.<\/p>\n\n\n\n<p>\u201cFue presentado ante las autoridades competentes, como presunto responsable de los delitos de fabricaci\u00f3n, tr\u00e1fico y porte ilegal de armas de fuego y municiones y, tr\u00e1fico de estupefacientes por lo que un juez de la Rep\u00fablica le dict\u00f3 medida aseguramiento en centro carcelario\u201d, concluyeron.<\/p>\n","protected":false},"excerpt":{"rendered":"<p>Como Efr\u00e9n Leonardo Guevara de 26 a\u00f1os de edad, es identificada la persona que fue capturada por unidades de la SIJIN del Valle de Laboyos, cuando se movilizaba por el barrio Brisas del Guarapas, portando dos armas y una bolsa pl\u00e1stica con m\u00e1s de 500 gramos de marihuana.&nbsp;&nbsp; \u201cLabores de la Seccional de Inteligencia contra [&hellip;]<\/p>\n","protected":false},"author":2,"featured_media":0,"comment_status":"open","ping_status":"open","sticky":false,"template":"","format":"standard","meta":{"footnotes":""},"categories":[36,29],"tags":[],"class_list":["post-44758","post","type-post","status-publish","format-standard","hentry","category-destacado","category-judicial"],"yoast_head":"<!-- This site is optimized with the Yoast SEO plugin v26.6 - https:\/\/yoast.com\/wordpress\/plugins\/seo\/ -->\n<title>Cay\u00f3 alias \u2018Delta\u2019 presunto temido delincuente de Pitalito -<\/title>\n<meta name=\"robots\" content=\"index, follow, max-snippet:-1, max-image-preview:large, max-video-preview:-1\" \/>\n<link rel=\"canonical\" href=\"https:\/\/luchonoticias.com\/editor\/cayo-alias-delta-presunto-temido-delincuente-de-pitalito\/\" \/>\n<meta property=\"og:locale\" content=\"es_ES\" \/>\n<meta property=\"og:type\" content=\"article\" \/>\n<meta property=\"og:title\" content=\"Cay\u00f3 alias \u2018Delta\u2019 presunto temido delincuente de Pitalito -\" \/>\n<meta property=\"og:url\" content=\"https:\/\/luchonoticias.com\/editor\/cayo-alias-delta-presunto-temido-delincuente-de-pitalito\/\" \/>\n<meta property=\"article:publisher\" content=\"https:\/\/www.facebook.com\/luchonoticiasneiva\" \/>\n<meta property=\"article:published_time\" content=\"2023-01-23T12:20:48+00:00\" \/>\n<meta property=\"article:modified_time\" content=\"2023-01-23T12:20:49+00:00\" \/>\n<meta property=\"og:image\" content=\"https:\/\/luchonoticias.com\/wp-content\/uploads\/2023\/01\/WhatsApp-Image-2023-01-22-at-11.30.28-AM-1024x768.jpeg\" \/>\n<meta name=\"author\" content=\"Editor General\" \/>\n<meta name=\"twitter:card\" content=\"summary_large_image\" \/>\n<meta name=\"twitter:label1\" content=\"Escrito por\" \/>\n\t<meta name=\"twitter:data1\" content=\"Editor General\" \/>\n\t<meta name=\"twitter:label2\" content=\"Tiempo de lectura\" \/>\n\t<meta name=\"twitter:data2\" content=\"1 minuto\" \/>\n<script type=\"application\/ld+json\" class=\"yoast-schema-graph\">{\"@context\":\"https:\/\/schema.org\",\"@graph\":[{\"@type\":\"Article\",\"@id\":\"https:\/\/luchonoticias.com\/editor\/cayo-alias-delta-presunto-temido-delincuente-de-pitalito\/#article\",\"isPartOf\":{\"@id\":\"https:\/\/luchonoticias.com\/editor\/cayo-alias-delta-presunto-temido-delincuente-de-pitalito\/\"},\"author\":{\"name\":\"Editor General\",\"@id\":\"https:\/\/luchonoticias.com\/editor\/#\/schema\/person\/29217990ddf6f14e35912b2866d591fb\"},\"headline\":\"Cay\u00f3 alias \u2018Delta\u2019 presunto temido delincuente de Pitalito\",\"datePublished\":\"2023-01-23T12:20:48+00:00\",\"dateModified\":\"2023-01-23T12:20:49+00:00\",\"mainEntityOfPage\":{\"@id\":\"https:\/\/luchonoticias.com\/editor\/cayo-alias-delta-presunto-temido-delincuente-de-pitalito\/\"},\"wordCount\":230,\"commentCount\":0,\"publisher\":{\"@id\":\"https:\/\/luchonoticias.com\/editor\/#\/schema\/person\/7a7fd911f58561fd056dbac7b55af9cd\"},\"image\":{\"@id\":\"https:\/\/luchonoticias.com\/editor\/cayo-alias-delta-presunto-temido-delincuente-de-pitalito\/#primaryimage\"},\"thumbnailUrl\":\"https:\/\/luchonoticias.com\/wp-content\/uploads\/2023\/01\/WhatsApp-Image-2023-01-22-at-11.30.28-AM-1024x768.jpeg\",\"articleSection\":[\"Destacado\",\"Judicial\"],\"inLanguage\":\"es\",\"potentialAction\":[{\"@type\":\"CommentAction\",\"name\":\"Comment\",\"target\":[\"https:\/\/luchonoticias.com\/editor\/cayo-alias-delta-presunto-temido-delincuente-de-pitalito\/#respond\"]}]},{\"@type\":\"WebPage\",\"@id\":\"https:\/\/luchonoticias.com\/editor\/cayo-alias-delta-presunto-temido-delincuente-de-pitalito\/\",\"url\":\"https:\/\/luchonoticias.com\/editor\/cayo-alias-delta-presunto-temido-delincuente-de-pitalito\/\",\"name\":\"Cay\u00f3 alias \u2018Delta\u2019 presunto temido delincuente de Pitalito -\",\"isPartOf\":{\"@id\":\"https:\/\/luchonoticias.com\/editor\/#website\"},\"primaryImageOfPage\":{\"@id\":\"https:\/\/luchonoticias.com\/editor\/cayo-alias-delta-presunto-temido-delincuente-de-pitalito\/#primaryimage\"},\"image\":{\"@id\":\"https:\/\/luchonoticias.com\/editor\/cayo-alias-delta-presunto-temido-delincuente-de-pitalito\/#primaryimage\"},\"thumbnailUrl\":\"https:\/\/luchonoticias.com\/wp-content\/uploads\/2023\/01\/WhatsApp-Image-2023-01-22-at-11.30.28-AM-1024x768.jpeg\",\"datePublished\":\"2023-01-23T12:20:48+00:00\",\"dateModified\":\"2023-01-23T12:20:49+00:00\",\"breadcrumb\":{\"@id\":\"https:\/\/luchonoticias.com\/editor\/cayo-alias-delta-presunto-temido-delincuente-de-pitalito\/#breadcrumb\"},\"inLanguage\":\"es\",\"potentialAction\":[{\"@type\":\"ReadAction\",\"target\":[\"https:\/\/luchonoticias.com\/editor\/cayo-alias-delta-presunto-temido-delincuente-de-pitalito\/\"]}]},{\"@type\":\"ImageObject\",\"inLanguage\":\"es\",\"@id\":\"https:\/\/luchonoticias.com\/editor\/cayo-alias-delta-presunto-temido-delincuente-de-pitalito\/#primaryimage\",\"url\":\"https:\/\/luchonoticias.com\/wp-content\/uploads\/2023\/01\/WhatsApp-Image-2023-01-22-at-11.30.28-AM-1024x768.jpeg\",\"contentUrl\":\"https:\/\/luchonoticias.com\/wp-content\/uploads\/2023\/01\/WhatsApp-Image-2023-01-22-at-11.30.28-AM-1024x768.jpeg\"},{\"@type\":\"BreadcrumbList\",\"@id\":\"https:\/\/luchonoticias.com\/editor\/cayo-alias-delta-presunto-temido-delincuente-de-pitalito\/#breadcrumb\",\"itemListElement\":[{\"@type\":\"ListItem\",\"position\":1,\"name\":\"Portada\",\"item\":\"https:\/\/luchonoticias.com\/editor\/\"},{\"@type\":\"ListItem\",\"position\":2,\"name\":\"Cay\u00f3 alias \u2018Delta\u2019 presunto temido delincuente de Pitalito\"}]},{\"@type\":\"WebSite\",\"@id\":\"https:\/\/luchonoticias.com\/editor\/#website\",\"url\":\"https:\/\/luchonoticias.com\/editor\/\",\"name\":\"\",\"description\":\"\",\"publisher\":{\"@id\":\"https:\/\/luchonoticias.com\/editor\/#\/schema\/person\/7a7fd911f58561fd056dbac7b55af9cd\"},\"potentialAction\":[{\"@type\":\"SearchAction\",\"target\":{\"@type\":\"EntryPoint\",\"urlTemplate\":\"https:\/\/luchonoticias.com\/editor\/?s={search_term_string}\"},\"query-input\":{\"@type\":\"PropertyValueSpecification\",\"valueRequired\":true,\"valueName\":\"search_term_string\"}}],\"inLanguage\":\"es\"},{\"@type\":[\"Person\",\"Organization\"],\"@id\":\"https:\/\/luchonoticias.com\/editor\/#\/schema\/person\/7a7fd911f58561fd056dbac7b55af9cd\",\"name\":\"admin\",\"image\":{\"@type\":\"ImageObject\",\"inLanguage\":\"es\",\"@id\":\"https:\/\/luchonoticias.com\/editor\/#\/schema\/person\/image\/\",\"url\":\"https:\/\/luchonoticias.com\/editor\/wp-content\/uploads\/2024\/02\/cropped-cropped-logolu.webp\",\"contentUrl\":\"https:\/\/luchonoticias.com\/editor\/wp-content\/uploads\/2024\/02\/cropped-cropped-logolu.webp\",\"width\":382,\"height\":170,\"caption\":\"admin\"},\"logo\":{\"@id\":\"https:\/\/luchonoticias.com\/editor\/#\/schema\/person\/image\/\"},\"sameAs\":[\"https:\/\/www.facebook.com\/luchonoticiasneiva\"]},{\"@type\":\"Person\",\"@id\":\"https:\/\/luchonoticias.com\/editor\/#\/schema\/person\/29217990ddf6f14e35912b2866d591fb\",\"name\":\"Editor General\",\"image\":{\"@type\":\"ImageObject\",\"inLanguage\":\"es\",\"@id\":\"https:\/\/luchonoticias.com\/editor\/#\/schema\/person\/image\/\",\"url\":\"https:\/\/luchonoticias.com\/editor\/wp-content\/uploads\/2024\/02\/cropped-cropped-logolu-150x150.webp\",\"contentUrl\":\"https:\/\/luchonoticias.com\/editor\/wp-content\/uploads\/2024\/02\/cropped-cropped-logolu-150x150.webp\",\"caption\":\"Editor General\"},\"sameAs\":[\"https:\/\/luchonoticias.com\/\"],\"url\":\"https:\/\/luchonoticias.com\/editor\/author\/editor-general\/\"}]}<\/script>\n<!-- \/ Yoast SEO plugin. -->","yoast_head_json":{"title":"Cay\u00f3 alias \u2018Delta\u2019 presunto temido delincuente de Pitalito -","robots":{"index":"index","follow":"follow","max-snippet":"max-snippet:-1","max-image-preview":"max-image-preview:large","max-video-preview":"max-video-preview:-1"},"canonical":"https:\/\/luchonoticias.com\/editor\/cayo-alias-delta-presunto-temido-delincuente-de-pitalito\/","og_locale":"es_ES","og_type":"article","og_title":"Cay\u00f3 alias \u2018Delta\u2019 presunto temido delincuente de Pitalito -","og_url":"https:\/\/luchonoticias.com\/editor\/cayo-alias-delta-presunto-temido-delincuente-de-pitalito\/","article_publisher":"https:\/\/www.facebook.com\/luchonoticiasneiva","article_published_time":"2023-01-23T12:20:48+00:00","article_modified_time":"2023-01-23T12:20:49+00:00","og_image":[{"url":"https:\/\/luchonoticias.com\/wp-content\/uploads\/2023\/01\/WhatsApp-Image-2023-01-22-at-11.30.28-AM-1024x768.jpeg","type":"","width":"","height":""}],"author":"Editor General","twitter_card":"summary_large_image","twitter_misc":{"Escrito por":"Editor General","Tiempo de lectura":"1 minuto"},"schema":{"@context":"https:\/\/schema.org","@graph":[{"@type":"Article","@id":"https:\/\/luchonoticias.com\/editor\/cayo-alias-delta-presunto-temido-delincuente-de-pitalito\/#article","isPartOf":{"@id":"https:\/\/luchonoticias.com\/editor\/cayo-alias-delta-presunto-temido-delincuente-de-pitalito\/"},"author":{"name":"Editor General","@id":"https:\/\/luchonoticias.com\/editor\/#\/schema\/person\/29217990ddf6f14e35912b2866d591fb"},"headline":"Cay\u00f3 alias \u2018Delta\u2019 presunto temido delincuente de Pitalito","datePublished":"2023-01-23T12:20:48+00:00","dateModified":"2023-01-23T12:20:49+00:00","mainEntityOfPage":{"@id":"https:\/\/luchonoticias.com\/editor\/cayo-alias-delta-presunto-temido-delincuente-de-pitalito\/"},"wordCount":230,"commentCount":0,"publisher":{"@id":"https:\/\/luchonoticias.com\/editor\/#\/schema\/person\/7a7fd911f58561fd056dbac7b55af9cd"},"image":{"@id":"https:\/\/luchonoticias.com\/editor\/cayo-alias-delta-presunto-temido-delincuente-de-pitalito\/#primaryimage"},"thumbnailUrl":"https:\/\/luchonoticias.com\/wp-content\/uploads\/2023\/01\/WhatsApp-Image-2023-01-22-at-11.30.28-AM-1024x768.jpeg","articleSection":["Destacado","Judicial"],"inLanguage":"es","potentialAction":[{"@type":"CommentAction","name":"Comment","target":["https:\/\/luchonoticias.com\/editor\/cayo-alias-delta-presunto-temido-delincuente-de-pitalito\/#respond"]}]},{"@type":"WebPage","@id":"https:\/\/luchonoticias.com\/editor\/cayo-alias-delta-presunto-temido-delincuente-de-pitalito\/","url":"https:\/\/luchonoticias.com\/editor\/cayo-alias-delta-presunto-temido-delincuente-de-pitalito\/","name":"Cay\u00f3 alias \u2018Delta\u2019 presunto temido delincuente de Pitalito -","isPartOf":{"@id":"https:\/\/luchonoticias.com\/editor\/#website"},"primaryImageOfPage":{"@id":"https:\/\/luchonoticias.com\/editor\/cayo-alias-delta-presunto-temido-delincuente-de-pitalito\/#primaryimage"},"image":{"@id":"https:\/\/luchonoticias.com\/editor\/cayo-alias-delta-presunto-temido-delincuente-de-pitalito\/#primaryimage"},"thumbnailUrl":"https:\/\/luchonoticias.com\/wp-content\/uploads\/2023\/01\/WhatsApp-Image-2023-01-22-at-11.30.28-AM-1024x768.jpeg","datePublished":"2023-01-23T12:20:48+00:00","dateModified":"2023-01-23T12:20:49+00:00","breadcrumb":{"@id":"https:\/\/luchonoticias.com\/editor\/cayo-alias-delta-presunto-temido-delincuente-de-pitalito\/#breadcrumb"},"inLanguage":"es","potentialAction":[{"@type":"ReadAction","target":["https:\/\/luchonoticias.com\/editor\/cayo-alias-delta-presunto-temido-delincuente-de-pitalito\/"]}]},{"@type":"ImageObject","inLanguage":"es","@id":"https:\/\/luchonoticias.com\/editor\/cayo-alias-delta-presunto-temido-delincuente-de-pitalito\/#primaryimage","url":"https:\/\/luchonoticias.com\/wp-content\/uploads\/2023\/01\/WhatsApp-Image-2023-01-22-at-11.30.28-AM-1024x768.jpeg","contentUrl":"https:\/\/luchonoticias.com\/wp-content\/uploads\/2023\/01\/WhatsApp-Image-2023-01-22-at-11.30.28-AM-1024x768.jpeg"},{"@type":"BreadcrumbList","@id":"https:\/\/luchonoticias.com\/editor\/cayo-alias-delta-presunto-temido-delincuente-de-pitalito\/#breadcrumb","itemListElement":[{"@type":"ListItem","position":1,"name":"Portada","item":"https:\/\/luchonoticias.com\/editor\/"},{"@type":"ListItem","position":2,"name":"Cay\u00f3 alias \u2018Delta\u2019 presunto temido delincuente de Pitalito"}]},{"@type":"WebSite","@id":"https:\/\/luchonoticias.com\/editor\/#website","url":"https:\/\/luchonoticias.com\/editor\/","name":"","description":"","publisher":{"@id":"https:\/\/luchonoticias.com\/editor\/#\/schema\/person\/7a7fd911f58561fd056dbac7b55af9cd"},"potentialAction":[{"@type":"SearchAction","target":{"@type":"EntryPoint","urlTemplate":"https:\/\/luchonoticias.com\/editor\/?s={search_term_string}"},"query-input":{"@type":"PropertyValueSpecification","valueRequired":true,"valueName":"search_term_string"}}],"inLanguage":"es"},{"@type":["Person","Organization"],"@id":"https:\/\/luchonoticias.com\/editor\/#\/schema\/person\/7a7fd911f58561fd056dbac7b55af9cd","name":"admin","image":{"@type":"ImageObject","inLanguage":"es","@id":"https:\/\/luchonoticias.com\/editor\/#\/schema\/person\/image\/","url":"https:\/\/luchonoticias.com\/editor\/wp-content\/uploads\/2024\/02\/cropped-cropped-logolu.webp","contentUrl":"https:\/\/luchonoticias.com\/editor\/wp-content\/uploads\/2024\/02\/cropped-cropped-logolu.webp","width":382,"height":170,"caption":"admin"},"logo":{"@id":"https:\/\/luchonoticias.com\/editor\/#\/schema\/person\/image\/"},"sameAs":["https:\/\/www.facebook.com\/luchonoticiasneiva"]},{"@type":"Person","@id":"https:\/\/luchonoticias.com\/editor\/#\/schema\/person\/29217990ddf6f14e35912b2866d591fb","name":"Editor General","image":{"@type":"ImageObject","inLanguage":"es","@id":"https:\/\/luchonoticias.com\/editor\/#\/schema\/person\/image\/","url":"https:\/\/luchonoticias.com\/editor\/wp-content\/uploads\/2024\/02\/cropped-cropped-logolu-150x150.webp","contentUrl":"https:\/\/luchonoticias.com\/editor\/wp-content\/uploads\/2024\/02\/cropped-cropped-logolu-150x150.webp","caption":"Editor General"},"sameAs":["https:\/\/luchonoticias.com\/"],"url":"https:\/\/luchonoticias.com\/editor\/author\/editor-general\/"}]}},"_links":{"self":[{"href":"https:\/\/luchonoticias.com\/editor\/wp-json\/wp\/v2\/posts\/44758","targetHints":{"allow":["GET"]}}],"collection":[{"href":"https:\/\/luchonoticias.com\/editor\/wp-json\/wp\/v2\/posts"}],"about":[{"href":"https:\/\/luchonoticias.com\/editor\/wp-json\/wp\/v2\/types\/post"}],"author":[{"embeddable":true,"href":"https:\/\/luchonoticias.com\/editor\/wp-json\/wp\/v2\/users\/2"}],"replies":[{"embeddable":true,"href":"https:\/\/luchonoticias.com\/editor\/wp-json\/wp\/v2\/comments?post=44758"}],"version-history":[{"count":0,"href":"https:\/\/luchonoticias.com\/editor\/wp-json\/wp\/v2\/posts\/44758\/revisions"}],"wp:attachment":[{"href":"https:\/\/luchonoticias.com\/editor\/wp-json\/wp\/v2\/media?parent=44758"}],"wp:term":[{"taxonomy":"category","embeddable":true,"href":"https:\/\/luchonoticias.com\/editor\/wp-json\/wp\/v2\/categories?post=44758"},{"taxonomy":"post_tag","embeddable":true,"href":"https:\/\/luchonoticias.com\/editor\/wp-json\/wp\/v2\/tags?post=44758"}],"curies":[{"name":"wp","href":"https:\/\/api.w.org\/{rel}","templated":true}]}}