{"id":44765,"date":"2023-01-23T14:07:13","date_gmt":"2023-01-23T19:07:13","guid":{"rendered":"https:\/\/luchonoticias.com\/?p=44765"},"modified":"2023-01-23T14:07:14","modified_gmt":"2023-01-23T19:07:14","slug":"policia-blinda-el-regreso-a-clases-en-neiva","status":"publish","type":"post","link":"https:\/\/luchonoticias.com\/editor\/policia-blinda-el-regreso-a-clases-en-neiva\/","title":{"rendered":"Polic\u00eda blinda el regreso a clases en Neiva"},"content":{"rendered":"\n<p>Con el fin de prevenir la violencia escolar y desmantelar a los grupos multicirimen que afectan los entornos escolares, la polic\u00eda de protecci\u00f3n a la infancia y adolescencia, con la participaci\u00f3n de la comunidad acad\u00e9mica,&nbsp; conforman a partir de hoy, frentes de seguridad escolar, estrategia dise\u00f1ada para consolidar espacios educativos seguros y protectores, que permitan a la ni\u00f1ez fortalecer las habilidades sociales y potenciar estudiantes \u00edntegros.<\/p>\n\n\n\n<p>Su prop\u00f3sito, evitar que nuestras ni\u00f1as, ni\u00f1os y adolescentes sean v\u00edctimas de violencia escolar y en especial que se presenten conductas punibles como lesiones personales, el hurto, tr\u00e1fico de estupefacientes y delitos contra la integridad y formaci\u00f3n sexual.<\/p>\n\n\n\n<figure class=\"wp-block-gallery has-nested-images columns-default is-cropped wp-block-gallery-1 is-layout-flex wp-block-gallery-is-layout-flex\">\n<figure class=\"wp-block-image size-large\"><img decoding=\"async\" data-id=\"44767\" src=\"https:\/\/luchonoticias.com\/wp-content\/uploads\/2023\/01\/WhatsApp-Image-2023-01-23-at-9.09.39-AM-1024x574.jpeg\" alt=\"\" class=\"wp-image-44767\"\/><\/figure>\n\n\n\n<figure class=\"wp-block-image size-large\"><img decoding=\"async\" data-id=\"44769\" src=\"https:\/\/luchonoticias.com\/wp-content\/uploads\/2023\/01\/WhatsApp-Image-2023-01-23-at-9.09.30-AM-1024x464.jpeg\" alt=\"\" class=\"wp-image-44769\"\/><\/figure>\n\n\n\n<figure class=\"wp-block-image size-large\"><img decoding=\"async\" data-id=\"44768\" src=\"https:\/\/luchonoticias.com\/wp-content\/uploads\/2023\/01\/WhatsApp-Image-2023-01-23-at-9.09.29-AM-3-1024x507.jpeg\" alt=\"\" class=\"wp-image-44768\"\/><\/figure>\n<\/figure>\n\n\n\n<p>Con el regreso a clase, los\u00a0 hombres y mujeres polic\u00edas especializados en la protecci\u00f3n a la infancia y adolescencia, adelantan acciones que permitan reforzar el conocimiento de la Ley 1098 de 2006 de Protecci\u00f3n a la infancia y adolescencia y 1620 de Convivencia Escolar, con el fin de activar de forma oportuna la ruta de atenci\u00f3n integral frente a las situaciones que afectan la convivencia y el ejercicio de los derechos humanos, sexuales y reproductivos de la ni\u00f1ez y adolescencia.<\/p>\n\n\n\n<p>El Comandante de la Polic\u00eda Metropolitana de Neiva, coronel Diego Fernando V\u00e1squez Arg\u00fcello, invita blindar a la comunidad educativa de la violencia escolar, para ello cualquier situaci\u00f3n de riesgo debe ser informada ante las autoridades.<\/p>\n\n\n\n<p>\u201cTodos tenemos el compromiso de acompa\u00f1ar a la ni\u00f1ez y adolescencia durante el retorno a las actividades acad\u00e9micas, prevenir la violencia escolar y el consumo de sustancia psicoactivas. Creemos que la educaci\u00f3n, es el mejor camino para asegurar la convivencia y la paz; as\u00ed mismo, es importante atender las siguientes recomendaciones\u201d, puntualizo el coronel V\u00e1squez Arg\u00fcello.<\/p>\n\n\n\n<figure class=\"wp-block-gallery has-nested-images columns-default is-cropped wp-block-gallery-2 is-layout-flex wp-block-gallery-is-layout-flex\">\n<figure class=\"wp-block-image size-large\"><img decoding=\"async\" data-id=\"44770\" src=\"https:\/\/luchonoticias.com\/wp-content\/uploads\/2023\/01\/WhatsApp-Image-2023-01-23-at-9.09.28-AM-2-1024x576.jpeg\" alt=\"\" class=\"wp-image-44770\"\/><\/figure>\n\n\n\n<figure class=\"wp-block-image size-large\"><img decoding=\"async\" data-id=\"44772\" src=\"https:\/\/luchonoticias.com\/wp-content\/uploads\/2023\/01\/WhatsApp-Image-2023-01-23-at-9.09.28-AM-1-1024x576.jpeg\" alt=\"\" class=\"wp-image-44772\"\/><\/figure>\n\n\n\n<figure class=\"wp-block-image size-large\"><img decoding=\"async\" data-id=\"44771\" src=\"https:\/\/luchonoticias.com\/wp-content\/uploads\/2023\/01\/WhatsApp-Image-2023-01-23-at-9.09.28-AM-1024x574.jpeg\" alt=\"\" class=\"wp-image-44771\"\/><\/figure>\n<\/figure>\n\n\n\n<p><strong>Estas son algunas recomendaciones a Padres, madres y cuidadores<\/strong><\/p>\n\n\n\n<p>\u2022&nbsp;&nbsp;&nbsp;&nbsp;&nbsp;&nbsp;&nbsp;&nbsp;&nbsp;&nbsp;&nbsp;&nbsp; Recuerde que usted debe conocer el manual de convivencia del colegio, solic\u00edtelo siempre a la instituci\u00f3n educativa y social\u00edcelo con su hijo.<\/p>\n\n\n\n<p>\u2022&nbsp;&nbsp;&nbsp;&nbsp;&nbsp;&nbsp;&nbsp;&nbsp;&nbsp;&nbsp;&nbsp;&nbsp; Usted siempre asumir\u00e1 la responsabilidad de las acciones de su hijo al interior de la instituci\u00f3n educativa.<\/p>\n\n\n\n<p>\u2022&nbsp;&nbsp;&nbsp;&nbsp;&nbsp;&nbsp;&nbsp;&nbsp;&nbsp;&nbsp;&nbsp;&nbsp; Tenga una buena comunicaci\u00f3n con su hijo y est\u00e9 atento a las se\u00f1ales de alerta, como cambio de comportamiento.<\/p>\n\n\n\n<p>\u2022&nbsp;&nbsp;&nbsp;&nbsp;&nbsp;&nbsp;&nbsp;&nbsp;&nbsp;&nbsp;&nbsp;&nbsp; Asista siempre que sea convocado por el colegio, recuerde que la responsabilidad de la formaci\u00f3n es compartida y no depende solamente del colegio.<\/p>\n\n\n\n<p>A Directivos y Docentes<\/p>\n\n\n\n<p>\u2022&nbsp;&nbsp;&nbsp;&nbsp;&nbsp;&nbsp;&nbsp;&nbsp;&nbsp;&nbsp;&nbsp;&nbsp; Usted es el primer responsable de activar la ruta y protocolos de atenci\u00f3n en materia de convivencia escolar.<\/p>\n\n\n\n<p>\u2022&nbsp;&nbsp;&nbsp;&nbsp;&nbsp;&nbsp;&nbsp;&nbsp;&nbsp;&nbsp;&nbsp;&nbsp; Su responsabilidad es dirimir en los conflictos que afecten la convivencia, as\u00ed como respetar el debido proceso cuando se evidencia un caso de violencia escolar.<\/p>\n\n\n\n<p>\u2022&nbsp;&nbsp;&nbsp;&nbsp;&nbsp;&nbsp;&nbsp;&nbsp;&nbsp;&nbsp;&nbsp;&nbsp; Ante un posible delito, permita que las autoridades se encarguen de ello, no interfiera y evite obstaculizar el proceso.<\/p>\n\n\n\n<p><strong>Para los estudiantes<\/strong><\/p>\n\n\n\n<p>\u2022&nbsp;&nbsp;&nbsp;&nbsp;&nbsp;&nbsp;&nbsp;&nbsp;&nbsp;&nbsp;&nbsp;&nbsp; Cualquier tipo de agresi\u00f3n es violencia escolar, informe inmediatamente a sus padres profesores y\/o cuidadores.<\/p>\n\n\n\n<p>\u2022&nbsp;&nbsp;&nbsp;&nbsp;&nbsp;&nbsp;&nbsp;&nbsp;&nbsp;&nbsp;&nbsp;&nbsp; Recuerde que su comportamiento inadecuado puede convertirse en violencia escolar.<\/p>\n\n\n\n<p>\u2022&nbsp;&nbsp;&nbsp;&nbsp;&nbsp;&nbsp;&nbsp;&nbsp;&nbsp;&nbsp;&nbsp;&nbsp; No se convierta en c\u00f3mplice de la violencia escolar, esto se ve reflejado cuando ridiculiza, r\u00ede, guarda silencio o participa activamente de una agresi\u00f3n f\u00edsica o verbal.<\/p>\n\n\n\n<p>De todos depende un regreso seguro a clases 2023, por lo cual invitamos a la comunidad a informar de manera oportuna cualquier vulneraci\u00f3n de derechos a nuestros ni\u00f1os, ni\u00f1as y adolescentes, a la l\u00edneas 123 de la Polic\u00eda Nacional y 141 del ICBF.<\/p>\n","protected":false},"excerpt":{"rendered":"<p>Con el fin de prevenir la violencia escolar y desmantelar a los grupos multicirimen que afectan los entornos escolares, la polic\u00eda de protecci\u00f3n a la infancia y adolescencia, con la participaci\u00f3n de la comunidad acad\u00e9mica,&nbsp; conforman a partir de hoy, frentes de seguridad escolar, estrategia dise\u00f1ada para consolidar espacios educativos seguros y protectores, que permitan [&hellip;]<\/p>\n","protected":false},"author":2,"featured_media":0,"comment_status":"open","ping_status":"open","sticky":false,"template":"","format":"standard","meta":{"footnotes":""},"categories":[36,31],"tags":[],"class_list":["post-44765","post","type-post","status-publish","format-standard","hentry","category-destacado","category-local"],"yoast_head":"<!-- This site is optimized with the Yoast SEO plugin v26.6 - https:\/\/yoast.com\/wordpress\/plugins\/seo\/ -->\n<title>Polic\u00eda blinda el regreso a clases en Neiva -<\/title>\n<meta name=\"robots\" content=\"index, follow, max-snippet:-1, max-image-preview:large, max-video-preview:-1\" \/>\n<link rel=\"canonical\" href=\"https:\/\/luchonoticias.com\/editor\/policia-blinda-el-regreso-a-clases-en-neiva\/\" \/>\n<meta property=\"og:locale\" content=\"es_ES\" \/>\n<meta property=\"og:type\" content=\"article\" \/>\n<meta property=\"og:title\" content=\"Polic\u00eda blinda el regreso a clases en Neiva -\" \/>\n<meta property=\"og:url\" content=\"https:\/\/luchonoticias.com\/editor\/policia-blinda-el-regreso-a-clases-en-neiva\/\" \/>\n<meta property=\"article:publisher\" content=\"https:\/\/www.facebook.com\/luchonoticiasneiva\" \/>\n<meta property=\"article:published_time\" content=\"2023-01-23T19:07:13+00:00\" \/>\n<meta property=\"article:modified_time\" content=\"2023-01-23T19:07:14+00:00\" \/>\n<meta property=\"og:image\" content=\"https:\/\/luchonoticias.com\/wp-content\/uploads\/2023\/01\/WhatsApp-Image-2023-01-23-at-9.09.39-AM-1024x574.jpeg\" \/>\n<meta name=\"author\" content=\"Editor General\" \/>\n<meta name=\"twitter:card\" content=\"summary_large_image\" \/>\n<meta name=\"twitter:label1\" content=\"Escrito por\" \/>\n\t<meta name=\"twitter:data1\" content=\"Editor General\" \/>\n\t<meta name=\"twitter:label2\" content=\"Tiempo de lectura\" \/>\n\t<meta name=\"twitter:data2\" content=\"3 minutos\" \/>\n<script type=\"application\/ld+json\" class=\"yoast-schema-graph\">{\"@context\":\"https:\/\/schema.org\",\"@graph\":[{\"@type\":\"Article\",\"@id\":\"https:\/\/luchonoticias.com\/editor\/policia-blinda-el-regreso-a-clases-en-neiva\/#article\",\"isPartOf\":{\"@id\":\"https:\/\/luchonoticias.com\/editor\/policia-blinda-el-regreso-a-clases-en-neiva\/\"},\"author\":{\"name\":\"Editor General\",\"@id\":\"https:\/\/luchonoticias.com\/editor\/#\/schema\/person\/29217990ddf6f14e35912b2866d591fb\"},\"headline\":\"Polic\u00eda blinda el regreso a clases en Neiva\",\"datePublished\":\"2023-01-23T19:07:13+00:00\",\"dateModified\":\"2023-01-23T19:07:14+00:00\",\"mainEntityOfPage\":{\"@id\":\"https:\/\/luchonoticias.com\/editor\/policia-blinda-el-regreso-a-clases-en-neiva\/\"},\"wordCount\":699,\"commentCount\":0,\"publisher\":{\"@id\":\"https:\/\/luchonoticias.com\/editor\/#\/schema\/person\/7a7fd911f58561fd056dbac7b55af9cd\"},\"image\":{\"@id\":\"https:\/\/luchonoticias.com\/editor\/policia-blinda-el-regreso-a-clases-en-neiva\/#primaryimage\"},\"thumbnailUrl\":\"https:\/\/luchonoticias.com\/wp-content\/uploads\/2023\/01\/WhatsApp-Image-2023-01-23-at-9.09.39-AM-1024x574.jpeg\",\"articleSection\":[\"Destacado\",\"Local\"],\"inLanguage\":\"es\",\"potentialAction\":[{\"@type\":\"CommentAction\",\"name\":\"Comment\",\"target\":[\"https:\/\/luchonoticias.com\/editor\/policia-blinda-el-regreso-a-clases-en-neiva\/#respond\"]}]},{\"@type\":\"WebPage\",\"@id\":\"https:\/\/luchonoticias.com\/editor\/policia-blinda-el-regreso-a-clases-en-neiva\/\",\"url\":\"https:\/\/luchonoticias.com\/editor\/policia-blinda-el-regreso-a-clases-en-neiva\/\",\"name\":\"Polic\u00eda blinda el regreso a clases en Neiva -\",\"isPartOf\":{\"@id\":\"https:\/\/luchonoticias.com\/editor\/#website\"},\"primaryImageOfPage\":{\"@id\":\"https:\/\/luchonoticias.com\/editor\/policia-blinda-el-regreso-a-clases-en-neiva\/#primaryimage\"},\"image\":{\"@id\":\"https:\/\/luchonoticias.com\/editor\/policia-blinda-el-regreso-a-clases-en-neiva\/#primaryimage\"},\"thumbnailUrl\":\"https:\/\/luchonoticias.com\/wp-content\/uploads\/2023\/01\/WhatsApp-Image-2023-01-23-at-9.09.39-AM-1024x574.jpeg\",\"datePublished\":\"2023-01-23T19:07:13+00:00\",\"dateModified\":\"2023-01-23T19:07:14+00:00\",\"breadcrumb\":{\"@id\":\"https:\/\/luchonoticias.com\/editor\/policia-blinda-el-regreso-a-clases-en-neiva\/#breadcrumb\"},\"inLanguage\":\"es\",\"potentialAction\":[{\"@type\":\"ReadAction\",\"target\":[\"https:\/\/luchonoticias.com\/editor\/policia-blinda-el-regreso-a-clases-en-neiva\/\"]}]},{\"@type\":\"ImageObject\",\"inLanguage\":\"es\",\"@id\":\"https:\/\/luchonoticias.com\/editor\/policia-blinda-el-regreso-a-clases-en-neiva\/#primaryimage\",\"url\":\"https:\/\/luchonoticias.com\/wp-content\/uploads\/2023\/01\/WhatsApp-Image-2023-01-23-at-9.09.39-AM-1024x574.jpeg\",\"contentUrl\":\"https:\/\/luchonoticias.com\/wp-content\/uploads\/2023\/01\/WhatsApp-Image-2023-01-23-at-9.09.39-AM-1024x574.jpeg\"},{\"@type\":\"BreadcrumbList\",\"@id\":\"https:\/\/luchonoticias.com\/editor\/policia-blinda-el-regreso-a-clases-en-neiva\/#breadcrumb\",\"itemListElement\":[{\"@type\":\"ListItem\",\"position\":1,\"name\":\"Portada\",\"item\":\"https:\/\/luchonoticias.com\/editor\/\"},{\"@type\":\"ListItem\",\"position\":2,\"name\":\"Polic\u00eda blinda el regreso a clases en Neiva\"}]},{\"@type\":\"WebSite\",\"@id\":\"https:\/\/luchonoticias.com\/editor\/#website\",\"url\":\"https:\/\/luchonoticias.com\/editor\/\",\"name\":\"\",\"description\":\"\",\"publisher\":{\"@id\":\"https:\/\/luchonoticias.com\/editor\/#\/schema\/person\/7a7fd911f58561fd056dbac7b55af9cd\"},\"potentialAction\":[{\"@type\":\"SearchAction\",\"target\":{\"@type\":\"EntryPoint\",\"urlTemplate\":\"https:\/\/luchonoticias.com\/editor\/?s={search_term_string}\"},\"query-input\":{\"@type\":\"PropertyValueSpecification\",\"valueRequired\":true,\"valueName\":\"search_term_string\"}}],\"inLanguage\":\"es\"},{\"@type\":[\"Person\",\"Organization\"],\"@id\":\"https:\/\/luchonoticias.com\/editor\/#\/schema\/person\/7a7fd911f58561fd056dbac7b55af9cd\",\"name\":\"admin\",\"image\":{\"@type\":\"ImageObject\",\"inLanguage\":\"es\",\"@id\":\"https:\/\/luchonoticias.com\/editor\/#\/schema\/person\/image\/\",\"url\":\"https:\/\/luchonoticias.com\/editor\/wp-content\/uploads\/2024\/02\/cropped-cropped-logolu.webp\",\"contentUrl\":\"https:\/\/luchonoticias.com\/editor\/wp-content\/uploads\/2024\/02\/cropped-cropped-logolu.webp\",\"width\":382,\"height\":170,\"caption\":\"admin\"},\"logo\":{\"@id\":\"https:\/\/luchonoticias.com\/editor\/#\/schema\/person\/image\/\"},\"sameAs\":[\"https:\/\/www.facebook.com\/luchonoticiasneiva\"]},{\"@type\":\"Person\",\"@id\":\"https:\/\/luchonoticias.com\/editor\/#\/schema\/person\/29217990ddf6f14e35912b2866d591fb\",\"name\":\"Editor General\",\"image\":{\"@type\":\"ImageObject\",\"inLanguage\":\"es\",\"@id\":\"https:\/\/luchonoticias.com\/editor\/#\/schema\/person\/image\/\",\"url\":\"https:\/\/luchonoticias.com\/editor\/wp-content\/uploads\/2024\/02\/cropped-cropped-logolu-150x150.webp\",\"contentUrl\":\"https:\/\/luchonoticias.com\/editor\/wp-content\/uploads\/2024\/02\/cropped-cropped-logolu-150x150.webp\",\"caption\":\"Editor General\"},\"sameAs\":[\"https:\/\/luchonoticias.com\/\"],\"url\":\"https:\/\/luchonoticias.com\/editor\/author\/editor-general\/\"}]}<\/script>\n<!-- \/ Yoast SEO plugin. -->","yoast_head_json":{"title":"Polic\u00eda blinda el regreso a clases en Neiva -","robots":{"index":"index","follow":"follow","max-snippet":"max-snippet:-1","max-image-preview":"max-image-preview:large","max-video-preview":"max-video-preview:-1"},"canonical":"https:\/\/luchonoticias.com\/editor\/policia-blinda-el-regreso-a-clases-en-neiva\/","og_locale":"es_ES","og_type":"article","og_title":"Polic\u00eda blinda el regreso a clases en Neiva -","og_url":"https:\/\/luchonoticias.com\/editor\/policia-blinda-el-regreso-a-clases-en-neiva\/","article_publisher":"https:\/\/www.facebook.com\/luchonoticiasneiva","article_published_time":"2023-01-23T19:07:13+00:00","article_modified_time":"2023-01-23T19:07:14+00:00","og_image":[{"url":"https:\/\/luchonoticias.com\/wp-content\/uploads\/2023\/01\/WhatsApp-Image-2023-01-23-at-9.09.39-AM-1024x574.jpeg","type":"","width":"","height":""}],"author":"Editor General","twitter_card":"summary_large_image","twitter_misc":{"Escrito por":"Editor General","Tiempo de lectura":"3 minutos"},"schema":{"@context":"https:\/\/schema.org","@graph":[{"@type":"Article","@id":"https:\/\/luchonoticias.com\/editor\/policia-blinda-el-regreso-a-clases-en-neiva\/#article","isPartOf":{"@id":"https:\/\/luchonoticias.com\/editor\/policia-blinda-el-regreso-a-clases-en-neiva\/"},"author":{"name":"Editor General","@id":"https:\/\/luchonoticias.com\/editor\/#\/schema\/person\/29217990ddf6f14e35912b2866d591fb"},"headline":"Polic\u00eda blinda el regreso a clases en Neiva","datePublished":"2023-01-23T19:07:13+00:00","dateModified":"2023-01-23T19:07:14+00:00","mainEntityOfPage":{"@id":"https:\/\/luchonoticias.com\/editor\/policia-blinda-el-regreso-a-clases-en-neiva\/"},"wordCount":699,"commentCount":0,"publisher":{"@id":"https:\/\/luchonoticias.com\/editor\/#\/schema\/person\/7a7fd911f58561fd056dbac7b55af9cd"},"image":{"@id":"https:\/\/luchonoticias.com\/editor\/policia-blinda-el-regreso-a-clases-en-neiva\/#primaryimage"},"thumbnailUrl":"https:\/\/luchonoticias.com\/wp-content\/uploads\/2023\/01\/WhatsApp-Image-2023-01-23-at-9.09.39-AM-1024x574.jpeg","articleSection":["Destacado","Local"],"inLanguage":"es","potentialAction":[{"@type":"CommentAction","name":"Comment","target":["https:\/\/luchonoticias.com\/editor\/policia-blinda-el-regreso-a-clases-en-neiva\/#respond"]}]},{"@type":"WebPage","@id":"https:\/\/luchonoticias.com\/editor\/policia-blinda-el-regreso-a-clases-en-neiva\/","url":"https:\/\/luchonoticias.com\/editor\/policia-blinda-el-regreso-a-clases-en-neiva\/","name":"Polic\u00eda blinda el regreso a clases en Neiva -","isPartOf":{"@id":"https:\/\/luchonoticias.com\/editor\/#website"},"primaryImageOfPage":{"@id":"https:\/\/luchonoticias.com\/editor\/policia-blinda-el-regreso-a-clases-en-neiva\/#primaryimage"},"image":{"@id":"https:\/\/luchonoticias.com\/editor\/policia-blinda-el-regreso-a-clases-en-neiva\/#primaryimage"},"thumbnailUrl":"https:\/\/luchonoticias.com\/wp-content\/uploads\/2023\/01\/WhatsApp-Image-2023-01-23-at-9.09.39-AM-1024x574.jpeg","datePublished":"2023-01-23T19:07:13+00:00","dateModified":"2023-01-23T19:07:14+00:00","breadcrumb":{"@id":"https:\/\/luchonoticias.com\/editor\/policia-blinda-el-regreso-a-clases-en-neiva\/#breadcrumb"},"inLanguage":"es","potentialAction":[{"@type":"ReadAction","target":["https:\/\/luchonoticias.com\/editor\/policia-blinda-el-regreso-a-clases-en-neiva\/"]}]},{"@type":"ImageObject","inLanguage":"es","@id":"https:\/\/luchonoticias.com\/editor\/policia-blinda-el-regreso-a-clases-en-neiva\/#primaryimage","url":"https:\/\/luchonoticias.com\/wp-content\/uploads\/2023\/01\/WhatsApp-Image-2023-01-23-at-9.09.39-AM-1024x574.jpeg","contentUrl":"https:\/\/luchonoticias.com\/wp-content\/uploads\/2023\/01\/WhatsApp-Image-2023-01-23-at-9.09.39-AM-1024x574.jpeg"},{"@type":"BreadcrumbList","@id":"https:\/\/luchonoticias.com\/editor\/policia-blinda-el-regreso-a-clases-en-neiva\/#breadcrumb","itemListElement":[{"@type":"ListItem","position":1,"name":"Portada","item":"https:\/\/luchonoticias.com\/editor\/"},{"@type":"ListItem","position":2,"name":"Polic\u00eda blinda el regreso a clases en Neiva"}]},{"@type":"WebSite","@id":"https:\/\/luchonoticias.com\/editor\/#website","url":"https:\/\/luchonoticias.com\/editor\/","name":"","description":"","publisher":{"@id":"https:\/\/luchonoticias.com\/editor\/#\/schema\/person\/7a7fd911f58561fd056dbac7b55af9cd"},"potentialAction":[{"@type":"SearchAction","target":{"@type":"EntryPoint","urlTemplate":"https:\/\/luchonoticias.com\/editor\/?s={search_term_string}"},"query-input":{"@type":"PropertyValueSpecification","valueRequired":true,"valueName":"search_term_string"}}],"inLanguage":"es"},{"@type":["Person","Organization"],"@id":"https:\/\/luchonoticias.com\/editor\/#\/schema\/person\/7a7fd911f58561fd056dbac7b55af9cd","name":"admin","image":{"@type":"ImageObject","inLanguage":"es","@id":"https:\/\/luchonoticias.com\/editor\/#\/schema\/person\/image\/","url":"https:\/\/luchonoticias.com\/editor\/wp-content\/uploads\/2024\/02\/cropped-cropped-logolu.webp","contentUrl":"https:\/\/luchonoticias.com\/editor\/wp-content\/uploads\/2024\/02\/cropped-cropped-logolu.webp","width":382,"height":170,"caption":"admin"},"logo":{"@id":"https:\/\/luchonoticias.com\/editor\/#\/schema\/person\/image\/"},"sameAs":["https:\/\/www.facebook.com\/luchonoticiasneiva"]},{"@type":"Person","@id":"https:\/\/luchonoticias.com\/editor\/#\/schema\/person\/29217990ddf6f14e35912b2866d591fb","name":"Editor General","image":{"@type":"ImageObject","inLanguage":"es","@id":"https:\/\/luchonoticias.com\/editor\/#\/schema\/person\/image\/","url":"https:\/\/luchonoticias.com\/editor\/wp-content\/uploads\/2024\/02\/cropped-cropped-logolu-150x150.webp","contentUrl":"https:\/\/luchonoticias.com\/editor\/wp-content\/uploads\/2024\/02\/cropped-cropped-logolu-150x150.webp","caption":"Editor General"},"sameAs":["https:\/\/luchonoticias.com\/"],"url":"https:\/\/luchonoticias.com\/editor\/author\/editor-general\/"}]}},"_links":{"self":[{"href":"https:\/\/luchonoticias.com\/editor\/wp-json\/wp\/v2\/posts\/44765","targetHints":{"allow":["GET"]}}],"collection":[{"href":"https:\/\/luchonoticias.com\/editor\/wp-json\/wp\/v2\/posts"}],"about":[{"href":"https:\/\/luchonoticias.com\/editor\/wp-json\/wp\/v2\/types\/post"}],"author":[{"embeddable":true,"href":"https:\/\/luchonoticias.com\/editor\/wp-json\/wp\/v2\/users\/2"}],"replies":[{"embeddable":true,"href":"https:\/\/luchonoticias.com\/editor\/wp-json\/wp\/v2\/comments?post=44765"}],"version-history":[{"count":0,"href":"https:\/\/luchonoticias.com\/editor\/wp-json\/wp\/v2\/posts\/44765\/revisions"}],"wp:attachment":[{"href":"https:\/\/luchonoticias.com\/editor\/wp-json\/wp\/v2\/media?parent=44765"}],"wp:term":[{"taxonomy":"category","embeddable":true,"href":"https:\/\/luchonoticias.com\/editor\/wp-json\/wp\/v2\/categories?post=44765"},{"taxonomy":"post_tag","embeddable":true,"href":"https:\/\/luchonoticias.com\/editor\/wp-json\/wp\/v2\/tags?post=44765"}],"curies":[{"name":"wp","href":"https:\/\/api.w.org\/{rel}","templated":true}]}}