{"id":44793,"date":"2023-01-23T17:48:55","date_gmt":"2023-01-23T22:48:55","guid":{"rendered":"https:\/\/luchonoticias.com\/?p=44793"},"modified":"2023-01-23T17:49:08","modified_gmt":"2023-01-23T22:49:08","slug":"una-fiesta-inolvidable-angie-liceth-cumplio-el-sueno-de-celebrar-sus-15-anos","status":"publish","type":"post","link":"https:\/\/luchonoticias.com\/editor\/una-fiesta-inolvidable-angie-liceth-cumplio-el-sueno-de-celebrar-sus-15-anos\/","title":{"rendered":"Una fiesta inolvidable: Angie Liceth cumpli\u00f3 el sue\u00f1o de celebrar sus 15 a\u00f1os"},"content":{"rendered":"\n<p>Por: C\u00e9sar Escall\u00f3n<\/p>\n\n\n\n<p>\u201cMuchas personas lograron cumplirme este sue\u00f1o\u2026\u201d, expres\u00f3 en medio de la alegr\u00eda la menor Angie Liceth Zambrano Stirling, quien celebr\u00f3 sus quince a\u00f1os de edad con la colaboraci\u00f3n de habitantes del municipio de Hobo.<\/p>\n\n\n\n<p>La adolescente, quien vive junto a su mam\u00e1 Alba Luz Stirling Perdomo, sus tres hermanos y su padrastro en una humilde vivienda de bahareque en el barrio Kennedy, siempre a\u00f1oraba cumplir su sue\u00f1o de celebrar sus quince a\u00f1os, pero los bajos recursos econ\u00f3micos de su familia, le hac\u00edan ver muy lejos esa fiesta.<\/p>\n\n\n\n<figure class=\"wp-block-gallery has-nested-images columns-default is-cropped wp-block-gallery-1 is-layout-flex wp-block-gallery-is-layout-flex\">\n<figure class=\"wp-block-image size-large is-style-rounded\"><img decoding=\"async\" data-id=\"44795\" src=\"https:\/\/luchonoticias.com\/wp-content\/uploads\/2023\/01\/326349546_518093933759624_4371605397091895007_n-1024x683.jpg\" alt=\"\" class=\"wp-image-44795\"\/><\/figure>\n<\/figure>\n\n\n\n<p>Para Angie, quien cursa el grado octavo, no hab\u00eda espacio en el que no le contaba a su mam\u00e1 Alba Luz Stirling y su padrastro Jos\u00e9 Ignacio, el sue\u00f1o que ten\u00eda de una fiesta de quince.<\/p>\n\n\n\n<p>Ese anhelo de la joven llev\u00f3 a sus pap\u00e1s a pensar ideas, hasta que encontraron un punto en com\u00fan, hablar con el periodista y gestor social Farid S\u00e1nchez, para que a trav\u00e9s de su portal web se gestionara la ayuda y sumar la colaboraci\u00f3n de las personas que desearan hacer realidad el sue\u00f1o de Angie Liceth.<\/p>\n\n\n\n<p>\u201cLa familia se me acerc\u00f3 a decirme que quer\u00edan celebrarle los 15 a Angie, que era un sue\u00f1o que ten\u00eda la ni\u00f1a, es una celebraci\u00f3n importante para todas las mujeres, yo le dije que con mucho gusto les iba a colaborar haciendo una nota y ver con mis seguidores que pod\u00edamos conseguir\u201d, relat\u00f3 Farid dijo en di\u00e1logo con LUCHO NOTICIAS.<\/p>\n\n\n\n<figure class=\"wp-block-gallery has-nested-images columns-default is-cropped wp-block-gallery-2 is-layout-flex wp-block-gallery-is-layout-flex\">\n<figure class=\"wp-block-image size-large\"><img decoding=\"async\" data-id=\"44796\" src=\"https:\/\/luchonoticias.com\/wp-content\/uploads\/2023\/01\/326393670_1148356739179418_4521353220646391496_n-1024x683.jpg\" alt=\"\" class=\"wp-image-44796\"\/><\/figure>\n\n\n\n<figure class=\"wp-block-image size-large\"><img decoding=\"async\" data-id=\"44797\" src=\"https:\/\/luchonoticias.com\/wp-content\/uploads\/2023\/01\/326376153_942108457161327_5619434698232864871_n-1024x683.jpg\" alt=\"\" class=\"wp-image-44797\"\/><\/figure>\n<\/figure>\n\n\n\n<p><strong>\u201cNunca pens\u00e9 que iba a unirse muchas personas\u201d<\/strong><\/p>\n\n\n\n<p>El sue\u00f1o de esta jovencita empez\u00f3 a convertirse en realidad, hasta el punto de que nunca se imaginaron la cantidad de personas que se iban a unir, logrando que Angie tuviera todo para su celebraci\u00f3n. \u201cLas ayudas fueron muchas, logramos cumplirle el sue\u00f1o a esta jovencita. Se nos unieron aproximadamente unas 50 personas\u2026\u201d, manifest\u00f3 el comunicador.<\/p>\n\n\n\n<p>Unos hobe\u00f1os dieron la torta, el estilista puso su trabajo y pein\u00f3 a la jovencita, otro puso el vestido, otro m\u00e1s dio las zapatillas, uno le dio el anillo, otros pusieron la comida y otros m\u00e1s le dieron detalles, regalos.<\/p>\n\n\n\n<p><strong>\u201cMi verdadero pap\u00e1 nunca me ha ayudado\u201d<\/strong><\/p>\n\n\n\n<p>Esta humilde adolescente, nunca pens\u00f3 que su sue\u00f1o se cumplir\u00eda, ya que no ha contado con el apoyo de su verdadero padre. \u201cYo tengo un pap\u00e1, que nunca me ha querido colaborar en nada y pues tampoco ayud\u00f3 con mis cumplea\u00f1os\u201d, narr\u00f3 a LUCHO NOTICIAS.<\/p>\n\n\n\n<p>La joven no solo dio gracias a Dios, sino a todas las personas que se unieron para que ella hubiera cumplido su sue\u00f1o de celebrar los quince a\u00f1os. \u201cMuchas personas lograron cumplirme este sue\u00f1o, entre ellos el se\u00f1or Jos\u00e9 Luis, quien tiene una sala de belleza y quien me arregl\u00f3 para mi celebraci\u00f3n, as\u00ed mismo muchas personas me dieron algunas ayudas y regalos. Le agradezco a todas las personas que se me cumplieron este sue\u00f1o\u201d, dijo Angie Liceth.<\/p>\n\n\n\n<figure class=\"wp-block-gallery has-nested-images columns-default is-cropped wp-block-gallery-3 is-layout-flex wp-block-gallery-is-layout-flex\">\n<figure class=\"wp-block-image size-large\"><img decoding=\"async\" data-id=\"44799\" src=\"https:\/\/luchonoticias.com\/wp-content\/uploads\/2023\/01\/326346886_1549322682221587_8331444006313138669_n-1024x683.jpg\" alt=\"\" class=\"wp-image-44799\"\/><\/figure>\n\n\n\n<figure class=\"wp-block-image size-large\"><img decoding=\"async\" data-id=\"44800\" src=\"https:\/\/luchonoticias.com\/wp-content\/uploads\/2023\/01\/326416962_3695602427327963_2052781414193177890_n-1024x683.jpg\" alt=\"\" class=\"wp-image-44800\"\/><\/figure>\n<\/figure>\n\n\n\n<p><strong>\u201cUno sabe que de gu\u00e1mbito quiere tener una fiesta de 15 a\u00f1os\u201d<\/strong><\/p>\n\n\n\n<p>Como Angie, tambi\u00e9n su se\u00f1ora madre, Alba Luz, qued\u00f3 conmocionada con las ayudas recibidas para cumplir el sue\u00f1o de su hija, ya que gracias a Farid y su actual pareja, nunca se imaginaron la gran acogida de los huilenses para ayudarlos.<\/p>\n\n\n\n<p>\u201cSomos de muy bajos recursos, mi esposo trabaja en oficios varios y lo poquito que conseguimos es para comer, estoy muy agradecida porque me coloraron con todo, con las sillas, comida, vestidos y hasta regalos le dieron; esto demuestras que los huilenses somos personas de buen coraz\u00f3n\u201d, afirm\u00f3 la mujer.<\/p>\n\n\n\n<p>Asimismo, en lo dialogado con LUCHO NOTICIAS, la humilde mujer relat\u00f3 c\u00f3mo su hija le contaba diariamente el sue\u00f1o de celebrar sus quince a\u00f1os y ella, a sabiendas de que, por sus bajos recursos, logr\u00f3 con las ayudas de los huilenses cumplirse su a\u00f1orado sue\u00f1o.<\/p>\n\n\n\n<p>\u201cElla siempre me dec\u00eda mam\u00e1, yo quiero tener una fiesta, uno sabe que de Gu\u00e1mbito uno quiere tener una fiesta de 15 a\u00f1os. Yo le dije voy a ver como hago. Entonces yo le dije a al se\u00f1or Farid que me colaborar\u00e1 y gracias a \u00e9l es que se le cumpli\u00f3 el sue\u00f1o a Angie. Le doy gracias a la gente que nos ayudaron porque si no fueran por ellos tampoco se hubiera logrado realizar la fiesta para mi princesa\u201d, expres\u00f3 mujer en medio de l\u00e1grimas de felicidad.<\/p>\n\n\n\n<p><strong>\u201cMe puse la camiseta de ser su pap\u00e1\u201d<\/strong><\/p>\n\n\n\n<p>El trabajo en equipo realizado por la familia de Angie Liceth con el periodista Farid S\u00e1nchez, demuestra que los sue\u00f1os se pueden hacer realidad, pero la acci\u00f3n realizada por Jos\u00e9 Ignacio Cuellar, padrastro de esta humilde adolescente, deja ver que no importa la gen\u00e9tica para actuar como un verdadero padre.<\/p>\n\n\n\n<p>\u201cYo me puse la camiseta como un pap\u00e1, as\u00ed no lo sea gen\u00e9ticamente, ella siempre me dec\u00eda, quer\u00eda celebrar sus 15 a\u00f1os, pero el pap\u00e1 de ella nunca se present\u00f3 para nada, al ver eso, le dije, iba a ver c\u00f3mo le colaboraba para darle su fiesta como sea. Hace unas semanas, yo le dije a mi esposa que habl\u00e1ramos con Farid porque \u00e9l siempre ha apoyado a la gente de Hobo. Yo le agradezco mucho a toda la gente colaboradora que nos ayud\u00f3 a cumplir este sue\u00f1o\u201d, asever\u00f3 Jos\u00e9 Ignacio.<\/p>\n\n\n<p><iframe loading=\"lazy\" src=\"https:\/\/www.facebook.com\/plugins\/video.php?height=314&#038;href=https%3A%2F%2Fwww.facebook.com%2Fluchonoticiasneiva%2Fvideos%2F586433163299374%2F&#038;show_text=false&#038;width=560&#038;t=0\" width=\"560\" height=\"314\" style=\"border:none;overflow:hidden\" scrolling=\"no\" frameborder=\"0\" allowfullscreen=\"true\" allow=\"autoplay; clipboard-write; encrypted-media; picture-in-picture; web-share\" allowFullScreen=\"true\"><\/iframe><\/p>\n","protected":false},"excerpt":{"rendered":"<p>Por: C\u00e9sar Escall\u00f3n \u201cMuchas personas lograron cumplirme este sue\u00f1o\u2026\u201d, expres\u00f3 en medio de la alegr\u00eda la menor Angie Liceth Zambrano Stirling, quien celebr\u00f3 sus quince a\u00f1os de edad con la colaboraci\u00f3n de habitantes del municipio de Hobo. La adolescente, quien vive junto a su mam\u00e1 Alba Luz Stirling Perdomo, sus tres hermanos y su padrastro [&hellip;]<\/p>\n","protected":false},"author":2,"featured_media":0,"comment_status":"open","ping_status":"open","sticky":false,"template":"","format":"standard","meta":{"footnotes":""},"categories":[3961,36],"tags":[],"class_list":["post-44793","post","type-post","status-publish","format-standard","hentry","category-comunidad","category-destacado"],"yoast_head":"<!-- This site is optimized with the Yoast SEO plugin v26.6 - https:\/\/yoast.com\/wordpress\/plugins\/seo\/ -->\n<title>Una fiesta inolvidable: Angie Liceth cumpli\u00f3 el sue\u00f1o de celebrar sus 15 a\u00f1os -<\/title>\n<meta name=\"robots\" content=\"index, follow, max-snippet:-1, max-image-preview:large, max-video-preview:-1\" \/>\n<link rel=\"canonical\" href=\"https:\/\/luchonoticias.com\/editor\/una-fiesta-inolvidable-angie-liceth-cumplio-el-sueno-de-celebrar-sus-15-anos\/\" \/>\n<meta property=\"og:locale\" content=\"es_ES\" \/>\n<meta property=\"og:type\" content=\"article\" \/>\n<meta property=\"og:title\" content=\"Una fiesta inolvidable: Angie Liceth cumpli\u00f3 el sue\u00f1o de celebrar sus 15 a\u00f1os -\" \/>\n<meta property=\"og:url\" content=\"https:\/\/luchonoticias.com\/editor\/una-fiesta-inolvidable-angie-liceth-cumplio-el-sueno-de-celebrar-sus-15-anos\/\" \/>\n<meta property=\"article:publisher\" content=\"https:\/\/www.facebook.com\/luchonoticiasneiva\" \/>\n<meta property=\"article:published_time\" content=\"2023-01-23T22:48:55+00:00\" \/>\n<meta property=\"article:modified_time\" content=\"2023-01-23T22:49:08+00:00\" \/>\n<meta property=\"og:image\" content=\"https:\/\/luchonoticias.com\/wp-content\/uploads\/2023\/01\/326349546_518093933759624_4371605397091895007_n-1024x683.jpg\" \/>\n<meta name=\"author\" content=\"Editor General\" \/>\n<meta name=\"twitter:card\" content=\"summary_large_image\" \/>\n<meta name=\"twitter:label1\" content=\"Escrito por\" \/>\n\t<meta name=\"twitter:data1\" content=\"Editor General\" \/>\n\t<meta name=\"twitter:label2\" content=\"Tiempo de lectura\" \/>\n\t<meta name=\"twitter:data2\" content=\"5 minutos\" \/>\n<script type=\"application\/ld+json\" class=\"yoast-schema-graph\">{\"@context\":\"https:\/\/schema.org\",\"@graph\":[{\"@type\":\"Article\",\"@id\":\"https:\/\/luchonoticias.com\/editor\/una-fiesta-inolvidable-angie-liceth-cumplio-el-sueno-de-celebrar-sus-15-anos\/#article\",\"isPartOf\":{\"@id\":\"https:\/\/luchonoticias.com\/editor\/una-fiesta-inolvidable-angie-liceth-cumplio-el-sueno-de-celebrar-sus-15-anos\/\"},\"author\":{\"name\":\"Editor General\",\"@id\":\"https:\/\/luchonoticias.com\/editor\/#\/schema\/person\/29217990ddf6f14e35912b2866d591fb\"},\"headline\":\"Una fiesta inolvidable: Angie Liceth cumpli\u00f3 el sue\u00f1o de celebrar sus 15 a\u00f1os\",\"datePublished\":\"2023-01-23T22:48:55+00:00\",\"dateModified\":\"2023-01-23T22:49:08+00:00\",\"mainEntityOfPage\":{\"@id\":\"https:\/\/luchonoticias.com\/editor\/una-fiesta-inolvidable-angie-liceth-cumplio-el-sueno-de-celebrar-sus-15-anos\/\"},\"wordCount\":940,\"commentCount\":0,\"publisher\":{\"@id\":\"https:\/\/luchonoticias.com\/editor\/#\/schema\/person\/7a7fd911f58561fd056dbac7b55af9cd\"},\"image\":{\"@id\":\"https:\/\/luchonoticias.com\/editor\/una-fiesta-inolvidable-angie-liceth-cumplio-el-sueno-de-celebrar-sus-15-anos\/#primaryimage\"},\"thumbnailUrl\":\"https:\/\/luchonoticias.com\/wp-content\/uploads\/2023\/01\/326349546_518093933759624_4371605397091895007_n-1024x683.jpg\",\"articleSection\":[\"Comunidad\",\"Destacado\"],\"inLanguage\":\"es\",\"potentialAction\":[{\"@type\":\"CommentAction\",\"name\":\"Comment\",\"target\":[\"https:\/\/luchonoticias.com\/editor\/una-fiesta-inolvidable-angie-liceth-cumplio-el-sueno-de-celebrar-sus-15-anos\/#respond\"]}]},{\"@type\":\"WebPage\",\"@id\":\"https:\/\/luchonoticias.com\/editor\/una-fiesta-inolvidable-angie-liceth-cumplio-el-sueno-de-celebrar-sus-15-anos\/\",\"url\":\"https:\/\/luchonoticias.com\/editor\/una-fiesta-inolvidable-angie-liceth-cumplio-el-sueno-de-celebrar-sus-15-anos\/\",\"name\":\"Una fiesta inolvidable: Angie Liceth cumpli\u00f3 el sue\u00f1o de celebrar sus 15 a\u00f1os -\",\"isPartOf\":{\"@id\":\"https:\/\/luchonoticias.com\/editor\/#website\"},\"primaryImageOfPage\":{\"@id\":\"https:\/\/luchonoticias.com\/editor\/una-fiesta-inolvidable-angie-liceth-cumplio-el-sueno-de-celebrar-sus-15-anos\/#primaryimage\"},\"image\":{\"@id\":\"https:\/\/luchonoticias.com\/editor\/una-fiesta-inolvidable-angie-liceth-cumplio-el-sueno-de-celebrar-sus-15-anos\/#primaryimage\"},\"thumbnailUrl\":\"https:\/\/luchonoticias.com\/wp-content\/uploads\/2023\/01\/326349546_518093933759624_4371605397091895007_n-1024x683.jpg\",\"datePublished\":\"2023-01-23T22:48:55+00:00\",\"dateModified\":\"2023-01-23T22:49:08+00:00\",\"breadcrumb\":{\"@id\":\"https:\/\/luchonoticias.com\/editor\/una-fiesta-inolvidable-angie-liceth-cumplio-el-sueno-de-celebrar-sus-15-anos\/#breadcrumb\"},\"inLanguage\":\"es\",\"potentialAction\":[{\"@type\":\"ReadAction\",\"target\":[\"https:\/\/luchonoticias.com\/editor\/una-fiesta-inolvidable-angie-liceth-cumplio-el-sueno-de-celebrar-sus-15-anos\/\"]}]},{\"@type\":\"ImageObject\",\"inLanguage\":\"es\",\"@id\":\"https:\/\/luchonoticias.com\/editor\/una-fiesta-inolvidable-angie-liceth-cumplio-el-sueno-de-celebrar-sus-15-anos\/#primaryimage\",\"url\":\"https:\/\/luchonoticias.com\/wp-content\/uploads\/2023\/01\/326349546_518093933759624_4371605397091895007_n-1024x683.jpg\",\"contentUrl\":\"https:\/\/luchonoticias.com\/wp-content\/uploads\/2023\/01\/326349546_518093933759624_4371605397091895007_n-1024x683.jpg\"},{\"@type\":\"BreadcrumbList\",\"@id\":\"https:\/\/luchonoticias.com\/editor\/una-fiesta-inolvidable-angie-liceth-cumplio-el-sueno-de-celebrar-sus-15-anos\/#breadcrumb\",\"itemListElement\":[{\"@type\":\"ListItem\",\"position\":1,\"name\":\"Portada\",\"item\":\"https:\/\/luchonoticias.com\/editor\/\"},{\"@type\":\"ListItem\",\"position\":2,\"name\":\"Una fiesta inolvidable: Angie Liceth cumpli\u00f3 el sue\u00f1o de celebrar sus 15 a\u00f1os\"}]},{\"@type\":\"WebSite\",\"@id\":\"https:\/\/luchonoticias.com\/editor\/#website\",\"url\":\"https:\/\/luchonoticias.com\/editor\/\",\"name\":\"\",\"description\":\"\",\"publisher\":{\"@id\":\"https:\/\/luchonoticias.com\/editor\/#\/schema\/person\/7a7fd911f58561fd056dbac7b55af9cd\"},\"potentialAction\":[{\"@type\":\"SearchAction\",\"target\":{\"@type\":\"EntryPoint\",\"urlTemplate\":\"https:\/\/luchonoticias.com\/editor\/?s={search_term_string}\"},\"query-input\":{\"@type\":\"PropertyValueSpecification\",\"valueRequired\":true,\"valueName\":\"search_term_string\"}}],\"inLanguage\":\"es\"},{\"@type\":[\"Person\",\"Organization\"],\"@id\":\"https:\/\/luchonoticias.com\/editor\/#\/schema\/person\/7a7fd911f58561fd056dbac7b55af9cd\",\"name\":\"admin\",\"image\":{\"@type\":\"ImageObject\",\"inLanguage\":\"es\",\"@id\":\"https:\/\/luchonoticias.com\/editor\/#\/schema\/person\/image\/\",\"url\":\"https:\/\/luchonoticias.com\/editor\/wp-content\/uploads\/2024\/02\/cropped-cropped-logolu.webp\",\"contentUrl\":\"https:\/\/luchonoticias.com\/editor\/wp-content\/uploads\/2024\/02\/cropped-cropped-logolu.webp\",\"width\":382,\"height\":170,\"caption\":\"admin\"},\"logo\":{\"@id\":\"https:\/\/luchonoticias.com\/editor\/#\/schema\/person\/image\/\"},\"sameAs\":[\"https:\/\/www.facebook.com\/luchonoticiasneiva\"]},{\"@type\":\"Person\",\"@id\":\"https:\/\/luchonoticias.com\/editor\/#\/schema\/person\/29217990ddf6f14e35912b2866d591fb\",\"name\":\"Editor General\",\"image\":{\"@type\":\"ImageObject\",\"inLanguage\":\"es\",\"@id\":\"https:\/\/luchonoticias.com\/editor\/#\/schema\/person\/image\/\",\"url\":\"https:\/\/luchonoticias.com\/editor\/wp-content\/uploads\/2024\/02\/cropped-cropped-logolu-150x150.webp\",\"contentUrl\":\"https:\/\/luchonoticias.com\/editor\/wp-content\/uploads\/2024\/02\/cropped-cropped-logolu-150x150.webp\",\"caption\":\"Editor General\"},\"sameAs\":[\"https:\/\/luchonoticias.com\/\"],\"url\":\"https:\/\/luchonoticias.com\/editor\/author\/editor-general\/\"}]}<\/script>\n<!-- \/ Yoast SEO plugin. -->","yoast_head_json":{"title":"Una fiesta inolvidable: Angie Liceth cumpli\u00f3 el sue\u00f1o de celebrar sus 15 a\u00f1os -","robots":{"index":"index","follow":"follow","max-snippet":"max-snippet:-1","max-image-preview":"max-image-preview:large","max-video-preview":"max-video-preview:-1"},"canonical":"https:\/\/luchonoticias.com\/editor\/una-fiesta-inolvidable-angie-liceth-cumplio-el-sueno-de-celebrar-sus-15-anos\/","og_locale":"es_ES","og_type":"article","og_title":"Una fiesta inolvidable: Angie Liceth cumpli\u00f3 el sue\u00f1o de celebrar sus 15 a\u00f1os -","og_url":"https:\/\/luchonoticias.com\/editor\/una-fiesta-inolvidable-angie-liceth-cumplio-el-sueno-de-celebrar-sus-15-anos\/","article_publisher":"https:\/\/www.facebook.com\/luchonoticiasneiva","article_published_time":"2023-01-23T22:48:55+00:00","article_modified_time":"2023-01-23T22:49:08+00:00","og_image":[{"url":"https:\/\/luchonoticias.com\/wp-content\/uploads\/2023\/01\/326349546_518093933759624_4371605397091895007_n-1024x683.jpg","type":"","width":"","height":""}],"author":"Editor General","twitter_card":"summary_large_image","twitter_misc":{"Escrito por":"Editor General","Tiempo de lectura":"5 minutos"},"schema":{"@context":"https:\/\/schema.org","@graph":[{"@type":"Article","@id":"https:\/\/luchonoticias.com\/editor\/una-fiesta-inolvidable-angie-liceth-cumplio-el-sueno-de-celebrar-sus-15-anos\/#article","isPartOf":{"@id":"https:\/\/luchonoticias.com\/editor\/una-fiesta-inolvidable-angie-liceth-cumplio-el-sueno-de-celebrar-sus-15-anos\/"},"author":{"name":"Editor General","@id":"https:\/\/luchonoticias.com\/editor\/#\/schema\/person\/29217990ddf6f14e35912b2866d591fb"},"headline":"Una fiesta inolvidable: Angie Liceth cumpli\u00f3 el sue\u00f1o de celebrar sus 15 a\u00f1os","datePublished":"2023-01-23T22:48:55+00:00","dateModified":"2023-01-23T22:49:08+00:00","mainEntityOfPage":{"@id":"https:\/\/luchonoticias.com\/editor\/una-fiesta-inolvidable-angie-liceth-cumplio-el-sueno-de-celebrar-sus-15-anos\/"},"wordCount":940,"commentCount":0,"publisher":{"@id":"https:\/\/luchonoticias.com\/editor\/#\/schema\/person\/7a7fd911f58561fd056dbac7b55af9cd"},"image":{"@id":"https:\/\/luchonoticias.com\/editor\/una-fiesta-inolvidable-angie-liceth-cumplio-el-sueno-de-celebrar-sus-15-anos\/#primaryimage"},"thumbnailUrl":"https:\/\/luchonoticias.com\/wp-content\/uploads\/2023\/01\/326349546_518093933759624_4371605397091895007_n-1024x683.jpg","articleSection":["Comunidad","Destacado"],"inLanguage":"es","potentialAction":[{"@type":"CommentAction","name":"Comment","target":["https:\/\/luchonoticias.com\/editor\/una-fiesta-inolvidable-angie-liceth-cumplio-el-sueno-de-celebrar-sus-15-anos\/#respond"]}]},{"@type":"WebPage","@id":"https:\/\/luchonoticias.com\/editor\/una-fiesta-inolvidable-angie-liceth-cumplio-el-sueno-de-celebrar-sus-15-anos\/","url":"https:\/\/luchonoticias.com\/editor\/una-fiesta-inolvidable-angie-liceth-cumplio-el-sueno-de-celebrar-sus-15-anos\/","name":"Una fiesta inolvidable: Angie Liceth cumpli\u00f3 el sue\u00f1o de celebrar sus 15 a\u00f1os -","isPartOf":{"@id":"https:\/\/luchonoticias.com\/editor\/#website"},"primaryImageOfPage":{"@id":"https:\/\/luchonoticias.com\/editor\/una-fiesta-inolvidable-angie-liceth-cumplio-el-sueno-de-celebrar-sus-15-anos\/#primaryimage"},"image":{"@id":"https:\/\/luchonoticias.com\/editor\/una-fiesta-inolvidable-angie-liceth-cumplio-el-sueno-de-celebrar-sus-15-anos\/#primaryimage"},"thumbnailUrl":"https:\/\/luchonoticias.com\/wp-content\/uploads\/2023\/01\/326349546_518093933759624_4371605397091895007_n-1024x683.jpg","datePublished":"2023-01-23T22:48:55+00:00","dateModified":"2023-01-23T22:49:08+00:00","breadcrumb":{"@id":"https:\/\/luchonoticias.com\/editor\/una-fiesta-inolvidable-angie-liceth-cumplio-el-sueno-de-celebrar-sus-15-anos\/#breadcrumb"},"inLanguage":"es","potentialAction":[{"@type":"ReadAction","target":["https:\/\/luchonoticias.com\/editor\/una-fiesta-inolvidable-angie-liceth-cumplio-el-sueno-de-celebrar-sus-15-anos\/"]}]},{"@type":"ImageObject","inLanguage":"es","@id":"https:\/\/luchonoticias.com\/editor\/una-fiesta-inolvidable-angie-liceth-cumplio-el-sueno-de-celebrar-sus-15-anos\/#primaryimage","url":"https:\/\/luchonoticias.com\/wp-content\/uploads\/2023\/01\/326349546_518093933759624_4371605397091895007_n-1024x683.jpg","contentUrl":"https:\/\/luchonoticias.com\/wp-content\/uploads\/2023\/01\/326349546_518093933759624_4371605397091895007_n-1024x683.jpg"},{"@type":"BreadcrumbList","@id":"https:\/\/luchonoticias.com\/editor\/una-fiesta-inolvidable-angie-liceth-cumplio-el-sueno-de-celebrar-sus-15-anos\/#breadcrumb","itemListElement":[{"@type":"ListItem","position":1,"name":"Portada","item":"https:\/\/luchonoticias.com\/editor\/"},{"@type":"ListItem","position":2,"name":"Una fiesta inolvidable: Angie Liceth cumpli\u00f3 el sue\u00f1o de celebrar sus 15 a\u00f1os"}]},{"@type":"WebSite","@id":"https:\/\/luchonoticias.com\/editor\/#website","url":"https:\/\/luchonoticias.com\/editor\/","name":"","description":"","publisher":{"@id":"https:\/\/luchonoticias.com\/editor\/#\/schema\/person\/7a7fd911f58561fd056dbac7b55af9cd"},"potentialAction":[{"@type":"SearchAction","target":{"@type":"EntryPoint","urlTemplate":"https:\/\/luchonoticias.com\/editor\/?s={search_term_string}"},"query-input":{"@type":"PropertyValueSpecification","valueRequired":true,"valueName":"search_term_string"}}],"inLanguage":"es"},{"@type":["Person","Organization"],"@id":"https:\/\/luchonoticias.com\/editor\/#\/schema\/person\/7a7fd911f58561fd056dbac7b55af9cd","name":"admin","image":{"@type":"ImageObject","inLanguage":"es","@id":"https:\/\/luchonoticias.com\/editor\/#\/schema\/person\/image\/","url":"https:\/\/luchonoticias.com\/editor\/wp-content\/uploads\/2024\/02\/cropped-cropped-logolu.webp","contentUrl":"https:\/\/luchonoticias.com\/editor\/wp-content\/uploads\/2024\/02\/cropped-cropped-logolu.webp","width":382,"height":170,"caption":"admin"},"logo":{"@id":"https:\/\/luchonoticias.com\/editor\/#\/schema\/person\/image\/"},"sameAs":["https:\/\/www.facebook.com\/luchonoticiasneiva"]},{"@type":"Person","@id":"https:\/\/luchonoticias.com\/editor\/#\/schema\/person\/29217990ddf6f14e35912b2866d591fb","name":"Editor General","image":{"@type":"ImageObject","inLanguage":"es","@id":"https:\/\/luchonoticias.com\/editor\/#\/schema\/person\/image\/","url":"https:\/\/luchonoticias.com\/editor\/wp-content\/uploads\/2024\/02\/cropped-cropped-logolu-150x150.webp","contentUrl":"https:\/\/luchonoticias.com\/editor\/wp-content\/uploads\/2024\/02\/cropped-cropped-logolu-150x150.webp","caption":"Editor General"},"sameAs":["https:\/\/luchonoticias.com\/"],"url":"https:\/\/luchonoticias.com\/editor\/author\/editor-general\/"}]}},"_links":{"self":[{"href":"https:\/\/luchonoticias.com\/editor\/wp-json\/wp\/v2\/posts\/44793","targetHints":{"allow":["GET"]}}],"collection":[{"href":"https:\/\/luchonoticias.com\/editor\/wp-json\/wp\/v2\/posts"}],"about":[{"href":"https:\/\/luchonoticias.com\/editor\/wp-json\/wp\/v2\/types\/post"}],"author":[{"embeddable":true,"href":"https:\/\/luchonoticias.com\/editor\/wp-json\/wp\/v2\/users\/2"}],"replies":[{"embeddable":true,"href":"https:\/\/luchonoticias.com\/editor\/wp-json\/wp\/v2\/comments?post=44793"}],"version-history":[{"count":0,"href":"https:\/\/luchonoticias.com\/editor\/wp-json\/wp\/v2\/posts\/44793\/revisions"}],"wp:attachment":[{"href":"https:\/\/luchonoticias.com\/editor\/wp-json\/wp\/v2\/media?parent=44793"}],"wp:term":[{"taxonomy":"category","embeddable":true,"href":"https:\/\/luchonoticias.com\/editor\/wp-json\/wp\/v2\/categories?post=44793"},{"taxonomy":"post_tag","embeddable":true,"href":"https:\/\/luchonoticias.com\/editor\/wp-json\/wp\/v2\/tags?post=44793"}],"curies":[{"name":"wp","href":"https:\/\/api.w.org\/{rel}","templated":true}]}}