{"id":44821,"date":"2023-01-24T07:14:02","date_gmt":"2023-01-24T12:14:02","guid":{"rendered":"https:\/\/luchonoticias.com\/?p=44821"},"modified":"2023-01-24T07:14:03","modified_gmt":"2023-01-24T12:14:03","slug":"dos-presuntos-reconocidos-delincuentes-de-neiva-fueron-capturados","status":"publish","type":"post","link":"https:\/\/luchonoticias.com\/editor\/dos-presuntos-reconocidos-delincuentes-de-neiva-fueron-capturados\/","title":{"rendered":"Dos presuntos reconocidos delincuentes de Neiva fueron capturados"},"content":{"rendered":"\n<p>En las \u00faltimas horas, la Polic\u00eda Nacional dieron a conocer que mediante el desarrollo del Plan Choque dieron la captura en flagrancia de dos personas por el delito de porte ilegal de armas de fuego.<\/p>\n\n\n\n<p>\u201cEs as\u00ed como uniformados adscritos a la Seccional de Investigaci\u00f3n Criminal SIJIN, mediante planes de registro, control y solicitud de antecedentes en la calle 62 con carrera 5 barrio El Cortijo, logran la captura en flagrancia de dos Presuntos Actores delincuenciales con un arma de fuego tipo artesanal, quienes se movilizaban en una motocicleta Auteco Boxer color rojo\u201d, indicaron las fuentes oficiales en un comunicado.<\/p>\n\n\n\n<figure class=\"wp-block-gallery has-nested-images columns-default is-cropped wp-block-gallery-1 is-layout-flex wp-block-gallery-is-layout-flex\">\n<figure class=\"wp-block-image size-large\"><img decoding=\"async\" data-id=\"44824\" src=\"https:\/\/luchonoticias.com\/wp-content\/uploads\/2023\/01\/WhatsApp-Image-2023-01-23-at-7.12.43-PM-1.jpeg\" alt=\"\" class=\"wp-image-44824\"\/><\/figure>\n\n\n\n<figure class=\"wp-block-image size-large\"><img decoding=\"async\" data-id=\"44825\" src=\"https:\/\/luchonoticias.com\/wp-content\/uploads\/2023\/01\/WhatsApp-Image-2023-01-23-at-7.12.44-PM.jpeg\" alt=\"\" class=\"wp-image-44825\"\/><\/figure>\n<\/figure>\n\n\n\n<p><strong>Identificaci\u00f3n y prontuario delictivo<\/strong><\/p>\n\n\n\n<p>Asimismo, las autoridades opitas revelaron que las personas capturadas fueron identificadas como Duv\u00e1n Felipe Yara Fern\u00e1ndez y Johan Sebasti\u00e1n Ortiz Z\u00fa\u00f1iga, quienes presentan antecedentes por diversos delitos.<\/p>\n\n\n\n<p>\u201cDuv\u00e1n Felipe Yara Fern\u00e1ndez de 23 a\u00f1os de edad, gozaba de detenci\u00f3n domiciliaria, portando un brazalete electr\u00f3nico del INPEC, adem\u00e1s presenta antecedentes por los delitos de Homicidio, Porte Ilegal de armas de Fuego, Hurto Calificado, Lesiones Personales, Violencia Intrafamiliar y Fuga de presos, Johan Sebasti\u00e1n Ortiz Z\u00fa\u00f1iga de 32 a\u00f1os de edad, presenta antecedentes por los delitos de Hurto Calificado, Porte Ilegal de Armas de Fuego y Fuga de Presos\u201d, confirmaron.<\/p>\n\n\n\n<p>Finalmente, la Polic\u00eda Nacional dio a conocer que la motocicleta que era usada para la comisi\u00f3n de delitos fue dejada a disposici\u00f3n de la autoridad competente, mientras los capturados, fueron puestos a disposici\u00f3n de un Juez de control y garant\u00eda, quien decidir\u00e1 su situaci\u00f3n jur\u00eddica.<\/p>\n","protected":false},"excerpt":{"rendered":"<p>En las \u00faltimas horas, la Polic\u00eda Nacional dieron a conocer que mediante el desarrollo del Plan Choque dieron la captura en flagrancia de dos personas por el delito de porte ilegal de armas de fuego. \u201cEs as\u00ed como uniformados adscritos a la Seccional de Investigaci\u00f3n Criminal SIJIN, mediante planes de registro, control y solicitud de [&hellip;]<\/p>\n","protected":false},"author":2,"featured_media":0,"comment_status":"open","ping_status":"open","sticky":false,"template":"","format":"standard","meta":{"footnotes":""},"categories":[36,29],"tags":[],"class_list":["post-44821","post","type-post","status-publish","format-standard","hentry","category-destacado","category-judicial"],"yoast_head":"<!-- This site is optimized with the Yoast SEO plugin v26.6 - https:\/\/yoast.com\/wordpress\/plugins\/seo\/ -->\n<title>Dos presuntos reconocidos delincuentes de Neiva fueron capturados -<\/title>\n<meta name=\"robots\" content=\"index, follow, max-snippet:-1, max-image-preview:large, max-video-preview:-1\" \/>\n<link rel=\"canonical\" href=\"https:\/\/luchonoticias.com\/editor\/dos-presuntos-reconocidos-delincuentes-de-neiva-fueron-capturados\/\" \/>\n<meta property=\"og:locale\" content=\"es_ES\" \/>\n<meta property=\"og:type\" content=\"article\" \/>\n<meta property=\"og:title\" content=\"Dos presuntos reconocidos delincuentes de Neiva fueron capturados -\" \/>\n<meta property=\"og:url\" content=\"https:\/\/luchonoticias.com\/editor\/dos-presuntos-reconocidos-delincuentes-de-neiva-fueron-capturados\/\" \/>\n<meta property=\"article:publisher\" content=\"https:\/\/www.facebook.com\/luchonoticiasneiva\" \/>\n<meta property=\"article:published_time\" content=\"2023-01-24T12:14:02+00:00\" \/>\n<meta property=\"article:modified_time\" content=\"2023-01-24T12:14:03+00:00\" \/>\n<meta property=\"og:image\" content=\"https:\/\/luchonoticias.com\/wp-content\/uploads\/2023\/01\/WhatsApp-Image-2023-01-23-at-7.12.43-PM-1.jpeg\" \/>\n<meta name=\"author\" content=\"Editor General\" \/>\n<meta name=\"twitter:card\" content=\"summary_large_image\" \/>\n<meta name=\"twitter:label1\" content=\"Escrito por\" \/>\n\t<meta name=\"twitter:data1\" content=\"Editor General\" \/>\n\t<meta name=\"twitter:label2\" content=\"Tiempo de lectura\" \/>\n\t<meta name=\"twitter:data2\" content=\"1 minuto\" \/>\n<script type=\"application\/ld+json\" class=\"yoast-schema-graph\">{\"@context\":\"https:\/\/schema.org\",\"@graph\":[{\"@type\":\"Article\",\"@id\":\"https:\/\/luchonoticias.com\/editor\/dos-presuntos-reconocidos-delincuentes-de-neiva-fueron-capturados\/#article\",\"isPartOf\":{\"@id\":\"https:\/\/luchonoticias.com\/editor\/dos-presuntos-reconocidos-delincuentes-de-neiva-fueron-capturados\/\"},\"author\":{\"name\":\"Editor General\",\"@id\":\"https:\/\/luchonoticias.com\/editor\/#\/schema\/person\/29217990ddf6f14e35912b2866d591fb\"},\"headline\":\"Dos presuntos reconocidos delincuentes de Neiva fueron capturados\",\"datePublished\":\"2023-01-24T12:14:02+00:00\",\"dateModified\":\"2023-01-24T12:14:03+00:00\",\"mainEntityOfPage\":{\"@id\":\"https:\/\/luchonoticias.com\/editor\/dos-presuntos-reconocidos-delincuentes-de-neiva-fueron-capturados\/\"},\"wordCount\":274,\"commentCount\":0,\"publisher\":{\"@id\":\"https:\/\/luchonoticias.com\/editor\/#\/schema\/person\/7a7fd911f58561fd056dbac7b55af9cd\"},\"image\":{\"@id\":\"https:\/\/luchonoticias.com\/editor\/dos-presuntos-reconocidos-delincuentes-de-neiva-fueron-capturados\/#primaryimage\"},\"thumbnailUrl\":\"https:\/\/luchonoticias.com\/wp-content\/uploads\/2023\/01\/WhatsApp-Image-2023-01-23-at-7.12.43-PM-1.jpeg\",\"articleSection\":[\"Destacado\",\"Judicial\"],\"inLanguage\":\"es\",\"potentialAction\":[{\"@type\":\"CommentAction\",\"name\":\"Comment\",\"target\":[\"https:\/\/luchonoticias.com\/editor\/dos-presuntos-reconocidos-delincuentes-de-neiva-fueron-capturados\/#respond\"]}]},{\"@type\":\"WebPage\",\"@id\":\"https:\/\/luchonoticias.com\/editor\/dos-presuntos-reconocidos-delincuentes-de-neiva-fueron-capturados\/\",\"url\":\"https:\/\/luchonoticias.com\/editor\/dos-presuntos-reconocidos-delincuentes-de-neiva-fueron-capturados\/\",\"name\":\"Dos presuntos reconocidos delincuentes de Neiva fueron capturados -\",\"isPartOf\":{\"@id\":\"https:\/\/luchonoticias.com\/editor\/#website\"},\"primaryImageOfPage\":{\"@id\":\"https:\/\/luchonoticias.com\/editor\/dos-presuntos-reconocidos-delincuentes-de-neiva-fueron-capturados\/#primaryimage\"},\"image\":{\"@id\":\"https:\/\/luchonoticias.com\/editor\/dos-presuntos-reconocidos-delincuentes-de-neiva-fueron-capturados\/#primaryimage\"},\"thumbnailUrl\":\"https:\/\/luchonoticias.com\/wp-content\/uploads\/2023\/01\/WhatsApp-Image-2023-01-23-at-7.12.43-PM-1.jpeg\",\"datePublished\":\"2023-01-24T12:14:02+00:00\",\"dateModified\":\"2023-01-24T12:14:03+00:00\",\"breadcrumb\":{\"@id\":\"https:\/\/luchonoticias.com\/editor\/dos-presuntos-reconocidos-delincuentes-de-neiva-fueron-capturados\/#breadcrumb\"},\"inLanguage\":\"es\",\"potentialAction\":[{\"@type\":\"ReadAction\",\"target\":[\"https:\/\/luchonoticias.com\/editor\/dos-presuntos-reconocidos-delincuentes-de-neiva-fueron-capturados\/\"]}]},{\"@type\":\"ImageObject\",\"inLanguage\":\"es\",\"@id\":\"https:\/\/luchonoticias.com\/editor\/dos-presuntos-reconocidos-delincuentes-de-neiva-fueron-capturados\/#primaryimage\",\"url\":\"https:\/\/luchonoticias.com\/wp-content\/uploads\/2023\/01\/WhatsApp-Image-2023-01-23-at-7.12.43-PM-1.jpeg\",\"contentUrl\":\"https:\/\/luchonoticias.com\/wp-content\/uploads\/2023\/01\/WhatsApp-Image-2023-01-23-at-7.12.43-PM-1.jpeg\"},{\"@type\":\"BreadcrumbList\",\"@id\":\"https:\/\/luchonoticias.com\/editor\/dos-presuntos-reconocidos-delincuentes-de-neiva-fueron-capturados\/#breadcrumb\",\"itemListElement\":[{\"@type\":\"ListItem\",\"position\":1,\"name\":\"Portada\",\"item\":\"https:\/\/luchonoticias.com\/editor\/\"},{\"@type\":\"ListItem\",\"position\":2,\"name\":\"Dos presuntos reconocidos delincuentes de Neiva fueron capturados\"}]},{\"@type\":\"WebSite\",\"@id\":\"https:\/\/luchonoticias.com\/editor\/#website\",\"url\":\"https:\/\/luchonoticias.com\/editor\/\",\"name\":\"\",\"description\":\"\",\"publisher\":{\"@id\":\"https:\/\/luchonoticias.com\/editor\/#\/schema\/person\/7a7fd911f58561fd056dbac7b55af9cd\"},\"potentialAction\":[{\"@type\":\"SearchAction\",\"target\":{\"@type\":\"EntryPoint\",\"urlTemplate\":\"https:\/\/luchonoticias.com\/editor\/?s={search_term_string}\"},\"query-input\":{\"@type\":\"PropertyValueSpecification\",\"valueRequired\":true,\"valueName\":\"search_term_string\"}}],\"inLanguage\":\"es\"},{\"@type\":[\"Person\",\"Organization\"],\"@id\":\"https:\/\/luchonoticias.com\/editor\/#\/schema\/person\/7a7fd911f58561fd056dbac7b55af9cd\",\"name\":\"admin\",\"image\":{\"@type\":\"ImageObject\",\"inLanguage\":\"es\",\"@id\":\"https:\/\/luchonoticias.com\/editor\/#\/schema\/person\/image\/\",\"url\":\"https:\/\/luchonoticias.com\/editor\/wp-content\/uploads\/2024\/02\/cropped-cropped-logolu.webp\",\"contentUrl\":\"https:\/\/luchonoticias.com\/editor\/wp-content\/uploads\/2024\/02\/cropped-cropped-logolu.webp\",\"width\":382,\"height\":170,\"caption\":\"admin\"},\"logo\":{\"@id\":\"https:\/\/luchonoticias.com\/editor\/#\/schema\/person\/image\/\"},\"sameAs\":[\"https:\/\/www.facebook.com\/luchonoticiasneiva\"]},{\"@type\":\"Person\",\"@id\":\"https:\/\/luchonoticias.com\/editor\/#\/schema\/person\/29217990ddf6f14e35912b2866d591fb\",\"name\":\"Editor General\",\"image\":{\"@type\":\"ImageObject\",\"inLanguage\":\"es\",\"@id\":\"https:\/\/luchonoticias.com\/editor\/#\/schema\/person\/image\/\",\"url\":\"https:\/\/luchonoticias.com\/editor\/wp-content\/uploads\/2024\/02\/cropped-cropped-logolu-150x150.webp\",\"contentUrl\":\"https:\/\/luchonoticias.com\/editor\/wp-content\/uploads\/2024\/02\/cropped-cropped-logolu-150x150.webp\",\"caption\":\"Editor General\"},\"sameAs\":[\"https:\/\/luchonoticias.com\/\"],\"url\":\"https:\/\/luchonoticias.com\/editor\/author\/editor-general\/\"}]}<\/script>\n<!-- \/ Yoast SEO plugin. -->","yoast_head_json":{"title":"Dos presuntos reconocidos delincuentes de Neiva fueron capturados -","robots":{"index":"index","follow":"follow","max-snippet":"max-snippet:-1","max-image-preview":"max-image-preview:large","max-video-preview":"max-video-preview:-1"},"canonical":"https:\/\/luchonoticias.com\/editor\/dos-presuntos-reconocidos-delincuentes-de-neiva-fueron-capturados\/","og_locale":"es_ES","og_type":"article","og_title":"Dos presuntos reconocidos delincuentes de Neiva fueron capturados -","og_url":"https:\/\/luchonoticias.com\/editor\/dos-presuntos-reconocidos-delincuentes-de-neiva-fueron-capturados\/","article_publisher":"https:\/\/www.facebook.com\/luchonoticiasneiva","article_published_time":"2023-01-24T12:14:02+00:00","article_modified_time":"2023-01-24T12:14:03+00:00","og_image":[{"url":"https:\/\/luchonoticias.com\/wp-content\/uploads\/2023\/01\/WhatsApp-Image-2023-01-23-at-7.12.43-PM-1.jpeg","type":"","width":"","height":""}],"author":"Editor General","twitter_card":"summary_large_image","twitter_misc":{"Escrito por":"Editor General","Tiempo de lectura":"1 minuto"},"schema":{"@context":"https:\/\/schema.org","@graph":[{"@type":"Article","@id":"https:\/\/luchonoticias.com\/editor\/dos-presuntos-reconocidos-delincuentes-de-neiva-fueron-capturados\/#article","isPartOf":{"@id":"https:\/\/luchonoticias.com\/editor\/dos-presuntos-reconocidos-delincuentes-de-neiva-fueron-capturados\/"},"author":{"name":"Editor General","@id":"https:\/\/luchonoticias.com\/editor\/#\/schema\/person\/29217990ddf6f14e35912b2866d591fb"},"headline":"Dos presuntos reconocidos delincuentes de Neiva fueron capturados","datePublished":"2023-01-24T12:14:02+00:00","dateModified":"2023-01-24T12:14:03+00:00","mainEntityOfPage":{"@id":"https:\/\/luchonoticias.com\/editor\/dos-presuntos-reconocidos-delincuentes-de-neiva-fueron-capturados\/"},"wordCount":274,"commentCount":0,"publisher":{"@id":"https:\/\/luchonoticias.com\/editor\/#\/schema\/person\/7a7fd911f58561fd056dbac7b55af9cd"},"image":{"@id":"https:\/\/luchonoticias.com\/editor\/dos-presuntos-reconocidos-delincuentes-de-neiva-fueron-capturados\/#primaryimage"},"thumbnailUrl":"https:\/\/luchonoticias.com\/wp-content\/uploads\/2023\/01\/WhatsApp-Image-2023-01-23-at-7.12.43-PM-1.jpeg","articleSection":["Destacado","Judicial"],"inLanguage":"es","potentialAction":[{"@type":"CommentAction","name":"Comment","target":["https:\/\/luchonoticias.com\/editor\/dos-presuntos-reconocidos-delincuentes-de-neiva-fueron-capturados\/#respond"]}]},{"@type":"WebPage","@id":"https:\/\/luchonoticias.com\/editor\/dos-presuntos-reconocidos-delincuentes-de-neiva-fueron-capturados\/","url":"https:\/\/luchonoticias.com\/editor\/dos-presuntos-reconocidos-delincuentes-de-neiva-fueron-capturados\/","name":"Dos presuntos reconocidos delincuentes de Neiva fueron capturados -","isPartOf":{"@id":"https:\/\/luchonoticias.com\/editor\/#website"},"primaryImageOfPage":{"@id":"https:\/\/luchonoticias.com\/editor\/dos-presuntos-reconocidos-delincuentes-de-neiva-fueron-capturados\/#primaryimage"},"image":{"@id":"https:\/\/luchonoticias.com\/editor\/dos-presuntos-reconocidos-delincuentes-de-neiva-fueron-capturados\/#primaryimage"},"thumbnailUrl":"https:\/\/luchonoticias.com\/wp-content\/uploads\/2023\/01\/WhatsApp-Image-2023-01-23-at-7.12.43-PM-1.jpeg","datePublished":"2023-01-24T12:14:02+00:00","dateModified":"2023-01-24T12:14:03+00:00","breadcrumb":{"@id":"https:\/\/luchonoticias.com\/editor\/dos-presuntos-reconocidos-delincuentes-de-neiva-fueron-capturados\/#breadcrumb"},"inLanguage":"es","potentialAction":[{"@type":"ReadAction","target":["https:\/\/luchonoticias.com\/editor\/dos-presuntos-reconocidos-delincuentes-de-neiva-fueron-capturados\/"]}]},{"@type":"ImageObject","inLanguage":"es","@id":"https:\/\/luchonoticias.com\/editor\/dos-presuntos-reconocidos-delincuentes-de-neiva-fueron-capturados\/#primaryimage","url":"https:\/\/luchonoticias.com\/wp-content\/uploads\/2023\/01\/WhatsApp-Image-2023-01-23-at-7.12.43-PM-1.jpeg","contentUrl":"https:\/\/luchonoticias.com\/wp-content\/uploads\/2023\/01\/WhatsApp-Image-2023-01-23-at-7.12.43-PM-1.jpeg"},{"@type":"BreadcrumbList","@id":"https:\/\/luchonoticias.com\/editor\/dos-presuntos-reconocidos-delincuentes-de-neiva-fueron-capturados\/#breadcrumb","itemListElement":[{"@type":"ListItem","position":1,"name":"Portada","item":"https:\/\/luchonoticias.com\/editor\/"},{"@type":"ListItem","position":2,"name":"Dos presuntos reconocidos delincuentes de Neiva fueron capturados"}]},{"@type":"WebSite","@id":"https:\/\/luchonoticias.com\/editor\/#website","url":"https:\/\/luchonoticias.com\/editor\/","name":"","description":"","publisher":{"@id":"https:\/\/luchonoticias.com\/editor\/#\/schema\/person\/7a7fd911f58561fd056dbac7b55af9cd"},"potentialAction":[{"@type":"SearchAction","target":{"@type":"EntryPoint","urlTemplate":"https:\/\/luchonoticias.com\/editor\/?s={search_term_string}"},"query-input":{"@type":"PropertyValueSpecification","valueRequired":true,"valueName":"search_term_string"}}],"inLanguage":"es"},{"@type":["Person","Organization"],"@id":"https:\/\/luchonoticias.com\/editor\/#\/schema\/person\/7a7fd911f58561fd056dbac7b55af9cd","name":"admin","image":{"@type":"ImageObject","inLanguage":"es","@id":"https:\/\/luchonoticias.com\/editor\/#\/schema\/person\/image\/","url":"https:\/\/luchonoticias.com\/editor\/wp-content\/uploads\/2024\/02\/cropped-cropped-logolu.webp","contentUrl":"https:\/\/luchonoticias.com\/editor\/wp-content\/uploads\/2024\/02\/cropped-cropped-logolu.webp","width":382,"height":170,"caption":"admin"},"logo":{"@id":"https:\/\/luchonoticias.com\/editor\/#\/schema\/person\/image\/"},"sameAs":["https:\/\/www.facebook.com\/luchonoticiasneiva"]},{"@type":"Person","@id":"https:\/\/luchonoticias.com\/editor\/#\/schema\/person\/29217990ddf6f14e35912b2866d591fb","name":"Editor General","image":{"@type":"ImageObject","inLanguage":"es","@id":"https:\/\/luchonoticias.com\/editor\/#\/schema\/person\/image\/","url":"https:\/\/luchonoticias.com\/editor\/wp-content\/uploads\/2024\/02\/cropped-cropped-logolu-150x150.webp","contentUrl":"https:\/\/luchonoticias.com\/editor\/wp-content\/uploads\/2024\/02\/cropped-cropped-logolu-150x150.webp","caption":"Editor General"},"sameAs":["https:\/\/luchonoticias.com\/"],"url":"https:\/\/luchonoticias.com\/editor\/author\/editor-general\/"}]}},"_links":{"self":[{"href":"https:\/\/luchonoticias.com\/editor\/wp-json\/wp\/v2\/posts\/44821","targetHints":{"allow":["GET"]}}],"collection":[{"href":"https:\/\/luchonoticias.com\/editor\/wp-json\/wp\/v2\/posts"}],"about":[{"href":"https:\/\/luchonoticias.com\/editor\/wp-json\/wp\/v2\/types\/post"}],"author":[{"embeddable":true,"href":"https:\/\/luchonoticias.com\/editor\/wp-json\/wp\/v2\/users\/2"}],"replies":[{"embeddable":true,"href":"https:\/\/luchonoticias.com\/editor\/wp-json\/wp\/v2\/comments?post=44821"}],"version-history":[{"count":0,"href":"https:\/\/luchonoticias.com\/editor\/wp-json\/wp\/v2\/posts\/44821\/revisions"}],"wp:attachment":[{"href":"https:\/\/luchonoticias.com\/editor\/wp-json\/wp\/v2\/media?parent=44821"}],"wp:term":[{"taxonomy":"category","embeddable":true,"href":"https:\/\/luchonoticias.com\/editor\/wp-json\/wp\/v2\/categories?post=44821"},{"taxonomy":"post_tag","embeddable":true,"href":"https:\/\/luchonoticias.com\/editor\/wp-json\/wp\/v2\/tags?post=44821"}],"curies":[{"name":"wp","href":"https:\/\/api.w.org\/{rel}","templated":true}]}}