{"id":44827,"date":"2023-01-24T07:15:39","date_gmt":"2023-01-24T12:15:39","guid":{"rendered":"https:\/\/luchonoticias.com\/?p=44827"},"modified":"2023-01-24T07:15:40","modified_gmt":"2023-01-24T12:15:40","slug":"icbf-intensificara-acciones-para-proteger-a-ninez-indigena-de-guaviare","status":"publish","type":"post","link":"https:\/\/luchonoticias.com\/editor\/icbf-intensificara-acciones-para-proteger-a-ninez-indigena-de-guaviare\/","title":{"rendered":"ICBF intensificar\u00e1 acciones para proteger a ni\u00f1ez ind\u00edgena de Guaviare"},"content":{"rendered":"\n<p>El Instituto Colombiano de Bienestar Familiar (ICBF) present\u00f3, ante el Consejo Departamental de Pol\u00edtica Social de Guaviare, las acciones puntuales para fortalecer la estrategia de atenci\u00f3n que estructura el Gobierno Nacional, encaminada a la protecci\u00f3n integral de ni\u00f1os, ni\u00f1as y adolescentes ind\u00edgenas del departamento.<\/p>\n\n\n\n<p>Dentro de las acciones presentadas por el ICBF se resalta la creaci\u00f3n de dos Unidades Especializadas de Apoyo Interdisciplinario, con un enfoque \u00e9tnico y de g\u00e9nero, que fortalecer\u00e1n en menos de dos meses a las cinco Defensor\u00edas de Familia que atienden en el departamento, incluyendo el Centro Atenci\u00f3n Integral V\u00edctimas de Abuso Sexual (CAIVAS).<\/p>\n\n\n\n<p>Se pondr\u00e1 en marcha la atenci\u00f3n por parte de una Unidad de B\u00fasqueda Activa (UBA), encargada de recorrer los resguardos ind\u00edgenas y lograr identificar a ni\u00f1as y ni\u00f1os de primera infancia con riesgo de desnutrici\u00f3n, para ser atendidos por esta Unidad y remitir al sector salud a los que presenten esta patolog\u00eda.<\/p>\n\n\n\n<p>As\u00ed mismo, desde el Observatorio de la Ni\u00f1ez se elaborar\u00e1n peri\u00f3dicamente boletines sobre la situaci\u00f3n de las ni\u00f1as y ni\u00f1os en Guaviare.<\/p>\n\n\n\n<p>Finalmente, se establecer\u00e1 una agenda y un cronograma de trabajo para dise\u00f1ar, de forma concertada con los miembros de las comunidades ind\u00edgenas, un servicio flexible, con enfoque comunitario que contemple el enfoque diferencial \u00e9tnico, el cual tendr\u00e1 la participaci\u00f3n de la sociedad civil y la institucionalidad.<\/p>\n\n\n\n<p>El ICBF continuar\u00e1 articulando acciones con las entidades territoriales y el Gobierno Nacional, y se concertar\u00e1 con los miembros de las comunidades ind\u00edgenas la construcci\u00f3n de los modelos de atenci\u00f3n integral para las ni\u00f1as y ni\u00f1os Nukak y Jiw.<\/p>\n\n\n\n<p>En el marco de la visita al departamento, un equipo conformado por representantes de Prosperidad Social, Ministerio de Agricultura, Ministerio de Salud y Ministerio de Cultura, hicieron un recorrido por el Resguardo Barranc\u00f3n Colorado Jiw y el Asentamiento Agua Bonita Nukak, donde dialogaron con autoridades de la comunidad, identificando necesidades y planteando acciones que permitan garantizar los derechos de la ni\u00f1ez ind\u00edgena.<\/p>\n","protected":false},"excerpt":{"rendered":"<p>El Instituto Colombiano de Bienestar Familiar (ICBF) present\u00f3, ante el Consejo Departamental de Pol\u00edtica Social de Guaviare, las acciones puntuales para fortalecer la estrategia de atenci\u00f3n que estructura el Gobierno Nacional, encaminada a la protecci\u00f3n integral de ni\u00f1os, ni\u00f1as y adolescentes ind\u00edgenas del departamento. Dentro de las acciones presentadas por el ICBF se resalta la [&hellip;]<\/p>\n","protected":false},"author":2,"featured_media":0,"comment_status":"open","ping_status":"open","sticky":false,"template":"","format":"standard","meta":{"footnotes":""},"categories":[28,36],"tags":[],"class_list":["post-44827","post","type-post","status-publish","format-standard","hentry","category-actualidad","category-destacado"],"yoast_head":"<!-- This site is optimized with the Yoast SEO plugin v26.6 - https:\/\/yoast.com\/wordpress\/plugins\/seo\/ -->\n<title>ICBF intensificar\u00e1 acciones para proteger a ni\u00f1ez ind\u00edgena de Guaviare -<\/title>\n<meta name=\"robots\" content=\"index, follow, max-snippet:-1, max-image-preview:large, max-video-preview:-1\" \/>\n<link rel=\"canonical\" href=\"https:\/\/luchonoticias.com\/editor\/icbf-intensificara-acciones-para-proteger-a-ninez-indigena-de-guaviare\/\" \/>\n<meta property=\"og:locale\" content=\"es_ES\" \/>\n<meta property=\"og:type\" content=\"article\" \/>\n<meta property=\"og:title\" content=\"ICBF intensificar\u00e1 acciones para proteger a ni\u00f1ez ind\u00edgena de Guaviare -\" \/>\n<meta property=\"og:url\" content=\"https:\/\/luchonoticias.com\/editor\/icbf-intensificara-acciones-para-proteger-a-ninez-indigena-de-guaviare\/\" \/>\n<meta property=\"article:publisher\" content=\"https:\/\/www.facebook.com\/luchonoticiasneiva\" \/>\n<meta property=\"article:published_time\" content=\"2023-01-24T12:15:39+00:00\" \/>\n<meta property=\"article:modified_time\" content=\"2023-01-24T12:15:40+00:00\" \/>\n<meta name=\"author\" content=\"Editor General\" \/>\n<meta name=\"twitter:card\" content=\"summary_large_image\" \/>\n<meta name=\"twitter:label1\" content=\"Escrito por\" \/>\n\t<meta name=\"twitter:data1\" content=\"Editor General\" \/>\n\t<meta name=\"twitter:label2\" content=\"Tiempo de lectura\" \/>\n\t<meta name=\"twitter:data2\" content=\"2 minutos\" \/>\n<script type=\"application\/ld+json\" class=\"yoast-schema-graph\">{\"@context\":\"https:\/\/schema.org\",\"@graph\":[{\"@type\":\"Article\",\"@id\":\"https:\/\/luchonoticias.com\/editor\/icbf-intensificara-acciones-para-proteger-a-ninez-indigena-de-guaviare\/#article\",\"isPartOf\":{\"@id\":\"https:\/\/luchonoticias.com\/editor\/icbf-intensificara-acciones-para-proteger-a-ninez-indigena-de-guaviare\/\"},\"author\":{\"name\":\"Editor General\",\"@id\":\"https:\/\/luchonoticias.com\/editor\/#\/schema\/person\/29217990ddf6f14e35912b2866d591fb\"},\"headline\":\"ICBF intensificar\u00e1 acciones para proteger a ni\u00f1ez ind\u00edgena de Guaviare\",\"datePublished\":\"2023-01-24T12:15:39+00:00\",\"dateModified\":\"2023-01-24T12:15:40+00:00\",\"mainEntityOfPage\":{\"@id\":\"https:\/\/luchonoticias.com\/editor\/icbf-intensificara-acciones-para-proteger-a-ninez-indigena-de-guaviare\/\"},\"wordCount\":367,\"commentCount\":0,\"publisher\":{\"@id\":\"https:\/\/luchonoticias.com\/editor\/#\/schema\/person\/7a7fd911f58561fd056dbac7b55af9cd\"},\"articleSection\":[\"Actualidad\",\"Destacado\"],\"inLanguage\":\"es\",\"potentialAction\":[{\"@type\":\"CommentAction\",\"name\":\"Comment\",\"target\":[\"https:\/\/luchonoticias.com\/editor\/icbf-intensificara-acciones-para-proteger-a-ninez-indigena-de-guaviare\/#respond\"]}]},{\"@type\":\"WebPage\",\"@id\":\"https:\/\/luchonoticias.com\/editor\/icbf-intensificara-acciones-para-proteger-a-ninez-indigena-de-guaviare\/\",\"url\":\"https:\/\/luchonoticias.com\/editor\/icbf-intensificara-acciones-para-proteger-a-ninez-indigena-de-guaviare\/\",\"name\":\"ICBF intensificar\u00e1 acciones para proteger a ni\u00f1ez ind\u00edgena de Guaviare -\",\"isPartOf\":{\"@id\":\"https:\/\/luchonoticias.com\/editor\/#website\"},\"datePublished\":\"2023-01-24T12:15:39+00:00\",\"dateModified\":\"2023-01-24T12:15:40+00:00\",\"breadcrumb\":{\"@id\":\"https:\/\/luchonoticias.com\/editor\/icbf-intensificara-acciones-para-proteger-a-ninez-indigena-de-guaviare\/#breadcrumb\"},\"inLanguage\":\"es\",\"potentialAction\":[{\"@type\":\"ReadAction\",\"target\":[\"https:\/\/luchonoticias.com\/editor\/icbf-intensificara-acciones-para-proteger-a-ninez-indigena-de-guaviare\/\"]}]},{\"@type\":\"BreadcrumbList\",\"@id\":\"https:\/\/luchonoticias.com\/editor\/icbf-intensificara-acciones-para-proteger-a-ninez-indigena-de-guaviare\/#breadcrumb\",\"itemListElement\":[{\"@type\":\"ListItem\",\"position\":1,\"name\":\"Portada\",\"item\":\"https:\/\/luchonoticias.com\/editor\/\"},{\"@type\":\"ListItem\",\"position\":2,\"name\":\"ICBF intensificar\u00e1 acciones para proteger a ni\u00f1ez ind\u00edgena de Guaviare\"}]},{\"@type\":\"WebSite\",\"@id\":\"https:\/\/luchonoticias.com\/editor\/#website\",\"url\":\"https:\/\/luchonoticias.com\/editor\/\",\"name\":\"\",\"description\":\"\",\"publisher\":{\"@id\":\"https:\/\/luchonoticias.com\/editor\/#\/schema\/person\/7a7fd911f58561fd056dbac7b55af9cd\"},\"potentialAction\":[{\"@type\":\"SearchAction\",\"target\":{\"@type\":\"EntryPoint\",\"urlTemplate\":\"https:\/\/luchonoticias.com\/editor\/?s={search_term_string}\"},\"query-input\":{\"@type\":\"PropertyValueSpecification\",\"valueRequired\":true,\"valueName\":\"search_term_string\"}}],\"inLanguage\":\"es\"},{\"@type\":[\"Person\",\"Organization\"],\"@id\":\"https:\/\/luchonoticias.com\/editor\/#\/schema\/person\/7a7fd911f58561fd056dbac7b55af9cd\",\"name\":\"admin\",\"image\":{\"@type\":\"ImageObject\",\"inLanguage\":\"es\",\"@id\":\"https:\/\/luchonoticias.com\/editor\/#\/schema\/person\/image\/\",\"url\":\"https:\/\/luchonoticias.com\/editor\/wp-content\/uploads\/2024\/02\/cropped-cropped-logolu.webp\",\"contentUrl\":\"https:\/\/luchonoticias.com\/editor\/wp-content\/uploads\/2024\/02\/cropped-cropped-logolu.webp\",\"width\":382,\"height\":170,\"caption\":\"admin\"},\"logo\":{\"@id\":\"https:\/\/luchonoticias.com\/editor\/#\/schema\/person\/image\/\"},\"sameAs\":[\"https:\/\/www.facebook.com\/luchonoticiasneiva\"]},{\"@type\":\"Person\",\"@id\":\"https:\/\/luchonoticias.com\/editor\/#\/schema\/person\/29217990ddf6f14e35912b2866d591fb\",\"name\":\"Editor General\",\"image\":{\"@type\":\"ImageObject\",\"inLanguage\":\"es\",\"@id\":\"https:\/\/luchonoticias.com\/editor\/#\/schema\/person\/image\/\",\"url\":\"https:\/\/luchonoticias.com\/editor\/wp-content\/uploads\/2024\/02\/cropped-cropped-logolu-150x150.webp\",\"contentUrl\":\"https:\/\/luchonoticias.com\/editor\/wp-content\/uploads\/2024\/02\/cropped-cropped-logolu-150x150.webp\",\"caption\":\"Editor General\"},\"sameAs\":[\"https:\/\/luchonoticias.com\/\"],\"url\":\"https:\/\/luchonoticias.com\/editor\/author\/editor-general\/\"}]}<\/script>\n<!-- \/ Yoast SEO plugin. -->","yoast_head_json":{"title":"ICBF intensificar\u00e1 acciones para proteger a ni\u00f1ez ind\u00edgena de Guaviare -","robots":{"index":"index","follow":"follow","max-snippet":"max-snippet:-1","max-image-preview":"max-image-preview:large","max-video-preview":"max-video-preview:-1"},"canonical":"https:\/\/luchonoticias.com\/editor\/icbf-intensificara-acciones-para-proteger-a-ninez-indigena-de-guaviare\/","og_locale":"es_ES","og_type":"article","og_title":"ICBF intensificar\u00e1 acciones para proteger a ni\u00f1ez ind\u00edgena de Guaviare -","og_url":"https:\/\/luchonoticias.com\/editor\/icbf-intensificara-acciones-para-proteger-a-ninez-indigena-de-guaviare\/","article_publisher":"https:\/\/www.facebook.com\/luchonoticiasneiva","article_published_time":"2023-01-24T12:15:39+00:00","article_modified_time":"2023-01-24T12:15:40+00:00","author":"Editor General","twitter_card":"summary_large_image","twitter_misc":{"Escrito por":"Editor General","Tiempo de lectura":"2 minutos"},"schema":{"@context":"https:\/\/schema.org","@graph":[{"@type":"Article","@id":"https:\/\/luchonoticias.com\/editor\/icbf-intensificara-acciones-para-proteger-a-ninez-indigena-de-guaviare\/#article","isPartOf":{"@id":"https:\/\/luchonoticias.com\/editor\/icbf-intensificara-acciones-para-proteger-a-ninez-indigena-de-guaviare\/"},"author":{"name":"Editor General","@id":"https:\/\/luchonoticias.com\/editor\/#\/schema\/person\/29217990ddf6f14e35912b2866d591fb"},"headline":"ICBF intensificar\u00e1 acciones para proteger a ni\u00f1ez ind\u00edgena de Guaviare","datePublished":"2023-01-24T12:15:39+00:00","dateModified":"2023-01-24T12:15:40+00:00","mainEntityOfPage":{"@id":"https:\/\/luchonoticias.com\/editor\/icbf-intensificara-acciones-para-proteger-a-ninez-indigena-de-guaviare\/"},"wordCount":367,"commentCount":0,"publisher":{"@id":"https:\/\/luchonoticias.com\/editor\/#\/schema\/person\/7a7fd911f58561fd056dbac7b55af9cd"},"articleSection":["Actualidad","Destacado"],"inLanguage":"es","potentialAction":[{"@type":"CommentAction","name":"Comment","target":["https:\/\/luchonoticias.com\/editor\/icbf-intensificara-acciones-para-proteger-a-ninez-indigena-de-guaviare\/#respond"]}]},{"@type":"WebPage","@id":"https:\/\/luchonoticias.com\/editor\/icbf-intensificara-acciones-para-proteger-a-ninez-indigena-de-guaviare\/","url":"https:\/\/luchonoticias.com\/editor\/icbf-intensificara-acciones-para-proteger-a-ninez-indigena-de-guaviare\/","name":"ICBF intensificar\u00e1 acciones para proteger a ni\u00f1ez ind\u00edgena de Guaviare -","isPartOf":{"@id":"https:\/\/luchonoticias.com\/editor\/#website"},"datePublished":"2023-01-24T12:15:39+00:00","dateModified":"2023-01-24T12:15:40+00:00","breadcrumb":{"@id":"https:\/\/luchonoticias.com\/editor\/icbf-intensificara-acciones-para-proteger-a-ninez-indigena-de-guaviare\/#breadcrumb"},"inLanguage":"es","potentialAction":[{"@type":"ReadAction","target":["https:\/\/luchonoticias.com\/editor\/icbf-intensificara-acciones-para-proteger-a-ninez-indigena-de-guaviare\/"]}]},{"@type":"BreadcrumbList","@id":"https:\/\/luchonoticias.com\/editor\/icbf-intensificara-acciones-para-proteger-a-ninez-indigena-de-guaviare\/#breadcrumb","itemListElement":[{"@type":"ListItem","position":1,"name":"Portada","item":"https:\/\/luchonoticias.com\/editor\/"},{"@type":"ListItem","position":2,"name":"ICBF intensificar\u00e1 acciones para proteger a ni\u00f1ez ind\u00edgena de Guaviare"}]},{"@type":"WebSite","@id":"https:\/\/luchonoticias.com\/editor\/#website","url":"https:\/\/luchonoticias.com\/editor\/","name":"","description":"","publisher":{"@id":"https:\/\/luchonoticias.com\/editor\/#\/schema\/person\/7a7fd911f58561fd056dbac7b55af9cd"},"potentialAction":[{"@type":"SearchAction","target":{"@type":"EntryPoint","urlTemplate":"https:\/\/luchonoticias.com\/editor\/?s={search_term_string}"},"query-input":{"@type":"PropertyValueSpecification","valueRequired":true,"valueName":"search_term_string"}}],"inLanguage":"es"},{"@type":["Person","Organization"],"@id":"https:\/\/luchonoticias.com\/editor\/#\/schema\/person\/7a7fd911f58561fd056dbac7b55af9cd","name":"admin","image":{"@type":"ImageObject","inLanguage":"es","@id":"https:\/\/luchonoticias.com\/editor\/#\/schema\/person\/image\/","url":"https:\/\/luchonoticias.com\/editor\/wp-content\/uploads\/2024\/02\/cropped-cropped-logolu.webp","contentUrl":"https:\/\/luchonoticias.com\/editor\/wp-content\/uploads\/2024\/02\/cropped-cropped-logolu.webp","width":382,"height":170,"caption":"admin"},"logo":{"@id":"https:\/\/luchonoticias.com\/editor\/#\/schema\/person\/image\/"},"sameAs":["https:\/\/www.facebook.com\/luchonoticiasneiva"]},{"@type":"Person","@id":"https:\/\/luchonoticias.com\/editor\/#\/schema\/person\/29217990ddf6f14e35912b2866d591fb","name":"Editor General","image":{"@type":"ImageObject","inLanguage":"es","@id":"https:\/\/luchonoticias.com\/editor\/#\/schema\/person\/image\/","url":"https:\/\/luchonoticias.com\/editor\/wp-content\/uploads\/2024\/02\/cropped-cropped-logolu-150x150.webp","contentUrl":"https:\/\/luchonoticias.com\/editor\/wp-content\/uploads\/2024\/02\/cropped-cropped-logolu-150x150.webp","caption":"Editor General"},"sameAs":["https:\/\/luchonoticias.com\/"],"url":"https:\/\/luchonoticias.com\/editor\/author\/editor-general\/"}]}},"_links":{"self":[{"href":"https:\/\/luchonoticias.com\/editor\/wp-json\/wp\/v2\/posts\/44827","targetHints":{"allow":["GET"]}}],"collection":[{"href":"https:\/\/luchonoticias.com\/editor\/wp-json\/wp\/v2\/posts"}],"about":[{"href":"https:\/\/luchonoticias.com\/editor\/wp-json\/wp\/v2\/types\/post"}],"author":[{"embeddable":true,"href":"https:\/\/luchonoticias.com\/editor\/wp-json\/wp\/v2\/users\/2"}],"replies":[{"embeddable":true,"href":"https:\/\/luchonoticias.com\/editor\/wp-json\/wp\/v2\/comments?post=44827"}],"version-history":[{"count":0,"href":"https:\/\/luchonoticias.com\/editor\/wp-json\/wp\/v2\/posts\/44827\/revisions"}],"wp:attachment":[{"href":"https:\/\/luchonoticias.com\/editor\/wp-json\/wp\/v2\/media?parent=44827"}],"wp:term":[{"taxonomy":"category","embeddable":true,"href":"https:\/\/luchonoticias.com\/editor\/wp-json\/wp\/v2\/categories?post=44827"},{"taxonomy":"post_tag","embeddable":true,"href":"https:\/\/luchonoticias.com\/editor\/wp-json\/wp\/v2\/tags?post=44827"}],"curies":[{"name":"wp","href":"https:\/\/api.w.org\/{rel}","templated":true}]}}