{"id":44834,"date":"2023-01-24T07:28:23","date_gmt":"2023-01-24T12:28:23","guid":{"rendered":"https:\/\/luchonoticias.com\/?p=44834"},"modified":"2023-01-24T07:28:23","modified_gmt":"2023-01-24T12:28:23","slug":"no-dejaremos-desabastecer-al-suroccidente-del-pais-ni-de-combustibles-ni-de-alimentos-presidente-petro","status":"publish","type":"post","link":"https:\/\/luchonoticias.com\/editor\/no-dejaremos-desabastecer-al-suroccidente-del-pais-ni-de-combustibles-ni-de-alimentos-presidente-petro\/","title":{"rendered":"\u2018No dejaremos desabastecer al suroccidente del pa\u00eds ni de combustibles ni de alimentos\u2019: Presidente Petro"},"content":{"rendered":"\n<p>El Presidente de la Rep\u00fablica, Gustavo Petro, anunci\u00f3 este lunes el arribo al puerto de Tumaco del primer gran barco con 1.260.000 galones de combustibles, proveniente del puerto de Buenaventura, para abastecer al suroccidente del pa\u00eds, afectado por el deslizamiento en Rosas, Cauca.<\/p>\n\n\n\n<p>Una vez realice el descargue, el buque retorna de inmediato al Valle del Cauca para que, en un plazo de 10 horas, alcance el total de su cupo, lo que quiere decir que cada tres d\u00edas habr\u00e1 en Tumaco 1.500.000 galones, para un promedio total de 500.000 galones diarios de combustibles para el suroccidente colombiano.<\/p>\n\n\n\n<p>\u201cArrib\u00f3 al puerto de Tumaco el primer buque con un total de 1.260.000 galones de combustibles. El buque har\u00e1 un nuevo cargue y cada tres d\u00edas habr\u00e1 en Tumaco 1.500.000 galones. No dejaremos desabastecer al suroccidente del pa\u00eds ni de combustibles ni de alimentos\u201d, explic\u00f3 el Mandatario a trav\u00e9s de su cuenta de Twitter.<\/p>\n\n\n\n<p>Se tiene como meta que, al finalizar enero, ingresen por el puerto de Tumaco 8 millones de galones de combustibles, regulariz\u00e1ndose la operaci\u00f3n y el abastecimiento para los departamentos de Nari\u00f1o y Cauca.<\/p>\n\n\n\n<p>La demanda diaria de combustibles en departamentos como Nari\u00f1o es de 400.000 galones. A partir de la llegada de barcos de gran calado, como el que esperamos hoy, vamos a garantizar el abastecimiento para el departamento y as\u00ed disminuir los graves efectos de esta crisis producto del cierre de la V\u00eda Panamericana. As\u00ed entonces, el puerto de Tumaco se convierte nuevamente en la soluci\u00f3n id\u00f3nea a la situaci\u00f3n compleja por la que atraviesa el departamento\u201d, explic\u00f3 Harry Kahn, presidente de la Sociedad Portuaria de Tumaco.<\/p>\n\n\n\n<p><strong>Alimentos<\/strong><\/p>\n\n\n\n<p>Adicionalmente, la Sociedad Portuaria de Tumaco inform\u00f3 que se cuenta all\u00ed con una capacidad de 140.000 toneladas para todo tipo de graneles, tales como fertilizantes y cemento, y del Puerto hacia otras regiones se podr\u00e1 enviar papa, coco, caf\u00e9, arroz y az\u00facar, alimentos que se encuentran represados en el departamento de Nari\u00f1o y que podr\u00edan salir en los pr\u00f3ximos d\u00edas hacia el interior del pa\u00eds.<\/p>\n\n\n\n<p>Adem\u00e1s, el Puerto de Tumaco est\u00e1 en la capacidad de almacenar bajo techo 10.000 toneladas de alimentos que los distribuidores podr\u00edan utilizar para disminuir la escasez alimentaria por la que atraviesa Nari\u00f1o.<\/p>\n","protected":false},"excerpt":{"rendered":"<p>El Presidente de la Rep\u00fablica, Gustavo Petro, anunci\u00f3 este lunes el arribo al puerto de Tumaco del primer gran barco con 1.260.000 galones de combustibles, proveniente del puerto de Buenaventura, para abastecer al suroccidente del pa\u00eds, afectado por el deslizamiento en Rosas, Cauca. Una vez realice el descargue, el buque retorna de inmediato al Valle [&hellip;]<\/p>\n","protected":false},"author":2,"featured_media":0,"comment_status":"open","ping_status":"open","sticky":false,"template":"","format":"standard","meta":{"footnotes":""},"categories":[36,32],"tags":[],"class_list":["post-44834","post","type-post","status-publish","format-standard","hentry","category-destacado","category-nacional"],"yoast_head":"<!-- This site is optimized with the Yoast SEO plugin v26.6 - https:\/\/yoast.com\/wordpress\/plugins\/seo\/ -->\n<title>\u2018No dejaremos desabastecer al suroccidente del pa\u00eds ni de combustibles ni de alimentos\u2019: Presidente Petro -<\/title>\n<meta name=\"robots\" content=\"index, follow, max-snippet:-1, max-image-preview:large, max-video-preview:-1\" \/>\n<link rel=\"canonical\" href=\"https:\/\/luchonoticias.com\/editor\/no-dejaremos-desabastecer-al-suroccidente-del-pais-ni-de-combustibles-ni-de-alimentos-presidente-petro\/\" \/>\n<meta property=\"og:locale\" content=\"es_ES\" \/>\n<meta property=\"og:type\" content=\"article\" \/>\n<meta property=\"og:title\" content=\"\u2018No dejaremos desabastecer al suroccidente del pa\u00eds ni de combustibles ni de alimentos\u2019: Presidente Petro -\" \/>\n<meta property=\"og:url\" content=\"https:\/\/luchonoticias.com\/editor\/no-dejaremos-desabastecer-al-suroccidente-del-pais-ni-de-combustibles-ni-de-alimentos-presidente-petro\/\" \/>\n<meta property=\"article:publisher\" content=\"https:\/\/www.facebook.com\/luchonoticiasneiva\" \/>\n<meta property=\"article:published_time\" content=\"2023-01-24T12:28:23+00:00\" \/>\n<meta name=\"author\" content=\"Editor General\" \/>\n<meta name=\"twitter:card\" content=\"summary_large_image\" \/>\n<meta name=\"twitter:label1\" content=\"Escrito por\" \/>\n\t<meta name=\"twitter:data1\" content=\"Editor General\" \/>\n\t<meta name=\"twitter:label2\" content=\"Tiempo de lectura\" \/>\n\t<meta name=\"twitter:data2\" content=\"2 minutos\" \/>\n<script type=\"application\/ld+json\" class=\"yoast-schema-graph\">{\"@context\":\"https:\/\/schema.org\",\"@graph\":[{\"@type\":\"Article\",\"@id\":\"https:\/\/luchonoticias.com\/editor\/no-dejaremos-desabastecer-al-suroccidente-del-pais-ni-de-combustibles-ni-de-alimentos-presidente-petro\/#article\",\"isPartOf\":{\"@id\":\"https:\/\/luchonoticias.com\/editor\/no-dejaremos-desabastecer-al-suroccidente-del-pais-ni-de-combustibles-ni-de-alimentos-presidente-petro\/\"},\"author\":{\"name\":\"Editor General\",\"@id\":\"https:\/\/luchonoticias.com\/editor\/#\/schema\/person\/29217990ddf6f14e35912b2866d591fb\"},\"headline\":\"\u2018No dejaremos desabastecer al suroccidente del pa\u00eds ni de combustibles ni de alimentos\u2019: Presidente Petro\",\"datePublished\":\"2023-01-24T12:28:23+00:00\",\"mainEntityOfPage\":{\"@id\":\"https:\/\/luchonoticias.com\/editor\/no-dejaremos-desabastecer-al-suroccidente-del-pais-ni-de-combustibles-ni-de-alimentos-presidente-petro\/\"},\"wordCount\":397,\"commentCount\":0,\"publisher\":{\"@id\":\"https:\/\/luchonoticias.com\/editor\/#\/schema\/person\/7a7fd911f58561fd056dbac7b55af9cd\"},\"articleSection\":[\"Destacado\",\"Nacional\"],\"inLanguage\":\"es\",\"potentialAction\":[{\"@type\":\"CommentAction\",\"name\":\"Comment\",\"target\":[\"https:\/\/luchonoticias.com\/editor\/no-dejaremos-desabastecer-al-suroccidente-del-pais-ni-de-combustibles-ni-de-alimentos-presidente-petro\/#respond\"]}]},{\"@type\":\"WebPage\",\"@id\":\"https:\/\/luchonoticias.com\/editor\/no-dejaremos-desabastecer-al-suroccidente-del-pais-ni-de-combustibles-ni-de-alimentos-presidente-petro\/\",\"url\":\"https:\/\/luchonoticias.com\/editor\/no-dejaremos-desabastecer-al-suroccidente-del-pais-ni-de-combustibles-ni-de-alimentos-presidente-petro\/\",\"name\":\"\u2018No dejaremos desabastecer al suroccidente del pa\u00eds ni de combustibles ni de alimentos\u2019: Presidente Petro -\",\"isPartOf\":{\"@id\":\"https:\/\/luchonoticias.com\/editor\/#website\"},\"datePublished\":\"2023-01-24T12:28:23+00:00\",\"breadcrumb\":{\"@id\":\"https:\/\/luchonoticias.com\/editor\/no-dejaremos-desabastecer-al-suroccidente-del-pais-ni-de-combustibles-ni-de-alimentos-presidente-petro\/#breadcrumb\"},\"inLanguage\":\"es\",\"potentialAction\":[{\"@type\":\"ReadAction\",\"target\":[\"https:\/\/luchonoticias.com\/editor\/no-dejaremos-desabastecer-al-suroccidente-del-pais-ni-de-combustibles-ni-de-alimentos-presidente-petro\/\"]}]},{\"@type\":\"BreadcrumbList\",\"@id\":\"https:\/\/luchonoticias.com\/editor\/no-dejaremos-desabastecer-al-suroccidente-del-pais-ni-de-combustibles-ni-de-alimentos-presidente-petro\/#breadcrumb\",\"itemListElement\":[{\"@type\":\"ListItem\",\"position\":1,\"name\":\"Portada\",\"item\":\"https:\/\/luchonoticias.com\/editor\/\"},{\"@type\":\"ListItem\",\"position\":2,\"name\":\"\u2018No dejaremos desabastecer al suroccidente del pa\u00eds ni de combustibles ni de alimentos\u2019: Presidente Petro\"}]},{\"@type\":\"WebSite\",\"@id\":\"https:\/\/luchonoticias.com\/editor\/#website\",\"url\":\"https:\/\/luchonoticias.com\/editor\/\",\"name\":\"\",\"description\":\"\",\"publisher\":{\"@id\":\"https:\/\/luchonoticias.com\/editor\/#\/schema\/person\/7a7fd911f58561fd056dbac7b55af9cd\"},\"potentialAction\":[{\"@type\":\"SearchAction\",\"target\":{\"@type\":\"EntryPoint\",\"urlTemplate\":\"https:\/\/luchonoticias.com\/editor\/?s={search_term_string}\"},\"query-input\":{\"@type\":\"PropertyValueSpecification\",\"valueRequired\":true,\"valueName\":\"search_term_string\"}}],\"inLanguage\":\"es\"},{\"@type\":[\"Person\",\"Organization\"],\"@id\":\"https:\/\/luchonoticias.com\/editor\/#\/schema\/person\/7a7fd911f58561fd056dbac7b55af9cd\",\"name\":\"admin\",\"image\":{\"@type\":\"ImageObject\",\"inLanguage\":\"es\",\"@id\":\"https:\/\/luchonoticias.com\/editor\/#\/schema\/person\/image\/\",\"url\":\"https:\/\/luchonoticias.com\/editor\/wp-content\/uploads\/2024\/02\/cropped-cropped-logolu.webp\",\"contentUrl\":\"https:\/\/luchonoticias.com\/editor\/wp-content\/uploads\/2024\/02\/cropped-cropped-logolu.webp\",\"width\":382,\"height\":170,\"caption\":\"admin\"},\"logo\":{\"@id\":\"https:\/\/luchonoticias.com\/editor\/#\/schema\/person\/image\/\"},\"sameAs\":[\"https:\/\/www.facebook.com\/luchonoticiasneiva\"]},{\"@type\":\"Person\",\"@id\":\"https:\/\/luchonoticias.com\/editor\/#\/schema\/person\/29217990ddf6f14e35912b2866d591fb\",\"name\":\"Editor General\",\"image\":{\"@type\":\"ImageObject\",\"inLanguage\":\"es\",\"@id\":\"https:\/\/luchonoticias.com\/editor\/#\/schema\/person\/image\/\",\"url\":\"https:\/\/luchonoticias.com\/editor\/wp-content\/uploads\/2024\/02\/cropped-cropped-logolu-150x150.webp\",\"contentUrl\":\"https:\/\/luchonoticias.com\/editor\/wp-content\/uploads\/2024\/02\/cropped-cropped-logolu-150x150.webp\",\"caption\":\"Editor General\"},\"sameAs\":[\"https:\/\/luchonoticias.com\/\"],\"url\":\"https:\/\/luchonoticias.com\/editor\/author\/editor-general\/\"}]}<\/script>\n<!-- \/ Yoast SEO plugin. -->","yoast_head_json":{"title":"\u2018No dejaremos desabastecer al suroccidente del pa\u00eds ni de combustibles ni de alimentos\u2019: Presidente Petro -","robots":{"index":"index","follow":"follow","max-snippet":"max-snippet:-1","max-image-preview":"max-image-preview:large","max-video-preview":"max-video-preview:-1"},"canonical":"https:\/\/luchonoticias.com\/editor\/no-dejaremos-desabastecer-al-suroccidente-del-pais-ni-de-combustibles-ni-de-alimentos-presidente-petro\/","og_locale":"es_ES","og_type":"article","og_title":"\u2018No dejaremos desabastecer al suroccidente del pa\u00eds ni de combustibles ni de alimentos\u2019: Presidente Petro -","og_url":"https:\/\/luchonoticias.com\/editor\/no-dejaremos-desabastecer-al-suroccidente-del-pais-ni-de-combustibles-ni-de-alimentos-presidente-petro\/","article_publisher":"https:\/\/www.facebook.com\/luchonoticiasneiva","article_published_time":"2023-01-24T12:28:23+00:00","author":"Editor General","twitter_card":"summary_large_image","twitter_misc":{"Escrito por":"Editor General","Tiempo de lectura":"2 minutos"},"schema":{"@context":"https:\/\/schema.org","@graph":[{"@type":"Article","@id":"https:\/\/luchonoticias.com\/editor\/no-dejaremos-desabastecer-al-suroccidente-del-pais-ni-de-combustibles-ni-de-alimentos-presidente-petro\/#article","isPartOf":{"@id":"https:\/\/luchonoticias.com\/editor\/no-dejaremos-desabastecer-al-suroccidente-del-pais-ni-de-combustibles-ni-de-alimentos-presidente-petro\/"},"author":{"name":"Editor General","@id":"https:\/\/luchonoticias.com\/editor\/#\/schema\/person\/29217990ddf6f14e35912b2866d591fb"},"headline":"\u2018No dejaremos desabastecer al suroccidente del pa\u00eds ni de combustibles ni de alimentos\u2019: Presidente Petro","datePublished":"2023-01-24T12:28:23+00:00","mainEntityOfPage":{"@id":"https:\/\/luchonoticias.com\/editor\/no-dejaremos-desabastecer-al-suroccidente-del-pais-ni-de-combustibles-ni-de-alimentos-presidente-petro\/"},"wordCount":397,"commentCount":0,"publisher":{"@id":"https:\/\/luchonoticias.com\/editor\/#\/schema\/person\/7a7fd911f58561fd056dbac7b55af9cd"},"articleSection":["Destacado","Nacional"],"inLanguage":"es","potentialAction":[{"@type":"CommentAction","name":"Comment","target":["https:\/\/luchonoticias.com\/editor\/no-dejaremos-desabastecer-al-suroccidente-del-pais-ni-de-combustibles-ni-de-alimentos-presidente-petro\/#respond"]}]},{"@type":"WebPage","@id":"https:\/\/luchonoticias.com\/editor\/no-dejaremos-desabastecer-al-suroccidente-del-pais-ni-de-combustibles-ni-de-alimentos-presidente-petro\/","url":"https:\/\/luchonoticias.com\/editor\/no-dejaremos-desabastecer-al-suroccidente-del-pais-ni-de-combustibles-ni-de-alimentos-presidente-petro\/","name":"\u2018No dejaremos desabastecer al suroccidente del pa\u00eds ni de combustibles ni de alimentos\u2019: Presidente Petro -","isPartOf":{"@id":"https:\/\/luchonoticias.com\/editor\/#website"},"datePublished":"2023-01-24T12:28:23+00:00","breadcrumb":{"@id":"https:\/\/luchonoticias.com\/editor\/no-dejaremos-desabastecer-al-suroccidente-del-pais-ni-de-combustibles-ni-de-alimentos-presidente-petro\/#breadcrumb"},"inLanguage":"es","potentialAction":[{"@type":"ReadAction","target":["https:\/\/luchonoticias.com\/editor\/no-dejaremos-desabastecer-al-suroccidente-del-pais-ni-de-combustibles-ni-de-alimentos-presidente-petro\/"]}]},{"@type":"BreadcrumbList","@id":"https:\/\/luchonoticias.com\/editor\/no-dejaremos-desabastecer-al-suroccidente-del-pais-ni-de-combustibles-ni-de-alimentos-presidente-petro\/#breadcrumb","itemListElement":[{"@type":"ListItem","position":1,"name":"Portada","item":"https:\/\/luchonoticias.com\/editor\/"},{"@type":"ListItem","position":2,"name":"\u2018No dejaremos desabastecer al suroccidente del pa\u00eds ni de combustibles ni de alimentos\u2019: Presidente Petro"}]},{"@type":"WebSite","@id":"https:\/\/luchonoticias.com\/editor\/#website","url":"https:\/\/luchonoticias.com\/editor\/","name":"","description":"","publisher":{"@id":"https:\/\/luchonoticias.com\/editor\/#\/schema\/person\/7a7fd911f58561fd056dbac7b55af9cd"},"potentialAction":[{"@type":"SearchAction","target":{"@type":"EntryPoint","urlTemplate":"https:\/\/luchonoticias.com\/editor\/?s={search_term_string}"},"query-input":{"@type":"PropertyValueSpecification","valueRequired":true,"valueName":"search_term_string"}}],"inLanguage":"es"},{"@type":["Person","Organization"],"@id":"https:\/\/luchonoticias.com\/editor\/#\/schema\/person\/7a7fd911f58561fd056dbac7b55af9cd","name":"admin","image":{"@type":"ImageObject","inLanguage":"es","@id":"https:\/\/luchonoticias.com\/editor\/#\/schema\/person\/image\/","url":"https:\/\/luchonoticias.com\/editor\/wp-content\/uploads\/2024\/02\/cropped-cropped-logolu.webp","contentUrl":"https:\/\/luchonoticias.com\/editor\/wp-content\/uploads\/2024\/02\/cropped-cropped-logolu.webp","width":382,"height":170,"caption":"admin"},"logo":{"@id":"https:\/\/luchonoticias.com\/editor\/#\/schema\/person\/image\/"},"sameAs":["https:\/\/www.facebook.com\/luchonoticiasneiva"]},{"@type":"Person","@id":"https:\/\/luchonoticias.com\/editor\/#\/schema\/person\/29217990ddf6f14e35912b2866d591fb","name":"Editor General","image":{"@type":"ImageObject","inLanguage":"es","@id":"https:\/\/luchonoticias.com\/editor\/#\/schema\/person\/image\/","url":"https:\/\/luchonoticias.com\/editor\/wp-content\/uploads\/2024\/02\/cropped-cropped-logolu-150x150.webp","contentUrl":"https:\/\/luchonoticias.com\/editor\/wp-content\/uploads\/2024\/02\/cropped-cropped-logolu-150x150.webp","caption":"Editor General"},"sameAs":["https:\/\/luchonoticias.com\/"],"url":"https:\/\/luchonoticias.com\/editor\/author\/editor-general\/"}]}},"_links":{"self":[{"href":"https:\/\/luchonoticias.com\/editor\/wp-json\/wp\/v2\/posts\/44834","targetHints":{"allow":["GET"]}}],"collection":[{"href":"https:\/\/luchonoticias.com\/editor\/wp-json\/wp\/v2\/posts"}],"about":[{"href":"https:\/\/luchonoticias.com\/editor\/wp-json\/wp\/v2\/types\/post"}],"author":[{"embeddable":true,"href":"https:\/\/luchonoticias.com\/editor\/wp-json\/wp\/v2\/users\/2"}],"replies":[{"embeddable":true,"href":"https:\/\/luchonoticias.com\/editor\/wp-json\/wp\/v2\/comments?post=44834"}],"version-history":[{"count":0,"href":"https:\/\/luchonoticias.com\/editor\/wp-json\/wp\/v2\/posts\/44834\/revisions"}],"wp:attachment":[{"href":"https:\/\/luchonoticias.com\/editor\/wp-json\/wp\/v2\/media?parent=44834"}],"wp:term":[{"taxonomy":"category","embeddable":true,"href":"https:\/\/luchonoticias.com\/editor\/wp-json\/wp\/v2\/categories?post=44834"},{"taxonomy":"post_tag","embeddable":true,"href":"https:\/\/luchonoticias.com\/editor\/wp-json\/wp\/v2\/tags?post=44834"}],"curies":[{"name":"wp","href":"https:\/\/api.w.org\/{rel}","templated":true}]}}