{"id":44837,"date":"2023-01-24T10:45:05","date_gmt":"2023-01-24T15:45:05","guid":{"rendered":"https:\/\/luchonoticias.com\/?p=44837"},"modified":"2023-01-24T10:45:07","modified_gmt":"2023-01-24T15:45:07","slug":"manana-nairo-definira-su-futuro-en-el-ciclismo","status":"publish","type":"post","link":"https:\/\/luchonoticias.com\/editor\/manana-nairo-definira-su-futuro-en-el-ciclismo\/","title":{"rendered":"Ma\u00f1ana Nairo definir\u00e1 su futuro en el ciclismo"},"content":{"rendered":"\n<p>Ma\u00f1ana el ciclista colombiano Nairo Quintana ofrecer\u00e1 una rueda de prensa en donde compartir\u00e1 sus planes a futuro y su actual situaci\u00f3n.<\/p>\n\n\n\n<p>No obstante, varios medios especulan que el boyacense estar\u00eda anunciando ma\u00f1ana su retiro del ciclismo profesional, al no encontrar equipo para proseguir en Europa, adem\u00e1s de, aparentemente ver poco atractivo recalar en escuadras nacionales.<\/p>\n\n\n\n<p>Quintana no ha podido encontrar equipo luego de que no renovara con el equipo franc\u00e9s Arkea Samsic; esto tras ser descalificado del Tour de Francia por el uso de tramadol, una sustancia que es condenada por las autoridades ciclistas pero que no es dopante.<\/p>\n\n\n\n<p>A ello se le agrega que el corredor ha sonado para varios equipos pero todos han desmentido su inter\u00e9s; su edad, su alto salario e incluso supuestas presiones de la UCI para que no lo contraten, han terminado por pesar en su contra.<\/p>\n","protected":false},"excerpt":{"rendered":"<p>Ma\u00f1ana el ciclista colombiano Nairo Quintana ofrecer\u00e1 una rueda de prensa en donde compartir\u00e1 sus planes a futuro y su actual situaci\u00f3n. No obstante, varios medios especulan que el boyacense estar\u00eda anunciando ma\u00f1ana su retiro del ciclismo profesional, al no encontrar equipo para proseguir en Europa, adem\u00e1s de, aparentemente ver poco atractivo recalar en escuadras [&hellip;]<\/p>\n","protected":false},"author":2,"featured_media":0,"comment_status":"open","ping_status":"open","sticky":false,"template":"","format":"standard","meta":{"footnotes":""},"categories":[34],"tags":[],"class_list":["post-44837","post","type-post","status-publish","format-standard","hentry","category-deportes"],"yoast_head":"<!-- This site is optimized with the Yoast SEO plugin v26.6 - https:\/\/yoast.com\/wordpress\/plugins\/seo\/ -->\n<title>Ma\u00f1ana Nairo definir\u00e1 su futuro en el ciclismo -<\/title>\n<meta name=\"robots\" content=\"index, follow, max-snippet:-1, max-image-preview:large, max-video-preview:-1\" \/>\n<link rel=\"canonical\" href=\"https:\/\/luchonoticias.com\/editor\/manana-nairo-definira-su-futuro-en-el-ciclismo\/\" \/>\n<meta property=\"og:locale\" content=\"es_ES\" \/>\n<meta property=\"og:type\" content=\"article\" \/>\n<meta property=\"og:title\" content=\"Ma\u00f1ana Nairo definir\u00e1 su futuro en el ciclismo -\" \/>\n<meta property=\"og:url\" content=\"https:\/\/luchonoticias.com\/editor\/manana-nairo-definira-su-futuro-en-el-ciclismo\/\" \/>\n<meta property=\"article:publisher\" content=\"https:\/\/www.facebook.com\/luchonoticiasneiva\" \/>\n<meta property=\"article:published_time\" content=\"2023-01-24T15:45:05+00:00\" \/>\n<meta property=\"article:modified_time\" content=\"2023-01-24T15:45:07+00:00\" \/>\n<meta name=\"author\" content=\"Editor General\" \/>\n<meta name=\"twitter:card\" content=\"summary_large_image\" \/>\n<meta name=\"twitter:label1\" content=\"Escrito por\" \/>\n\t<meta name=\"twitter:data1\" content=\"Editor General\" \/>\n\t<meta name=\"twitter:label2\" content=\"Tiempo de lectura\" \/>\n\t<meta name=\"twitter:data2\" content=\"1 minuto\" \/>\n<script type=\"application\/ld+json\" class=\"yoast-schema-graph\">{\"@context\":\"https:\/\/schema.org\",\"@graph\":[{\"@type\":\"Article\",\"@id\":\"https:\/\/luchonoticias.com\/editor\/manana-nairo-definira-su-futuro-en-el-ciclismo\/#article\",\"isPartOf\":{\"@id\":\"https:\/\/luchonoticias.com\/editor\/manana-nairo-definira-su-futuro-en-el-ciclismo\/\"},\"author\":{\"name\":\"Editor General\",\"@id\":\"https:\/\/luchonoticias.com\/editor\/#\/schema\/person\/29217990ddf6f14e35912b2866d591fb\"},\"headline\":\"Ma\u00f1ana Nairo definir\u00e1 su futuro en el ciclismo\",\"datePublished\":\"2023-01-24T15:45:05+00:00\",\"dateModified\":\"2023-01-24T15:45:07+00:00\",\"mainEntityOfPage\":{\"@id\":\"https:\/\/luchonoticias.com\/editor\/manana-nairo-definira-su-futuro-en-el-ciclismo\/\"},\"wordCount\":159,\"commentCount\":0,\"publisher\":{\"@id\":\"https:\/\/luchonoticias.com\/editor\/#\/schema\/person\/7a7fd911f58561fd056dbac7b55af9cd\"},\"articleSection\":[\"Deportes\"],\"inLanguage\":\"es\",\"potentialAction\":[{\"@type\":\"CommentAction\",\"name\":\"Comment\",\"target\":[\"https:\/\/luchonoticias.com\/editor\/manana-nairo-definira-su-futuro-en-el-ciclismo\/#respond\"]}]},{\"@type\":\"WebPage\",\"@id\":\"https:\/\/luchonoticias.com\/editor\/manana-nairo-definira-su-futuro-en-el-ciclismo\/\",\"url\":\"https:\/\/luchonoticias.com\/editor\/manana-nairo-definira-su-futuro-en-el-ciclismo\/\",\"name\":\"Ma\u00f1ana Nairo definir\u00e1 su futuro en el ciclismo -\",\"isPartOf\":{\"@id\":\"https:\/\/luchonoticias.com\/editor\/#website\"},\"datePublished\":\"2023-01-24T15:45:05+00:00\",\"dateModified\":\"2023-01-24T15:45:07+00:00\",\"breadcrumb\":{\"@id\":\"https:\/\/luchonoticias.com\/editor\/manana-nairo-definira-su-futuro-en-el-ciclismo\/#breadcrumb\"},\"inLanguage\":\"es\",\"potentialAction\":[{\"@type\":\"ReadAction\",\"target\":[\"https:\/\/luchonoticias.com\/editor\/manana-nairo-definira-su-futuro-en-el-ciclismo\/\"]}]},{\"@type\":\"BreadcrumbList\",\"@id\":\"https:\/\/luchonoticias.com\/editor\/manana-nairo-definira-su-futuro-en-el-ciclismo\/#breadcrumb\",\"itemListElement\":[{\"@type\":\"ListItem\",\"position\":1,\"name\":\"Portada\",\"item\":\"https:\/\/luchonoticias.com\/editor\/\"},{\"@type\":\"ListItem\",\"position\":2,\"name\":\"Ma\u00f1ana Nairo definir\u00e1 su futuro en el ciclismo\"}]},{\"@type\":\"WebSite\",\"@id\":\"https:\/\/luchonoticias.com\/editor\/#website\",\"url\":\"https:\/\/luchonoticias.com\/editor\/\",\"name\":\"\",\"description\":\"\",\"publisher\":{\"@id\":\"https:\/\/luchonoticias.com\/editor\/#\/schema\/person\/7a7fd911f58561fd056dbac7b55af9cd\"},\"potentialAction\":[{\"@type\":\"SearchAction\",\"target\":{\"@type\":\"EntryPoint\",\"urlTemplate\":\"https:\/\/luchonoticias.com\/editor\/?s={search_term_string}\"},\"query-input\":{\"@type\":\"PropertyValueSpecification\",\"valueRequired\":true,\"valueName\":\"search_term_string\"}}],\"inLanguage\":\"es\"},{\"@type\":[\"Person\",\"Organization\"],\"@id\":\"https:\/\/luchonoticias.com\/editor\/#\/schema\/person\/7a7fd911f58561fd056dbac7b55af9cd\",\"name\":\"admin\",\"image\":{\"@type\":\"ImageObject\",\"inLanguage\":\"es\",\"@id\":\"https:\/\/luchonoticias.com\/editor\/#\/schema\/person\/image\/\",\"url\":\"https:\/\/luchonoticias.com\/editor\/wp-content\/uploads\/2024\/02\/cropped-cropped-logolu.webp\",\"contentUrl\":\"https:\/\/luchonoticias.com\/editor\/wp-content\/uploads\/2024\/02\/cropped-cropped-logolu.webp\",\"width\":382,\"height\":170,\"caption\":\"admin\"},\"logo\":{\"@id\":\"https:\/\/luchonoticias.com\/editor\/#\/schema\/person\/image\/\"},\"sameAs\":[\"https:\/\/www.facebook.com\/luchonoticiasneiva\"]},{\"@type\":\"Person\",\"@id\":\"https:\/\/luchonoticias.com\/editor\/#\/schema\/person\/29217990ddf6f14e35912b2866d591fb\",\"name\":\"Editor General\",\"image\":{\"@type\":\"ImageObject\",\"inLanguage\":\"es\",\"@id\":\"https:\/\/luchonoticias.com\/editor\/#\/schema\/person\/image\/\",\"url\":\"https:\/\/luchonoticias.com\/editor\/wp-content\/uploads\/2024\/02\/cropped-cropped-logolu-150x150.webp\",\"contentUrl\":\"https:\/\/luchonoticias.com\/editor\/wp-content\/uploads\/2024\/02\/cropped-cropped-logolu-150x150.webp\",\"caption\":\"Editor General\"},\"sameAs\":[\"https:\/\/luchonoticias.com\/\"],\"url\":\"https:\/\/luchonoticias.com\/editor\/author\/editor-general\/\"}]}<\/script>\n<!-- \/ Yoast SEO plugin. -->","yoast_head_json":{"title":"Ma\u00f1ana Nairo definir\u00e1 su futuro en el ciclismo -","robots":{"index":"index","follow":"follow","max-snippet":"max-snippet:-1","max-image-preview":"max-image-preview:large","max-video-preview":"max-video-preview:-1"},"canonical":"https:\/\/luchonoticias.com\/editor\/manana-nairo-definira-su-futuro-en-el-ciclismo\/","og_locale":"es_ES","og_type":"article","og_title":"Ma\u00f1ana Nairo definir\u00e1 su futuro en el ciclismo -","og_url":"https:\/\/luchonoticias.com\/editor\/manana-nairo-definira-su-futuro-en-el-ciclismo\/","article_publisher":"https:\/\/www.facebook.com\/luchonoticiasneiva","article_published_time":"2023-01-24T15:45:05+00:00","article_modified_time":"2023-01-24T15:45:07+00:00","author":"Editor General","twitter_card":"summary_large_image","twitter_misc":{"Escrito por":"Editor General","Tiempo de lectura":"1 minuto"},"schema":{"@context":"https:\/\/schema.org","@graph":[{"@type":"Article","@id":"https:\/\/luchonoticias.com\/editor\/manana-nairo-definira-su-futuro-en-el-ciclismo\/#article","isPartOf":{"@id":"https:\/\/luchonoticias.com\/editor\/manana-nairo-definira-su-futuro-en-el-ciclismo\/"},"author":{"name":"Editor General","@id":"https:\/\/luchonoticias.com\/editor\/#\/schema\/person\/29217990ddf6f14e35912b2866d591fb"},"headline":"Ma\u00f1ana Nairo definir\u00e1 su futuro en el ciclismo","datePublished":"2023-01-24T15:45:05+00:00","dateModified":"2023-01-24T15:45:07+00:00","mainEntityOfPage":{"@id":"https:\/\/luchonoticias.com\/editor\/manana-nairo-definira-su-futuro-en-el-ciclismo\/"},"wordCount":159,"commentCount":0,"publisher":{"@id":"https:\/\/luchonoticias.com\/editor\/#\/schema\/person\/7a7fd911f58561fd056dbac7b55af9cd"},"articleSection":["Deportes"],"inLanguage":"es","potentialAction":[{"@type":"CommentAction","name":"Comment","target":["https:\/\/luchonoticias.com\/editor\/manana-nairo-definira-su-futuro-en-el-ciclismo\/#respond"]}]},{"@type":"WebPage","@id":"https:\/\/luchonoticias.com\/editor\/manana-nairo-definira-su-futuro-en-el-ciclismo\/","url":"https:\/\/luchonoticias.com\/editor\/manana-nairo-definira-su-futuro-en-el-ciclismo\/","name":"Ma\u00f1ana Nairo definir\u00e1 su futuro en el ciclismo -","isPartOf":{"@id":"https:\/\/luchonoticias.com\/editor\/#website"},"datePublished":"2023-01-24T15:45:05+00:00","dateModified":"2023-01-24T15:45:07+00:00","breadcrumb":{"@id":"https:\/\/luchonoticias.com\/editor\/manana-nairo-definira-su-futuro-en-el-ciclismo\/#breadcrumb"},"inLanguage":"es","potentialAction":[{"@type":"ReadAction","target":["https:\/\/luchonoticias.com\/editor\/manana-nairo-definira-su-futuro-en-el-ciclismo\/"]}]},{"@type":"BreadcrumbList","@id":"https:\/\/luchonoticias.com\/editor\/manana-nairo-definira-su-futuro-en-el-ciclismo\/#breadcrumb","itemListElement":[{"@type":"ListItem","position":1,"name":"Portada","item":"https:\/\/luchonoticias.com\/editor\/"},{"@type":"ListItem","position":2,"name":"Ma\u00f1ana Nairo definir\u00e1 su futuro en el ciclismo"}]},{"@type":"WebSite","@id":"https:\/\/luchonoticias.com\/editor\/#website","url":"https:\/\/luchonoticias.com\/editor\/","name":"","description":"","publisher":{"@id":"https:\/\/luchonoticias.com\/editor\/#\/schema\/person\/7a7fd911f58561fd056dbac7b55af9cd"},"potentialAction":[{"@type":"SearchAction","target":{"@type":"EntryPoint","urlTemplate":"https:\/\/luchonoticias.com\/editor\/?s={search_term_string}"},"query-input":{"@type":"PropertyValueSpecification","valueRequired":true,"valueName":"search_term_string"}}],"inLanguage":"es"},{"@type":["Person","Organization"],"@id":"https:\/\/luchonoticias.com\/editor\/#\/schema\/person\/7a7fd911f58561fd056dbac7b55af9cd","name":"admin","image":{"@type":"ImageObject","inLanguage":"es","@id":"https:\/\/luchonoticias.com\/editor\/#\/schema\/person\/image\/","url":"https:\/\/luchonoticias.com\/editor\/wp-content\/uploads\/2024\/02\/cropped-cropped-logolu.webp","contentUrl":"https:\/\/luchonoticias.com\/editor\/wp-content\/uploads\/2024\/02\/cropped-cropped-logolu.webp","width":382,"height":170,"caption":"admin"},"logo":{"@id":"https:\/\/luchonoticias.com\/editor\/#\/schema\/person\/image\/"},"sameAs":["https:\/\/www.facebook.com\/luchonoticiasneiva"]},{"@type":"Person","@id":"https:\/\/luchonoticias.com\/editor\/#\/schema\/person\/29217990ddf6f14e35912b2866d591fb","name":"Editor General","image":{"@type":"ImageObject","inLanguage":"es","@id":"https:\/\/luchonoticias.com\/editor\/#\/schema\/person\/image\/","url":"https:\/\/luchonoticias.com\/editor\/wp-content\/uploads\/2024\/02\/cropped-cropped-logolu-150x150.webp","contentUrl":"https:\/\/luchonoticias.com\/editor\/wp-content\/uploads\/2024\/02\/cropped-cropped-logolu-150x150.webp","caption":"Editor General"},"sameAs":["https:\/\/luchonoticias.com\/"],"url":"https:\/\/luchonoticias.com\/editor\/author\/editor-general\/"}]}},"_links":{"self":[{"href":"https:\/\/luchonoticias.com\/editor\/wp-json\/wp\/v2\/posts\/44837","targetHints":{"allow":["GET"]}}],"collection":[{"href":"https:\/\/luchonoticias.com\/editor\/wp-json\/wp\/v2\/posts"}],"about":[{"href":"https:\/\/luchonoticias.com\/editor\/wp-json\/wp\/v2\/types\/post"}],"author":[{"embeddable":true,"href":"https:\/\/luchonoticias.com\/editor\/wp-json\/wp\/v2\/users\/2"}],"replies":[{"embeddable":true,"href":"https:\/\/luchonoticias.com\/editor\/wp-json\/wp\/v2\/comments?post=44837"}],"version-history":[{"count":0,"href":"https:\/\/luchonoticias.com\/editor\/wp-json\/wp\/v2\/posts\/44837\/revisions"}],"wp:attachment":[{"href":"https:\/\/luchonoticias.com\/editor\/wp-json\/wp\/v2\/media?parent=44837"}],"wp:term":[{"taxonomy":"category","embeddable":true,"href":"https:\/\/luchonoticias.com\/editor\/wp-json\/wp\/v2\/categories?post=44837"},{"taxonomy":"post_tag","embeddable":true,"href":"https:\/\/luchonoticias.com\/editor\/wp-json\/wp\/v2\/tags?post=44837"}],"curies":[{"name":"wp","href":"https:\/\/api.w.org\/{rel}","templated":true}]}}