{"id":44839,"date":"2023-01-24T15:29:45","date_gmt":"2023-01-24T20:29:45","guid":{"rendered":"https:\/\/luchonoticias.com\/?p=44839"},"modified":"2023-01-24T15:29:46","modified_gmt":"2023-01-24T20:29:46","slug":"petro-pidio-en-cumbre-de-celac-fortalecer-sistema-interamericano-de-dd-hh","status":"publish","type":"post","link":"https:\/\/luchonoticias.com\/editor\/petro-pidio-en-cumbre-de-celac-fortalecer-sistema-interamericano-de-dd-hh\/","title":{"rendered":"Petro pidi\u00f3 en Cumbre de Celac fortalecer Sistema Interamericano de DD.HH."},"content":{"rendered":"\n<p>El Presidente Gustavo Petro propuso este martes, en la VII Cumbre de Jefes de Estado y de Gobierno de la Comunidad de Estados Latinoamericanos y Caribe\u00f1os (Celac), fortalecer el Sistema Interamericano de Derechos Humanos, adoptar un tratado regional de migraci\u00f3n y promover un mecanismo de abastecimiento alimentario para evitar el hambre.<\/p>\n\n\n\n<p>El Jefe de Estado colombiano intervino en la apertura de la Cumbre, por parte del Presidente de Argentina, Alberto Fern\u00e1ndez, que ejerc\u00eda la presidencia pro tempore de la Celac.<\/p>\n\n\n\n<p>\u201c\u00bfPor qu\u00e9 no fortalecemos el Sistema Interamericano de Derechos Humanos? \u00bfDe esa carta de derechos liberales que hay que mantener, la ampliamos hacia los derechos ambientales, de la mujer y colectivos de \u00faltima generaci\u00f3n? \u00bfY por qu\u00e9 no fortalecemos su poder judicial?\u201d, afirm\u00f3 el Mandatario en la reuni\u00f3n efectuada en Buenos Aires.<\/p>\n\n\n\n<p>Se pregunt\u00f3 \u201c\u00bfpor qu\u00e9 tiene que haber golpes parlamentarios y violencia? \u00bfPor qu\u00e9 presidentes elegidos popularmente tienen que estar presos, cuando deber\u00edan estar en esta mesa?\u201d<\/p>\n\n\n\n<p>\u201cAqu\u00ed tiene que haber un pacto democr\u00e1tico como se propuso en el 72\u201d, dijo el Presidente Petro y subray\u00f3 que \u201csi llegamos al poder desde las izquierdas no es para encarcelar derechas. En Am\u00e9rica Latina no tiene que haber un solo preso pol\u00edtico\u201d.<\/p>\n\n\n\n<p>Manifest\u00f3 que se trata de \u201cun pacto democr\u00e1tico en donde las derechas y las izquierdas no crean que cuando llegan al poder es para eliminar a su contrincante f\u00edsicamente, y lo dice el Presidente colombiano, que ha visto en su tierra morir miles de militantes de la izquierda colombiana asesinados\u201d.<\/p>\n\n\n\n<p>En cuanto a la lucha contra el hambre, indic\u00f3 que \u201csi el hambre est\u00e1 en nuestras tierras, y va a crecer, saquemos alimentos de ser mercanc\u00edas.\u00a0 Construyamos un sistema de abastecimiento alimentario que llegue all\u00ed donde est\u00e1 el hambre\u201d.<\/p>\n\n\n\n<figure class=\"wp-block-image size-large\"><img decoding=\"async\" src=\"https:\/\/luchonoticias.com\/wp-content\/uploads\/2023\/01\/WhatsApp-Image-2023-01-24-at-11.44.48-AM-1024x682.jpeg\" alt=\"\" class=\"wp-image-44841\"\/><\/figure>\n\n\n\n<p><strong>Migraci\u00f3n y energ\u00edas limpias<\/strong><\/p>\n\n\n\n<p>El Presidente Petro explic\u00f3 que le propuso a su hom\u00f3logo de M\u00e9xico, Andr\u00e9s Manuel L\u00f3pez Obrador, que se haga en su pa\u00eds una conferencia latinoamericana y del Caribe sobre la migraci\u00f3n.<\/p>\n\n\n\n<p>Precis\u00f3 que el problema tiene como causa tambi\u00e9n la carencia de agua y alimentos, \u201cy la respuesta no son las ametralladoras y los muros y los campos de concentraci\u00f3n\u201d.<\/p>\n\n\n\n<p>Propuso tambi\u00e9n lograr un tratado para suministrar energ\u00edas limpias a Estados Unidos y Canad\u00e1.<\/p>\n\n\n\n<p>\u201cSi nos unimos, podr\u00eda otorgar tanta energ\u00eda a esa red el\u00e9ctrica, que no solamente tendr\u00edamos seguridad, no solamente ser\u00edamos excedentarios en la generaci\u00f3n de energ\u00edas limpias, para nuestras propias sociedades, para las que tienen por razones geogr\u00e1ficas d\u00e9ficit, sino que podr\u00edamos ser un motor para ayudar a las fuerzas progresistas de los Estados Unidos y del Canad\u00e1 a cambiar su propia matriz de energ\u00eda el\u00e9ctrica\u201d, manifest\u00f3.<\/p>\n\n\n\n<p><strong>Paz mundial y crisis clim\u00e1tica<\/strong><\/p>\n\n\n\n<p>El Presidente Petro habl\u00f3 de la guerra en Ucrania y de la crisis clim\u00e1tica, y recalc\u00f3 que el mundo y Am\u00e9rica Latina necesitan la paz.<\/p>\n\n\n\n<p>\u201cDesde aqu\u00ed deber\u00edamos, antes de dejarnos presionar por alinderamientos militares, exigir la paz. El mundo necesita la paz. Mientras se matan ucranianos y rusos, la crisis clim\u00e1tica y el hambre van por el mundo como ese fantasma que va matando much\u00edsimas m\u00e1s personas que la misma guerra\u201d, sostuvo.<\/p>\n\n\n\n<p>Se\u00f1al\u00f3 que, en lo que lleva de Gobierno, ha expuesto que es \u201cel principal problema que hoy afronta la humanidad\u201d, y reiter\u00f3 que \u201ces el consumo y la producci\u00f3n de petr\u00f3leo, carb\u00f3n y gas, al ser utilizado por el capitalismo f\u00f3sil en su acumulaci\u00f3n ampliada de ganancias, lo que puede matar la humanidad\u201d.<\/p>\n\n\n\n<p>As\u00ed mismo, se refiri\u00f3 a otros aspectos de integraci\u00f3n, como tener \u201cun organismo com\u00fan que pueda llevar la medicina que se necesita al que la necesita\u201d, y defenderse \u201cde los poderes monop\u00f3licos de unas empresas que usan la medicina como un factor de poder y enriquecimiento, mientras mueren millones de personas\u201d.<\/p>\n\n\n\n<p>Igualmente, se refiri\u00f3 a la integraci\u00f3n por medio del sistema ferroviario, que \u201cest\u00e1 en el camino adecuado, porque no es la imitaci\u00f3n de la gran autopista norteamericana, que usa una movilidad intensiva en combustibles f\u00f3siles, lo que nos va a salvar ahora en el siglo XXI. Destruimos nuestros trenes, ahora hay que reconstruirlos\u201d, concluy\u00f3.<\/p>\n\n\n\n<figure class=\"wp-block-image size-large\"><img decoding=\"async\" src=\"https:\/\/luchonoticias.com\/wp-content\/uploads\/2023\/01\/WhatsApp-Image-2023-01-24-at-11.44.50-AM-1024x682.jpeg\" alt=\"\" class=\"wp-image-44842\"\/><\/figure>\n\n\n\n<p><strong>Menos ret\u00f3rica<\/strong><\/p>\n\n\n\n<p>El Presidente Petro agradeci\u00f3 al gobernante de Argentina, Alberto Fern\u00e1ndez, por haber ejercido la presidencia pro tempore de la Celac, y dijo que esta asociaci\u00f3n \u201cpuede ser ya el espacio definitivo de integraci\u00f3n de Am\u00e9rica Latina, si le damos poder vinculante\u201d.<\/p>\n\n\n\n<p>Advirti\u00f3 que \u201chay una gran distancia entre la ret\u00f3rica de la integraci\u00f3n latinoamericana y la realidad. Hablamos mucho, pero hacemos poco. Y yo creo que esta historia tiene que cambiar. De la ret\u00f3rica tenemos que pasar a la realidad\u201d, puntualiz\u00f3.<\/p>\n","protected":false},"excerpt":{"rendered":"<p>El Presidente Gustavo Petro propuso este martes, en la VII Cumbre de Jefes de Estado y de Gobierno de la Comunidad de Estados Latinoamericanos y Caribe\u00f1os (Celac), fortalecer el Sistema Interamericano de Derechos Humanos, adoptar un tratado regional de migraci\u00f3n y promover un mecanismo de abastecimiento alimentario para evitar el hambre. El Jefe de Estado [&hellip;]<\/p>\n","protected":false},"author":2,"featured_media":0,"comment_status":"open","ping_status":"open","sticky":false,"template":"","format":"standard","meta":{"footnotes":""},"categories":[36,32],"tags":[],"class_list":["post-44839","post","type-post","status-publish","format-standard","hentry","category-destacado","category-nacional"],"yoast_head":"<!-- This site is optimized with the Yoast SEO plugin v26.6 - https:\/\/yoast.com\/wordpress\/plugins\/seo\/ -->\n<title>Petro pidi\u00f3 en Cumbre de Celac fortalecer Sistema Interamericano de DD.HH. -<\/title>\n<meta name=\"robots\" content=\"index, follow, max-snippet:-1, max-image-preview:large, max-video-preview:-1\" \/>\n<link rel=\"canonical\" href=\"https:\/\/luchonoticias.com\/editor\/petro-pidio-en-cumbre-de-celac-fortalecer-sistema-interamericano-de-dd-hh\/\" \/>\n<meta property=\"og:locale\" content=\"es_ES\" \/>\n<meta property=\"og:type\" content=\"article\" \/>\n<meta property=\"og:title\" content=\"Petro pidi\u00f3 en Cumbre de Celac fortalecer Sistema Interamericano de DD.HH. -\" \/>\n<meta property=\"og:url\" content=\"https:\/\/luchonoticias.com\/editor\/petro-pidio-en-cumbre-de-celac-fortalecer-sistema-interamericano-de-dd-hh\/\" \/>\n<meta property=\"article:publisher\" content=\"https:\/\/www.facebook.com\/luchonoticiasneiva\" \/>\n<meta property=\"article:published_time\" content=\"2023-01-24T20:29:45+00:00\" \/>\n<meta property=\"article:modified_time\" content=\"2023-01-24T20:29:46+00:00\" \/>\n<meta property=\"og:image\" content=\"https:\/\/luchonoticias.com\/wp-content\/uploads\/2023\/01\/WhatsApp-Image-2023-01-24-at-11.44.48-AM-1024x682.jpeg\" \/>\n<meta name=\"author\" content=\"Editor General\" \/>\n<meta name=\"twitter:card\" content=\"summary_large_image\" \/>\n<meta name=\"twitter:label1\" content=\"Escrito por\" \/>\n\t<meta name=\"twitter:data1\" content=\"Editor General\" \/>\n\t<meta name=\"twitter:label2\" content=\"Tiempo de lectura\" \/>\n\t<meta name=\"twitter:data2\" content=\"4 minutos\" \/>\n<script type=\"application\/ld+json\" class=\"yoast-schema-graph\">{\"@context\":\"https:\/\/schema.org\",\"@graph\":[{\"@type\":\"Article\",\"@id\":\"https:\/\/luchonoticias.com\/editor\/petro-pidio-en-cumbre-de-celac-fortalecer-sistema-interamericano-de-dd-hh\/#article\",\"isPartOf\":{\"@id\":\"https:\/\/luchonoticias.com\/editor\/petro-pidio-en-cumbre-de-celac-fortalecer-sistema-interamericano-de-dd-hh\/\"},\"author\":{\"name\":\"Editor General\",\"@id\":\"https:\/\/luchonoticias.com\/editor\/#\/schema\/person\/29217990ddf6f14e35912b2866d591fb\"},\"headline\":\"Petro pidi\u00f3 en Cumbre de Celac fortalecer Sistema Interamericano de DD.HH.\",\"datePublished\":\"2023-01-24T20:29:45+00:00\",\"dateModified\":\"2023-01-24T20:29:46+00:00\",\"mainEntityOfPage\":{\"@id\":\"https:\/\/luchonoticias.com\/editor\/petro-pidio-en-cumbre-de-celac-fortalecer-sistema-interamericano-de-dd-hh\/\"},\"wordCount\":828,\"commentCount\":0,\"publisher\":{\"@id\":\"https:\/\/luchonoticias.com\/editor\/#\/schema\/person\/7a7fd911f58561fd056dbac7b55af9cd\"},\"image\":{\"@id\":\"https:\/\/luchonoticias.com\/editor\/petro-pidio-en-cumbre-de-celac-fortalecer-sistema-interamericano-de-dd-hh\/#primaryimage\"},\"thumbnailUrl\":\"https:\/\/luchonoticias.com\/wp-content\/uploads\/2023\/01\/WhatsApp-Image-2023-01-24-at-11.44.48-AM-1024x682.jpeg\",\"articleSection\":[\"Destacado\",\"Nacional\"],\"inLanguage\":\"es\",\"potentialAction\":[{\"@type\":\"CommentAction\",\"name\":\"Comment\",\"target\":[\"https:\/\/luchonoticias.com\/editor\/petro-pidio-en-cumbre-de-celac-fortalecer-sistema-interamericano-de-dd-hh\/#respond\"]}]},{\"@type\":\"WebPage\",\"@id\":\"https:\/\/luchonoticias.com\/editor\/petro-pidio-en-cumbre-de-celac-fortalecer-sistema-interamericano-de-dd-hh\/\",\"url\":\"https:\/\/luchonoticias.com\/editor\/petro-pidio-en-cumbre-de-celac-fortalecer-sistema-interamericano-de-dd-hh\/\",\"name\":\"Petro pidi\u00f3 en Cumbre de Celac fortalecer Sistema Interamericano de DD.HH. -\",\"isPartOf\":{\"@id\":\"https:\/\/luchonoticias.com\/editor\/#website\"},\"primaryImageOfPage\":{\"@id\":\"https:\/\/luchonoticias.com\/editor\/petro-pidio-en-cumbre-de-celac-fortalecer-sistema-interamericano-de-dd-hh\/#primaryimage\"},\"image\":{\"@id\":\"https:\/\/luchonoticias.com\/editor\/petro-pidio-en-cumbre-de-celac-fortalecer-sistema-interamericano-de-dd-hh\/#primaryimage\"},\"thumbnailUrl\":\"https:\/\/luchonoticias.com\/wp-content\/uploads\/2023\/01\/WhatsApp-Image-2023-01-24-at-11.44.48-AM-1024x682.jpeg\",\"datePublished\":\"2023-01-24T20:29:45+00:00\",\"dateModified\":\"2023-01-24T20:29:46+00:00\",\"breadcrumb\":{\"@id\":\"https:\/\/luchonoticias.com\/editor\/petro-pidio-en-cumbre-de-celac-fortalecer-sistema-interamericano-de-dd-hh\/#breadcrumb\"},\"inLanguage\":\"es\",\"potentialAction\":[{\"@type\":\"ReadAction\",\"target\":[\"https:\/\/luchonoticias.com\/editor\/petro-pidio-en-cumbre-de-celac-fortalecer-sistema-interamericano-de-dd-hh\/\"]}]},{\"@type\":\"ImageObject\",\"inLanguage\":\"es\",\"@id\":\"https:\/\/luchonoticias.com\/editor\/petro-pidio-en-cumbre-de-celac-fortalecer-sistema-interamericano-de-dd-hh\/#primaryimage\",\"url\":\"https:\/\/luchonoticias.com\/wp-content\/uploads\/2023\/01\/WhatsApp-Image-2023-01-24-at-11.44.48-AM-1024x682.jpeg\",\"contentUrl\":\"https:\/\/luchonoticias.com\/wp-content\/uploads\/2023\/01\/WhatsApp-Image-2023-01-24-at-11.44.48-AM-1024x682.jpeg\"},{\"@type\":\"BreadcrumbList\",\"@id\":\"https:\/\/luchonoticias.com\/editor\/petro-pidio-en-cumbre-de-celac-fortalecer-sistema-interamericano-de-dd-hh\/#breadcrumb\",\"itemListElement\":[{\"@type\":\"ListItem\",\"position\":1,\"name\":\"Portada\",\"item\":\"https:\/\/luchonoticias.com\/editor\/\"},{\"@type\":\"ListItem\",\"position\":2,\"name\":\"Petro pidi\u00f3 en Cumbre de Celac fortalecer Sistema Interamericano de DD.HH.\"}]},{\"@type\":\"WebSite\",\"@id\":\"https:\/\/luchonoticias.com\/editor\/#website\",\"url\":\"https:\/\/luchonoticias.com\/editor\/\",\"name\":\"\",\"description\":\"\",\"publisher\":{\"@id\":\"https:\/\/luchonoticias.com\/editor\/#\/schema\/person\/7a7fd911f58561fd056dbac7b55af9cd\"},\"potentialAction\":[{\"@type\":\"SearchAction\",\"target\":{\"@type\":\"EntryPoint\",\"urlTemplate\":\"https:\/\/luchonoticias.com\/editor\/?s={search_term_string}\"},\"query-input\":{\"@type\":\"PropertyValueSpecification\",\"valueRequired\":true,\"valueName\":\"search_term_string\"}}],\"inLanguage\":\"es\"},{\"@type\":[\"Person\",\"Organization\"],\"@id\":\"https:\/\/luchonoticias.com\/editor\/#\/schema\/person\/7a7fd911f58561fd056dbac7b55af9cd\",\"name\":\"admin\",\"image\":{\"@type\":\"ImageObject\",\"inLanguage\":\"es\",\"@id\":\"https:\/\/luchonoticias.com\/editor\/#\/schema\/person\/image\/\",\"url\":\"https:\/\/luchonoticias.com\/editor\/wp-content\/uploads\/2024\/02\/cropped-cropped-logolu.webp\",\"contentUrl\":\"https:\/\/luchonoticias.com\/editor\/wp-content\/uploads\/2024\/02\/cropped-cropped-logolu.webp\",\"width\":382,\"height\":170,\"caption\":\"admin\"},\"logo\":{\"@id\":\"https:\/\/luchonoticias.com\/editor\/#\/schema\/person\/image\/\"},\"sameAs\":[\"https:\/\/www.facebook.com\/luchonoticiasneiva\"]},{\"@type\":\"Person\",\"@id\":\"https:\/\/luchonoticias.com\/editor\/#\/schema\/person\/29217990ddf6f14e35912b2866d591fb\",\"name\":\"Editor General\",\"image\":{\"@type\":\"ImageObject\",\"inLanguage\":\"es\",\"@id\":\"https:\/\/luchonoticias.com\/editor\/#\/schema\/person\/image\/\",\"url\":\"https:\/\/luchonoticias.com\/editor\/wp-content\/uploads\/2024\/02\/cropped-cropped-logolu-150x150.webp\",\"contentUrl\":\"https:\/\/luchonoticias.com\/editor\/wp-content\/uploads\/2024\/02\/cropped-cropped-logolu-150x150.webp\",\"caption\":\"Editor General\"},\"sameAs\":[\"https:\/\/luchonoticias.com\/\"],\"url\":\"https:\/\/luchonoticias.com\/editor\/author\/editor-general\/\"}]}<\/script>\n<!-- \/ Yoast SEO plugin. -->","yoast_head_json":{"title":"Petro pidi\u00f3 en Cumbre de Celac fortalecer Sistema Interamericano de DD.HH. -","robots":{"index":"index","follow":"follow","max-snippet":"max-snippet:-1","max-image-preview":"max-image-preview:large","max-video-preview":"max-video-preview:-1"},"canonical":"https:\/\/luchonoticias.com\/editor\/petro-pidio-en-cumbre-de-celac-fortalecer-sistema-interamericano-de-dd-hh\/","og_locale":"es_ES","og_type":"article","og_title":"Petro pidi\u00f3 en Cumbre de Celac fortalecer Sistema Interamericano de DD.HH. -","og_url":"https:\/\/luchonoticias.com\/editor\/petro-pidio-en-cumbre-de-celac-fortalecer-sistema-interamericano-de-dd-hh\/","article_publisher":"https:\/\/www.facebook.com\/luchonoticiasneiva","article_published_time":"2023-01-24T20:29:45+00:00","article_modified_time":"2023-01-24T20:29:46+00:00","og_image":[{"url":"https:\/\/luchonoticias.com\/wp-content\/uploads\/2023\/01\/WhatsApp-Image-2023-01-24-at-11.44.48-AM-1024x682.jpeg","type":"","width":"","height":""}],"author":"Editor General","twitter_card":"summary_large_image","twitter_misc":{"Escrito por":"Editor General","Tiempo de lectura":"4 minutos"},"schema":{"@context":"https:\/\/schema.org","@graph":[{"@type":"Article","@id":"https:\/\/luchonoticias.com\/editor\/petro-pidio-en-cumbre-de-celac-fortalecer-sistema-interamericano-de-dd-hh\/#article","isPartOf":{"@id":"https:\/\/luchonoticias.com\/editor\/petro-pidio-en-cumbre-de-celac-fortalecer-sistema-interamericano-de-dd-hh\/"},"author":{"name":"Editor General","@id":"https:\/\/luchonoticias.com\/editor\/#\/schema\/person\/29217990ddf6f14e35912b2866d591fb"},"headline":"Petro pidi\u00f3 en Cumbre de Celac fortalecer Sistema Interamericano de DD.HH.","datePublished":"2023-01-24T20:29:45+00:00","dateModified":"2023-01-24T20:29:46+00:00","mainEntityOfPage":{"@id":"https:\/\/luchonoticias.com\/editor\/petro-pidio-en-cumbre-de-celac-fortalecer-sistema-interamericano-de-dd-hh\/"},"wordCount":828,"commentCount":0,"publisher":{"@id":"https:\/\/luchonoticias.com\/editor\/#\/schema\/person\/7a7fd911f58561fd056dbac7b55af9cd"},"image":{"@id":"https:\/\/luchonoticias.com\/editor\/petro-pidio-en-cumbre-de-celac-fortalecer-sistema-interamericano-de-dd-hh\/#primaryimage"},"thumbnailUrl":"https:\/\/luchonoticias.com\/wp-content\/uploads\/2023\/01\/WhatsApp-Image-2023-01-24-at-11.44.48-AM-1024x682.jpeg","articleSection":["Destacado","Nacional"],"inLanguage":"es","potentialAction":[{"@type":"CommentAction","name":"Comment","target":["https:\/\/luchonoticias.com\/editor\/petro-pidio-en-cumbre-de-celac-fortalecer-sistema-interamericano-de-dd-hh\/#respond"]}]},{"@type":"WebPage","@id":"https:\/\/luchonoticias.com\/editor\/petro-pidio-en-cumbre-de-celac-fortalecer-sistema-interamericano-de-dd-hh\/","url":"https:\/\/luchonoticias.com\/editor\/petro-pidio-en-cumbre-de-celac-fortalecer-sistema-interamericano-de-dd-hh\/","name":"Petro pidi\u00f3 en Cumbre de Celac fortalecer Sistema Interamericano de DD.HH. -","isPartOf":{"@id":"https:\/\/luchonoticias.com\/editor\/#website"},"primaryImageOfPage":{"@id":"https:\/\/luchonoticias.com\/editor\/petro-pidio-en-cumbre-de-celac-fortalecer-sistema-interamericano-de-dd-hh\/#primaryimage"},"image":{"@id":"https:\/\/luchonoticias.com\/editor\/petro-pidio-en-cumbre-de-celac-fortalecer-sistema-interamericano-de-dd-hh\/#primaryimage"},"thumbnailUrl":"https:\/\/luchonoticias.com\/wp-content\/uploads\/2023\/01\/WhatsApp-Image-2023-01-24-at-11.44.48-AM-1024x682.jpeg","datePublished":"2023-01-24T20:29:45+00:00","dateModified":"2023-01-24T20:29:46+00:00","breadcrumb":{"@id":"https:\/\/luchonoticias.com\/editor\/petro-pidio-en-cumbre-de-celac-fortalecer-sistema-interamericano-de-dd-hh\/#breadcrumb"},"inLanguage":"es","potentialAction":[{"@type":"ReadAction","target":["https:\/\/luchonoticias.com\/editor\/petro-pidio-en-cumbre-de-celac-fortalecer-sistema-interamericano-de-dd-hh\/"]}]},{"@type":"ImageObject","inLanguage":"es","@id":"https:\/\/luchonoticias.com\/editor\/petro-pidio-en-cumbre-de-celac-fortalecer-sistema-interamericano-de-dd-hh\/#primaryimage","url":"https:\/\/luchonoticias.com\/wp-content\/uploads\/2023\/01\/WhatsApp-Image-2023-01-24-at-11.44.48-AM-1024x682.jpeg","contentUrl":"https:\/\/luchonoticias.com\/wp-content\/uploads\/2023\/01\/WhatsApp-Image-2023-01-24-at-11.44.48-AM-1024x682.jpeg"},{"@type":"BreadcrumbList","@id":"https:\/\/luchonoticias.com\/editor\/petro-pidio-en-cumbre-de-celac-fortalecer-sistema-interamericano-de-dd-hh\/#breadcrumb","itemListElement":[{"@type":"ListItem","position":1,"name":"Portada","item":"https:\/\/luchonoticias.com\/editor\/"},{"@type":"ListItem","position":2,"name":"Petro pidi\u00f3 en Cumbre de Celac fortalecer Sistema Interamericano de DD.HH."}]},{"@type":"WebSite","@id":"https:\/\/luchonoticias.com\/editor\/#website","url":"https:\/\/luchonoticias.com\/editor\/","name":"","description":"","publisher":{"@id":"https:\/\/luchonoticias.com\/editor\/#\/schema\/person\/7a7fd911f58561fd056dbac7b55af9cd"},"potentialAction":[{"@type":"SearchAction","target":{"@type":"EntryPoint","urlTemplate":"https:\/\/luchonoticias.com\/editor\/?s={search_term_string}"},"query-input":{"@type":"PropertyValueSpecification","valueRequired":true,"valueName":"search_term_string"}}],"inLanguage":"es"},{"@type":["Person","Organization"],"@id":"https:\/\/luchonoticias.com\/editor\/#\/schema\/person\/7a7fd911f58561fd056dbac7b55af9cd","name":"admin","image":{"@type":"ImageObject","inLanguage":"es","@id":"https:\/\/luchonoticias.com\/editor\/#\/schema\/person\/image\/","url":"https:\/\/luchonoticias.com\/editor\/wp-content\/uploads\/2024\/02\/cropped-cropped-logolu.webp","contentUrl":"https:\/\/luchonoticias.com\/editor\/wp-content\/uploads\/2024\/02\/cropped-cropped-logolu.webp","width":382,"height":170,"caption":"admin"},"logo":{"@id":"https:\/\/luchonoticias.com\/editor\/#\/schema\/person\/image\/"},"sameAs":["https:\/\/www.facebook.com\/luchonoticiasneiva"]},{"@type":"Person","@id":"https:\/\/luchonoticias.com\/editor\/#\/schema\/person\/29217990ddf6f14e35912b2866d591fb","name":"Editor General","image":{"@type":"ImageObject","inLanguage":"es","@id":"https:\/\/luchonoticias.com\/editor\/#\/schema\/person\/image\/","url":"https:\/\/luchonoticias.com\/editor\/wp-content\/uploads\/2024\/02\/cropped-cropped-logolu-150x150.webp","contentUrl":"https:\/\/luchonoticias.com\/editor\/wp-content\/uploads\/2024\/02\/cropped-cropped-logolu-150x150.webp","caption":"Editor General"},"sameAs":["https:\/\/luchonoticias.com\/"],"url":"https:\/\/luchonoticias.com\/editor\/author\/editor-general\/"}]}},"_links":{"self":[{"href":"https:\/\/luchonoticias.com\/editor\/wp-json\/wp\/v2\/posts\/44839","targetHints":{"allow":["GET"]}}],"collection":[{"href":"https:\/\/luchonoticias.com\/editor\/wp-json\/wp\/v2\/posts"}],"about":[{"href":"https:\/\/luchonoticias.com\/editor\/wp-json\/wp\/v2\/types\/post"}],"author":[{"embeddable":true,"href":"https:\/\/luchonoticias.com\/editor\/wp-json\/wp\/v2\/users\/2"}],"replies":[{"embeddable":true,"href":"https:\/\/luchonoticias.com\/editor\/wp-json\/wp\/v2\/comments?post=44839"}],"version-history":[{"count":0,"href":"https:\/\/luchonoticias.com\/editor\/wp-json\/wp\/v2\/posts\/44839\/revisions"}],"wp:attachment":[{"href":"https:\/\/luchonoticias.com\/editor\/wp-json\/wp\/v2\/media?parent=44839"}],"wp:term":[{"taxonomy":"category","embeddable":true,"href":"https:\/\/luchonoticias.com\/editor\/wp-json\/wp\/v2\/categories?post=44839"},{"taxonomy":"post_tag","embeddable":true,"href":"https:\/\/luchonoticias.com\/editor\/wp-json\/wp\/v2\/tags?post=44839"}],"curies":[{"name":"wp","href":"https:\/\/api.w.org\/{rel}","templated":true}]}}