{"id":44844,"date":"2023-01-24T15:37:24","date_gmt":"2023-01-24T20:37:24","guid":{"rendered":"https:\/\/luchonoticias.com\/?p=44844"},"modified":"2023-01-24T15:37:43","modified_gmt":"2023-01-24T20:37:43","slug":"cae-alias-la-roca-presunto-reconocido-delincuente-de-las-comuna-2-5-y-7-de-neiva","status":"publish","type":"post","link":"https:\/\/luchonoticias.com\/editor\/cae-alias-la-roca-presunto-reconocido-delincuente-de-las-comuna-2-5-y-7-de-neiva\/","title":{"rendered":"Cae alias \u2018La Roca\u2019, presunto reconocido delincuente de las comunas 2, 5 y 7 de Neiva"},"content":{"rendered":"\n<p>Como Diego Andr\u00e9s Ibarra conocido como \u2018La Roca\u2019 de 41 a\u00f1os de edad, es identificada la persona que fue capturada por la Polic\u00eda Metropolitana de Neiva requerida mediante orden judicial.<\/p>\n\n\n\n<p>Seg\u00fan las autoridades, el hombre implicado fue capturado por unidades del CAI Ipanema en coordinaci\u00f3n con la Seccional de Inteligencia Policial y el Cuerpo T\u00e9cnico de Investigaci\u00f3n de la Fiscal\u00eda, en el barrio Las Brisas.<\/p>\n\n\n\n<p>\u201cEl capturado, quien era dinamizador de diferentes delitos en la comuna 7, 5 y 2, presenta antecedentes por los delitos de, Hurto calificado y Uso de documento falso, fue dejado a disposici\u00f3n ante un juez de control y garant\u00edas quien decidio cobijarlo con medida de aseguramiento en establecimiento carcelario\u201d, concluyeron las autoridades<\/p>\n\n\n\n<figure class=\"wp-block-image size-large\"><img decoding=\"async\" src=\"https:\/\/luchonoticias.com\/wp-content\/uploads\/2023\/01\/WhatsApp-Image-2023-01-24-at-10.18.41-AM-1024x768.jpeg\" alt=\"\" class=\"wp-image-44846\"\/><\/figure>\n","protected":false},"excerpt":{"rendered":"<p>Como Diego Andr\u00e9s Ibarra conocido como \u2018La Roca\u2019 de 41 a\u00f1os de edad, es identificada la persona que fue capturada por la Polic\u00eda Metropolitana de Neiva requerida mediante orden judicial. Seg\u00fan las autoridades, el hombre implicado fue capturado por unidades del CAI Ipanema en coordinaci\u00f3n con la Seccional de Inteligencia Policial y el Cuerpo T\u00e9cnico [&hellip;]<\/p>\n","protected":false},"author":2,"featured_media":0,"comment_status":"open","ping_status":"open","sticky":false,"template":"","format":"standard","meta":{"footnotes":""},"categories":[36,29],"tags":[],"class_list":["post-44844","post","type-post","status-publish","format-standard","hentry","category-destacado","category-judicial"],"yoast_head":"<!-- This site is optimized with the Yoast SEO plugin v26.6 - https:\/\/yoast.com\/wordpress\/plugins\/seo\/ -->\n<title>Cae alias \u2018La Roca\u2019, presunto reconocido delincuente de las comunas 2, 5 y 7 de Neiva -<\/title>\n<meta name=\"robots\" content=\"index, follow, max-snippet:-1, max-image-preview:large, max-video-preview:-1\" \/>\n<link rel=\"canonical\" href=\"https:\/\/luchonoticias.com\/editor\/cae-alias-la-roca-presunto-reconocido-delincuente-de-las-comuna-2-5-y-7-de-neiva\/\" \/>\n<meta property=\"og:locale\" content=\"es_ES\" \/>\n<meta property=\"og:type\" content=\"article\" \/>\n<meta property=\"og:title\" content=\"Cae alias \u2018La Roca\u2019, presunto reconocido delincuente de las comunas 2, 5 y 7 de Neiva -\" \/>\n<meta property=\"og:url\" content=\"https:\/\/luchonoticias.com\/editor\/cae-alias-la-roca-presunto-reconocido-delincuente-de-las-comuna-2-5-y-7-de-neiva\/\" \/>\n<meta property=\"article:publisher\" content=\"https:\/\/www.facebook.com\/luchonoticiasneiva\" \/>\n<meta property=\"article:published_time\" content=\"2023-01-24T20:37:24+00:00\" \/>\n<meta property=\"article:modified_time\" content=\"2023-01-24T20:37:43+00:00\" \/>\n<meta property=\"og:image\" content=\"https:\/\/luchonoticias.com\/wp-content\/uploads\/2023\/01\/WhatsApp-Image-2023-01-24-at-10.18.41-AM-1024x768.jpeg\" \/>\n<meta name=\"author\" content=\"Editor General\" \/>\n<meta name=\"twitter:card\" content=\"summary_large_image\" \/>\n<meta name=\"twitter:label1\" content=\"Escrito por\" \/>\n\t<meta name=\"twitter:data1\" content=\"Editor General\" \/>\n\t<meta name=\"twitter:label2\" content=\"Tiempo de lectura\" \/>\n\t<meta name=\"twitter:data2\" content=\"1 minuto\" \/>\n<script type=\"application\/ld+json\" class=\"yoast-schema-graph\">{\"@context\":\"https:\/\/schema.org\",\"@graph\":[{\"@type\":\"Article\",\"@id\":\"https:\/\/luchonoticias.com\/editor\/cae-alias-la-roca-presunto-reconocido-delincuente-de-las-comuna-2-5-y-7-de-neiva\/#article\",\"isPartOf\":{\"@id\":\"https:\/\/luchonoticias.com\/editor\/cae-alias-la-roca-presunto-reconocido-delincuente-de-las-comuna-2-5-y-7-de-neiva\/\"},\"author\":{\"name\":\"Editor General\",\"@id\":\"https:\/\/luchonoticias.com\/editor\/#\/schema\/person\/29217990ddf6f14e35912b2866d591fb\"},\"headline\":\"Cae alias \u2018La Roca\u2019, presunto reconocido delincuente de las comunas 2, 5 y 7 de Neiva\",\"datePublished\":\"2023-01-24T20:37:24+00:00\",\"dateModified\":\"2023-01-24T20:37:43+00:00\",\"mainEntityOfPage\":{\"@id\":\"https:\/\/luchonoticias.com\/editor\/cae-alias-la-roca-presunto-reconocido-delincuente-de-las-comuna-2-5-y-7-de-neiva\/\"},\"wordCount\":136,\"commentCount\":0,\"publisher\":{\"@id\":\"https:\/\/luchonoticias.com\/editor\/#\/schema\/person\/7a7fd911f58561fd056dbac7b55af9cd\"},\"image\":{\"@id\":\"https:\/\/luchonoticias.com\/editor\/cae-alias-la-roca-presunto-reconocido-delincuente-de-las-comuna-2-5-y-7-de-neiva\/#primaryimage\"},\"thumbnailUrl\":\"https:\/\/luchonoticias.com\/wp-content\/uploads\/2023\/01\/WhatsApp-Image-2023-01-24-at-10.18.41-AM-1024x768.jpeg\",\"articleSection\":[\"Destacado\",\"Judicial\"],\"inLanguage\":\"es\",\"potentialAction\":[{\"@type\":\"CommentAction\",\"name\":\"Comment\",\"target\":[\"https:\/\/luchonoticias.com\/editor\/cae-alias-la-roca-presunto-reconocido-delincuente-de-las-comuna-2-5-y-7-de-neiva\/#respond\"]}]},{\"@type\":\"WebPage\",\"@id\":\"https:\/\/luchonoticias.com\/editor\/cae-alias-la-roca-presunto-reconocido-delincuente-de-las-comuna-2-5-y-7-de-neiva\/\",\"url\":\"https:\/\/luchonoticias.com\/editor\/cae-alias-la-roca-presunto-reconocido-delincuente-de-las-comuna-2-5-y-7-de-neiva\/\",\"name\":\"Cae alias \u2018La Roca\u2019, presunto reconocido delincuente de las comunas 2, 5 y 7 de Neiva -\",\"isPartOf\":{\"@id\":\"https:\/\/luchonoticias.com\/editor\/#website\"},\"primaryImageOfPage\":{\"@id\":\"https:\/\/luchonoticias.com\/editor\/cae-alias-la-roca-presunto-reconocido-delincuente-de-las-comuna-2-5-y-7-de-neiva\/#primaryimage\"},\"image\":{\"@id\":\"https:\/\/luchonoticias.com\/editor\/cae-alias-la-roca-presunto-reconocido-delincuente-de-las-comuna-2-5-y-7-de-neiva\/#primaryimage\"},\"thumbnailUrl\":\"https:\/\/luchonoticias.com\/wp-content\/uploads\/2023\/01\/WhatsApp-Image-2023-01-24-at-10.18.41-AM-1024x768.jpeg\",\"datePublished\":\"2023-01-24T20:37:24+00:00\",\"dateModified\":\"2023-01-24T20:37:43+00:00\",\"breadcrumb\":{\"@id\":\"https:\/\/luchonoticias.com\/editor\/cae-alias-la-roca-presunto-reconocido-delincuente-de-las-comuna-2-5-y-7-de-neiva\/#breadcrumb\"},\"inLanguage\":\"es\",\"potentialAction\":[{\"@type\":\"ReadAction\",\"target\":[\"https:\/\/luchonoticias.com\/editor\/cae-alias-la-roca-presunto-reconocido-delincuente-de-las-comuna-2-5-y-7-de-neiva\/\"]}]},{\"@type\":\"ImageObject\",\"inLanguage\":\"es\",\"@id\":\"https:\/\/luchonoticias.com\/editor\/cae-alias-la-roca-presunto-reconocido-delincuente-de-las-comuna-2-5-y-7-de-neiva\/#primaryimage\",\"url\":\"https:\/\/luchonoticias.com\/wp-content\/uploads\/2023\/01\/WhatsApp-Image-2023-01-24-at-10.18.41-AM-1024x768.jpeg\",\"contentUrl\":\"https:\/\/luchonoticias.com\/wp-content\/uploads\/2023\/01\/WhatsApp-Image-2023-01-24-at-10.18.41-AM-1024x768.jpeg\"},{\"@type\":\"BreadcrumbList\",\"@id\":\"https:\/\/luchonoticias.com\/editor\/cae-alias-la-roca-presunto-reconocido-delincuente-de-las-comuna-2-5-y-7-de-neiva\/#breadcrumb\",\"itemListElement\":[{\"@type\":\"ListItem\",\"position\":1,\"name\":\"Portada\",\"item\":\"https:\/\/luchonoticias.com\/editor\/\"},{\"@type\":\"ListItem\",\"position\":2,\"name\":\"Cae alias \u2018La Roca\u2019, presunto reconocido delincuente de las comunas 2, 5 y 7 de Neiva\"}]},{\"@type\":\"WebSite\",\"@id\":\"https:\/\/luchonoticias.com\/editor\/#website\",\"url\":\"https:\/\/luchonoticias.com\/editor\/\",\"name\":\"\",\"description\":\"\",\"publisher\":{\"@id\":\"https:\/\/luchonoticias.com\/editor\/#\/schema\/person\/7a7fd911f58561fd056dbac7b55af9cd\"},\"potentialAction\":[{\"@type\":\"SearchAction\",\"target\":{\"@type\":\"EntryPoint\",\"urlTemplate\":\"https:\/\/luchonoticias.com\/editor\/?s={search_term_string}\"},\"query-input\":{\"@type\":\"PropertyValueSpecification\",\"valueRequired\":true,\"valueName\":\"search_term_string\"}}],\"inLanguage\":\"es\"},{\"@type\":[\"Person\",\"Organization\"],\"@id\":\"https:\/\/luchonoticias.com\/editor\/#\/schema\/person\/7a7fd911f58561fd056dbac7b55af9cd\",\"name\":\"admin\",\"image\":{\"@type\":\"ImageObject\",\"inLanguage\":\"es\",\"@id\":\"https:\/\/luchonoticias.com\/editor\/#\/schema\/person\/image\/\",\"url\":\"https:\/\/luchonoticias.com\/editor\/wp-content\/uploads\/2024\/02\/cropped-cropped-logolu.webp\",\"contentUrl\":\"https:\/\/luchonoticias.com\/editor\/wp-content\/uploads\/2024\/02\/cropped-cropped-logolu.webp\",\"width\":382,\"height\":170,\"caption\":\"admin\"},\"logo\":{\"@id\":\"https:\/\/luchonoticias.com\/editor\/#\/schema\/person\/image\/\"},\"sameAs\":[\"https:\/\/www.facebook.com\/luchonoticiasneiva\"]},{\"@type\":\"Person\",\"@id\":\"https:\/\/luchonoticias.com\/editor\/#\/schema\/person\/29217990ddf6f14e35912b2866d591fb\",\"name\":\"Editor General\",\"image\":{\"@type\":\"ImageObject\",\"inLanguage\":\"es\",\"@id\":\"https:\/\/luchonoticias.com\/editor\/#\/schema\/person\/image\/\",\"url\":\"https:\/\/luchonoticias.com\/editor\/wp-content\/uploads\/2024\/02\/cropped-cropped-logolu-150x150.webp\",\"contentUrl\":\"https:\/\/luchonoticias.com\/editor\/wp-content\/uploads\/2024\/02\/cropped-cropped-logolu-150x150.webp\",\"caption\":\"Editor General\"},\"sameAs\":[\"https:\/\/luchonoticias.com\/\"],\"url\":\"https:\/\/luchonoticias.com\/editor\/author\/editor-general\/\"}]}<\/script>\n<!-- \/ Yoast SEO plugin. -->","yoast_head_json":{"title":"Cae alias \u2018La Roca\u2019, presunto reconocido delincuente de las comunas 2, 5 y 7 de Neiva -","robots":{"index":"index","follow":"follow","max-snippet":"max-snippet:-1","max-image-preview":"max-image-preview:large","max-video-preview":"max-video-preview:-1"},"canonical":"https:\/\/luchonoticias.com\/editor\/cae-alias-la-roca-presunto-reconocido-delincuente-de-las-comuna-2-5-y-7-de-neiva\/","og_locale":"es_ES","og_type":"article","og_title":"Cae alias \u2018La Roca\u2019, presunto reconocido delincuente de las comunas 2, 5 y 7 de Neiva -","og_url":"https:\/\/luchonoticias.com\/editor\/cae-alias-la-roca-presunto-reconocido-delincuente-de-las-comuna-2-5-y-7-de-neiva\/","article_publisher":"https:\/\/www.facebook.com\/luchonoticiasneiva","article_published_time":"2023-01-24T20:37:24+00:00","article_modified_time":"2023-01-24T20:37:43+00:00","og_image":[{"url":"https:\/\/luchonoticias.com\/wp-content\/uploads\/2023\/01\/WhatsApp-Image-2023-01-24-at-10.18.41-AM-1024x768.jpeg","type":"","width":"","height":""}],"author":"Editor General","twitter_card":"summary_large_image","twitter_misc":{"Escrito por":"Editor General","Tiempo de lectura":"1 minuto"},"schema":{"@context":"https:\/\/schema.org","@graph":[{"@type":"Article","@id":"https:\/\/luchonoticias.com\/editor\/cae-alias-la-roca-presunto-reconocido-delincuente-de-las-comuna-2-5-y-7-de-neiva\/#article","isPartOf":{"@id":"https:\/\/luchonoticias.com\/editor\/cae-alias-la-roca-presunto-reconocido-delincuente-de-las-comuna-2-5-y-7-de-neiva\/"},"author":{"name":"Editor General","@id":"https:\/\/luchonoticias.com\/editor\/#\/schema\/person\/29217990ddf6f14e35912b2866d591fb"},"headline":"Cae alias \u2018La Roca\u2019, presunto reconocido delincuente de las comunas 2, 5 y 7 de Neiva","datePublished":"2023-01-24T20:37:24+00:00","dateModified":"2023-01-24T20:37:43+00:00","mainEntityOfPage":{"@id":"https:\/\/luchonoticias.com\/editor\/cae-alias-la-roca-presunto-reconocido-delincuente-de-las-comuna-2-5-y-7-de-neiva\/"},"wordCount":136,"commentCount":0,"publisher":{"@id":"https:\/\/luchonoticias.com\/editor\/#\/schema\/person\/7a7fd911f58561fd056dbac7b55af9cd"},"image":{"@id":"https:\/\/luchonoticias.com\/editor\/cae-alias-la-roca-presunto-reconocido-delincuente-de-las-comuna-2-5-y-7-de-neiva\/#primaryimage"},"thumbnailUrl":"https:\/\/luchonoticias.com\/wp-content\/uploads\/2023\/01\/WhatsApp-Image-2023-01-24-at-10.18.41-AM-1024x768.jpeg","articleSection":["Destacado","Judicial"],"inLanguage":"es","potentialAction":[{"@type":"CommentAction","name":"Comment","target":["https:\/\/luchonoticias.com\/editor\/cae-alias-la-roca-presunto-reconocido-delincuente-de-las-comuna-2-5-y-7-de-neiva\/#respond"]}]},{"@type":"WebPage","@id":"https:\/\/luchonoticias.com\/editor\/cae-alias-la-roca-presunto-reconocido-delincuente-de-las-comuna-2-5-y-7-de-neiva\/","url":"https:\/\/luchonoticias.com\/editor\/cae-alias-la-roca-presunto-reconocido-delincuente-de-las-comuna-2-5-y-7-de-neiva\/","name":"Cae alias \u2018La Roca\u2019, presunto reconocido delincuente de las comunas 2, 5 y 7 de Neiva -","isPartOf":{"@id":"https:\/\/luchonoticias.com\/editor\/#website"},"primaryImageOfPage":{"@id":"https:\/\/luchonoticias.com\/editor\/cae-alias-la-roca-presunto-reconocido-delincuente-de-las-comuna-2-5-y-7-de-neiva\/#primaryimage"},"image":{"@id":"https:\/\/luchonoticias.com\/editor\/cae-alias-la-roca-presunto-reconocido-delincuente-de-las-comuna-2-5-y-7-de-neiva\/#primaryimage"},"thumbnailUrl":"https:\/\/luchonoticias.com\/wp-content\/uploads\/2023\/01\/WhatsApp-Image-2023-01-24-at-10.18.41-AM-1024x768.jpeg","datePublished":"2023-01-24T20:37:24+00:00","dateModified":"2023-01-24T20:37:43+00:00","breadcrumb":{"@id":"https:\/\/luchonoticias.com\/editor\/cae-alias-la-roca-presunto-reconocido-delincuente-de-las-comuna-2-5-y-7-de-neiva\/#breadcrumb"},"inLanguage":"es","potentialAction":[{"@type":"ReadAction","target":["https:\/\/luchonoticias.com\/editor\/cae-alias-la-roca-presunto-reconocido-delincuente-de-las-comuna-2-5-y-7-de-neiva\/"]}]},{"@type":"ImageObject","inLanguage":"es","@id":"https:\/\/luchonoticias.com\/editor\/cae-alias-la-roca-presunto-reconocido-delincuente-de-las-comuna-2-5-y-7-de-neiva\/#primaryimage","url":"https:\/\/luchonoticias.com\/wp-content\/uploads\/2023\/01\/WhatsApp-Image-2023-01-24-at-10.18.41-AM-1024x768.jpeg","contentUrl":"https:\/\/luchonoticias.com\/wp-content\/uploads\/2023\/01\/WhatsApp-Image-2023-01-24-at-10.18.41-AM-1024x768.jpeg"},{"@type":"BreadcrumbList","@id":"https:\/\/luchonoticias.com\/editor\/cae-alias-la-roca-presunto-reconocido-delincuente-de-las-comuna-2-5-y-7-de-neiva\/#breadcrumb","itemListElement":[{"@type":"ListItem","position":1,"name":"Portada","item":"https:\/\/luchonoticias.com\/editor\/"},{"@type":"ListItem","position":2,"name":"Cae alias \u2018La Roca\u2019, presunto reconocido delincuente de las comunas 2, 5 y 7 de Neiva"}]},{"@type":"WebSite","@id":"https:\/\/luchonoticias.com\/editor\/#website","url":"https:\/\/luchonoticias.com\/editor\/","name":"","description":"","publisher":{"@id":"https:\/\/luchonoticias.com\/editor\/#\/schema\/person\/7a7fd911f58561fd056dbac7b55af9cd"},"potentialAction":[{"@type":"SearchAction","target":{"@type":"EntryPoint","urlTemplate":"https:\/\/luchonoticias.com\/editor\/?s={search_term_string}"},"query-input":{"@type":"PropertyValueSpecification","valueRequired":true,"valueName":"search_term_string"}}],"inLanguage":"es"},{"@type":["Person","Organization"],"@id":"https:\/\/luchonoticias.com\/editor\/#\/schema\/person\/7a7fd911f58561fd056dbac7b55af9cd","name":"admin","image":{"@type":"ImageObject","inLanguage":"es","@id":"https:\/\/luchonoticias.com\/editor\/#\/schema\/person\/image\/","url":"https:\/\/luchonoticias.com\/editor\/wp-content\/uploads\/2024\/02\/cropped-cropped-logolu.webp","contentUrl":"https:\/\/luchonoticias.com\/editor\/wp-content\/uploads\/2024\/02\/cropped-cropped-logolu.webp","width":382,"height":170,"caption":"admin"},"logo":{"@id":"https:\/\/luchonoticias.com\/editor\/#\/schema\/person\/image\/"},"sameAs":["https:\/\/www.facebook.com\/luchonoticiasneiva"]},{"@type":"Person","@id":"https:\/\/luchonoticias.com\/editor\/#\/schema\/person\/29217990ddf6f14e35912b2866d591fb","name":"Editor General","image":{"@type":"ImageObject","inLanguage":"es","@id":"https:\/\/luchonoticias.com\/editor\/#\/schema\/person\/image\/","url":"https:\/\/luchonoticias.com\/editor\/wp-content\/uploads\/2024\/02\/cropped-cropped-logolu-150x150.webp","contentUrl":"https:\/\/luchonoticias.com\/editor\/wp-content\/uploads\/2024\/02\/cropped-cropped-logolu-150x150.webp","caption":"Editor General"},"sameAs":["https:\/\/luchonoticias.com\/"],"url":"https:\/\/luchonoticias.com\/editor\/author\/editor-general\/"}]}},"_links":{"self":[{"href":"https:\/\/luchonoticias.com\/editor\/wp-json\/wp\/v2\/posts\/44844","targetHints":{"allow":["GET"]}}],"collection":[{"href":"https:\/\/luchonoticias.com\/editor\/wp-json\/wp\/v2\/posts"}],"about":[{"href":"https:\/\/luchonoticias.com\/editor\/wp-json\/wp\/v2\/types\/post"}],"author":[{"embeddable":true,"href":"https:\/\/luchonoticias.com\/editor\/wp-json\/wp\/v2\/users\/2"}],"replies":[{"embeddable":true,"href":"https:\/\/luchonoticias.com\/editor\/wp-json\/wp\/v2\/comments?post=44844"}],"version-history":[{"count":0,"href":"https:\/\/luchonoticias.com\/editor\/wp-json\/wp\/v2\/posts\/44844\/revisions"}],"wp:attachment":[{"href":"https:\/\/luchonoticias.com\/editor\/wp-json\/wp\/v2\/media?parent=44844"}],"wp:term":[{"taxonomy":"category","embeddable":true,"href":"https:\/\/luchonoticias.com\/editor\/wp-json\/wp\/v2\/categories?post=44844"},{"taxonomy":"post_tag","embeddable":true,"href":"https:\/\/luchonoticias.com\/editor\/wp-json\/wp\/v2\/tags?post=44844"}],"curies":[{"name":"wp","href":"https:\/\/api.w.org\/{rel}","templated":true}]}}