{"id":44856,"date":"2023-01-24T15:47:50","date_gmt":"2023-01-24T20:47:50","guid":{"rendered":"https:\/\/luchonoticias.com\/?p=44856"},"modified":"2023-01-24T15:47:51","modified_gmt":"2023-01-24T20:47:51","slug":"procuraduria-pone-la-lupa-sobre-comida-en-las-carceles","status":"publish","type":"post","link":"https:\/\/luchonoticias.com\/editor\/procuraduria-pone-la-lupa-sobre-comida-en-las-carceles\/","title":{"rendered":"Procuradur\u00eda pone la lupa sobre comida en las c\u00e1rceles"},"content":{"rendered":"\n<p>La Procuradur\u00eda General de la Naci\u00f3n solicit\u00f3 al director de la Unidad de Servicios Penitenciarios y Carcelarios, USPEC, resultados frente a las inconformidades planteadas por los directores de los 125 centros Penitenciarios y Carcelarios existentes en el pa\u00eds.<\/p>\n\n\n\n<p>El requerimiento se da luego de que la procuradur\u00eda delegada para los Derechos Humanos, realizara visitas a establecimientos como El Barne, La Picota, El Pedregal y La Tramac\u00faa, entre otros, donde pudo establecer fallas en los servicios de alimentaci\u00f3n que all\u00ed se prestan.<\/p>\n\n\n\n<p>Representantes de esa delegada corroboraron dicha informaci\u00f3n con los 125 directores de los centros de reclusi\u00f3n del orden nacional existentes en el pa\u00eds, en una reuni\u00f3n organizada por el Instituto Nacional Penitenciario y Carcelario, Inpec, donde estos manifestaron sus inconformidades con el suministro de materias primas (mercado), problemas con la manipulaci\u00f3n de alimentos y los horarios para el servicio de alimentaci\u00f3n, entre otros.<\/p>\n\n\n\n<p>\u201cEl descontento de los directores de establecimientos frente al servicio de alimentos es preocupante, puesto que sienten que no existe una coordinaci\u00f3n efectiva entre la Uspec y el Inpec\u201d, asegura la Procuradur\u00eda en su comunicaci\u00f3n.<\/p>\n\n\n\n<p>Frente a esta situaci\u00f3n la delegada para los Derechos Humanos solicit\u00f3 a la USPEC el listado de contratistas que prestan dichos servicios, sus supervisores e interventores, fichas descriptivas de cada contrato con sus obligaciones, un recuento de las quejas presentadas por mal servicio y los informes de interventor\u00eda sobre sanciones impuestas hasta el momento.<\/p>\n\n\n\n<p>Tambi\u00e9n requiri\u00f3 copia del m\u00e1s reciente informe presentado a la USPEC por el Comit\u00e9 de Salud y Alimentaci\u00f3n (COSAL) organismo interno del r\u00e9gimen penitenciario que hace seguimiento al servicio de alimentaci\u00f3n en cada establecimiento. Con esta informaci\u00f3n el Ministerio P\u00fablico entrar\u00e1 a evaluar qu\u00e9 acciones tomar\u00e1 frente a dicha problem\u00e1tica.<\/p>\n\n\n\n<p>Finalmente, el procurador delegado para los Derechos Humanos, Javier Sarmiento Olarte, hizo un llamado a los actores del sistema penitenciario para mejorar la supervisi\u00f3n de los contratos de servicios alimenticios y adoptar las medidas correctivas establecidas por la ley si los operadores incumplen.<\/p>\n","protected":false},"excerpt":{"rendered":"<p>La Procuradur\u00eda General de la Naci\u00f3n solicit\u00f3 al director de la Unidad de Servicios Penitenciarios y Carcelarios, USPEC, resultados frente a las inconformidades planteadas por los directores de los 125 centros Penitenciarios y Carcelarios existentes en el pa\u00eds. El requerimiento se da luego de que la procuradur\u00eda delegada para los Derechos Humanos, realizara visitas a [&hellip;]<\/p>\n","protected":false},"author":2,"featured_media":0,"comment_status":"open","ping_status":"open","sticky":false,"template":"","format":"standard","meta":{"footnotes":""},"categories":[28,36],"tags":[],"class_list":["post-44856","post","type-post","status-publish","format-standard","hentry","category-actualidad","category-destacado"],"yoast_head":"<!-- This site is optimized with the Yoast SEO plugin v26.6 - https:\/\/yoast.com\/wordpress\/plugins\/seo\/ -->\n<title>Procuradur\u00eda pone la lupa sobre comida en las c\u00e1rceles -<\/title>\n<meta name=\"robots\" content=\"index, follow, max-snippet:-1, max-image-preview:large, max-video-preview:-1\" \/>\n<link rel=\"canonical\" href=\"https:\/\/luchonoticias.com\/editor\/procuraduria-pone-la-lupa-sobre-comida-en-las-carceles\/\" \/>\n<meta property=\"og:locale\" content=\"es_ES\" \/>\n<meta property=\"og:type\" content=\"article\" \/>\n<meta property=\"og:title\" content=\"Procuradur\u00eda pone la lupa sobre comida en las c\u00e1rceles -\" \/>\n<meta property=\"og:url\" content=\"https:\/\/luchonoticias.com\/editor\/procuraduria-pone-la-lupa-sobre-comida-en-las-carceles\/\" \/>\n<meta property=\"article:publisher\" content=\"https:\/\/www.facebook.com\/luchonoticiasneiva\" \/>\n<meta property=\"article:published_time\" content=\"2023-01-24T20:47:50+00:00\" \/>\n<meta property=\"article:modified_time\" content=\"2023-01-24T20:47:51+00:00\" \/>\n<meta name=\"author\" content=\"Editor General\" \/>\n<meta name=\"twitter:card\" content=\"summary_large_image\" \/>\n<meta name=\"twitter:label1\" content=\"Escrito por\" \/>\n\t<meta name=\"twitter:data1\" content=\"Editor General\" \/>\n\t<meta name=\"twitter:label2\" content=\"Tiempo de lectura\" \/>\n\t<meta name=\"twitter:data2\" content=\"2 minutos\" \/>\n<script type=\"application\/ld+json\" class=\"yoast-schema-graph\">{\"@context\":\"https:\/\/schema.org\",\"@graph\":[{\"@type\":\"Article\",\"@id\":\"https:\/\/luchonoticias.com\/editor\/procuraduria-pone-la-lupa-sobre-comida-en-las-carceles\/#article\",\"isPartOf\":{\"@id\":\"https:\/\/luchonoticias.com\/editor\/procuraduria-pone-la-lupa-sobre-comida-en-las-carceles\/\"},\"author\":{\"name\":\"Editor General\",\"@id\":\"https:\/\/luchonoticias.com\/editor\/#\/schema\/person\/29217990ddf6f14e35912b2866d591fb\"},\"headline\":\"Procuradur\u00eda pone la lupa sobre comida en las c\u00e1rceles\",\"datePublished\":\"2023-01-24T20:47:50+00:00\",\"dateModified\":\"2023-01-24T20:47:51+00:00\",\"mainEntityOfPage\":{\"@id\":\"https:\/\/luchonoticias.com\/editor\/procuraduria-pone-la-lupa-sobre-comida-en-las-carceles\/\"},\"wordCount\":361,\"commentCount\":0,\"publisher\":{\"@id\":\"https:\/\/luchonoticias.com\/editor\/#\/schema\/person\/7a7fd911f58561fd056dbac7b55af9cd\"},\"articleSection\":[\"Actualidad\",\"Destacado\"],\"inLanguage\":\"es\",\"potentialAction\":[{\"@type\":\"CommentAction\",\"name\":\"Comment\",\"target\":[\"https:\/\/luchonoticias.com\/editor\/procuraduria-pone-la-lupa-sobre-comida-en-las-carceles\/#respond\"]}]},{\"@type\":\"WebPage\",\"@id\":\"https:\/\/luchonoticias.com\/editor\/procuraduria-pone-la-lupa-sobre-comida-en-las-carceles\/\",\"url\":\"https:\/\/luchonoticias.com\/editor\/procuraduria-pone-la-lupa-sobre-comida-en-las-carceles\/\",\"name\":\"Procuradur\u00eda pone la lupa sobre comida en las c\u00e1rceles -\",\"isPartOf\":{\"@id\":\"https:\/\/luchonoticias.com\/editor\/#website\"},\"datePublished\":\"2023-01-24T20:47:50+00:00\",\"dateModified\":\"2023-01-24T20:47:51+00:00\",\"breadcrumb\":{\"@id\":\"https:\/\/luchonoticias.com\/editor\/procuraduria-pone-la-lupa-sobre-comida-en-las-carceles\/#breadcrumb\"},\"inLanguage\":\"es\",\"potentialAction\":[{\"@type\":\"ReadAction\",\"target\":[\"https:\/\/luchonoticias.com\/editor\/procuraduria-pone-la-lupa-sobre-comida-en-las-carceles\/\"]}]},{\"@type\":\"BreadcrumbList\",\"@id\":\"https:\/\/luchonoticias.com\/editor\/procuraduria-pone-la-lupa-sobre-comida-en-las-carceles\/#breadcrumb\",\"itemListElement\":[{\"@type\":\"ListItem\",\"position\":1,\"name\":\"Portada\",\"item\":\"https:\/\/luchonoticias.com\/editor\/\"},{\"@type\":\"ListItem\",\"position\":2,\"name\":\"Procuradur\u00eda pone la lupa sobre comida en las c\u00e1rceles\"}]},{\"@type\":\"WebSite\",\"@id\":\"https:\/\/luchonoticias.com\/editor\/#website\",\"url\":\"https:\/\/luchonoticias.com\/editor\/\",\"name\":\"\",\"description\":\"\",\"publisher\":{\"@id\":\"https:\/\/luchonoticias.com\/editor\/#\/schema\/person\/7a7fd911f58561fd056dbac7b55af9cd\"},\"potentialAction\":[{\"@type\":\"SearchAction\",\"target\":{\"@type\":\"EntryPoint\",\"urlTemplate\":\"https:\/\/luchonoticias.com\/editor\/?s={search_term_string}\"},\"query-input\":{\"@type\":\"PropertyValueSpecification\",\"valueRequired\":true,\"valueName\":\"search_term_string\"}}],\"inLanguage\":\"es\"},{\"@type\":[\"Person\",\"Organization\"],\"@id\":\"https:\/\/luchonoticias.com\/editor\/#\/schema\/person\/7a7fd911f58561fd056dbac7b55af9cd\",\"name\":\"admin\",\"image\":{\"@type\":\"ImageObject\",\"inLanguage\":\"es\",\"@id\":\"https:\/\/luchonoticias.com\/editor\/#\/schema\/person\/image\/\",\"url\":\"https:\/\/luchonoticias.com\/editor\/wp-content\/uploads\/2024\/02\/cropped-cropped-logolu.webp\",\"contentUrl\":\"https:\/\/luchonoticias.com\/editor\/wp-content\/uploads\/2024\/02\/cropped-cropped-logolu.webp\",\"width\":382,\"height\":170,\"caption\":\"admin\"},\"logo\":{\"@id\":\"https:\/\/luchonoticias.com\/editor\/#\/schema\/person\/image\/\"},\"sameAs\":[\"https:\/\/www.facebook.com\/luchonoticiasneiva\"]},{\"@type\":\"Person\",\"@id\":\"https:\/\/luchonoticias.com\/editor\/#\/schema\/person\/29217990ddf6f14e35912b2866d591fb\",\"name\":\"Editor General\",\"image\":{\"@type\":\"ImageObject\",\"inLanguage\":\"es\",\"@id\":\"https:\/\/luchonoticias.com\/editor\/#\/schema\/person\/image\/\",\"url\":\"https:\/\/luchonoticias.com\/editor\/wp-content\/uploads\/2024\/02\/cropped-cropped-logolu-150x150.webp\",\"contentUrl\":\"https:\/\/luchonoticias.com\/editor\/wp-content\/uploads\/2024\/02\/cropped-cropped-logolu-150x150.webp\",\"caption\":\"Editor General\"},\"sameAs\":[\"https:\/\/luchonoticias.com\/\"],\"url\":\"https:\/\/luchonoticias.com\/editor\/author\/editor-general\/\"}]}<\/script>\n<!-- \/ Yoast SEO plugin. -->","yoast_head_json":{"title":"Procuradur\u00eda pone la lupa sobre comida en las c\u00e1rceles -","robots":{"index":"index","follow":"follow","max-snippet":"max-snippet:-1","max-image-preview":"max-image-preview:large","max-video-preview":"max-video-preview:-1"},"canonical":"https:\/\/luchonoticias.com\/editor\/procuraduria-pone-la-lupa-sobre-comida-en-las-carceles\/","og_locale":"es_ES","og_type":"article","og_title":"Procuradur\u00eda pone la lupa sobre comida en las c\u00e1rceles -","og_url":"https:\/\/luchonoticias.com\/editor\/procuraduria-pone-la-lupa-sobre-comida-en-las-carceles\/","article_publisher":"https:\/\/www.facebook.com\/luchonoticiasneiva","article_published_time":"2023-01-24T20:47:50+00:00","article_modified_time":"2023-01-24T20:47:51+00:00","author":"Editor General","twitter_card":"summary_large_image","twitter_misc":{"Escrito por":"Editor General","Tiempo de lectura":"2 minutos"},"schema":{"@context":"https:\/\/schema.org","@graph":[{"@type":"Article","@id":"https:\/\/luchonoticias.com\/editor\/procuraduria-pone-la-lupa-sobre-comida-en-las-carceles\/#article","isPartOf":{"@id":"https:\/\/luchonoticias.com\/editor\/procuraduria-pone-la-lupa-sobre-comida-en-las-carceles\/"},"author":{"name":"Editor General","@id":"https:\/\/luchonoticias.com\/editor\/#\/schema\/person\/29217990ddf6f14e35912b2866d591fb"},"headline":"Procuradur\u00eda pone la lupa sobre comida en las c\u00e1rceles","datePublished":"2023-01-24T20:47:50+00:00","dateModified":"2023-01-24T20:47:51+00:00","mainEntityOfPage":{"@id":"https:\/\/luchonoticias.com\/editor\/procuraduria-pone-la-lupa-sobre-comida-en-las-carceles\/"},"wordCount":361,"commentCount":0,"publisher":{"@id":"https:\/\/luchonoticias.com\/editor\/#\/schema\/person\/7a7fd911f58561fd056dbac7b55af9cd"},"articleSection":["Actualidad","Destacado"],"inLanguage":"es","potentialAction":[{"@type":"CommentAction","name":"Comment","target":["https:\/\/luchonoticias.com\/editor\/procuraduria-pone-la-lupa-sobre-comida-en-las-carceles\/#respond"]}]},{"@type":"WebPage","@id":"https:\/\/luchonoticias.com\/editor\/procuraduria-pone-la-lupa-sobre-comida-en-las-carceles\/","url":"https:\/\/luchonoticias.com\/editor\/procuraduria-pone-la-lupa-sobre-comida-en-las-carceles\/","name":"Procuradur\u00eda pone la lupa sobre comida en las c\u00e1rceles -","isPartOf":{"@id":"https:\/\/luchonoticias.com\/editor\/#website"},"datePublished":"2023-01-24T20:47:50+00:00","dateModified":"2023-01-24T20:47:51+00:00","breadcrumb":{"@id":"https:\/\/luchonoticias.com\/editor\/procuraduria-pone-la-lupa-sobre-comida-en-las-carceles\/#breadcrumb"},"inLanguage":"es","potentialAction":[{"@type":"ReadAction","target":["https:\/\/luchonoticias.com\/editor\/procuraduria-pone-la-lupa-sobre-comida-en-las-carceles\/"]}]},{"@type":"BreadcrumbList","@id":"https:\/\/luchonoticias.com\/editor\/procuraduria-pone-la-lupa-sobre-comida-en-las-carceles\/#breadcrumb","itemListElement":[{"@type":"ListItem","position":1,"name":"Portada","item":"https:\/\/luchonoticias.com\/editor\/"},{"@type":"ListItem","position":2,"name":"Procuradur\u00eda pone la lupa sobre comida en las c\u00e1rceles"}]},{"@type":"WebSite","@id":"https:\/\/luchonoticias.com\/editor\/#website","url":"https:\/\/luchonoticias.com\/editor\/","name":"","description":"","publisher":{"@id":"https:\/\/luchonoticias.com\/editor\/#\/schema\/person\/7a7fd911f58561fd056dbac7b55af9cd"},"potentialAction":[{"@type":"SearchAction","target":{"@type":"EntryPoint","urlTemplate":"https:\/\/luchonoticias.com\/editor\/?s={search_term_string}"},"query-input":{"@type":"PropertyValueSpecification","valueRequired":true,"valueName":"search_term_string"}}],"inLanguage":"es"},{"@type":["Person","Organization"],"@id":"https:\/\/luchonoticias.com\/editor\/#\/schema\/person\/7a7fd911f58561fd056dbac7b55af9cd","name":"admin","image":{"@type":"ImageObject","inLanguage":"es","@id":"https:\/\/luchonoticias.com\/editor\/#\/schema\/person\/image\/","url":"https:\/\/luchonoticias.com\/editor\/wp-content\/uploads\/2024\/02\/cropped-cropped-logolu.webp","contentUrl":"https:\/\/luchonoticias.com\/editor\/wp-content\/uploads\/2024\/02\/cropped-cropped-logolu.webp","width":382,"height":170,"caption":"admin"},"logo":{"@id":"https:\/\/luchonoticias.com\/editor\/#\/schema\/person\/image\/"},"sameAs":["https:\/\/www.facebook.com\/luchonoticiasneiva"]},{"@type":"Person","@id":"https:\/\/luchonoticias.com\/editor\/#\/schema\/person\/29217990ddf6f14e35912b2866d591fb","name":"Editor General","image":{"@type":"ImageObject","inLanguage":"es","@id":"https:\/\/luchonoticias.com\/editor\/#\/schema\/person\/image\/","url":"https:\/\/luchonoticias.com\/editor\/wp-content\/uploads\/2024\/02\/cropped-cropped-logolu-150x150.webp","contentUrl":"https:\/\/luchonoticias.com\/editor\/wp-content\/uploads\/2024\/02\/cropped-cropped-logolu-150x150.webp","caption":"Editor General"},"sameAs":["https:\/\/luchonoticias.com\/"],"url":"https:\/\/luchonoticias.com\/editor\/author\/editor-general\/"}]}},"_links":{"self":[{"href":"https:\/\/luchonoticias.com\/editor\/wp-json\/wp\/v2\/posts\/44856","targetHints":{"allow":["GET"]}}],"collection":[{"href":"https:\/\/luchonoticias.com\/editor\/wp-json\/wp\/v2\/posts"}],"about":[{"href":"https:\/\/luchonoticias.com\/editor\/wp-json\/wp\/v2\/types\/post"}],"author":[{"embeddable":true,"href":"https:\/\/luchonoticias.com\/editor\/wp-json\/wp\/v2\/users\/2"}],"replies":[{"embeddable":true,"href":"https:\/\/luchonoticias.com\/editor\/wp-json\/wp\/v2\/comments?post=44856"}],"version-history":[{"count":0,"href":"https:\/\/luchonoticias.com\/editor\/wp-json\/wp\/v2\/posts\/44856\/revisions"}],"wp:attachment":[{"href":"https:\/\/luchonoticias.com\/editor\/wp-json\/wp\/v2\/media?parent=44856"}],"wp:term":[{"taxonomy":"category","embeddable":true,"href":"https:\/\/luchonoticias.com\/editor\/wp-json\/wp\/v2\/categories?post=44856"},{"taxonomy":"post_tag","embeddable":true,"href":"https:\/\/luchonoticias.com\/editor\/wp-json\/wp\/v2\/tags?post=44856"}],"curies":[{"name":"wp","href":"https:\/\/api.w.org\/{rel}","templated":true}]}}